{"id":36080,"date":"2026-04-03T12:48:04","date_gmt":"2026-04-03T10:48:04","guid":{"rendered":"https:\/\/footdavant.fr\/actualites\/aucune-explication-requise-un-blog-darsenal\/"},"modified":"2026-04-03T12:48:05","modified_gmt":"2026-04-03T10:48:05","slug":"aucune-explication-requise-un-blog-darsenal","status":"publish","type":"post","link":"https:\/\/footdavant.fr\/actualites\/aucune-explication-requise-un-blog-darsenal\/","title":{"rendered":"Aucune explication requise |  &#8230;un blog d&#39;Arsenal"},"content":{"rendered":"<div>\n<p>Bonjour \u00e0 tous.<\/p>\n<p>Nous entendrons Mikel Arteta aujourd&#39;hui pour la premi\u00e8re fois depuis quelques semaines, mais avec le calendrier tel qu&#39;il est et tel qu&#39;il pourrait potentiellement \u00eatre si nous continuons \u00e0 progresser dans les comp\u00e9titions de coupe, sa voix sera une voix \u00e0 laquelle nous ne pourrons pas \u00e9chapper.<\/p>\n<p>Aujourd&#39;hui, les grandes questions porteront sur la forme physique, avec tant de joueurs de haut niveau sur la liste de ceux qui soit ne sont pas partis du tout, soit sont revenus t\u00f4t du service international. Je pense avoir exprim\u00e9 assez clairement mes sentiments sur la r\u00e9action \u00e0 tout cela, mais c&#39;\u00e9tait, \u00e0 mon avis, assez remarquable de voir un article dans le Guardian faisant r\u00e9f\u00e9rence \u00e0 ce que ressentaient les fans de l&#39;opposition \u00e0 ce sujet.<\/p>\n<p>Un sous-titre disait :<\/p>\n<p>Et la question que je me pose est la suivante : pourquoi devrions-nous nous soucier de ce que pensent les fans de l\u2019opposition, et pourquoi certains connards bavards sur Twitter dirigent-ils le r\u00e9cit m\u00e9diatique de cette mani\u00e8re ? Si, et c&#39;est tr\u00e8s important si, les v\u00e9ritables supporters anglais, par exemple, \u00e9taient furieux que Declan Rice et Bukayo Saka se soient retir\u00e9s parce qu&#39;ils pensent que cela am\u00e9liorerait les chances de l&#39;Angleterre en Coupe du monde, ils ont peut-\u00eatre un argument semi-l\u00e9gitime.<\/p>\n<p>Ce n&#39;est cependant pas un match qui r\u00e9siste \u00e0 un v\u00e9ritable examen, d&#39;autant plus que le s\u00e9lectionneur anglais lui-m\u00eame a clairement indiqu\u00e9 que la meilleure chose pour les deux joueurs \u00e0 court et moyen terme \u00e9tait d&#39;\u00e9viter de les risquer dans un match amical d\u00e9nu\u00e9 de sens. Comme je l&#39;ai dit plus t\u00f4t dans la semaine, entre eux pour le club et le pays cette saison, ces deux-l\u00e0 ont pr\u00e8s de 100 matchs \u00e0 leur actif cette saison, il y a encore potentiellement 15 autres matches nationaux \u00e0 jouer, avant d&#39;aller directement \u00e0 une Coupe du Monde avec peu ou pas de repos. L&#39;engagement ne manque pas de la part des deux joueurs, ils sont toujours disponibles en cas de besoin.<\/p>\n<p>Ainsi, toute personne ayant un cerveau fonctionnel se rendrait compte que la meilleure chose pour l\u2019Angleterre est de s\u2019assurer qu\u2019elle ne soit pas encore plus surmen\u00e9e dans un match qui n\u2019a pas d\u2019importance. Ainsi, la seule raison pour laquelle @FlagShaggaTHFC756565 sur Twitter est en col\u00e8re est parce qu&#39;il veut que ces joueurs se blessent, ce qui diminue les chances de succ\u00e8s d&#39;Arsenal cette saison. C\u2019est un argument de toute mauvaise foi, si on peut m\u00eame l\u2019appeler ainsi, et je ne comprends tout simplement pas pourquoi on lui donne de l\u2019oxyg\u00e8ne.<\/p>\n<p>Je me rends compte que je dis cela pendant que j&#39;\u00e9cris l\u00e0-dessus, mais c&#39;est tellement fastidieux et je ne pense pas que ce soit une fa\u00e7on saine de fonctionner. Soit dit en passant, pas seulement dans le football, c&#39;est tr\u00e8s r\u00e9pandu dans tous les aspects du discours public de nos jours. Un branleur fou et bruyant dit quelque chose sur les r\u00e9seaux sociaux, qui est pr\u00e9sent\u00e9 comme la sagesse dominante ou repr\u00e9sentatif de ce que ressent la majorit\u00e9 des gens, et qui devient ensuite la pierre angulaire d&#39;un d\u00e9bat autour d&#39;un sujet particulier. Pourtant, dans le monde r\u00e9el, ce n\u2019est pas ainsi que les gens pensent, agissent ou se comportent. Notamment parce que si vous le faisiez, vous auriez probablement une piq\u00fbre dans la bouche.<\/p>\n<p>C\u2019est-\u00e0-dire que je m\u2019attends \u00e0 ce que Mikel Arteta se fasse poser des questions \u00e0 ce sujet aujourd\u2019hui, et j\u2019esp\u00e8re qu\u2019elles seront trait\u00e9es de la bonne mani\u00e8re. Je pense qu&#39;il est parfaitement valable de vouloir des informations sur la forme physique des joueurs cl\u00e9s, mais l&#39;id\u00e9e que lui, Arsenal ou l&#39;un de ces joueurs doivent aux fans de l&#39;opposition, ou aux fastidieux experts de la location, une explication sur ce qu&#39;ils ont fait ou n&#39;ont pas fait lors d&#39;une tr\u00eave internationale en mars est absurde pour moi. Un joueur a quitt\u00e9 le camp anglais avec une attelle \u00e0 la jambe, pour l&#39;amour de Dieu.<\/p>\n<p>Nous savons que ce manager aime de toute fa\u00e7on jouer ses cartes pr\u00e8s de sa poitrine en ce qui concerne les nouvelles sur les blessures, et je soup\u00e7onne que ces cartes seront agraf\u00e9es \u00e0 ses mamelons aujourd&#39;hui. Et sur cette jolie image, je vais la laisser l\u00e0 pour ce matin.<\/p>\n<p>Nous vous apporterons toutes les mises \u00e0 jour et histoires de la conf\u00e9rence de presse sur Arseblog News, pour une lecture suppl\u00e9mentaire, voici la chronique de Tim cette semaine qui porte sur le rodage et les semaines \u00e0 venir, et si vous avez besoin de quelque chose \u00e0 \u00e9couter, il y a un Arsecast ci-dessous. Passez-en une bonne !<\/p>\n<p><iframe loading=\"lazy\" src=\"https:\/\/embed.acast.com\/a1a58121-6fb4-43cf-8156-8d6df6fc312f\/69ce79473a785fb94b76cf78\" width=\"100%\" height=\"300px\" frameborder=\"0\"><\/iframe><\/p>\n<\/div>\n","protected":false},"excerpt":{"rendered":"<p>Bonjour \u00e0 tous. Nous entendrons Mikel Arteta aujourd&#39;hui pour la premi\u00e8re fois depuis quelques semaines, mais avec le calendrier tel qu&#39;il est et tel qu&#39;il<\/p>\n","protected":false},"author":1,"featured_media":36081,"comment_status":"closed","ping_status":"","sticky":false,"template":"","format":"standard","meta":{"footnotes":""},"categories":[3],"tags":[57,2700,58,4221,3033,3745],"yoast_head":"<!-- This site is optimized with the Yoast SEO plugin v21.0 - https:\/\/yoast.com\/wordpress\/plugins\/seo\/ -->\n<title>Aucune explication requise | ...un blog d&#039;Arsenal<\/title>\n<meta name=\"robots\" content=\"index, follow, max-snippet:-1, max-image-preview:large, max-video-preview:-1\" \/>\n<link rel=\"canonical\" href=\"https:\/\/footdavant.fr\/actualites\/aucune-explication-requise-un-blog-darsenal\/\" \/>\n<meta property=\"og:locale\" content=\"fr_FR\" \/>\n<meta property=\"og:type\" content=\"article\" \/>\n<meta property=\"og:title\" content=\"Aucune explication requise | ...un blog d&#039;Arsenal\" \/>\n<meta property=\"og:description\" content=\"Bonjour \u00e0 tous. Nous entendrons Mikel Arteta aujourd&#039;hui pour la premi\u00e8re fois depuis quelques semaines, mais avec le calendrier tel qu&#039;il est et tel qu&#039;il\" \/>\n<meta property=\"og:url\" content=\"https:\/\/footdavant.fr\/actualites\/aucune-explication-requise-un-blog-darsenal\/\" \/>\n<meta property=\"og:site_name\" content=\"Foot d&#039;avant\" \/>\n<meta property=\"article:publisher\" content=\"https:\/\/www.facebook.com\/Footdavant\/\" \/>\n<meta property=\"article:published_time\" content=\"2026-04-03T10:48:04+00:00\" \/>\n<meta property=\"article:modified_time\" content=\"2026-04-03T10:48:05+00:00\" \/>\n<meta property=\"og:image\" content=\"https:\/\/footdavant.fr\/actualites\/wp-content\/uploads\/2026\/04\/Aucune-explication-requise-un-blog-d39Arsenal.jpg\" \/>\n\t<meta property=\"og:image:width\" content=\"1500\" \/>\n\t<meta property=\"og:image:height\" content=\"750\" \/>\n\t<meta property=\"og:image:type\" content=\"image\/jpeg\" \/>\n<meta name=\"author\" content=\"Cl\u00e9ment\" \/>\n<meta name=\"twitter:card\" content=\"summary_large_image\" \/>\n<meta name=\"twitter:creator\" content=\"@FootdavantFr\" \/>\n<meta name=\"twitter:site\" content=\"@FootdavantFr\" \/>\n<meta name=\"twitter:label1\" content=\"\u00c9crit par\" \/>\n\t<meta name=\"twitter:data1\" content=\"Cl\u00e9ment\" \/>\n\t<meta name=\"twitter:label2\" content=\"Dur\u00e9e de lecture estim\u00e9e\" \/>\n\t<meta name=\"twitter:data2\" content=\"4 minutes\" \/>\n<script type=\"application\/ld+json\" class=\"yoast-schema-graph\">{\"@context\":\"https:\/\/schema.org\",\"@graph\":[{\"@type\":\"Article\",\"@id\":\"https:\/\/footdavant.fr\/actualites\/aucune-explication-requise-un-blog-darsenal\/#article\",\"isPartOf\":{\"@id\":\"https:\/\/footdavant.fr\/actualites\/aucune-explication-requise-un-blog-darsenal\/\"},\"author\":{\"name\":\"Cl\u00e9ment\",\"@id\":\"https:\/\/footdavant.fr\/actualites\/#\/schema\/person\/bc222566d95871b37e597b3ed3ba5e1d\"},\"headline\":\"Aucune explication requise | &#8230;un blog d&#39;Arsenal\",\"datePublished\":\"2026-04-03T10:48:04+00:00\",\"dateModified\":\"2026-04-03T10:48:05+00:00\",\"mainEntityOfPage\":{\"@id\":\"https:\/\/footdavant.fr\/actualites\/aucune-explication-requise-un-blog-darsenal\/\"},\"wordCount\":839,\"publisher\":{\"@id\":\"https:\/\/footdavant.fr\/actualites\/#organization\"},\"keywords\":[\"...un\",\"aucune\",\"blog\",\"d39Arsenal\",\"explication\",\"requise\"],\"articleSection\":[\"Football\"],\"inLanguage\":\"fr-FR\"},{\"@type\":\"WebPage\",\"@id\":\"https:\/\/footdavant.fr\/actualites\/aucune-explication-requise-un-blog-darsenal\/\",\"url\":\"https:\/\/footdavant.fr\/actualites\/aucune-explication-requise-un-blog-darsenal\/\",\"name\":\"Aucune explication requise | ...un blog d&#39;Arsenal\",\"isPartOf\":{\"@id\":\"https:\/\/footdavant.fr\/actualites\/#website\"},\"datePublished\":\"2026-04-03T10:48:04+00:00\",\"dateModified\":\"2026-04-03T10:48:05+00:00\",\"breadcrumb\":{\"@id\":\"https:\/\/footdavant.fr\/actualites\/aucune-explication-requise-un-blog-darsenal\/#breadcrumb\"},\"inLanguage\":\"fr-FR\",\"potentialAction\":[{\"@type\":\"ReadAction\",\"target\":[\"https:\/\/footdavant.fr\/actualites\/aucune-explication-requise-un-blog-darsenal\/\"]}]},{\"@type\":\"BreadcrumbList\",\"@id\":\"https:\/\/footdavant.fr\/actualites\/aucune-explication-requise-un-blog-darsenal\/#breadcrumb\",\"itemListElement\":[{\"@type\":\"ListItem\",\"position\":1,\"name\":\"Accueil\",\"item\":\"https:\/\/footdavant.fr\/actualites\/\"},{\"@type\":\"ListItem\",\"position\":2,\"name\":\"Aucune explication requise | &#8230;un blog d&#39;Arsenal\"}]},{\"@type\":\"WebSite\",\"@id\":\"https:\/\/footdavant.fr\/actualites\/#website\",\"url\":\"https:\/\/footdavant.fr\/actualites\/\",\"name\":\"Foot d'avant\",\"description\":\"\",\"publisher\":{\"@id\":\"https:\/\/footdavant.fr\/actualites\/#organization\"},\"potentialAction\":[{\"@type\":\"SearchAction\",\"target\":{\"@type\":\"EntryPoint\",\"urlTemplate\":\"https:\/\/footdavant.fr\/actualites\/?s={search_term_string}\"},\"query-input\":\"required name=search_term_string\"}],\"inLanguage\":\"fr-FR\"},{\"@type\":\"Organization\",\"@id\":\"https:\/\/footdavant.fr\/actualites\/#organization\",\"name\":\"Foot d'avant\",\"url\":\"https:\/\/footdavant.fr\/actualites\/\",\"logo\":{\"@type\":\"ImageObject\",\"inLanguage\":\"fr-FR\",\"@id\":\"https:\/\/footdavant.fr\/actualites\/#\/schema\/logo\/image\/\",\"url\":\"https:\/\/footdavant.fr\/actualites\/wp-content\/uploads\/2023\/09\/Copy-of-FootDavant-Logo.png\",\"contentUrl\":\"https:\/\/footdavant.fr\/actualites\/wp-content\/uploads\/2023\/09\/Copy-of-FootDavant-Logo.png\",\"width\":936,\"height\":549,\"caption\":\"Foot d'avant\"},\"image\":{\"@id\":\"https:\/\/footdavant.fr\/actualites\/#\/schema\/logo\/image\/\"},\"sameAs\":[\"https:\/\/www.facebook.com\/Footdavant\/\",\"https:\/\/twitter.com\/FootdavantFr\",\"https:\/\/www.instagram.com\/footdavant.fr\/\"]},{\"@type\":\"Person\",\"@id\":\"https:\/\/footdavant.fr\/actualites\/#\/schema\/person\/bc222566d95871b37e597b3ed3ba5e1d\",\"name\":\"Cl\u00e9ment\",\"image\":{\"@type\":\"ImageObject\",\"inLanguage\":\"fr-FR\",\"@id\":\"https:\/\/footdavant.fr\/actualites\/#\/schema\/person\/image\/\",\"url\":\"https:\/\/secure.gravatar.com\/avatar\/7728b29aac2719421e1a9159b2254c44?s=96&d=mm&r=g\",\"contentUrl\":\"https:\/\/secure.gravatar.com\/avatar\/7728b29aac2719421e1a9159b2254c44?s=96&d=mm&r=g\",\"caption\":\"Cl\u00e9ment\"},\"sameAs\":[\"https:\/\/footdavant.fr\/\"]}]}<\/script>\n<!-- \/ Yoast SEO plugin. -->","yoast_head_json":{"title":"Aucune explication requise | ...un blog d&#39;Arsenal","robots":{"index":"index","follow":"follow","max-snippet":"max-snippet:-1","max-image-preview":"max-image-preview:large","max-video-preview":"max-video-preview:-1"},"canonical":"https:\/\/footdavant.fr\/actualites\/aucune-explication-requise-un-blog-darsenal\/","og_locale":"fr_FR","og_type":"article","og_title":"Aucune explication requise | ...un blog d&#39;Arsenal","og_description":"Bonjour \u00e0 tous. Nous entendrons Mikel Arteta aujourd&#39;hui pour la premi\u00e8re fois depuis quelques semaines, mais avec le calendrier tel qu&#39;il est et tel qu&#39;il","og_url":"https:\/\/footdavant.fr\/actualites\/aucune-explication-requise-un-blog-darsenal\/","og_site_name":"Foot d&#039;avant","article_publisher":"https:\/\/www.facebook.com\/Footdavant\/","article_published_time":"2026-04-03T10:48:04+00:00","article_modified_time":"2026-04-03T10:48:05+00:00","og_image":[{"width":1500,"height":750,"url":"https:\/\/footdavant.fr\/actualites\/wp-content\/uploads\/2026\/04\/Aucune-explication-requise-un-blog-d39Arsenal.jpg","type":"image\/jpeg"}],"author":"Cl\u00e9ment","twitter_card":"summary_large_image","twitter_creator":"@FootdavantFr","twitter_site":"@FootdavantFr","twitter_misc":{"\u00c9crit par":"Cl\u00e9ment","Dur\u00e9e de lecture estim\u00e9e":"4 minutes"},"schema":{"@context":"https:\/\/schema.org","@graph":[{"@type":"Article","@id":"https:\/\/footdavant.fr\/actualites\/aucune-explication-requise-un-blog-darsenal\/#article","isPartOf":{"@id":"https:\/\/footdavant.fr\/actualites\/aucune-explication-requise-un-blog-darsenal\/"},"author":{"name":"Cl\u00e9ment","@id":"https:\/\/footdavant.fr\/actualites\/#\/schema\/person\/bc222566d95871b37e597b3ed3ba5e1d"},"headline":"Aucune explication requise | &#8230;un blog d&#39;Arsenal","datePublished":"2026-04-03T10:48:04+00:00","dateModified":"2026-04-03T10:48:05+00:00","mainEntityOfPage":{"@id":"https:\/\/footdavant.fr\/actualites\/aucune-explication-requise-un-blog-darsenal\/"},"wordCount":839,"publisher":{"@id":"https:\/\/footdavant.fr\/actualites\/#organization"},"keywords":["...un","aucune","blog","d39Arsenal","explication","requise"],"articleSection":["Football"],"inLanguage":"fr-FR"},{"@type":"WebPage","@id":"https:\/\/footdavant.fr\/actualites\/aucune-explication-requise-un-blog-darsenal\/","url":"https:\/\/footdavant.fr\/actualites\/aucune-explication-requise-un-blog-darsenal\/","name":"Aucune explication requise | ...un blog d&#39;Arsenal","isPartOf":{"@id":"https:\/\/footdavant.fr\/actualites\/#website"},"datePublished":"2026-04-03T10:48:04+00:00","dateModified":"2026-04-03T10:48:05+00:00","breadcrumb":{"@id":"https:\/\/footdavant.fr\/actualites\/aucune-explication-requise-un-blog-darsenal\/#breadcrumb"},"inLanguage":"fr-FR","potentialAction":[{"@type":"ReadAction","target":["https:\/\/footdavant.fr\/actualites\/aucune-explication-requise-un-blog-darsenal\/"]}]},{"@type":"BreadcrumbList","@id":"https:\/\/footdavant.fr\/actualites\/aucune-explication-requise-un-blog-darsenal\/#breadcrumb","itemListElement":[{"@type":"ListItem","position":1,"name":"Accueil","item":"https:\/\/footdavant.fr\/actualites\/"},{"@type":"ListItem","position":2,"name":"Aucune explication requise | &#8230;un blog d&#39;Arsenal"}]},{"@type":"WebSite","@id":"https:\/\/footdavant.fr\/actualites\/#website","url":"https:\/\/footdavant.fr\/actualites\/","name":"Foot d'avant","description":"","publisher":{"@id":"https:\/\/footdavant.fr\/actualites\/#organization"},"potentialAction":[{"@type":"SearchAction","target":{"@type":"EntryPoint","urlTemplate":"https:\/\/footdavant.fr\/actualites\/?s={search_term_string}"},"query-input":"required name=search_term_string"}],"inLanguage":"fr-FR"},{"@type":"Organization","@id":"https:\/\/footdavant.fr\/actualites\/#organization","name":"Foot d'avant","url":"https:\/\/footdavant.fr\/actualites\/","logo":{"@type":"ImageObject","inLanguage":"fr-FR","@id":"https:\/\/footdavant.fr\/actualites\/#\/schema\/logo\/image\/","url":"https:\/\/footdavant.fr\/actualites\/wp-content\/uploads\/2023\/09\/Copy-of-FootDavant-Logo.png","contentUrl":"https:\/\/footdavant.fr\/actualites\/wp-content\/uploads\/2023\/09\/Copy-of-FootDavant-Logo.png","width":936,"height":549,"caption":"Foot d'avant"},"image":{"@id":"https:\/\/footdavant.fr\/actualites\/#\/schema\/logo\/image\/"},"sameAs":["https:\/\/www.facebook.com\/Footdavant\/","https:\/\/twitter.com\/FootdavantFr","https:\/\/www.instagram.com\/footdavant.fr\/"]},{"@type":"Person","@id":"https:\/\/footdavant.fr\/actualites\/#\/schema\/person\/bc222566d95871b37e597b3ed3ba5e1d","name":"Cl\u00e9ment","image":{"@type":"ImageObject","inLanguage":"fr-FR","@id":"https:\/\/footdavant.fr\/actualites\/#\/schema\/person\/image\/","url":"https:\/\/secure.gravatar.com\/avatar\/7728b29aac2719421e1a9159b2254c44?s=96&d=mm&r=g","contentUrl":"https:\/\/secure.gravatar.com\/avatar\/7728b29aac2719421e1a9159b2254c44?s=96&d=mm&r=g","caption":"Cl\u00e9ment"},"sameAs":["https:\/\/footdavant.fr\/"]}]}},"_links":{"self":[{"href":"https:\/\/footdavant.fr\/actualites\/wp-json\/wp\/v2\/posts\/36080"}],"collection":[{"href":"https:\/\/footdavant.fr\/actualites\/wp-json\/wp\/v2\/posts"}],"about":[{"href":"https:\/\/footdavant.fr\/actualites\/wp-json\/wp\/v2\/types\/post"}],"author":[{"embeddable":true,"href":"https:\/\/footdavant.fr\/actualites\/wp-json\/wp\/v2\/users\/1"}],"replies":[{"embeddable":true,"href":"https:\/\/footdavant.fr\/actualites\/wp-json\/wp\/v2\/comments?post=36080"}],"version-history":[{"count":1,"href":"https:\/\/footdavant.fr\/actualites\/wp-json\/wp\/v2\/posts\/36080\/revisions"}],"predecessor-version":[{"id":36082,"href":"https:\/\/footdavant.fr\/actualites\/wp-json\/wp\/v2\/posts\/36080\/revisions\/36082"}],"wp:featuredmedia":[{"embeddable":true,"href":"https:\/\/footdavant.fr\/actualites\/wp-json\/wp\/v2\/media\/36081"}],"wp:attachment":[{"href":"https:\/\/footdavant.fr\/actualites\/wp-json\/wp\/v2\/media?parent=36080"}],"wp:term":[{"taxonomy":"category","embeddable":true,"href":"https:\/\/footdavant.fr\/actualites\/wp-json\/wp\/v2\/categories?post=36080"},{"taxonomy":"post_tag","embeddable":true,"href":"https:\/\/footdavant.fr\/actualites\/wp-json\/wp\/v2\/tags?post=36080"}],"curies":[{"name":"wp","href":"https:\/\/api.w.org\/{rel}","templated":true}]}}