{"id":36089,"date":"2026-04-03T18:48:08","date_gmt":"2026-04-03T16:48:08","guid":{"rendered":"https:\/\/footdavant.fr\/actualites\/chelsea-news-cest-chelsea-pas-un-tremplin-vers-une-autre-equipe-la-legende-des-blues-fustige-enzo-fernandez-a-propos-des-commentaires-du-real-madrid\/"},"modified":"2026-04-03T18:48:09","modified_gmt":"2026-04-03T16:48:09","slug":"chelsea-news-cest-chelsea-pas-un-tremplin-vers-une-autre-equipe-la-legende-des-blues-fustige-enzo-fernandez-a-propos-des-commentaires-du-real-madrid","status":"publish","type":"post","link":"https:\/\/footdavant.fr\/actualites\/chelsea-news-cest-chelsea-pas-un-tremplin-vers-une-autre-equipe-la-legende-des-blues-fustige-enzo-fernandez-a-propos-des-commentaires-du-real-madrid\/","title":{"rendered":"Chelsea news: \u00ab\u00a0C&#39;est Chelsea, pas un tremplin vers une autre \u00e9quipe\u00a0\u00bb &#8211; La l\u00e9gende des Blues fustige Enzo Fernandez \u00e0 propos des commentaires du Real Madrid"},"content":{"rendered":"<div itemprop=\"articleBody\">\n<p>Les r\u00e9cents commentaires d&#39;Enzo Fernandez sur un avenir possible en Espagne ont d\u00e9clench\u00e9 la sonnette d&#39;alarme \u00e0 Chelsea et ont suscit\u00e9 de vives r\u00e9primandes de la part de l&#39;une des voix les plus respect\u00e9es du club.<\/p>\n<p>Ic\u00f4ne du club et figure extr\u00eamement respect\u00e9e \u00e0 Stamford Bridge, John Obi Mikel a publiquement critiqu\u00e9 l&#39;attitude du milieu de terrain argentin et a clairement indiqu\u00e9 que, selon lui, certaines d\u00e9clarations publiques ne correspondent pas au statut qu&#39;occupe Fernandez au sein de l&#39;\u00e9quipe.<\/p>\n<h2>Mikel lance un avertissement \u00e0 Fernandez<\/h2>\n<div>\n<div>\n<p>\u00a9 Imago \/ PA images<\/p>\n<\/div>\n<\/div>\n<p>\u00ab\u00a0C&#39;est Chelsea, pas un tremplin vers une autre \u00e9quipe. Si votre c\u0153ur est d\u00e9j\u00e0 \u00e0 Madrid, vous ne devriez pas porter le maillot bleu. \u00c0 Chelsea, nous avons jou\u00e9 pour le badge, pas pour un futur transfert\u00a0\u00bb, a d\u00e9clar\u00e9 Mikel sur son podcast.<\/p>\n<p>Les propos ne sont pas sortis de nulle part. Ces derniers jours, les rumeurs d&#39;un \u00e9ventuel lien entre Fern\u00e1ndez et le Real Madrid se sont intensifi\u00e9es, notamment apr\u00e8s une interview accord\u00e9e par l&#39;Argentin \u00e0 la cha\u00eene YouTube. <em>Avirales<\/em>dans lequel il a parl\u00e9 avec une franchise inhabituelle de ses pr\u00e9f\u00e9rences en dehors de l&#39;Angleterre.<\/p>\n<p>S&#39;il n&#39;a pas initialement nomm\u00e9 un club sp\u00e9cifique, le milieu de terrain a clairement exprim\u00e9 son affinit\u00e9 pour la capitale espagnole. Lorsqu&#39;on lui a demand\u00e9 o\u00f9 il vivrait s&#39;il quittait Londres, Fernandez a r\u00e9pondu sans h\u00e9siter : \u00ab\u00a0J&#39;aimerais vivre en Espagne. J&#39;aime beaucoup Madrid ; \u00e7a me rappelle Buenos Aires. Un joueur vit o\u00f9 il veut. Je peux me d\u00e9brouiller avec l&#39;anglais, mais avec l&#39;espagnol, je serais mieux.\u00a0\u00bb<\/p>\n<p>Ce seul commentaire aurait suffi \u00e0 faire la une des journaux. Mais le vrai probl\u00e8me \u00e0 Chelsea va au-del\u00e0 du contenu, c\u2019est le timing et le contexte qui ont caus\u00e9 le plus de mal-\u00eatre.<\/p>\n<h2>Le timing des commentaires de Fernandez<\/h2>\n<div>\n<div><img decoding=\"async\" data-img-id=\"158695\" class=\"lazy\" loading=\"lazy\" src=\"https:\/\/footdavant.fr\/actualites\/wp-content\/uploads\/2026\/04\/1775234888_695_Chelsea-news-C39est-Chelsea-pas-un-tremplin-vers-une-autre.webp\"\/><\/p>\n<p>\u00a9 Imago \/ Action Plus<\/p>\n<\/div>\n<\/div>\n<p>Avant m\u00eame que l&#39;interview ne devienne virale, Fernandez avait d\u00e9j\u00e0 laiss\u00e9 planer le doute sur son avenir, imm\u00e9diatement apr\u00e8s la lourde \u00e9limination de Chelsea en Ligue des champions face au PSG. Apr\u00e8s la d\u00e9faite 3-0 \u00e0 domicile qui a scell\u00e9 une sortie globale de 8-2, il a \u00e9t\u00e9 interrog\u00e9 sur les sp\u00e9culations du Real Madrid et a refus\u00e9 de garantir qu&#39;il resterait la saison prochaine.<\/p>\n<p>\u00ab\u00a0Je ne sais pas. En ce moment, je suis concentr\u00e9 ici. Il reste huit matches en Premier League et en FA Cup, puis il y a la Coupe du Monde et ensuite nous verrons\u00a0\u00bb, a-t-il d\u00e9clar\u00e9. <em>ESPN Argentine<\/em>.<\/p>\n<p>Dans une jeune \u00e9quipe encore en qu\u00eate de stabilit\u00e9, cette d\u00e9claration a mal \u00e9t\u00e9 entendue, tant en interne que parmi les supporters, car elle \u00e9manait de l&#39;une des personnalit\u00e9s les plus importantes du club. Fern\u00e1ndez n&#39;est pas seulement un titulaire r\u00e9gulier : il est vice-capitaine, a port\u00e9 le brassard \u00e0 de nombreuses reprises et cette saison a \u00e9t\u00e9 le joueur le plus r\u00e9guli\u00e8rement s\u00e9lectionn\u00e9 d\u00e8s la premi\u00e8re minute.<\/p>\n<p>La situation est d\u2019autant plus sensible compte tenu de ce qu\u2019il repr\u00e9sente pour le club. Sign\u00e9 de Benfica en janvier 2023 pour environ 106 millions de livres sterling, un record britannique \u00e0 l&#39;\u00e9poque, Fernandez a imm\u00e9diatement \u00e9t\u00e9 consid\u00e9r\u00e9 comme la pierre angulaire de la reconstruction de Chelsea, sur et en dehors du terrain. \u00c0 bien des \u00e9gards, il a tenu ses promesses. A 25 ans, il a d\u00e9j\u00e0 disput\u00e9 161 matches avec le club, remport\u00e9 la Conference League et la Coupe du Monde des Clubs, et reste l&#39;une des pi\u00e8ces ma\u00eetresses du milieu de terrain. Cette saison, ses chiffres confirment son importance : 12 buts et six passes d\u00e9cisives en 46 matches, ainsi que l&#39;influence technique et le leadership qu&#39;il apporte.<\/p>\n<h2>Plus qu&#39;une question de transfert, une question d&#39;attitude<\/h2>\n<div>\n<div><img decoding=\"async\" data-img-id=\"158535\" class=\"lazy\" loading=\"lazy\" src=\"https:\/\/footdavant.fr\/actualites\/wp-content\/uploads\/2026\/04\/1775234888_499_Chelsea-news-C39est-Chelsea-pas-un-tremplin-vers-une-autre.webp\"\/><\/p>\n<p>\u00a9 Imago \/ Sportimage<\/p>\n<\/div>\n<\/div>\n<p>Les critiques de Mikel portent moins sur la possibilit\u00e9 d&#39;un futur transfert, tout \u00e0 fait normal au plus haut niveau du football europ\u00e9en, que sur le message envoy\u00e9 par un joueur aussi cl\u00e9 \u00e0 un moment difficile de la saison.<\/p>\n<p>Chelsea traverse une autre ann\u00e9e incoh\u00e9rente, hors de la Ligue des Champions et bien loin de la course au titre, un contexte qui alimente naturellement les sp\u00e9culations sur l&#39;avenir des joueurs importants. L&#39;int\u00e9r\u00eat du Real Madrid, bien que non encore confirm\u00e9, a \u00e9t\u00e9 pris plus au s\u00e9rieux pr\u00e9cis\u00e9ment en raison de ce contexte sportif et des propres commentaires de Fernandez.<\/p>\n<p>Apr\u00e8s la d\u00e9faite du PSG, le manager Liam Rosenior a choisi de ne pas attiser les flammes et d&#39;\u00e9viter de s&#39;attarder sur le sujet. Mais le malaise g\u00e9n\u00e9r\u00e9 par les propos de son joueur reste visible.<\/p>\n<p>En fin de compte, la r\u00e9action de Mikel refl\u00e8te un sentiment qui p\u00e8se beaucoup dans les clubs de cette envergure : le talent et les performances comptent, mais ce que vous dites publiquement aussi. Et dans le cas d&#39;Enzo Fernandez, pour la premi\u00e8re fois depuis son arriv\u00e9e \u00e0 Londres, son engagement dans le projet de Chelsea est d\u00e9sormais ouvertement remis en question.<\/p>\n<\/div>\n","protected":false},"excerpt":{"rendered":"<p>Les r\u00e9cents commentaires d&#39;Enzo Fernandez sur un avenir possible en Espagne ont d\u00e9clench\u00e9 la sonnette d&#39;alarme \u00e0 Chelsea et ont suscit\u00e9 de vives r\u00e9primandes de<\/p>\n","protected":false},"author":1,"featured_media":36090,"comment_status":"closed","ping_status":"","sticky":false,"template":"","format":"standard","meta":{"footnotes":""},"categories":[5],"tags":[777,4717,4417,171,716,12,1806,28,2599,11463,3120,303,409,71,3148,302,3664,92,297],"yoast_head":"<!-- This site is optimized with the Yoast SEO plugin v21.0 - https:\/\/yoast.com\/wordpress\/plugins\/seo\/ -->\n<title>Chelsea news: &quot;C&#039;est Chelsea, pas un tremplin vers une autre \u00e9quipe&quot; - La l\u00e9gende des Blues fustige Enzo Fernandez \u00e0 propos des commentaires du Real Madrid<\/title>\n<meta name=\"robots\" content=\"index, follow, max-snippet:-1, max-image-preview:large, max-video-preview:-1\" \/>\n<link rel=\"canonical\" href=\"https:\/\/footdavant.fr\/actualites\/chelsea-news-cest-chelsea-pas-un-tremplin-vers-une-autre-equipe-la-legende-des-blues-fustige-enzo-fernandez-a-propos-des-commentaires-du-real-madrid\/\" \/>\n<meta property=\"og:locale\" content=\"fr_FR\" \/>\n<meta property=\"og:type\" content=\"article\" \/>\n<meta property=\"og:title\" content=\"Chelsea news: &quot;C&#039;est Chelsea, pas un tremplin vers une autre \u00e9quipe&quot; - La l\u00e9gende des Blues fustige Enzo Fernandez \u00e0 propos des commentaires du Real Madrid\" \/>\n<meta property=\"og:description\" content=\"Les r\u00e9cents commentaires d&#039;Enzo Fernandez sur un avenir possible en Espagne ont d\u00e9clench\u00e9 la sonnette d&#039;alarme \u00e0 Chelsea et ont suscit\u00e9 de vives r\u00e9primandes de\" \/>\n<meta property=\"og:url\" content=\"https:\/\/footdavant.fr\/actualites\/chelsea-news-cest-chelsea-pas-un-tremplin-vers-une-autre-equipe-la-legende-des-blues-fustige-enzo-fernandez-a-propos-des-commentaires-du-real-madrid\/\" \/>\n<meta property=\"og:site_name\" content=\"Foot d&#039;avant\" \/>\n<meta property=\"article:publisher\" content=\"https:\/\/www.facebook.com\/Footdavant\/\" \/>\n<meta property=\"article:published_time\" content=\"2026-04-03T16:48:08+00:00\" \/>\n<meta property=\"article:modified_time\" content=\"2026-04-03T16:48:09+00:00\" \/>\n<meta property=\"og:image\" content=\"https:\/\/footdavant.fr\/actualites\/wp-content\/uploads\/2026\/04\/Chelsea-news-C39est-Chelsea-pas-un-tremplin-vers-une-autre.net2Fuploads2F20262F032Ficonsport-362509.webp\" \/>\n\t<meta property=\"og:image:width\" content=\"720\" \/>\n\t<meta property=\"og:image:height\" content=\"410\" \/>\n\t<meta property=\"og:image:type\" content=\"image\/webp\" \/>\n<meta name=\"author\" content=\"Cl\u00e9ment\" \/>\n<meta name=\"twitter:card\" content=\"summary_large_image\" \/>\n<meta name=\"twitter:creator\" content=\"@FootdavantFr\" \/>\n<meta name=\"twitter:site\" content=\"@FootdavantFr\" \/>\n<meta name=\"twitter:label1\" content=\"\u00c9crit par\" \/>\n\t<meta name=\"twitter:data1\" content=\"Cl\u00e9ment\" \/>\n\t<meta name=\"twitter:label2\" content=\"Dur\u00e9e de lecture estim\u00e9e\" \/>\n\t<meta name=\"twitter:data2\" content=\"4 minutes\" \/>\n<script type=\"application\/ld+json\" class=\"yoast-schema-graph\">{\"@context\":\"https:\/\/schema.org\",\"@graph\":[{\"@type\":\"Article\",\"@id\":\"https:\/\/footdavant.fr\/actualites\/chelsea-news-cest-chelsea-pas-un-tremplin-vers-une-autre-equipe-la-legende-des-blues-fustige-enzo-fernandez-a-propos-des-commentaires-du-real-madrid\/#article\",\"isPartOf\":{\"@id\":\"https:\/\/footdavant.fr\/actualites\/chelsea-news-cest-chelsea-pas-un-tremplin-vers-une-autre-equipe-la-legende-des-blues-fustige-enzo-fernandez-a-propos-des-commentaires-du-real-madrid\/\"},\"author\":{\"name\":\"Cl\u00e9ment\",\"@id\":\"https:\/\/footdavant.fr\/actualites\/#\/schema\/person\/bc222566d95871b37e597b3ed3ba5e1d\"},\"headline\":\"Chelsea news: \u00ab\u00a0C&#39;est Chelsea, pas un tremplin vers une autre \u00e9quipe\u00a0\u00bb &#8211; La l\u00e9gende des Blues fustige Enzo Fernandez \u00e0 propos des commentaires du Real Madrid\",\"datePublished\":\"2026-04-03T16:48:08+00:00\",\"dateModified\":\"2026-04-03T16:48:09+00:00\",\"mainEntityOfPage\":{\"@id\":\"https:\/\/footdavant.fr\/actualites\/chelsea-news-cest-chelsea-pas-un-tremplin-vers-une-autre-equipe-la-legende-des-blues-fustige-enzo-fernandez-a-propos-des-commentaires-du-real-madrid\/\"},\"wordCount\":901,\"publisher\":{\"@id\":\"https:\/\/footdavant.fr\/actualites\/#organization\"},\"keywords\":[\"autre\",\"blues\",\"C39est\",\"Chelsea\",\"commentaires\",\"des\",\"Enzo\",\"\u00c9quipe\",\"Fernandez\",\"fustige\",\"l\u00e9gende\",\"Madrid\",\"News\",\"pas\",\"propos\",\"Real\",\"tremplin\",\"une\",\"vers\"],\"articleSection\":[\"Premier League\"],\"inLanguage\":\"fr-FR\"},{\"@type\":\"WebPage\",\"@id\":\"https:\/\/footdavant.fr\/actualites\/chelsea-news-cest-chelsea-pas-un-tremplin-vers-une-autre-equipe-la-legende-des-blues-fustige-enzo-fernandez-a-propos-des-commentaires-du-real-madrid\/\",\"url\":\"https:\/\/footdavant.fr\/actualites\/chelsea-news-cest-chelsea-pas-un-tremplin-vers-une-autre-equipe-la-legende-des-blues-fustige-enzo-fernandez-a-propos-des-commentaires-du-real-madrid\/\",\"name\":\"Chelsea news: \\\"C&#39;est Chelsea, pas un tremplin vers une autre \u00e9quipe\\\" - La l\u00e9gende des Blues fustige Enzo Fernandez \u00e0 propos des commentaires du Real Madrid\",\"isPartOf\":{\"@id\":\"https:\/\/footdavant.fr\/actualites\/#website\"},\"datePublished\":\"2026-04-03T16:48:08+00:00\",\"dateModified\":\"2026-04-03T16:48:09+00:00\",\"breadcrumb\":{\"@id\":\"https:\/\/footdavant.fr\/actualites\/chelsea-news-cest-chelsea-pas-un-tremplin-vers-une-autre-equipe-la-legende-des-blues-fustige-enzo-fernandez-a-propos-des-commentaires-du-real-madrid\/#breadcrumb\"},\"inLanguage\":\"fr-FR\",\"potentialAction\":[{\"@type\":\"ReadAction\",\"target\":[\"https:\/\/footdavant.fr\/actualites\/chelsea-news-cest-chelsea-pas-un-tremplin-vers-une-autre-equipe-la-legende-des-blues-fustige-enzo-fernandez-a-propos-des-commentaires-du-real-madrid\/\"]}]},{\"@type\":\"BreadcrumbList\",\"@id\":\"https:\/\/footdavant.fr\/actualites\/chelsea-news-cest-chelsea-pas-un-tremplin-vers-une-autre-equipe-la-legende-des-blues-fustige-enzo-fernandez-a-propos-des-commentaires-du-real-madrid\/#breadcrumb\",\"itemListElement\":[{\"@type\":\"ListItem\",\"position\":1,\"name\":\"Accueil\",\"item\":\"https:\/\/footdavant.fr\/actualites\/\"},{\"@type\":\"ListItem\",\"position\":2,\"name\":\"Chelsea news: \u00ab\u00a0C&#39;est Chelsea, pas un tremplin vers une autre \u00e9quipe\u00a0\u00bb &#8211; La l\u00e9gende des Blues fustige Enzo Fernandez \u00e0 propos des commentaires du Real Madrid\"}]},{\"@type\":\"WebSite\",\"@id\":\"https:\/\/footdavant.fr\/actualites\/#website\",\"url\":\"https:\/\/footdavant.fr\/actualites\/\",\"name\":\"Foot d'avant\",\"description\":\"\",\"publisher\":{\"@id\":\"https:\/\/footdavant.fr\/actualites\/#organization\"},\"potentialAction\":[{\"@type\":\"SearchAction\",\"target\":{\"@type\":\"EntryPoint\",\"urlTemplate\":\"https:\/\/footdavant.fr\/actualites\/?s={search_term_string}\"},\"query-input\":\"required name=search_term_string\"}],\"inLanguage\":\"fr-FR\"},{\"@type\":\"Organization\",\"@id\":\"https:\/\/footdavant.fr\/actualites\/#organization\",\"name\":\"Foot d'avant\",\"url\":\"https:\/\/footdavant.fr\/actualites\/\",\"logo\":{\"@type\":\"ImageObject\",\"inLanguage\":\"fr-FR\",\"@id\":\"https:\/\/footdavant.fr\/actualites\/#\/schema\/logo\/image\/\",\"url\":\"https:\/\/footdavant.fr\/actualites\/wp-content\/uploads\/2023\/09\/Copy-of-FootDavant-Logo.png\",\"contentUrl\":\"https:\/\/footdavant.fr\/actualites\/wp-content\/uploads\/2023\/09\/Copy-of-FootDavant-Logo.png\",\"width\":936,\"height\":549,\"caption\":\"Foot d'avant\"},\"image\":{\"@id\":\"https:\/\/footdavant.fr\/actualites\/#\/schema\/logo\/image\/\"},\"sameAs\":[\"https:\/\/www.facebook.com\/Footdavant\/\",\"https:\/\/twitter.com\/FootdavantFr\",\"https:\/\/www.instagram.com\/footdavant.fr\/\"]},{\"@type\":\"Person\",\"@id\":\"https:\/\/footdavant.fr\/actualites\/#\/schema\/person\/bc222566d95871b37e597b3ed3ba5e1d\",\"name\":\"Cl\u00e9ment\",\"image\":{\"@type\":\"ImageObject\",\"inLanguage\":\"fr-FR\",\"@id\":\"https:\/\/footdavant.fr\/actualites\/#\/schema\/person\/image\/\",\"url\":\"https:\/\/secure.gravatar.com\/avatar\/7728b29aac2719421e1a9159b2254c44?s=96&d=mm&r=g\",\"contentUrl\":\"https:\/\/secure.gravatar.com\/avatar\/7728b29aac2719421e1a9159b2254c44?s=96&d=mm&r=g\",\"caption\":\"Cl\u00e9ment\"},\"sameAs\":[\"https:\/\/footdavant.fr\/\"]}]}<\/script>\n<!-- \/ Yoast SEO plugin. -->","yoast_head_json":{"title":"Chelsea news: \"C&#39;est Chelsea, pas un tremplin vers une autre \u00e9quipe\" - La l\u00e9gende des Blues fustige Enzo Fernandez \u00e0 propos des commentaires du Real Madrid","robots":{"index":"index","follow":"follow","max-snippet":"max-snippet:-1","max-image-preview":"max-image-preview:large","max-video-preview":"max-video-preview:-1"},"canonical":"https:\/\/footdavant.fr\/actualites\/chelsea-news-cest-chelsea-pas-un-tremplin-vers-une-autre-equipe-la-legende-des-blues-fustige-enzo-fernandez-a-propos-des-commentaires-du-real-madrid\/","og_locale":"fr_FR","og_type":"article","og_title":"Chelsea news: \"C&#39;est Chelsea, pas un tremplin vers une autre \u00e9quipe\" - La l\u00e9gende des Blues fustige Enzo Fernandez \u00e0 propos des commentaires du Real Madrid","og_description":"Les r\u00e9cents commentaires d&#39;Enzo Fernandez sur un avenir possible en Espagne ont d\u00e9clench\u00e9 la sonnette d&#39;alarme \u00e0 Chelsea et ont suscit\u00e9 de vives r\u00e9primandes de","og_url":"https:\/\/footdavant.fr\/actualites\/chelsea-news-cest-chelsea-pas-un-tremplin-vers-une-autre-equipe-la-legende-des-blues-fustige-enzo-fernandez-a-propos-des-commentaires-du-real-madrid\/","og_site_name":"Foot d&#039;avant","article_publisher":"https:\/\/www.facebook.com\/Footdavant\/","article_published_time":"2026-04-03T16:48:08+00:00","article_modified_time":"2026-04-03T16:48:09+00:00","og_image":[{"width":720,"height":410,"url":"https:\/\/footdavant.fr\/actualites\/wp-content\/uploads\/2026\/04\/Chelsea-news-C39est-Chelsea-pas-un-tremplin-vers-une-autre.net2Fuploads2F20262F032Ficonsport-362509.webp","type":"image\/webp"}],"author":"Cl\u00e9ment","twitter_card":"summary_large_image","twitter_creator":"@FootdavantFr","twitter_site":"@FootdavantFr","twitter_misc":{"\u00c9crit par":"Cl\u00e9ment","Dur\u00e9e de lecture estim\u00e9e":"4 minutes"},"schema":{"@context":"https:\/\/schema.org","@graph":[{"@type":"Article","@id":"https:\/\/footdavant.fr\/actualites\/chelsea-news-cest-chelsea-pas-un-tremplin-vers-une-autre-equipe-la-legende-des-blues-fustige-enzo-fernandez-a-propos-des-commentaires-du-real-madrid\/#article","isPartOf":{"@id":"https:\/\/footdavant.fr\/actualites\/chelsea-news-cest-chelsea-pas-un-tremplin-vers-une-autre-equipe-la-legende-des-blues-fustige-enzo-fernandez-a-propos-des-commentaires-du-real-madrid\/"},"author":{"name":"Cl\u00e9ment","@id":"https:\/\/footdavant.fr\/actualites\/#\/schema\/person\/bc222566d95871b37e597b3ed3ba5e1d"},"headline":"Chelsea news: \u00ab\u00a0C&#39;est Chelsea, pas un tremplin vers une autre \u00e9quipe\u00a0\u00bb &#8211; La l\u00e9gende des Blues fustige Enzo Fernandez \u00e0 propos des commentaires du Real Madrid","datePublished":"2026-04-03T16:48:08+00:00","dateModified":"2026-04-03T16:48:09+00:00","mainEntityOfPage":{"@id":"https:\/\/footdavant.fr\/actualites\/chelsea-news-cest-chelsea-pas-un-tremplin-vers-une-autre-equipe-la-legende-des-blues-fustige-enzo-fernandez-a-propos-des-commentaires-du-real-madrid\/"},"wordCount":901,"publisher":{"@id":"https:\/\/footdavant.fr\/actualites\/#organization"},"keywords":["autre","blues","C39est","Chelsea","commentaires","des","Enzo","\u00c9quipe","Fernandez","fustige","l\u00e9gende","Madrid","News","pas","propos","Real","tremplin","une","vers"],"articleSection":["Premier League"],"inLanguage":"fr-FR"},{"@type":"WebPage","@id":"https:\/\/footdavant.fr\/actualites\/chelsea-news-cest-chelsea-pas-un-tremplin-vers-une-autre-equipe-la-legende-des-blues-fustige-enzo-fernandez-a-propos-des-commentaires-du-real-madrid\/","url":"https:\/\/footdavant.fr\/actualites\/chelsea-news-cest-chelsea-pas-un-tremplin-vers-une-autre-equipe-la-legende-des-blues-fustige-enzo-fernandez-a-propos-des-commentaires-du-real-madrid\/","name":"Chelsea news: \"C&#39;est Chelsea, pas un tremplin vers une autre \u00e9quipe\" - La l\u00e9gende des Blues fustige Enzo Fernandez \u00e0 propos des commentaires du Real Madrid","isPartOf":{"@id":"https:\/\/footdavant.fr\/actualites\/#website"},"datePublished":"2026-04-03T16:48:08+00:00","dateModified":"2026-04-03T16:48:09+00:00","breadcrumb":{"@id":"https:\/\/footdavant.fr\/actualites\/chelsea-news-cest-chelsea-pas-un-tremplin-vers-une-autre-equipe-la-legende-des-blues-fustige-enzo-fernandez-a-propos-des-commentaires-du-real-madrid\/#breadcrumb"},"inLanguage":"fr-FR","potentialAction":[{"@type":"ReadAction","target":["https:\/\/footdavant.fr\/actualites\/chelsea-news-cest-chelsea-pas-un-tremplin-vers-une-autre-equipe-la-legende-des-blues-fustige-enzo-fernandez-a-propos-des-commentaires-du-real-madrid\/"]}]},{"@type":"BreadcrumbList","@id":"https:\/\/footdavant.fr\/actualites\/chelsea-news-cest-chelsea-pas-un-tremplin-vers-une-autre-equipe-la-legende-des-blues-fustige-enzo-fernandez-a-propos-des-commentaires-du-real-madrid\/#breadcrumb","itemListElement":[{"@type":"ListItem","position":1,"name":"Accueil","item":"https:\/\/footdavant.fr\/actualites\/"},{"@type":"ListItem","position":2,"name":"Chelsea news: \u00ab\u00a0C&#39;est Chelsea, pas un tremplin vers une autre \u00e9quipe\u00a0\u00bb &#8211; La l\u00e9gende des Blues fustige Enzo Fernandez \u00e0 propos des commentaires du Real Madrid"}]},{"@type":"WebSite","@id":"https:\/\/footdavant.fr\/actualites\/#website","url":"https:\/\/footdavant.fr\/actualites\/","name":"Foot d'avant","description":"","publisher":{"@id":"https:\/\/footdavant.fr\/actualites\/#organization"},"potentialAction":[{"@type":"SearchAction","target":{"@type":"EntryPoint","urlTemplate":"https:\/\/footdavant.fr\/actualites\/?s={search_term_string}"},"query-input":"required name=search_term_string"}],"inLanguage":"fr-FR"},{"@type":"Organization","@id":"https:\/\/footdavant.fr\/actualites\/#organization","name":"Foot d'avant","url":"https:\/\/footdavant.fr\/actualites\/","logo":{"@type":"ImageObject","inLanguage":"fr-FR","@id":"https:\/\/footdavant.fr\/actualites\/#\/schema\/logo\/image\/","url":"https:\/\/footdavant.fr\/actualites\/wp-content\/uploads\/2023\/09\/Copy-of-FootDavant-Logo.png","contentUrl":"https:\/\/footdavant.fr\/actualites\/wp-content\/uploads\/2023\/09\/Copy-of-FootDavant-Logo.png","width":936,"height":549,"caption":"Foot d'avant"},"image":{"@id":"https:\/\/footdavant.fr\/actualites\/#\/schema\/logo\/image\/"},"sameAs":["https:\/\/www.facebook.com\/Footdavant\/","https:\/\/twitter.com\/FootdavantFr","https:\/\/www.instagram.com\/footdavant.fr\/"]},{"@type":"Person","@id":"https:\/\/footdavant.fr\/actualites\/#\/schema\/person\/bc222566d95871b37e597b3ed3ba5e1d","name":"Cl\u00e9ment","image":{"@type":"ImageObject","inLanguage":"fr-FR","@id":"https:\/\/footdavant.fr\/actualites\/#\/schema\/person\/image\/","url":"https:\/\/secure.gravatar.com\/avatar\/7728b29aac2719421e1a9159b2254c44?s=96&d=mm&r=g","contentUrl":"https:\/\/secure.gravatar.com\/avatar\/7728b29aac2719421e1a9159b2254c44?s=96&d=mm&r=g","caption":"Cl\u00e9ment"},"sameAs":["https:\/\/footdavant.fr\/"]}]}},"_links":{"self":[{"href":"https:\/\/footdavant.fr\/actualites\/wp-json\/wp\/v2\/posts\/36089"}],"collection":[{"href":"https:\/\/footdavant.fr\/actualites\/wp-json\/wp\/v2\/posts"}],"about":[{"href":"https:\/\/footdavant.fr\/actualites\/wp-json\/wp\/v2\/types\/post"}],"author":[{"embeddable":true,"href":"https:\/\/footdavant.fr\/actualites\/wp-json\/wp\/v2\/users\/1"}],"replies":[{"embeddable":true,"href":"https:\/\/footdavant.fr\/actualites\/wp-json\/wp\/v2\/comments?post=36089"}],"version-history":[{"count":1,"href":"https:\/\/footdavant.fr\/actualites\/wp-json\/wp\/v2\/posts\/36089\/revisions"}],"predecessor-version":[{"id":36091,"href":"https:\/\/footdavant.fr\/actualites\/wp-json\/wp\/v2\/posts\/36089\/revisions\/36091"}],"wp:featuredmedia":[{"embeddable":true,"href":"https:\/\/footdavant.fr\/actualites\/wp-json\/wp\/v2\/media\/36090"}],"wp:attachment":[{"href":"https:\/\/footdavant.fr\/actualites\/wp-json\/wp\/v2\/media?parent=36089"}],"wp:term":[{"taxonomy":"category","embeddable":true,"href":"https:\/\/footdavant.fr\/actualites\/wp-json\/wp\/v2\/categories?post=36089"},{"taxonomy":"post_tag","embeddable":true,"href":"https:\/\/footdavant.fr\/actualites\/wp-json\/wp\/v2\/tags?post=36089"}],"curies":[{"name":"wp","href":"https:\/\/api.w.org\/{rel}","templated":true}]}}