{"id":36095,"date":"2026-04-03T22:48:01","date_gmt":"2026-04-03T20:48:01","guid":{"rendered":"https:\/\/footdavant.fr\/actualites\/blessure-a-man-city-actualites-sur-la-suspension-et-dates-de-retour-pour-le-choc-de-la-fa-cup-contre-liverpool-josko-gvardiol-et-john-stones-sont-les-derniers\/"},"modified":"2026-04-03T22:48:03","modified_gmt":"2026-04-03T20:48:03","slug":"blessure-a-man-city-actualites-sur-la-suspension-et-dates-de-retour-pour-le-choc-de-la-fa-cup-contre-liverpool-josko-gvardiol-et-john-stones-sont-les-derniers","status":"publish","type":"post","link":"https:\/\/footdavant.fr\/actualites\/blessure-a-man-city-actualites-sur-la-suspension-et-dates-de-retour-pour-le-choc-de-la-fa-cup-contre-liverpool-josko-gvardiol-et-john-stones-sont-les-derniers\/","title":{"rendered":"Blessure \u00e0 Man City, actualit\u00e9s sur la suspension et dates de retour pour le choc de la FA Cup contre Liverpool : Josko Gvardiol et John Stones sont les derniers"},"content":{"rendered":"<div itemprop=\"articleBody\">\n<p>Manchester City cherchera \u00e0 reprendre l\u00e0 o\u00f9 il s&#39;\u00e9tait arr\u00eat\u00e9 avant la tr\u00eave internationale lorsqu&#39;il affrontera Liverpool en quart de finale de la FA Cup samedi.<\/p>\n<p>Les Citizens ont battu Arsenal 2-0 en finale de la Coupe EFL lors de leur dernier match avant la tr\u00eave internationale, remportant ainsi le premier troph\u00e9e disponible de la saison. <\/p>\n<p>Cherchant d\u00e9sormais \u00e0 faire un pas de plus vers un doubl\u00e9 en coupe nationale, Pep Guardiola aura h\u00e2te que son \u00e9quipe d\u00e9passe Liverpool et se qualifie pour les demi-finales. <\/p>\n<p>Ici, Sports Mole rassemble les derni\u00e8res nouvelles sur les blessures et les suspensions de Man City avant le choc avec Liverpool.<\/p>\n<hr size=\"2\"\/>\n<div>\n<div>\n<div>\n<div>\n<p>\u00a9 Iconsport \/ SUSA<\/p>\n<\/div>\n<\/div>\n<\/div>\n<\/div>\n<p>Statut\u00a0:\u00a0Out<\/p>\n<p>Type de blessure : Fracture du tibia<\/p>\n<p>Date de retour possible : 26 avril (vs Burnley)<\/p>\n<p>Gvardiol a subi une fracture du tibia au d\u00e9but de cette ann\u00e9e, qui a n\u00e9cessit\u00e9 une intervention chirurgicale, et il doit se battre pour \u00eatre de retour en forme avant la fin de la saison.<\/p>\n<div>\n<div>\n<div>\n<div><img decoding=\"async\" data-img-id=\"156631\" class=\"lazy\" loading=\"lazy\" src=\"https:\/\/footdavant.fr\/actualites\/wp-content\/uploads\/2026\/01\/Le-Bayern-Munich-ouvert-a-l39idee-de-recruter-un-defenseur.webp\"\/><\/p>\n<p>\u00a9 Imago \/ IMAGO \/ Sportimage<\/p>\n<\/div>\n<\/div>\n<\/div>\n<\/div>\n<p>Statut\u00a0:\u00a0Out<\/p>\n<p>Type de blessure : Mollet<\/p>\n<p>Date de retour possible : 12 avril (contre Chelsea)<\/p>\n<p>Stones a d\u00fb se retirer de l&#39;\u00e9quipe d&#39;Angleterre pendant la tr\u00eave internationale en raison d&#39;une blessure au mollet, laissant le d\u00e9fenseur central devrait s&#39;absenter de ce match.<\/p>\n<div>\n<div>\n<div>\n<div><img decoding=\"async\" data-img-id=\"156630\" class=\"lazy\" loading=\"lazy\" src=\"https:\/\/footdavant.fr\/actualites\/wp-content\/uploads\/2026\/01\/Blessure-a-Man-City-liste-des-suspensions-et-dates-de.jp.webp\"\/><\/p>\n<p>\u00a9 Imago \/ IMAGO \/ APL<\/p>\n<\/div>\n<\/div>\n<\/div>\n<\/div>\n<p>Statut\u00a0:\u00a0Out<\/p>\n<p>Type de blessure : Coup<\/p>\n<p>Date de retour possible : Inconnue<\/p>\n<p>Dias est absent en raison d&#39;un coup depuis la d\u00e9faite au match retour contre le Real Madrid \u00e0 la mi-mars, et le d\u00e9fenseur reste indisponible.<\/p>\n<hr size=\"2\"\/>\n<h2>LISTE DE SUSPENSION DE MANCHESTER CITY<\/h2>\n<p>Manchester City n&#39;a aucun joueur suspendu pour ce match. <\/p>\n<hr size=\"2\"\/>\n<\/div>\n","protected":false},"excerpt":{"rendered":"<p>Manchester City cherchera \u00e0 reprendre l\u00e0 o\u00f9 il s&#39;\u00e9tait arr\u00eat\u00e9 avant la tr\u00eave internationale lorsqu&#39;il affrontera Liverpool en quart de finale de la FA Cup<\/p>\n","protected":false},"author":1,"featured_media":35552,"comment_status":"closed","ping_status":"","sticky":false,"template":"","format":"standard","meta":{"footnotes":""},"categories":[5],"tags":[7,15,332,27,20,466,2867,1907,4465,501,11281,93,53,24,51,393,45,2055,103,18],"yoast_head":"<!-- This site is optimized with the Yoast SEO plugin v21.0 - https:\/\/yoast.com\/wordpress\/plugins\/seo\/ -->\n<title>Blessure \u00e0 Man City, actualit\u00e9s sur la suspension et dates de retour pour le choc de la FA Cup contre Liverpool : Josko Gvardiol et John Stones sont les derniers<\/title>\n<meta name=\"robots\" content=\"index, follow, max-snippet:-1, max-image-preview:large, max-video-preview:-1\" \/>\n<link rel=\"canonical\" href=\"https:\/\/footdavant.fr\/actualites\/blessure-a-man-city-actualites-sur-la-suspension-et-dates-de-retour-pour-le-choc-de-la-fa-cup-contre-liverpool-josko-gvardiol-et-john-stones-sont-les-derniers\/\" \/>\n<meta property=\"og:locale\" content=\"fr_FR\" \/>\n<meta property=\"og:type\" content=\"article\" \/>\n<meta property=\"og:title\" content=\"Blessure \u00e0 Man City, actualit\u00e9s sur la suspension et dates de retour pour le choc de la FA Cup contre Liverpool : Josko Gvardiol et John Stones sont les derniers\" \/>\n<meta property=\"og:description\" content=\"Manchester City cherchera \u00e0 reprendre l\u00e0 o\u00f9 il s&#039;\u00e9tait arr\u00eat\u00e9 avant la tr\u00eave internationale lorsqu&#039;il affrontera Liverpool en quart de finale de la FA Cup\" \/>\n<meta property=\"og:url\" content=\"https:\/\/footdavant.fr\/actualites\/blessure-a-man-city-actualites-sur-la-suspension-et-dates-de-retour-pour-le-choc-de-la-fa-cup-contre-liverpool-josko-gvardiol-et-john-stones-sont-les-derniers\/\" \/>\n<meta property=\"og:site_name\" content=\"Foot d&#039;avant\" \/>\n<meta property=\"article:publisher\" content=\"https:\/\/www.facebook.com\/Footdavant\/\" \/>\n<meta property=\"article:published_time\" content=\"2026-04-03T20:48:01+00:00\" \/>\n<meta property=\"article:modified_time\" content=\"2026-04-03T20:48:03+00:00\" \/>\n<meta property=\"og:image\" content=\"https:\/\/footdavant.fr\/actualites\/wp-content\/uploads\/2026\/03\/Nouvelles-de-l39equipe-blessure-de-Manchester-City-contre-Real-Madrid.net2Fuploads2F20262F012Fgvardiol-1-6963e.webp\" \/>\n\t<meta property=\"og:image:width\" content=\"720\" \/>\n\t<meta property=\"og:image:height\" content=\"410\" \/>\n\t<meta property=\"og:image:type\" content=\"image\/webp\" \/>\n<meta name=\"author\" content=\"Cl\u00e9ment\" \/>\n<meta name=\"twitter:card\" content=\"summary_large_image\" \/>\n<meta name=\"twitter:creator\" content=\"@FootdavantFr\" \/>\n<meta name=\"twitter:site\" content=\"@FootdavantFr\" \/>\n<meta name=\"twitter:label1\" content=\"\u00c9crit par\" \/>\n\t<meta name=\"twitter:data1\" content=\"Cl\u00e9ment\" \/>\n\t<meta name=\"twitter:label2\" content=\"Dur\u00e9e de lecture estim\u00e9e\" \/>\n\t<meta name=\"twitter:data2\" content=\"1 minute\" \/>\n<script type=\"application\/ld+json\" class=\"yoast-schema-graph\">{\"@context\":\"https:\/\/schema.org\",\"@graph\":[{\"@type\":\"Article\",\"@id\":\"https:\/\/footdavant.fr\/actualites\/blessure-a-man-city-actualites-sur-la-suspension-et-dates-de-retour-pour-le-choc-de-la-fa-cup-contre-liverpool-josko-gvardiol-et-john-stones-sont-les-derniers\/#article\",\"isPartOf\":{\"@id\":\"https:\/\/footdavant.fr\/actualites\/blessure-a-man-city-actualites-sur-la-suspension-et-dates-de-retour-pour-le-choc-de-la-fa-cup-contre-liverpool-josko-gvardiol-et-john-stones-sont-les-derniers\/\"},\"author\":{\"name\":\"Cl\u00e9ment\",\"@id\":\"https:\/\/footdavant.fr\/actualites\/#\/schema\/person\/bc222566d95871b37e597b3ed3ba5e1d\"},\"headline\":\"Blessure \u00e0 Man City, actualit\u00e9s sur la suspension et dates de retour pour le choc de la FA Cup contre Liverpool : Josko Gvardiol et John Stones sont les derniers\",\"datePublished\":\"2026-04-03T20:48:01+00:00\",\"dateModified\":\"2026-04-03T20:48:03+00:00\",\"mainEntityOfPage\":{\"@id\":\"https:\/\/footdavant.fr\/actualites\/blessure-a-man-city-actualites-sur-la-suspension-et-dates-de-retour-pour-le-choc-de-la-fa-cup-contre-liverpool-josko-gvardiol-et-john-stones-sont-les-derniers\/\"},\"wordCount\":304,\"publisher\":{\"@id\":\"https:\/\/footdavant.fr\/actualites\/#organization\"},\"keywords\":[\"Actualit\u00e9s\",\"Blessure\",\"choc\",\"City\",\"contre\",\"Cup\",\"Dates\",\"derniers\",\"Gvardiol\",\"John\",\"Josko\",\"les\",\"Liverpool\",\"Man\",\"pour\",\"retour\",\"sont\",\"Stones\",\"sur\",\"suspension\"],\"articleSection\":[\"Premier League\"],\"inLanguage\":\"fr-FR\"},{\"@type\":\"WebPage\",\"@id\":\"https:\/\/footdavant.fr\/actualites\/blessure-a-man-city-actualites-sur-la-suspension-et-dates-de-retour-pour-le-choc-de-la-fa-cup-contre-liverpool-josko-gvardiol-et-john-stones-sont-les-derniers\/\",\"url\":\"https:\/\/footdavant.fr\/actualites\/blessure-a-man-city-actualites-sur-la-suspension-et-dates-de-retour-pour-le-choc-de-la-fa-cup-contre-liverpool-josko-gvardiol-et-john-stones-sont-les-derniers\/\",\"name\":\"Blessure \u00e0 Man City, actualit\u00e9s sur la suspension et dates de retour pour le choc de la FA Cup contre Liverpool : Josko Gvardiol et John Stones sont les derniers\",\"isPartOf\":{\"@id\":\"https:\/\/footdavant.fr\/actualites\/#website\"},\"datePublished\":\"2026-04-03T20:48:01+00:00\",\"dateModified\":\"2026-04-03T20:48:03+00:00\",\"breadcrumb\":{\"@id\":\"https:\/\/footdavant.fr\/actualites\/blessure-a-man-city-actualites-sur-la-suspension-et-dates-de-retour-pour-le-choc-de-la-fa-cup-contre-liverpool-josko-gvardiol-et-john-stones-sont-les-derniers\/#breadcrumb\"},\"inLanguage\":\"fr-FR\",\"potentialAction\":[{\"@type\":\"ReadAction\",\"target\":[\"https:\/\/footdavant.fr\/actualites\/blessure-a-man-city-actualites-sur-la-suspension-et-dates-de-retour-pour-le-choc-de-la-fa-cup-contre-liverpool-josko-gvardiol-et-john-stones-sont-les-derniers\/\"]}]},{\"@type\":\"BreadcrumbList\",\"@id\":\"https:\/\/footdavant.fr\/actualites\/blessure-a-man-city-actualites-sur-la-suspension-et-dates-de-retour-pour-le-choc-de-la-fa-cup-contre-liverpool-josko-gvardiol-et-john-stones-sont-les-derniers\/#breadcrumb\",\"itemListElement\":[{\"@type\":\"ListItem\",\"position\":1,\"name\":\"Accueil\",\"item\":\"https:\/\/footdavant.fr\/actualites\/\"},{\"@type\":\"ListItem\",\"position\":2,\"name\":\"Blessure \u00e0 Man City, actualit\u00e9s sur la suspension et dates de retour pour le choc de la FA Cup contre Liverpool : Josko Gvardiol et John Stones sont les derniers\"}]},{\"@type\":\"WebSite\",\"@id\":\"https:\/\/footdavant.fr\/actualites\/#website\",\"url\":\"https:\/\/footdavant.fr\/actualites\/\",\"name\":\"Foot d'avant\",\"description\":\"\",\"publisher\":{\"@id\":\"https:\/\/footdavant.fr\/actualites\/#organization\"},\"potentialAction\":[{\"@type\":\"SearchAction\",\"target\":{\"@type\":\"EntryPoint\",\"urlTemplate\":\"https:\/\/footdavant.fr\/actualites\/?s={search_term_string}\"},\"query-input\":\"required name=search_term_string\"}],\"inLanguage\":\"fr-FR\"},{\"@type\":\"Organization\",\"@id\":\"https:\/\/footdavant.fr\/actualites\/#organization\",\"name\":\"Foot d'avant\",\"url\":\"https:\/\/footdavant.fr\/actualites\/\",\"logo\":{\"@type\":\"ImageObject\",\"inLanguage\":\"fr-FR\",\"@id\":\"https:\/\/footdavant.fr\/actualites\/#\/schema\/logo\/image\/\",\"url\":\"https:\/\/footdavant.fr\/actualites\/wp-content\/uploads\/2023\/09\/Copy-of-FootDavant-Logo.png\",\"contentUrl\":\"https:\/\/footdavant.fr\/actualites\/wp-content\/uploads\/2023\/09\/Copy-of-FootDavant-Logo.png\",\"width\":936,\"height\":549,\"caption\":\"Foot d'avant\"},\"image\":{\"@id\":\"https:\/\/footdavant.fr\/actualites\/#\/schema\/logo\/image\/\"},\"sameAs\":[\"https:\/\/www.facebook.com\/Footdavant\/\",\"https:\/\/twitter.com\/FootdavantFr\",\"https:\/\/www.instagram.com\/footdavant.fr\/\"]},{\"@type\":\"Person\",\"@id\":\"https:\/\/footdavant.fr\/actualites\/#\/schema\/person\/bc222566d95871b37e597b3ed3ba5e1d\",\"name\":\"Cl\u00e9ment\",\"image\":{\"@type\":\"ImageObject\",\"inLanguage\":\"fr-FR\",\"@id\":\"https:\/\/footdavant.fr\/actualites\/#\/schema\/person\/image\/\",\"url\":\"https:\/\/secure.gravatar.com\/avatar\/7728b29aac2719421e1a9159b2254c44?s=96&d=mm&r=g\",\"contentUrl\":\"https:\/\/secure.gravatar.com\/avatar\/7728b29aac2719421e1a9159b2254c44?s=96&d=mm&r=g\",\"caption\":\"Cl\u00e9ment\"},\"sameAs\":[\"https:\/\/footdavant.fr\/\"]}]}<\/script>\n<!-- \/ Yoast SEO plugin. -->","yoast_head_json":{"title":"Blessure \u00e0 Man City, actualit\u00e9s sur la suspension et dates de retour pour le choc de la FA Cup contre Liverpool : Josko Gvardiol et John Stones sont les derniers","robots":{"index":"index","follow":"follow","max-snippet":"max-snippet:-1","max-image-preview":"max-image-preview:large","max-video-preview":"max-video-preview:-1"},"canonical":"https:\/\/footdavant.fr\/actualites\/blessure-a-man-city-actualites-sur-la-suspension-et-dates-de-retour-pour-le-choc-de-la-fa-cup-contre-liverpool-josko-gvardiol-et-john-stones-sont-les-derniers\/","og_locale":"fr_FR","og_type":"article","og_title":"Blessure \u00e0 Man City, actualit\u00e9s sur la suspension et dates de retour pour le choc de la FA Cup contre Liverpool : Josko Gvardiol et John Stones sont les derniers","og_description":"Manchester City cherchera \u00e0 reprendre l\u00e0 o\u00f9 il s&#39;\u00e9tait arr\u00eat\u00e9 avant la tr\u00eave internationale lorsqu&#39;il affrontera Liverpool en quart de finale de la FA Cup","og_url":"https:\/\/footdavant.fr\/actualites\/blessure-a-man-city-actualites-sur-la-suspension-et-dates-de-retour-pour-le-choc-de-la-fa-cup-contre-liverpool-josko-gvardiol-et-john-stones-sont-les-derniers\/","og_site_name":"Foot d&#039;avant","article_publisher":"https:\/\/www.facebook.com\/Footdavant\/","article_published_time":"2026-04-03T20:48:01+00:00","article_modified_time":"2026-04-03T20:48:03+00:00","og_image":[{"width":720,"height":410,"url":"https:\/\/footdavant.fr\/actualites\/wp-content\/uploads\/2026\/03\/Nouvelles-de-l39equipe-blessure-de-Manchester-City-contre-Real-Madrid.net2Fuploads2F20262F012Fgvardiol-1-6963e.webp","type":"image\/webp"}],"author":"Cl\u00e9ment","twitter_card":"summary_large_image","twitter_creator":"@FootdavantFr","twitter_site":"@FootdavantFr","twitter_misc":{"\u00c9crit par":"Cl\u00e9ment","Dur\u00e9e de lecture estim\u00e9e":"1 minute"},"schema":{"@context":"https:\/\/schema.org","@graph":[{"@type":"Article","@id":"https:\/\/footdavant.fr\/actualites\/blessure-a-man-city-actualites-sur-la-suspension-et-dates-de-retour-pour-le-choc-de-la-fa-cup-contre-liverpool-josko-gvardiol-et-john-stones-sont-les-derniers\/#article","isPartOf":{"@id":"https:\/\/footdavant.fr\/actualites\/blessure-a-man-city-actualites-sur-la-suspension-et-dates-de-retour-pour-le-choc-de-la-fa-cup-contre-liverpool-josko-gvardiol-et-john-stones-sont-les-derniers\/"},"author":{"name":"Cl\u00e9ment","@id":"https:\/\/footdavant.fr\/actualites\/#\/schema\/person\/bc222566d95871b37e597b3ed3ba5e1d"},"headline":"Blessure \u00e0 Man City, actualit\u00e9s sur la suspension et dates de retour pour le choc de la FA Cup contre Liverpool : Josko Gvardiol et John Stones sont les derniers","datePublished":"2026-04-03T20:48:01+00:00","dateModified":"2026-04-03T20:48:03+00:00","mainEntityOfPage":{"@id":"https:\/\/footdavant.fr\/actualites\/blessure-a-man-city-actualites-sur-la-suspension-et-dates-de-retour-pour-le-choc-de-la-fa-cup-contre-liverpool-josko-gvardiol-et-john-stones-sont-les-derniers\/"},"wordCount":304,"publisher":{"@id":"https:\/\/footdavant.fr\/actualites\/#organization"},"keywords":["Actualit\u00e9s","Blessure","choc","City","contre","Cup","Dates","derniers","Gvardiol","John","Josko","les","Liverpool","Man","pour","retour","sont","Stones","sur","suspension"],"articleSection":["Premier League"],"inLanguage":"fr-FR"},{"@type":"WebPage","@id":"https:\/\/footdavant.fr\/actualites\/blessure-a-man-city-actualites-sur-la-suspension-et-dates-de-retour-pour-le-choc-de-la-fa-cup-contre-liverpool-josko-gvardiol-et-john-stones-sont-les-derniers\/","url":"https:\/\/footdavant.fr\/actualites\/blessure-a-man-city-actualites-sur-la-suspension-et-dates-de-retour-pour-le-choc-de-la-fa-cup-contre-liverpool-josko-gvardiol-et-john-stones-sont-les-derniers\/","name":"Blessure \u00e0 Man City, actualit\u00e9s sur la suspension et dates de retour pour le choc de la FA Cup contre Liverpool : Josko Gvardiol et John Stones sont les derniers","isPartOf":{"@id":"https:\/\/footdavant.fr\/actualites\/#website"},"datePublished":"2026-04-03T20:48:01+00:00","dateModified":"2026-04-03T20:48:03+00:00","breadcrumb":{"@id":"https:\/\/footdavant.fr\/actualites\/blessure-a-man-city-actualites-sur-la-suspension-et-dates-de-retour-pour-le-choc-de-la-fa-cup-contre-liverpool-josko-gvardiol-et-john-stones-sont-les-derniers\/#breadcrumb"},"inLanguage":"fr-FR","potentialAction":[{"@type":"ReadAction","target":["https:\/\/footdavant.fr\/actualites\/blessure-a-man-city-actualites-sur-la-suspension-et-dates-de-retour-pour-le-choc-de-la-fa-cup-contre-liverpool-josko-gvardiol-et-john-stones-sont-les-derniers\/"]}]},{"@type":"BreadcrumbList","@id":"https:\/\/footdavant.fr\/actualites\/blessure-a-man-city-actualites-sur-la-suspension-et-dates-de-retour-pour-le-choc-de-la-fa-cup-contre-liverpool-josko-gvardiol-et-john-stones-sont-les-derniers\/#breadcrumb","itemListElement":[{"@type":"ListItem","position":1,"name":"Accueil","item":"https:\/\/footdavant.fr\/actualites\/"},{"@type":"ListItem","position":2,"name":"Blessure \u00e0 Man City, actualit\u00e9s sur la suspension et dates de retour pour le choc de la FA Cup contre Liverpool : Josko Gvardiol et John Stones sont les derniers"}]},{"@type":"WebSite","@id":"https:\/\/footdavant.fr\/actualites\/#website","url":"https:\/\/footdavant.fr\/actualites\/","name":"Foot d'avant","description":"","publisher":{"@id":"https:\/\/footdavant.fr\/actualites\/#organization"},"potentialAction":[{"@type":"SearchAction","target":{"@type":"EntryPoint","urlTemplate":"https:\/\/footdavant.fr\/actualites\/?s={search_term_string}"},"query-input":"required name=search_term_string"}],"inLanguage":"fr-FR"},{"@type":"Organization","@id":"https:\/\/footdavant.fr\/actualites\/#organization","name":"Foot d'avant","url":"https:\/\/footdavant.fr\/actualites\/","logo":{"@type":"ImageObject","inLanguage":"fr-FR","@id":"https:\/\/footdavant.fr\/actualites\/#\/schema\/logo\/image\/","url":"https:\/\/footdavant.fr\/actualites\/wp-content\/uploads\/2023\/09\/Copy-of-FootDavant-Logo.png","contentUrl":"https:\/\/footdavant.fr\/actualites\/wp-content\/uploads\/2023\/09\/Copy-of-FootDavant-Logo.png","width":936,"height":549,"caption":"Foot d'avant"},"image":{"@id":"https:\/\/footdavant.fr\/actualites\/#\/schema\/logo\/image\/"},"sameAs":["https:\/\/www.facebook.com\/Footdavant\/","https:\/\/twitter.com\/FootdavantFr","https:\/\/www.instagram.com\/footdavant.fr\/"]},{"@type":"Person","@id":"https:\/\/footdavant.fr\/actualites\/#\/schema\/person\/bc222566d95871b37e597b3ed3ba5e1d","name":"Cl\u00e9ment","image":{"@type":"ImageObject","inLanguage":"fr-FR","@id":"https:\/\/footdavant.fr\/actualites\/#\/schema\/person\/image\/","url":"https:\/\/secure.gravatar.com\/avatar\/7728b29aac2719421e1a9159b2254c44?s=96&d=mm&r=g","contentUrl":"https:\/\/secure.gravatar.com\/avatar\/7728b29aac2719421e1a9159b2254c44?s=96&d=mm&r=g","caption":"Cl\u00e9ment"},"sameAs":["https:\/\/footdavant.fr\/"]}]}},"_links":{"self":[{"href":"https:\/\/footdavant.fr\/actualites\/wp-json\/wp\/v2\/posts\/36095"}],"collection":[{"href":"https:\/\/footdavant.fr\/actualites\/wp-json\/wp\/v2\/posts"}],"about":[{"href":"https:\/\/footdavant.fr\/actualites\/wp-json\/wp\/v2\/types\/post"}],"author":[{"embeddable":true,"href":"https:\/\/footdavant.fr\/actualites\/wp-json\/wp\/v2\/users\/1"}],"replies":[{"embeddable":true,"href":"https:\/\/footdavant.fr\/actualites\/wp-json\/wp\/v2\/comments?post=36095"}],"version-history":[{"count":1,"href":"https:\/\/footdavant.fr\/actualites\/wp-json\/wp\/v2\/posts\/36095\/revisions"}],"predecessor-version":[{"id":36096,"href":"https:\/\/footdavant.fr\/actualites\/wp-json\/wp\/v2\/posts\/36095\/revisions\/36096"}],"wp:featuredmedia":[{"embeddable":true,"href":"https:\/\/footdavant.fr\/actualites\/wp-json\/wp\/v2\/media\/35552"}],"wp:attachment":[{"href":"https:\/\/footdavant.fr\/actualites\/wp-json\/wp\/v2\/media?parent=36095"}],"wp:term":[{"taxonomy":"category","embeddable":true,"href":"https:\/\/footdavant.fr\/actualites\/wp-json\/wp\/v2\/categories?post=36095"},{"taxonomy":"post_tag","embeddable":true,"href":"https:\/\/footdavant.fr\/actualites\/wp-json\/wp\/v2\/tags?post=36095"}],"curies":[{"name":"wp","href":"https:\/\/api.w.org\/{rel}","templated":true}]}}