{"id":36106,"date":"2026-04-04T06:48:09","date_gmt":"2026-04-04T04:48:09","guid":{"rendered":"https:\/\/footdavant.fr\/actualites\/nouvelles-du-transfert-de-man-utd-lattaquant-veut-quold-trafford-reste-les-red-devils-devraient-ils-le-vendre\/"},"modified":"2026-04-04T06:48:12","modified_gmt":"2026-04-04T04:48:12","slug":"nouvelles-du-transfert-de-man-utd-lattaquant-veut-quold-trafford-reste-les-red-devils-devraient-ils-le-vendre","status":"publish","type":"post","link":"https:\/\/footdavant.fr\/actualites\/nouvelles-du-transfert-de-man-utd-lattaquant-veut-quold-trafford-reste-les-red-devils-devraient-ils-le-vendre\/","title":{"rendered":"Nouvelles du transfert de Man Utd : l&#39;attaquant \u00ab veut \u00bb qu&#39;Old Trafford reste \u2013 les Red Devils devraient-ils le vendre ?"},"content":{"rendered":"<div itemprop=\"articleBody\">\n<p data-end=\"158\" data-start=\"0\">L&#39;attaquant de Manchester United Joshua Zirkzee souhaiterait rester \u00e0 Old Trafford au-del\u00e0 de la fin de la saison.<\/p>\n<p data-end=\"383\" data-start=\"160\">Le joueur de 24 ans a eu du mal \u00e0 avoir un impact significatif depuis son arriv\u00e9e en provenance de Bologne \u00e0 l&#39;\u00e9t\u00e9 2024, enregistrant neuf buts et quatre passes d\u00e9cisives en 69 apparitions toutes comp\u00e9titions confondues.<\/p>\n<p data-end=\"640\" data-start=\"385\">Zirkzee n&#39;a effectu\u00e9 que quatre titularisations en Premier League cette saison, et sa situation ne s&#39;est gu\u00e8re am\u00e9lior\u00e9e malgr\u00e9 le changement de direction de Ruben Amorim \u00e0 Michael Carrick.<\/p>\n<p data-end=\"828\" data-start=\"642\">Bien qu&#39;il soit rest\u00e9 au club en janvier, l&#39;international n\u00e9erlandais continue d&#39;\u00eatre li\u00e9 \u00e0 une sortie estivale, la Juventus \u00e9tant parmi les int\u00e9ress\u00e9s.<\/p>\n<h2>Joshua Zirkzee souhaite-t-il rester \u00e0 Old Trafford ? <\/h2>\n<div>\n<div>\n<div>\n<p>\u00a9 Imago \/ Images d&#39;actualit\u00e9<\/p>\n<\/div>\n<\/div>\n<\/div>\n<p data-end=\"928\" data-start=\"830\">Selon le <em>Courrier quotidien<\/em>Cependant, Zirkzee souhaite rester et se battre pour sa place \u00e0 Man Utd. <\/p>\n<p data-end=\"1217\" data-start=\"930\">Le club a renforc\u00e9 ses options offensives l&#39;\u00e9t\u00e9 dernier avec les arriv\u00e9es de Bryan Mbeumo, Benjamin Sesko et Matheus Cunha, mais le camp de Zirkzee estime qu&#39;aucun renfort suppl\u00e9mentaire ne sera apport\u00e9 dans ce d\u00e9partement.<\/p>\n<p data-end=\"1389\" data-start=\"1219\">Alors que United est actuellement troisi\u00e8me du classement et en bonne voie pour la qualification europ\u00e9enne, Zirkzee est convaincu qu&#39;il b\u00e9n\u00e9ficiera de davantage d&#39;opportunit\u00e9s la saison prochaine.<\/p>\n<h2>Zirkzee quittera-t-il Man Utd cet \u00e9t\u00e9 ? <\/h2>\n<div>\n<div>\n<div><img decoding=\"async\" data-img-id=\"156162\" class=\"lazy\" loading=\"lazy\" src=\"https:\/\/footdavant.fr\/actualites\/wp-content\/uploads\/2026\/03\/Lattaquant-de-Man-United-accueillerait-favorablement-la-sortie.webp\"\/><\/p>\n<p>\u00a9 Imago \/ IMAGO \/ Chaque deuxi\u00e8me m\u00e9dia<\/p>\n<\/div>\n<\/div>\n<\/div>\n<p data-end=\"1533\" data-start=\"1391\">Malgr\u00e9 la qualit\u00e9 technique de Zirkzee, des inqui\u00e9tudes subsistent quant \u00e0 son manque de rythme et de mobilit\u00e9, qui ont limit\u00e9 son efficacit\u00e9 dans le football anglais.<\/p>\n<p data-end=\"1643\" data-start=\"1535\">Compte tenu de la n\u00e9cessit\u00e9 de lever des fonds, les Diables Rouges pourraient encore envisager de se d\u00e9barrasser de l&#39;attaquant n\u00e9erlandais dans le cadre d&#39;une refonte plus large de l&#39;\u00e9quipe.<\/p>\n<p data-end=\"1903\" data-is-last-node=\"\" data-is-only-node=\"\" data-start=\"1645\">Marcus Rashford, Rasmus Hojlund, Manuel Ugarte et Andre Onana devraient partir, et Zirkzee pourrait encore \u00eatre inclus dans cette liste.<\/p>\n<p data-pm-slice=\"0 0 ()\">Le renforcement du milieu de terrain et de la d\u00e9fense sera la priorit\u00e9 absolue de Man Utd cet \u00e9t\u00e9, m\u00eame si le club pourrait encore chercher \u00e0 renforcer davantage ses options offensives.<\/p>\n<\/div>\n","protected":false},"excerpt":{"rendered":"<p>L&#39;attaquant de Manchester United Joshua Zirkzee souhaiterait rester \u00e0 Old Trafford au-del\u00e0 de la fin de la saison. Le joueur de 24 ans a eu<\/p>\n","protected":false},"author":1,"featured_media":35711,"comment_status":"closed","ping_status":"","sticky":false,"template":"","format":"standard","meta":{"footnotes":""},"categories":[5],"tags":[265,8533,4304,93,24,461,11784,536,808,2090,700,296,2262,600],"yoast_head":"<!-- This site is optimized with the Yoast SEO plugin v21.0 - https:\/\/yoast.com\/wordpress\/plugins\/seo\/ -->\n<title>Nouvelles du transfert de Man Utd : l&#039;attaquant \u00ab veut \u00bb qu&#039;Old Trafford reste \u2013 les Red Devils devraient-ils le vendre ?<\/title>\n<meta name=\"robots\" content=\"index, follow, max-snippet:-1, max-image-preview:large, max-video-preview:-1\" \/>\n<link rel=\"canonical\" href=\"https:\/\/footdavant.fr\/actualites\/nouvelles-du-transfert-de-man-utd-lattaquant-veut-quold-trafford-reste-les-red-devils-devraient-ils-le-vendre\/\" \/>\n<meta property=\"og:locale\" content=\"fr_FR\" \/>\n<meta property=\"og:type\" content=\"article\" \/>\n<meta property=\"og:title\" content=\"Nouvelles du transfert de Man Utd : l&#039;attaquant \u00ab veut \u00bb qu&#039;Old Trafford reste \u2013 les Red Devils devraient-ils le vendre ?\" \/>\n<meta property=\"og:description\" content=\"L&#039;attaquant de Manchester United Joshua Zirkzee souhaiterait rester \u00e0 Old Trafford au-del\u00e0 de la fin de la saison. Le joueur de 24 ans a eu\" \/>\n<meta property=\"og:url\" content=\"https:\/\/footdavant.fr\/actualites\/nouvelles-du-transfert-de-man-utd-lattaquant-veut-quold-trafford-reste-les-red-devils-devraient-ils-le-vendre\/\" \/>\n<meta property=\"og:site_name\" content=\"Foot d&#039;avant\" \/>\n<meta property=\"article:publisher\" content=\"https:\/\/www.facebook.com\/Footdavant\/\" \/>\n<meta property=\"article:published_time\" content=\"2026-04-04T04:48:09+00:00\" \/>\n<meta property=\"article:modified_time\" content=\"2026-04-04T04:48:12+00:00\" \/>\n<meta property=\"og:image\" content=\"https:\/\/footdavant.fr\/actualites\/wp-content\/uploads\/2026\/03\/Le-duo-de-Man-United-en-ligne-pour-de-nouveaux.net2Fuploads2F20262F032Farne-slot-mo-sal.webp\" \/>\n\t<meta property=\"og:image:width\" content=\"720\" \/>\n\t<meta property=\"og:image:height\" content=\"410\" \/>\n\t<meta property=\"og:image:type\" content=\"image\/webp\" \/>\n<meta name=\"author\" content=\"Cl\u00e9ment\" \/>\n<meta name=\"twitter:card\" content=\"summary_large_image\" \/>\n<meta name=\"twitter:creator\" content=\"@FootdavantFr\" \/>\n<meta name=\"twitter:site\" content=\"@FootdavantFr\" \/>\n<meta name=\"twitter:label1\" content=\"\u00c9crit par\" \/>\n\t<meta name=\"twitter:data1\" content=\"Cl\u00e9ment\" \/>\n\t<meta name=\"twitter:label2\" content=\"Dur\u00e9e de lecture estim\u00e9e\" \/>\n\t<meta name=\"twitter:data2\" content=\"2 minutes\" \/>\n<script type=\"application\/ld+json\" class=\"yoast-schema-graph\">{\"@context\":\"https:\/\/schema.org\",\"@graph\":[{\"@type\":\"Article\",\"@id\":\"https:\/\/footdavant.fr\/actualites\/nouvelles-du-transfert-de-man-utd-lattaquant-veut-quold-trafford-reste-les-red-devils-devraient-ils-le-vendre\/#article\",\"isPartOf\":{\"@id\":\"https:\/\/footdavant.fr\/actualites\/nouvelles-du-transfert-de-man-utd-lattaquant-veut-quold-trafford-reste-les-red-devils-devraient-ils-le-vendre\/\"},\"author\":{\"name\":\"Cl\u00e9ment\",\"@id\":\"https:\/\/footdavant.fr\/actualites\/#\/schema\/person\/bc222566d95871b37e597b3ed3ba5e1d\"},\"headline\":\"Nouvelles du transfert de Man Utd : l&#39;attaquant \u00ab veut \u00bb qu&#39;Old Trafford reste \u2013 les Red Devils devraient-ils le vendre ?\",\"datePublished\":\"2026-04-04T04:48:09+00:00\",\"dateModified\":\"2026-04-04T04:48:12+00:00\",\"mainEntityOfPage\":{\"@id\":\"https:\/\/footdavant.fr\/actualites\/nouvelles-du-transfert-de-man-utd-lattaquant-veut-quold-trafford-reste-les-red-devils-devraient-ils-le-vendre\/\"},\"wordCount\":362,\"publisher\":{\"@id\":\"https:\/\/footdavant.fr\/actualites\/#organization\"},\"keywords\":[\"Devils\",\"devraientils\",\"l39attaquant\",\"les\",\"Man\",\"Nouvelles\",\"qu39Old\",\"Red\",\"reste\",\"Trafford\",\"transfert\",\"Utd\",\"vendre\",\"veut\"],\"articleSection\":[\"Premier League\"],\"inLanguage\":\"fr-FR\"},{\"@type\":\"WebPage\",\"@id\":\"https:\/\/footdavant.fr\/actualites\/nouvelles-du-transfert-de-man-utd-lattaquant-veut-quold-trafford-reste-les-red-devils-devraient-ils-le-vendre\/\",\"url\":\"https:\/\/footdavant.fr\/actualites\/nouvelles-du-transfert-de-man-utd-lattaquant-veut-quold-trafford-reste-les-red-devils-devraient-ils-le-vendre\/\",\"name\":\"Nouvelles du transfert de Man Utd : l&#39;attaquant \u00ab veut \u00bb qu&#39;Old Trafford reste \u2013 les Red Devils devraient-ils le vendre ?\",\"isPartOf\":{\"@id\":\"https:\/\/footdavant.fr\/actualites\/#website\"},\"datePublished\":\"2026-04-04T04:48:09+00:00\",\"dateModified\":\"2026-04-04T04:48:12+00:00\",\"breadcrumb\":{\"@id\":\"https:\/\/footdavant.fr\/actualites\/nouvelles-du-transfert-de-man-utd-lattaquant-veut-quold-trafford-reste-les-red-devils-devraient-ils-le-vendre\/#breadcrumb\"},\"inLanguage\":\"fr-FR\",\"potentialAction\":[{\"@type\":\"ReadAction\",\"target\":[\"https:\/\/footdavant.fr\/actualites\/nouvelles-du-transfert-de-man-utd-lattaquant-veut-quold-trafford-reste-les-red-devils-devraient-ils-le-vendre\/\"]}]},{\"@type\":\"BreadcrumbList\",\"@id\":\"https:\/\/footdavant.fr\/actualites\/nouvelles-du-transfert-de-man-utd-lattaquant-veut-quold-trafford-reste-les-red-devils-devraient-ils-le-vendre\/#breadcrumb\",\"itemListElement\":[{\"@type\":\"ListItem\",\"position\":1,\"name\":\"Accueil\",\"item\":\"https:\/\/footdavant.fr\/actualites\/\"},{\"@type\":\"ListItem\",\"position\":2,\"name\":\"Nouvelles du transfert de Man Utd : l&#39;attaquant \u00ab veut \u00bb qu&#39;Old Trafford reste \u2013 les Red Devils devraient-ils le vendre ?\"}]},{\"@type\":\"WebSite\",\"@id\":\"https:\/\/footdavant.fr\/actualites\/#website\",\"url\":\"https:\/\/footdavant.fr\/actualites\/\",\"name\":\"Foot d'avant\",\"description\":\"\",\"publisher\":{\"@id\":\"https:\/\/footdavant.fr\/actualites\/#organization\"},\"potentialAction\":[{\"@type\":\"SearchAction\",\"target\":{\"@type\":\"EntryPoint\",\"urlTemplate\":\"https:\/\/footdavant.fr\/actualites\/?s={search_term_string}\"},\"query-input\":\"required name=search_term_string\"}],\"inLanguage\":\"fr-FR\"},{\"@type\":\"Organization\",\"@id\":\"https:\/\/footdavant.fr\/actualites\/#organization\",\"name\":\"Foot d'avant\",\"url\":\"https:\/\/footdavant.fr\/actualites\/\",\"logo\":{\"@type\":\"ImageObject\",\"inLanguage\":\"fr-FR\",\"@id\":\"https:\/\/footdavant.fr\/actualites\/#\/schema\/logo\/image\/\",\"url\":\"https:\/\/footdavant.fr\/actualites\/wp-content\/uploads\/2023\/09\/Copy-of-FootDavant-Logo.png\",\"contentUrl\":\"https:\/\/footdavant.fr\/actualites\/wp-content\/uploads\/2023\/09\/Copy-of-FootDavant-Logo.png\",\"width\":936,\"height\":549,\"caption\":\"Foot d'avant\"},\"image\":{\"@id\":\"https:\/\/footdavant.fr\/actualites\/#\/schema\/logo\/image\/\"},\"sameAs\":[\"https:\/\/www.facebook.com\/Footdavant\/\",\"https:\/\/twitter.com\/FootdavantFr\",\"https:\/\/www.instagram.com\/footdavant.fr\/\"]},{\"@type\":\"Person\",\"@id\":\"https:\/\/footdavant.fr\/actualites\/#\/schema\/person\/bc222566d95871b37e597b3ed3ba5e1d\",\"name\":\"Cl\u00e9ment\",\"image\":{\"@type\":\"ImageObject\",\"inLanguage\":\"fr-FR\",\"@id\":\"https:\/\/footdavant.fr\/actualites\/#\/schema\/person\/image\/\",\"url\":\"https:\/\/secure.gravatar.com\/avatar\/7728b29aac2719421e1a9159b2254c44?s=96&d=mm&r=g\",\"contentUrl\":\"https:\/\/secure.gravatar.com\/avatar\/7728b29aac2719421e1a9159b2254c44?s=96&d=mm&r=g\",\"caption\":\"Cl\u00e9ment\"},\"sameAs\":[\"https:\/\/footdavant.fr\/\"]}]}<\/script>\n<!-- \/ Yoast SEO plugin. -->","yoast_head_json":{"title":"Nouvelles du transfert de Man Utd : l&#39;attaquant \u00ab veut \u00bb qu&#39;Old Trafford reste \u2013 les Red Devils devraient-ils le vendre ?","robots":{"index":"index","follow":"follow","max-snippet":"max-snippet:-1","max-image-preview":"max-image-preview:large","max-video-preview":"max-video-preview:-1"},"canonical":"https:\/\/footdavant.fr\/actualites\/nouvelles-du-transfert-de-man-utd-lattaquant-veut-quold-trafford-reste-les-red-devils-devraient-ils-le-vendre\/","og_locale":"fr_FR","og_type":"article","og_title":"Nouvelles du transfert de Man Utd : l&#39;attaquant \u00ab veut \u00bb qu&#39;Old Trafford reste \u2013 les Red Devils devraient-ils le vendre ?","og_description":"L&#39;attaquant de Manchester United Joshua Zirkzee souhaiterait rester \u00e0 Old Trafford au-del\u00e0 de la fin de la saison. Le joueur de 24 ans a eu","og_url":"https:\/\/footdavant.fr\/actualites\/nouvelles-du-transfert-de-man-utd-lattaquant-veut-quold-trafford-reste-les-red-devils-devraient-ils-le-vendre\/","og_site_name":"Foot d&#039;avant","article_publisher":"https:\/\/www.facebook.com\/Footdavant\/","article_published_time":"2026-04-04T04:48:09+00:00","article_modified_time":"2026-04-04T04:48:12+00:00","og_image":[{"width":720,"height":410,"url":"https:\/\/footdavant.fr\/actualites\/wp-content\/uploads\/2026\/03\/Le-duo-de-Man-United-en-ligne-pour-de-nouveaux.net2Fuploads2F20262F032Farne-slot-mo-sal.webp","type":"image\/webp"}],"author":"Cl\u00e9ment","twitter_card":"summary_large_image","twitter_creator":"@FootdavantFr","twitter_site":"@FootdavantFr","twitter_misc":{"\u00c9crit par":"Cl\u00e9ment","Dur\u00e9e de lecture estim\u00e9e":"2 minutes"},"schema":{"@context":"https:\/\/schema.org","@graph":[{"@type":"Article","@id":"https:\/\/footdavant.fr\/actualites\/nouvelles-du-transfert-de-man-utd-lattaquant-veut-quold-trafford-reste-les-red-devils-devraient-ils-le-vendre\/#article","isPartOf":{"@id":"https:\/\/footdavant.fr\/actualites\/nouvelles-du-transfert-de-man-utd-lattaquant-veut-quold-trafford-reste-les-red-devils-devraient-ils-le-vendre\/"},"author":{"name":"Cl\u00e9ment","@id":"https:\/\/footdavant.fr\/actualites\/#\/schema\/person\/bc222566d95871b37e597b3ed3ba5e1d"},"headline":"Nouvelles du transfert de Man Utd : l&#39;attaquant \u00ab veut \u00bb qu&#39;Old Trafford reste \u2013 les Red Devils devraient-ils le vendre ?","datePublished":"2026-04-04T04:48:09+00:00","dateModified":"2026-04-04T04:48:12+00:00","mainEntityOfPage":{"@id":"https:\/\/footdavant.fr\/actualites\/nouvelles-du-transfert-de-man-utd-lattaquant-veut-quold-trafford-reste-les-red-devils-devraient-ils-le-vendre\/"},"wordCount":362,"publisher":{"@id":"https:\/\/footdavant.fr\/actualites\/#organization"},"keywords":["Devils","devraientils","l39attaquant","les","Man","Nouvelles","qu39Old","Red","reste","Trafford","transfert","Utd","vendre","veut"],"articleSection":["Premier League"],"inLanguage":"fr-FR"},{"@type":"WebPage","@id":"https:\/\/footdavant.fr\/actualites\/nouvelles-du-transfert-de-man-utd-lattaquant-veut-quold-trafford-reste-les-red-devils-devraient-ils-le-vendre\/","url":"https:\/\/footdavant.fr\/actualites\/nouvelles-du-transfert-de-man-utd-lattaquant-veut-quold-trafford-reste-les-red-devils-devraient-ils-le-vendre\/","name":"Nouvelles du transfert de Man Utd : l&#39;attaquant \u00ab veut \u00bb qu&#39;Old Trafford reste \u2013 les Red Devils devraient-ils le vendre ?","isPartOf":{"@id":"https:\/\/footdavant.fr\/actualites\/#website"},"datePublished":"2026-04-04T04:48:09+00:00","dateModified":"2026-04-04T04:48:12+00:00","breadcrumb":{"@id":"https:\/\/footdavant.fr\/actualites\/nouvelles-du-transfert-de-man-utd-lattaquant-veut-quold-trafford-reste-les-red-devils-devraient-ils-le-vendre\/#breadcrumb"},"inLanguage":"fr-FR","potentialAction":[{"@type":"ReadAction","target":["https:\/\/footdavant.fr\/actualites\/nouvelles-du-transfert-de-man-utd-lattaquant-veut-quold-trafford-reste-les-red-devils-devraient-ils-le-vendre\/"]}]},{"@type":"BreadcrumbList","@id":"https:\/\/footdavant.fr\/actualites\/nouvelles-du-transfert-de-man-utd-lattaquant-veut-quold-trafford-reste-les-red-devils-devraient-ils-le-vendre\/#breadcrumb","itemListElement":[{"@type":"ListItem","position":1,"name":"Accueil","item":"https:\/\/footdavant.fr\/actualites\/"},{"@type":"ListItem","position":2,"name":"Nouvelles du transfert de Man Utd : l&#39;attaquant \u00ab veut \u00bb qu&#39;Old Trafford reste \u2013 les Red Devils devraient-ils le vendre ?"}]},{"@type":"WebSite","@id":"https:\/\/footdavant.fr\/actualites\/#website","url":"https:\/\/footdavant.fr\/actualites\/","name":"Foot d'avant","description":"","publisher":{"@id":"https:\/\/footdavant.fr\/actualites\/#organization"},"potentialAction":[{"@type":"SearchAction","target":{"@type":"EntryPoint","urlTemplate":"https:\/\/footdavant.fr\/actualites\/?s={search_term_string}"},"query-input":"required name=search_term_string"}],"inLanguage":"fr-FR"},{"@type":"Organization","@id":"https:\/\/footdavant.fr\/actualites\/#organization","name":"Foot d'avant","url":"https:\/\/footdavant.fr\/actualites\/","logo":{"@type":"ImageObject","inLanguage":"fr-FR","@id":"https:\/\/footdavant.fr\/actualites\/#\/schema\/logo\/image\/","url":"https:\/\/footdavant.fr\/actualites\/wp-content\/uploads\/2023\/09\/Copy-of-FootDavant-Logo.png","contentUrl":"https:\/\/footdavant.fr\/actualites\/wp-content\/uploads\/2023\/09\/Copy-of-FootDavant-Logo.png","width":936,"height":549,"caption":"Foot d'avant"},"image":{"@id":"https:\/\/footdavant.fr\/actualites\/#\/schema\/logo\/image\/"},"sameAs":["https:\/\/www.facebook.com\/Footdavant\/","https:\/\/twitter.com\/FootdavantFr","https:\/\/www.instagram.com\/footdavant.fr\/"]},{"@type":"Person","@id":"https:\/\/footdavant.fr\/actualites\/#\/schema\/person\/bc222566d95871b37e597b3ed3ba5e1d","name":"Cl\u00e9ment","image":{"@type":"ImageObject","inLanguage":"fr-FR","@id":"https:\/\/footdavant.fr\/actualites\/#\/schema\/person\/image\/","url":"https:\/\/secure.gravatar.com\/avatar\/7728b29aac2719421e1a9159b2254c44?s=96&d=mm&r=g","contentUrl":"https:\/\/secure.gravatar.com\/avatar\/7728b29aac2719421e1a9159b2254c44?s=96&d=mm&r=g","caption":"Cl\u00e9ment"},"sameAs":["https:\/\/footdavant.fr\/"]}]}},"_links":{"self":[{"href":"https:\/\/footdavant.fr\/actualites\/wp-json\/wp\/v2\/posts\/36106"}],"collection":[{"href":"https:\/\/footdavant.fr\/actualites\/wp-json\/wp\/v2\/posts"}],"about":[{"href":"https:\/\/footdavant.fr\/actualites\/wp-json\/wp\/v2\/types\/post"}],"author":[{"embeddable":true,"href":"https:\/\/footdavant.fr\/actualites\/wp-json\/wp\/v2\/users\/1"}],"replies":[{"embeddable":true,"href":"https:\/\/footdavant.fr\/actualites\/wp-json\/wp\/v2\/comments?post=36106"}],"version-history":[{"count":1,"href":"https:\/\/footdavant.fr\/actualites\/wp-json\/wp\/v2\/posts\/36106\/revisions"}],"predecessor-version":[{"id":36107,"href":"https:\/\/footdavant.fr\/actualites\/wp-json\/wp\/v2\/posts\/36106\/revisions\/36107"}],"wp:featuredmedia":[{"embeddable":true,"href":"https:\/\/footdavant.fr\/actualites\/wp-json\/wp\/v2\/media\/35711"}],"wp:attachment":[{"href":"https:\/\/footdavant.fr\/actualites\/wp-json\/wp\/v2\/media?parent=36106"}],"wp:term":[{"taxonomy":"category","embeddable":true,"href":"https:\/\/footdavant.fr\/actualites\/wp-json\/wp\/v2\/categories?post=36106"},{"taxonomy":"post_tag","embeddable":true,"href":"https:\/\/footdavant.fr\/actualites\/wp-json\/wp\/v2\/tags?post=36106"}],"curies":[{"name":"wp","href":"https:\/\/api.w.org\/{rel}","templated":true}]}}