{"id":36108,"date":"2026-04-04T08:48:31","date_gmt":"2026-04-04T06:48:31","guid":{"rendered":"https:\/\/footdavant.fr\/actualites\/le-remplacant-de-pep-envoie-liverpool-venir-me-chercher-un-plaidoyer\/"},"modified":"2026-04-04T08:48:33","modified_gmt":"2026-04-04T06:48:33","slug":"le-remplacant-de-pep-envoie-liverpool-venir-me-chercher-un-plaidoyer","status":"publish","type":"post","link":"https:\/\/footdavant.fr\/actualites\/le-remplacant-de-pep-envoie-liverpool-venir-me-chercher-un-plaidoyer\/","title":{"rendered":"Le rempla\u00e7ant de Pep envoie Liverpool venir me chercher un plaidoyer"},"content":{"rendered":"<p><\/p>\n<div id=\"article-body\">\n<!-- Article Start --><\/p>\n<p>C&#39;est un commentaire qui attirera instantan\u00e9ment l&#39;attention des supporters, d&#39;autant plus que des liens se forment d\u00e9j\u00e0 autour d&#39;un retour potentiel de Steven Gerrard en tant que futur dirigeant.<\/p>\n<hr\/>\n<p><b><i>T\u00c9L\u00c9CHARGEZ L&#39;APPLICATION OFFICIELLE EMPIRE OF KOP POUR TOUTES LES DERNI\u00c8RES MISES \u00c0 JOUR \u2013 DIRECTEMENT SUR VOTRE T\u00c9L\u00c9PHONE\u00a0! SUR <\/i><\/b><b><i>POMME<\/i><\/b><b><i> &#038; <\/i><\/b><b><i>GOOGLE JOUER<\/i><\/b><\/p>\n<hr\/>\n<h2>Gerrard ouvre la porte au retour de Liverpool dans un nouveau r\u00f4le<\/h2>\n<p>S&#39;exprimant sur Stick to Football via The Overlap, on a directement demand\u00e9 \u00e0 Steven Gerrard s&#39;il envisagerait de retourner \u00e0 Anfield en tant qu&#39;assistant plut\u00f4t qu&#39;homme principal.<\/p>\n<p>La r\u00e9ponse de l&#39;ancien capitaine a \u00e9t\u00e9 mesur\u00e9e mais finalement tr\u00e8s r\u00e9v\u00e9latrice.<\/p>\n<p>Il a dit : <\/p>\n<p>Cette r\u00e9ponse \u00e0 elle seule montre que l&#39;homme de 45 ans est ouvert \u00e0 l&#39;id\u00e9e, mais seulement dans la bonne configuration o\u00f9 son r\u00f4le est clairement d\u00e9fini.<\/p>\n<p>Lorsqu&#39;on lui a demand\u00e9 si acc\u00e9der \u00e0 une position de num\u00e9ro deux le frustrerait, la l\u00e9gende de Liverpool a clairement indiqu\u00e9 que l&#39;ego ne serait pas un obstacle.<\/p>\n<p>Il a ajout\u00e9 : <\/p>\n<h2>Le lien Lijnders rend l&#39;admission de Gerrard encore plus int\u00e9ressante<\/h2>\n<\/p>\n<p>Ces commentaires prennent une importance particuli\u00e8re si l&#39;on consid\u00e8re l&#39;\u00e9chec du remplacement complet de l&#39;ancien bras droit de Jurgen Klopp, Pep Lijnders.<\/p>\n<p>L&#39;entra\u00eeneur n\u00e9erlandais travaillant d\u00e9sormais sous la direction de Pep Guardiola apr\u00e8s son passage \u00e0 Liverpool, nous avons d\u00e9j\u00e0 vu John Heitinga et maintenant Giovanni van Bronckhorst en deux saisons tenter de le remplacer.<\/p>\n<p>Si quelqu&#39;un comme Gerrard revenait un jour en tant que directeur adjoint, avoir un personnage comme lui ajouterait instantan\u00e9ment de l&#39;exp\u00e9rience, de l&#39;autorit\u00e9 et une compr\u00e9hension profonde de ce que Liverpool exige.<\/p>\n<p>L&#39;ic\u00f4ne n\u00e9e \u00e0 Huyton a d\u00e9j\u00e0 montr\u00e9 qu&#39;il restait \u00e9troitement li\u00e9 \u00e0 l&#39;\u00e9quipe, ayant d\u00e9j\u00e0 contact\u00e9 Mo Salah au sujet de son avenir \u00e0 Anfield, et il a \u00e9galement expliqu\u00e9 o\u00f9, selon lui, notre r\u00e9cent d\u00e9clin avait commenc\u00e9.<\/p>\n<p>Cette combinaison d\u2019intelligence \u00e9motionnelle et de conscience tactique est exactement la raison pour laquelle son nom ne s\u2019\u00e9loigne jamais des discussions au sein du club.<\/p>\n<p>Gerrard a termin\u00e9 avec le message le plus clair de tous, ne laissant aucun doute sur sa position.<\/p>\n<p>Il a dit : <\/p>\n<p>La porte est tr\u00e8s ouverte.<\/p>\n<p><!-- Article End -->\t\t\t\t<\/div>\n","protected":false},"excerpt":{"rendered":"<p>C&#39;est un commentaire qui attirera instantan\u00e9ment l&#39;attention des supporters, d&#39;autant plus que des liens se forment d\u00e9j\u00e0 autour d&#39;un retour potentiel de Steven Gerrard en<\/p>\n","protected":false},"author":1,"featured_media":36109,"comment_status":"closed","ping_status":"","sticky":false,"template":"","format":"standard","meta":{"footnotes":""},"categories":[3],"tags":[1691,677,53,6,11475,1352,1458],"yoast_head":"<!-- This site is optimized with the Yoast SEO plugin v21.0 - https:\/\/yoast.com\/wordpress\/plugins\/seo\/ -->\n<title>Le rempla\u00e7ant de Pep envoie Liverpool venir me chercher un plaidoyer<\/title>\n<meta name=\"robots\" content=\"index, follow, max-snippet:-1, max-image-preview:large, max-video-preview:-1\" \/>\n<link rel=\"canonical\" href=\"https:\/\/footdavant.fr\/actualites\/le-remplacant-de-pep-envoie-liverpool-venir-me-chercher-un-plaidoyer\/\" \/>\n<meta property=\"og:locale\" content=\"fr_FR\" \/>\n<meta property=\"og:type\" content=\"article\" \/>\n<meta property=\"og:title\" content=\"Le rempla\u00e7ant de Pep envoie Liverpool venir me chercher un plaidoyer\" \/>\n<meta property=\"og:description\" content=\"C&#039;est un commentaire qui attirera instantan\u00e9ment l&#039;attention des supporters, d&#039;autant plus que des liens se forment d\u00e9j\u00e0 autour d&#039;un retour potentiel de Steven Gerrard en\" \/>\n<meta property=\"og:url\" content=\"https:\/\/footdavant.fr\/actualites\/le-remplacant-de-pep-envoie-liverpool-venir-me-chercher-un-plaidoyer\/\" \/>\n<meta property=\"og:site_name\" content=\"Foot d&#039;avant\" \/>\n<meta property=\"article:publisher\" content=\"https:\/\/www.facebook.com\/Footdavant\/\" \/>\n<meta property=\"article:published_time\" content=\"2026-04-04T06:48:31+00:00\" \/>\n<meta property=\"article:modified_time\" content=\"2026-04-04T06:48:33+00:00\" \/>\n<meta property=\"og:image\" content=\"https:\/\/footdavant.fr\/actualites\/wp-content\/uploads\/2026\/04\/Le-remplacant-de-Pep-envoie-Liverpool-venir-me-chercher-un.jpg\" \/>\n\t<meta property=\"og:image:width\" content=\"1200\" \/>\n\t<meta property=\"og:image:height\" content=\"675\" \/>\n\t<meta property=\"og:image:type\" content=\"image\/jpeg\" \/>\n<meta name=\"author\" content=\"Cl\u00e9ment\" \/>\n<meta name=\"twitter:card\" content=\"summary_large_image\" \/>\n<meta name=\"twitter:creator\" content=\"@FootdavantFr\" \/>\n<meta name=\"twitter:site\" content=\"@FootdavantFr\" \/>\n<meta name=\"twitter:label1\" content=\"\u00c9crit par\" \/>\n\t<meta name=\"twitter:data1\" content=\"Cl\u00e9ment\" \/>\n\t<meta name=\"twitter:label2\" content=\"Dur\u00e9e de lecture estim\u00e9e\" \/>\n\t<meta name=\"twitter:data2\" content=\"2 minutes\" \/>\n<script type=\"application\/ld+json\" class=\"yoast-schema-graph\">{\"@context\":\"https:\/\/schema.org\",\"@graph\":[{\"@type\":\"Article\",\"@id\":\"https:\/\/footdavant.fr\/actualites\/le-remplacant-de-pep-envoie-liverpool-venir-me-chercher-un-plaidoyer\/#article\",\"isPartOf\":{\"@id\":\"https:\/\/footdavant.fr\/actualites\/le-remplacant-de-pep-envoie-liverpool-venir-me-chercher-un-plaidoyer\/\"},\"author\":{\"name\":\"Cl\u00e9ment\",\"@id\":\"https:\/\/footdavant.fr\/actualites\/#\/schema\/person\/bc222566d95871b37e597b3ed3ba5e1d\"},\"headline\":\"Le rempla\u00e7ant de Pep envoie Liverpool venir me chercher un plaidoyer\",\"datePublished\":\"2026-04-04T06:48:31+00:00\",\"dateModified\":\"2026-04-04T06:48:33+00:00\",\"mainEntityOfPage\":{\"@id\":\"https:\/\/footdavant.fr\/actualites\/le-remplacant-de-pep-envoie-liverpool-venir-me-chercher-un-plaidoyer\/\"},\"wordCount\":415,\"publisher\":{\"@id\":\"https:\/\/footdavant.fr\/actualites\/#organization\"},\"keywords\":[\"chercher\",\"envoie\",\"Liverpool\",\"Pep\",\"plaidoyer\",\"rempla\u00e7ant\",\"venir\"],\"articleSection\":[\"Football\"],\"inLanguage\":\"fr-FR\"},{\"@type\":\"WebPage\",\"@id\":\"https:\/\/footdavant.fr\/actualites\/le-remplacant-de-pep-envoie-liverpool-venir-me-chercher-un-plaidoyer\/\",\"url\":\"https:\/\/footdavant.fr\/actualites\/le-remplacant-de-pep-envoie-liverpool-venir-me-chercher-un-plaidoyer\/\",\"name\":\"Le rempla\u00e7ant de Pep envoie Liverpool venir me chercher un plaidoyer\",\"isPartOf\":{\"@id\":\"https:\/\/footdavant.fr\/actualites\/#website\"},\"datePublished\":\"2026-04-04T06:48:31+00:00\",\"dateModified\":\"2026-04-04T06:48:33+00:00\",\"breadcrumb\":{\"@id\":\"https:\/\/footdavant.fr\/actualites\/le-remplacant-de-pep-envoie-liverpool-venir-me-chercher-un-plaidoyer\/#breadcrumb\"},\"inLanguage\":\"fr-FR\",\"potentialAction\":[{\"@type\":\"ReadAction\",\"target\":[\"https:\/\/footdavant.fr\/actualites\/le-remplacant-de-pep-envoie-liverpool-venir-me-chercher-un-plaidoyer\/\"]}]},{\"@type\":\"BreadcrumbList\",\"@id\":\"https:\/\/footdavant.fr\/actualites\/le-remplacant-de-pep-envoie-liverpool-venir-me-chercher-un-plaidoyer\/#breadcrumb\",\"itemListElement\":[{\"@type\":\"ListItem\",\"position\":1,\"name\":\"Accueil\",\"item\":\"https:\/\/footdavant.fr\/actualites\/\"},{\"@type\":\"ListItem\",\"position\":2,\"name\":\"Le rempla\u00e7ant de Pep envoie Liverpool venir me chercher un plaidoyer\"}]},{\"@type\":\"WebSite\",\"@id\":\"https:\/\/footdavant.fr\/actualites\/#website\",\"url\":\"https:\/\/footdavant.fr\/actualites\/\",\"name\":\"Foot d'avant\",\"description\":\"\",\"publisher\":{\"@id\":\"https:\/\/footdavant.fr\/actualites\/#organization\"},\"potentialAction\":[{\"@type\":\"SearchAction\",\"target\":{\"@type\":\"EntryPoint\",\"urlTemplate\":\"https:\/\/footdavant.fr\/actualites\/?s={search_term_string}\"},\"query-input\":\"required name=search_term_string\"}],\"inLanguage\":\"fr-FR\"},{\"@type\":\"Organization\",\"@id\":\"https:\/\/footdavant.fr\/actualites\/#organization\",\"name\":\"Foot d'avant\",\"url\":\"https:\/\/footdavant.fr\/actualites\/\",\"logo\":{\"@type\":\"ImageObject\",\"inLanguage\":\"fr-FR\",\"@id\":\"https:\/\/footdavant.fr\/actualites\/#\/schema\/logo\/image\/\",\"url\":\"https:\/\/footdavant.fr\/actualites\/wp-content\/uploads\/2023\/09\/Copy-of-FootDavant-Logo.png\",\"contentUrl\":\"https:\/\/footdavant.fr\/actualites\/wp-content\/uploads\/2023\/09\/Copy-of-FootDavant-Logo.png\",\"width\":936,\"height\":549,\"caption\":\"Foot d'avant\"},\"image\":{\"@id\":\"https:\/\/footdavant.fr\/actualites\/#\/schema\/logo\/image\/\"},\"sameAs\":[\"https:\/\/www.facebook.com\/Footdavant\/\",\"https:\/\/twitter.com\/FootdavantFr\",\"https:\/\/www.instagram.com\/footdavant.fr\/\"]},{\"@type\":\"Person\",\"@id\":\"https:\/\/footdavant.fr\/actualites\/#\/schema\/person\/bc222566d95871b37e597b3ed3ba5e1d\",\"name\":\"Cl\u00e9ment\",\"image\":{\"@type\":\"ImageObject\",\"inLanguage\":\"fr-FR\",\"@id\":\"https:\/\/footdavant.fr\/actualites\/#\/schema\/person\/image\/\",\"url\":\"https:\/\/secure.gravatar.com\/avatar\/7728b29aac2719421e1a9159b2254c44?s=96&d=mm&r=g\",\"contentUrl\":\"https:\/\/secure.gravatar.com\/avatar\/7728b29aac2719421e1a9159b2254c44?s=96&d=mm&r=g\",\"caption\":\"Cl\u00e9ment\"},\"sameAs\":[\"https:\/\/footdavant.fr\/\"]}]}<\/script>\n<!-- \/ Yoast SEO plugin. -->","yoast_head_json":{"title":"Le rempla\u00e7ant de Pep envoie Liverpool venir me chercher un plaidoyer","robots":{"index":"index","follow":"follow","max-snippet":"max-snippet:-1","max-image-preview":"max-image-preview:large","max-video-preview":"max-video-preview:-1"},"canonical":"https:\/\/footdavant.fr\/actualites\/le-remplacant-de-pep-envoie-liverpool-venir-me-chercher-un-plaidoyer\/","og_locale":"fr_FR","og_type":"article","og_title":"Le rempla\u00e7ant de Pep envoie Liverpool venir me chercher un plaidoyer","og_description":"C&#39;est un commentaire qui attirera instantan\u00e9ment l&#39;attention des supporters, d&#39;autant plus que des liens se forment d\u00e9j\u00e0 autour d&#39;un retour potentiel de Steven Gerrard en","og_url":"https:\/\/footdavant.fr\/actualites\/le-remplacant-de-pep-envoie-liverpool-venir-me-chercher-un-plaidoyer\/","og_site_name":"Foot d&#039;avant","article_publisher":"https:\/\/www.facebook.com\/Footdavant\/","article_published_time":"2026-04-04T06:48:31+00:00","article_modified_time":"2026-04-04T06:48:33+00:00","og_image":[{"width":1200,"height":675,"url":"https:\/\/footdavant.fr\/actualites\/wp-content\/uploads\/2026\/04\/Le-remplacant-de-Pep-envoie-Liverpool-venir-me-chercher-un.jpg","type":"image\/jpeg"}],"author":"Cl\u00e9ment","twitter_card":"summary_large_image","twitter_creator":"@FootdavantFr","twitter_site":"@FootdavantFr","twitter_misc":{"\u00c9crit par":"Cl\u00e9ment","Dur\u00e9e de lecture estim\u00e9e":"2 minutes"},"schema":{"@context":"https:\/\/schema.org","@graph":[{"@type":"Article","@id":"https:\/\/footdavant.fr\/actualites\/le-remplacant-de-pep-envoie-liverpool-venir-me-chercher-un-plaidoyer\/#article","isPartOf":{"@id":"https:\/\/footdavant.fr\/actualites\/le-remplacant-de-pep-envoie-liverpool-venir-me-chercher-un-plaidoyer\/"},"author":{"name":"Cl\u00e9ment","@id":"https:\/\/footdavant.fr\/actualites\/#\/schema\/person\/bc222566d95871b37e597b3ed3ba5e1d"},"headline":"Le rempla\u00e7ant de Pep envoie Liverpool venir me chercher un plaidoyer","datePublished":"2026-04-04T06:48:31+00:00","dateModified":"2026-04-04T06:48:33+00:00","mainEntityOfPage":{"@id":"https:\/\/footdavant.fr\/actualites\/le-remplacant-de-pep-envoie-liverpool-venir-me-chercher-un-plaidoyer\/"},"wordCount":415,"publisher":{"@id":"https:\/\/footdavant.fr\/actualites\/#organization"},"keywords":["chercher","envoie","Liverpool","Pep","plaidoyer","rempla\u00e7ant","venir"],"articleSection":["Football"],"inLanguage":"fr-FR"},{"@type":"WebPage","@id":"https:\/\/footdavant.fr\/actualites\/le-remplacant-de-pep-envoie-liverpool-venir-me-chercher-un-plaidoyer\/","url":"https:\/\/footdavant.fr\/actualites\/le-remplacant-de-pep-envoie-liverpool-venir-me-chercher-un-plaidoyer\/","name":"Le rempla\u00e7ant de Pep envoie Liverpool venir me chercher un plaidoyer","isPartOf":{"@id":"https:\/\/footdavant.fr\/actualites\/#website"},"datePublished":"2026-04-04T06:48:31+00:00","dateModified":"2026-04-04T06:48:33+00:00","breadcrumb":{"@id":"https:\/\/footdavant.fr\/actualites\/le-remplacant-de-pep-envoie-liverpool-venir-me-chercher-un-plaidoyer\/#breadcrumb"},"inLanguage":"fr-FR","potentialAction":[{"@type":"ReadAction","target":["https:\/\/footdavant.fr\/actualites\/le-remplacant-de-pep-envoie-liverpool-venir-me-chercher-un-plaidoyer\/"]}]},{"@type":"BreadcrumbList","@id":"https:\/\/footdavant.fr\/actualites\/le-remplacant-de-pep-envoie-liverpool-venir-me-chercher-un-plaidoyer\/#breadcrumb","itemListElement":[{"@type":"ListItem","position":1,"name":"Accueil","item":"https:\/\/footdavant.fr\/actualites\/"},{"@type":"ListItem","position":2,"name":"Le rempla\u00e7ant de Pep envoie Liverpool venir me chercher un plaidoyer"}]},{"@type":"WebSite","@id":"https:\/\/footdavant.fr\/actualites\/#website","url":"https:\/\/footdavant.fr\/actualites\/","name":"Foot d'avant","description":"","publisher":{"@id":"https:\/\/footdavant.fr\/actualites\/#organization"},"potentialAction":[{"@type":"SearchAction","target":{"@type":"EntryPoint","urlTemplate":"https:\/\/footdavant.fr\/actualites\/?s={search_term_string}"},"query-input":"required name=search_term_string"}],"inLanguage":"fr-FR"},{"@type":"Organization","@id":"https:\/\/footdavant.fr\/actualites\/#organization","name":"Foot d'avant","url":"https:\/\/footdavant.fr\/actualites\/","logo":{"@type":"ImageObject","inLanguage":"fr-FR","@id":"https:\/\/footdavant.fr\/actualites\/#\/schema\/logo\/image\/","url":"https:\/\/footdavant.fr\/actualites\/wp-content\/uploads\/2023\/09\/Copy-of-FootDavant-Logo.png","contentUrl":"https:\/\/footdavant.fr\/actualites\/wp-content\/uploads\/2023\/09\/Copy-of-FootDavant-Logo.png","width":936,"height":549,"caption":"Foot d'avant"},"image":{"@id":"https:\/\/footdavant.fr\/actualites\/#\/schema\/logo\/image\/"},"sameAs":["https:\/\/www.facebook.com\/Footdavant\/","https:\/\/twitter.com\/FootdavantFr","https:\/\/www.instagram.com\/footdavant.fr\/"]},{"@type":"Person","@id":"https:\/\/footdavant.fr\/actualites\/#\/schema\/person\/bc222566d95871b37e597b3ed3ba5e1d","name":"Cl\u00e9ment","image":{"@type":"ImageObject","inLanguage":"fr-FR","@id":"https:\/\/footdavant.fr\/actualites\/#\/schema\/person\/image\/","url":"https:\/\/secure.gravatar.com\/avatar\/7728b29aac2719421e1a9159b2254c44?s=96&d=mm&r=g","contentUrl":"https:\/\/secure.gravatar.com\/avatar\/7728b29aac2719421e1a9159b2254c44?s=96&d=mm&r=g","caption":"Cl\u00e9ment"},"sameAs":["https:\/\/footdavant.fr\/"]}]}},"_links":{"self":[{"href":"https:\/\/footdavant.fr\/actualites\/wp-json\/wp\/v2\/posts\/36108"}],"collection":[{"href":"https:\/\/footdavant.fr\/actualites\/wp-json\/wp\/v2\/posts"}],"about":[{"href":"https:\/\/footdavant.fr\/actualites\/wp-json\/wp\/v2\/types\/post"}],"author":[{"embeddable":true,"href":"https:\/\/footdavant.fr\/actualites\/wp-json\/wp\/v2\/users\/1"}],"replies":[{"embeddable":true,"href":"https:\/\/footdavant.fr\/actualites\/wp-json\/wp\/v2\/comments?post=36108"}],"version-history":[{"count":1,"href":"https:\/\/footdavant.fr\/actualites\/wp-json\/wp\/v2\/posts\/36108\/revisions"}],"predecessor-version":[{"id":36110,"href":"https:\/\/footdavant.fr\/actualites\/wp-json\/wp\/v2\/posts\/36108\/revisions\/36110"}],"wp:featuredmedia":[{"embeddable":true,"href":"https:\/\/footdavant.fr\/actualites\/wp-json\/wp\/v2\/media\/36109"}],"wp:attachment":[{"href":"https:\/\/footdavant.fr\/actualites\/wp-json\/wp\/v2\/media?parent=36108"}],"wp:term":[{"taxonomy":"category","embeddable":true,"href":"https:\/\/footdavant.fr\/actualites\/wp-json\/wp\/v2\/categories?post=36108"},{"taxonomy":"post_tag","embeddable":true,"href":"https:\/\/footdavant.fr\/actualites\/wp-json\/wp\/v2\/tags?post=36108"}],"curies":[{"name":"wp","href":"https:\/\/api.w.org\/{rel}","templated":true}]}}