{"id":36111,"date":"2026-04-04T10:48:02","date_gmt":"2026-04-04T08:48:02","guid":{"rendered":"https:\/\/footdavant.fr\/actualites\/nouvelles-du-transfert-darsenal-les-gunners-surveillent-lattaquant-du-bayer-leverkusen-alors-que-le-prix-demande-est-revele\/"},"modified":"2026-04-04T10:48:03","modified_gmt":"2026-04-04T08:48:03","slug":"nouvelles-du-transfert-darsenal-les-gunners-surveillent-lattaquant-du-bayer-leverkusen-alors-que-le-prix-demande-est-revele","status":"publish","type":"post","link":"https:\/\/footdavant.fr\/actualites\/nouvelles-du-transfert-darsenal-les-gunners-surveillent-lattaquant-du-bayer-leverkusen-alors-que-le-prix-demande-est-revele\/","title":{"rendered":"Nouvelles du transfert d&#39;Arsenal : les Gunners \u00ab surveillent \u00bb l&#39;attaquant du Bayer Leverkusen alors que le prix demand\u00e9 est r\u00e9v\u00e9l\u00e9"},"content":{"rendered":"<div itemprop=\"articleBody\">\n<p data-end=\"156\" data-start=\"0\">Arsenal aurait manifest\u00e9 un vif int\u00e9r\u00eat pour Christian Kofane avant le mercato estival.<\/p>\n<p data-end=\"411\" data-start=\"158\">Les Gunners occupent actuellement la t\u00eate du classement de la Premier League avec 70 points en 31 matches, neuf d&#39;avance sur Manchester City malgr\u00e9 avoir jou\u00e9 un match de plus, et ils sont bien plac\u00e9s pour remporter le titre.<\/p>\n<p data-end=\"568\" data-start=\"413\">Apr\u00e8s avoir marqu\u00e9 61 buts en championnat cette saison, Mikel Arteta pourrait encore chercher \u00e0 renforcer ses options offensives pour ajouter plus de profondeur.<\/p>\n<p data-end=\"790\" data-start=\"570\">Viktor Gyokeres a marqu\u00e9 11 buts en championnat depuis son arriv\u00e9e importante, tandis que Gabriel Jesus n&#39;en a marqu\u00e9 que deux, soulignant la n\u00e9cessit\u00e9 de renforts suppl\u00e9mentaires \u00e0 l&#39;avant.<\/p>\n<h2>Arsenal envisage un mouvement pour Christian Kofane ? <\/h2>\n<div>\n<div>\n<div>\n<p>\u00a9 Imago \/ S\u00e9bastien Frej<\/p>\n<\/div>\n<\/div>\n<\/div>\n<p data-end=\"950\" data-start=\"792\">Kofane a rejoint le Bayer Leverkusen en provenance d&#39;Albacete l&#39;\u00e9t\u00e9 dernier et a impressionn\u00e9 lors de sa premi\u00e8re saison en Allemagne.<\/p>\n<p data-end=\"1097\" data-start=\"952\">Le joueur de 19 ans a disput\u00e9 14 matches de Bundesliga, dont neuf titularisations, enregistrant cinq buts et trois passes d\u00e9cisives.<\/p>\n<p data-end=\"1266\" data-start=\"1099\">Il a \u00e9galement jou\u00e9 un r\u00f4le important en Ligue des champions, effectuant sept d\u00e9parts et attirant l&#39;attention contre Arsenal lors de leur huiti\u00e8me de finale.<\/p>\n<p data-end=\"1468\" data-start=\"1268\">Selon <em>Florian Plettenberg<\/em>Arsenal surveille la situation de pr\u00e8s mais fait face \u00e0 la concurrence de plusieurs clubs anglais ainsi que du Real Madrid. <\/p>\n<p data-end=\"1624\" data-start=\"1470\">Leverkusen valoriserait l\u2019attaquant entre 52,3 et 61 millions de livres sterling, les responsables du club \u00e9tant d\u00e9j\u00e0 en discussions avec ses repr\u00e9sentants.<\/p>\n<h2>Arsenal devrait-il envisager d\u2019investir dans Kofane ? <\/h2>\n<div>\n<div>\n<div><img decoding=\"async\" data-img-id=\"156914\" class=\"lazy\" loading=\"lazy\" src=\"https:\/\/footdavant.fr\/actualites\/wp-content\/uploads\/2026\/04\/1775292482_699_Nouvelles-du-transfert-d39Arsenal-les-Gunners-surveillent.webp\"\/><\/p>\n<p>\u00a9 Imago \/ Gribaudi\/ImagePhoto<\/p>\n<\/div>\n<\/div>\n<\/div>\n<p data-end=\"209\" data-start=\"0\">La signature d&#39;un nouvel attaquant pourrait devenir une priorit\u00e9 absolue pour Arsenal s&#39;ils d\u00e9cident de se d\u00e9barrasser de Jesus, qui a d\u00e9clar\u00e9 son d\u00e9sir de continuer au club au-del\u00e0 de la fin de la saison.<\/p>\n<p data-end=\"375\" data-start=\"211\">Le Br\u00e9silien reste sous contrat aux Emirats jusqu&#39;en 2027, et la prochaine fen\u00eatre estivale pourrait pr\u00e9senter une opportunit\u00e9 id\u00e9ale pour les Gunners de tirer profit de lui.<\/p>\n<p data-end=\"639\" data-is-last-node=\"\" data-is-only-node=\"\" data-start=\"377\">Bien que Kofane soit consid\u00e9r\u00e9 comme un talent tr\u00e8s prometteur, son prix semble excessivement \u00e9lev\u00e9, et avec de plus en plus de clubs entrant dans la course, Arsenal pourrait plut\u00f4t tourner son attention vers des alternatives plus \u00e9prouv\u00e9es et plus rentables.<\/p>\n<\/div>\n","protected":false},"excerpt":{"rendered":"<p>Arsenal aurait manifest\u00e9 un vif int\u00e9r\u00eat pour Christian Kofane avant le mercato estival. Les Gunners occupent actuellement la t\u00eate du classement de la Premier League<\/p>\n","protected":false},"author":1,"featured_media":36112,"comment_status":"closed","ping_status":"","sticky":false,"template":"","format":"standard","meta":{"footnotes":""},"categories":[5],"tags":[318,981,4221,74,217,997,4304,93,982,461,73,415,1333,700],"yoast_head":"<!-- This site is optimized with the Yoast SEO plugin v21.0 - https:\/\/yoast.com\/wordpress\/plugins\/seo\/ -->\n<title>Nouvelles du transfert d&#039;Arsenal : les Gunners \u00ab surveillent \u00bb l&#039;attaquant du Bayer Leverkusen alors que le prix demand\u00e9 est r\u00e9v\u00e9l\u00e9<\/title>\n<meta name=\"robots\" content=\"index, follow, max-snippet:-1, max-image-preview:large, max-video-preview:-1\" \/>\n<link rel=\"canonical\" href=\"https:\/\/footdavant.fr\/actualites\/nouvelles-du-transfert-darsenal-les-gunners-surveillent-lattaquant-du-bayer-leverkusen-alors-que-le-prix-demande-est-revele\/\" \/>\n<meta property=\"og:locale\" content=\"fr_FR\" \/>\n<meta property=\"og:type\" content=\"article\" \/>\n<meta property=\"og:title\" content=\"Nouvelles du transfert d&#039;Arsenal : les Gunners \u00ab surveillent \u00bb l&#039;attaquant du Bayer Leverkusen alors que le prix demand\u00e9 est r\u00e9v\u00e9l\u00e9\" \/>\n<meta property=\"og:description\" content=\"Arsenal aurait manifest\u00e9 un vif int\u00e9r\u00eat pour Christian Kofane avant le mercato estival. Les Gunners occupent actuellement la t\u00eate du classement de la Premier League\" \/>\n<meta property=\"og:url\" content=\"https:\/\/footdavant.fr\/actualites\/nouvelles-du-transfert-darsenal-les-gunners-surveillent-lattaquant-du-bayer-leverkusen-alors-que-le-prix-demande-est-revele\/\" \/>\n<meta property=\"og:site_name\" content=\"Foot d&#039;avant\" \/>\n<meta property=\"article:publisher\" content=\"https:\/\/www.facebook.com\/Footdavant\/\" \/>\n<meta property=\"article:published_time\" content=\"2026-04-04T08:48:02+00:00\" \/>\n<meta property=\"article:modified_time\" content=\"2026-04-04T08:48:03+00:00\" \/>\n<meta property=\"og:image\" content=\"https:\/\/footdavant.fr\/actualites\/wp-content\/uploads\/2026\/04\/Nouvelles-du-transfert-d39Arsenal-les-Gunners-surveillent.net2Fuploads2F20262F032Fsm-azzuu-arteta.webp\" \/>\n\t<meta property=\"og:image:width\" content=\"720\" \/>\n\t<meta property=\"og:image:height\" content=\"410\" \/>\n\t<meta property=\"og:image:type\" content=\"image\/webp\" \/>\n<meta name=\"author\" content=\"Cl\u00e9ment\" \/>\n<meta name=\"twitter:card\" content=\"summary_large_image\" \/>\n<meta name=\"twitter:creator\" content=\"@FootdavantFr\" \/>\n<meta name=\"twitter:site\" content=\"@FootdavantFr\" \/>\n<meta name=\"twitter:label1\" content=\"\u00c9crit par\" \/>\n\t<meta name=\"twitter:data1\" content=\"Cl\u00e9ment\" \/>\n\t<meta name=\"twitter:label2\" content=\"Dur\u00e9e de lecture estim\u00e9e\" \/>\n\t<meta name=\"twitter:data2\" content=\"2 minutes\" \/>\n<script type=\"application\/ld+json\" class=\"yoast-schema-graph\">{\"@context\":\"https:\/\/schema.org\",\"@graph\":[{\"@type\":\"Article\",\"@id\":\"https:\/\/footdavant.fr\/actualites\/nouvelles-du-transfert-darsenal-les-gunners-surveillent-lattaquant-du-bayer-leverkusen-alors-que-le-prix-demande-est-revele\/#article\",\"isPartOf\":{\"@id\":\"https:\/\/footdavant.fr\/actualites\/nouvelles-du-transfert-darsenal-les-gunners-surveillent-lattaquant-du-bayer-leverkusen-alors-que-le-prix-demande-est-revele\/\"},\"author\":{\"name\":\"Cl\u00e9ment\",\"@id\":\"https:\/\/footdavant.fr\/actualites\/#\/schema\/person\/bc222566d95871b37e597b3ed3ba5e1d\"},\"headline\":\"Nouvelles du transfert d&#39;Arsenal : les Gunners \u00ab surveillent \u00bb l&#39;attaquant du Bayer Leverkusen alors que le prix demand\u00e9 est r\u00e9v\u00e9l\u00e9\",\"datePublished\":\"2026-04-04T08:48:02+00:00\",\"dateModified\":\"2026-04-04T08:48:03+00:00\",\"mainEntityOfPage\":{\"@id\":\"https:\/\/footdavant.fr\/actualites\/nouvelles-du-transfert-darsenal-les-gunners-surveillent-lattaquant-du-bayer-leverkusen-alors-que-le-prix-demande-est-revele\/\"},\"wordCount\":389,\"publisher\":{\"@id\":\"https:\/\/footdavant.fr\/actualites\/#organization\"},\"keywords\":[\"alors\",\"Bayer\",\"d39Arsenal\",\"demand\u00e9\",\"est\",\"Gunners\",\"l39attaquant\",\"les\",\"Leverkusen\",\"Nouvelles\",\"prix\",\"r\u00e9v\u00e8le\",\"surveillent\",\"transfert\"],\"articleSection\":[\"Premier League\"],\"inLanguage\":\"fr-FR\"},{\"@type\":\"WebPage\",\"@id\":\"https:\/\/footdavant.fr\/actualites\/nouvelles-du-transfert-darsenal-les-gunners-surveillent-lattaquant-du-bayer-leverkusen-alors-que-le-prix-demande-est-revele\/\",\"url\":\"https:\/\/footdavant.fr\/actualites\/nouvelles-du-transfert-darsenal-les-gunners-surveillent-lattaquant-du-bayer-leverkusen-alors-que-le-prix-demande-est-revele\/\",\"name\":\"Nouvelles du transfert d&#39;Arsenal : les Gunners \u00ab surveillent \u00bb l&#39;attaquant du Bayer Leverkusen alors que le prix demand\u00e9 est r\u00e9v\u00e9l\u00e9\",\"isPartOf\":{\"@id\":\"https:\/\/footdavant.fr\/actualites\/#website\"},\"datePublished\":\"2026-04-04T08:48:02+00:00\",\"dateModified\":\"2026-04-04T08:48:03+00:00\",\"breadcrumb\":{\"@id\":\"https:\/\/footdavant.fr\/actualites\/nouvelles-du-transfert-darsenal-les-gunners-surveillent-lattaquant-du-bayer-leverkusen-alors-que-le-prix-demande-est-revele\/#breadcrumb\"},\"inLanguage\":\"fr-FR\",\"potentialAction\":[{\"@type\":\"ReadAction\",\"target\":[\"https:\/\/footdavant.fr\/actualites\/nouvelles-du-transfert-darsenal-les-gunners-surveillent-lattaquant-du-bayer-leverkusen-alors-que-le-prix-demande-est-revele\/\"]}]},{\"@type\":\"BreadcrumbList\",\"@id\":\"https:\/\/footdavant.fr\/actualites\/nouvelles-du-transfert-darsenal-les-gunners-surveillent-lattaquant-du-bayer-leverkusen-alors-que-le-prix-demande-est-revele\/#breadcrumb\",\"itemListElement\":[{\"@type\":\"ListItem\",\"position\":1,\"name\":\"Accueil\",\"item\":\"https:\/\/footdavant.fr\/actualites\/\"},{\"@type\":\"ListItem\",\"position\":2,\"name\":\"Nouvelles du transfert d&#39;Arsenal : les Gunners \u00ab surveillent \u00bb l&#39;attaquant du Bayer Leverkusen alors que le prix demand\u00e9 est r\u00e9v\u00e9l\u00e9\"}]},{\"@type\":\"WebSite\",\"@id\":\"https:\/\/footdavant.fr\/actualites\/#website\",\"url\":\"https:\/\/footdavant.fr\/actualites\/\",\"name\":\"Foot d'avant\",\"description\":\"\",\"publisher\":{\"@id\":\"https:\/\/footdavant.fr\/actualites\/#organization\"},\"potentialAction\":[{\"@type\":\"SearchAction\",\"target\":{\"@type\":\"EntryPoint\",\"urlTemplate\":\"https:\/\/footdavant.fr\/actualites\/?s={search_term_string}\"},\"query-input\":\"required name=search_term_string\"}],\"inLanguage\":\"fr-FR\"},{\"@type\":\"Organization\",\"@id\":\"https:\/\/footdavant.fr\/actualites\/#organization\",\"name\":\"Foot d'avant\",\"url\":\"https:\/\/footdavant.fr\/actualites\/\",\"logo\":{\"@type\":\"ImageObject\",\"inLanguage\":\"fr-FR\",\"@id\":\"https:\/\/footdavant.fr\/actualites\/#\/schema\/logo\/image\/\",\"url\":\"https:\/\/footdavant.fr\/actualites\/wp-content\/uploads\/2023\/09\/Copy-of-FootDavant-Logo.png\",\"contentUrl\":\"https:\/\/footdavant.fr\/actualites\/wp-content\/uploads\/2023\/09\/Copy-of-FootDavant-Logo.png\",\"width\":936,\"height\":549,\"caption\":\"Foot d'avant\"},\"image\":{\"@id\":\"https:\/\/footdavant.fr\/actualites\/#\/schema\/logo\/image\/\"},\"sameAs\":[\"https:\/\/www.facebook.com\/Footdavant\/\",\"https:\/\/twitter.com\/FootdavantFr\",\"https:\/\/www.instagram.com\/footdavant.fr\/\"]},{\"@type\":\"Person\",\"@id\":\"https:\/\/footdavant.fr\/actualites\/#\/schema\/person\/bc222566d95871b37e597b3ed3ba5e1d\",\"name\":\"Cl\u00e9ment\",\"image\":{\"@type\":\"ImageObject\",\"inLanguage\":\"fr-FR\",\"@id\":\"https:\/\/footdavant.fr\/actualites\/#\/schema\/person\/image\/\",\"url\":\"https:\/\/secure.gravatar.com\/avatar\/7728b29aac2719421e1a9159b2254c44?s=96&d=mm&r=g\",\"contentUrl\":\"https:\/\/secure.gravatar.com\/avatar\/7728b29aac2719421e1a9159b2254c44?s=96&d=mm&r=g\",\"caption\":\"Cl\u00e9ment\"},\"sameAs\":[\"https:\/\/footdavant.fr\/\"]}]}<\/script>\n<!-- \/ Yoast SEO plugin. -->","yoast_head_json":{"title":"Nouvelles du transfert d&#39;Arsenal : les Gunners \u00ab surveillent \u00bb l&#39;attaquant du Bayer Leverkusen alors que le prix demand\u00e9 est r\u00e9v\u00e9l\u00e9","robots":{"index":"index","follow":"follow","max-snippet":"max-snippet:-1","max-image-preview":"max-image-preview:large","max-video-preview":"max-video-preview:-1"},"canonical":"https:\/\/footdavant.fr\/actualites\/nouvelles-du-transfert-darsenal-les-gunners-surveillent-lattaquant-du-bayer-leverkusen-alors-que-le-prix-demande-est-revele\/","og_locale":"fr_FR","og_type":"article","og_title":"Nouvelles du transfert d&#39;Arsenal : les Gunners \u00ab surveillent \u00bb l&#39;attaquant du Bayer Leverkusen alors que le prix demand\u00e9 est r\u00e9v\u00e9l\u00e9","og_description":"Arsenal aurait manifest\u00e9 un vif int\u00e9r\u00eat pour Christian Kofane avant le mercato estival. Les Gunners occupent actuellement la t\u00eate du classement de la Premier League","og_url":"https:\/\/footdavant.fr\/actualites\/nouvelles-du-transfert-darsenal-les-gunners-surveillent-lattaquant-du-bayer-leverkusen-alors-que-le-prix-demande-est-revele\/","og_site_name":"Foot d&#039;avant","article_publisher":"https:\/\/www.facebook.com\/Footdavant\/","article_published_time":"2026-04-04T08:48:02+00:00","article_modified_time":"2026-04-04T08:48:03+00:00","og_image":[{"width":720,"height":410,"url":"https:\/\/footdavant.fr\/actualites\/wp-content\/uploads\/2026\/04\/Nouvelles-du-transfert-d39Arsenal-les-Gunners-surveillent.net2Fuploads2F20262F032Fsm-azzuu-arteta.webp","type":"image\/webp"}],"author":"Cl\u00e9ment","twitter_card":"summary_large_image","twitter_creator":"@FootdavantFr","twitter_site":"@FootdavantFr","twitter_misc":{"\u00c9crit par":"Cl\u00e9ment","Dur\u00e9e de lecture estim\u00e9e":"2 minutes"},"schema":{"@context":"https:\/\/schema.org","@graph":[{"@type":"Article","@id":"https:\/\/footdavant.fr\/actualites\/nouvelles-du-transfert-darsenal-les-gunners-surveillent-lattaquant-du-bayer-leverkusen-alors-que-le-prix-demande-est-revele\/#article","isPartOf":{"@id":"https:\/\/footdavant.fr\/actualites\/nouvelles-du-transfert-darsenal-les-gunners-surveillent-lattaquant-du-bayer-leverkusen-alors-que-le-prix-demande-est-revele\/"},"author":{"name":"Cl\u00e9ment","@id":"https:\/\/footdavant.fr\/actualites\/#\/schema\/person\/bc222566d95871b37e597b3ed3ba5e1d"},"headline":"Nouvelles du transfert d&#39;Arsenal : les Gunners \u00ab surveillent \u00bb l&#39;attaquant du Bayer Leverkusen alors que le prix demand\u00e9 est r\u00e9v\u00e9l\u00e9","datePublished":"2026-04-04T08:48:02+00:00","dateModified":"2026-04-04T08:48:03+00:00","mainEntityOfPage":{"@id":"https:\/\/footdavant.fr\/actualites\/nouvelles-du-transfert-darsenal-les-gunners-surveillent-lattaquant-du-bayer-leverkusen-alors-que-le-prix-demande-est-revele\/"},"wordCount":389,"publisher":{"@id":"https:\/\/footdavant.fr\/actualites\/#organization"},"keywords":["alors","Bayer","d39Arsenal","demand\u00e9","est","Gunners","l39attaquant","les","Leverkusen","Nouvelles","prix","r\u00e9v\u00e8le","surveillent","transfert"],"articleSection":["Premier League"],"inLanguage":"fr-FR"},{"@type":"WebPage","@id":"https:\/\/footdavant.fr\/actualites\/nouvelles-du-transfert-darsenal-les-gunners-surveillent-lattaquant-du-bayer-leverkusen-alors-que-le-prix-demande-est-revele\/","url":"https:\/\/footdavant.fr\/actualites\/nouvelles-du-transfert-darsenal-les-gunners-surveillent-lattaquant-du-bayer-leverkusen-alors-que-le-prix-demande-est-revele\/","name":"Nouvelles du transfert d&#39;Arsenal : les Gunners \u00ab surveillent \u00bb l&#39;attaquant du Bayer Leverkusen alors que le prix demand\u00e9 est r\u00e9v\u00e9l\u00e9","isPartOf":{"@id":"https:\/\/footdavant.fr\/actualites\/#website"},"datePublished":"2026-04-04T08:48:02+00:00","dateModified":"2026-04-04T08:48:03+00:00","breadcrumb":{"@id":"https:\/\/footdavant.fr\/actualites\/nouvelles-du-transfert-darsenal-les-gunners-surveillent-lattaquant-du-bayer-leverkusen-alors-que-le-prix-demande-est-revele\/#breadcrumb"},"inLanguage":"fr-FR","potentialAction":[{"@type":"ReadAction","target":["https:\/\/footdavant.fr\/actualites\/nouvelles-du-transfert-darsenal-les-gunners-surveillent-lattaquant-du-bayer-leverkusen-alors-que-le-prix-demande-est-revele\/"]}]},{"@type":"BreadcrumbList","@id":"https:\/\/footdavant.fr\/actualites\/nouvelles-du-transfert-darsenal-les-gunners-surveillent-lattaquant-du-bayer-leverkusen-alors-que-le-prix-demande-est-revele\/#breadcrumb","itemListElement":[{"@type":"ListItem","position":1,"name":"Accueil","item":"https:\/\/footdavant.fr\/actualites\/"},{"@type":"ListItem","position":2,"name":"Nouvelles du transfert d&#39;Arsenal : les Gunners \u00ab surveillent \u00bb l&#39;attaquant du Bayer Leverkusen alors que le prix demand\u00e9 est r\u00e9v\u00e9l\u00e9"}]},{"@type":"WebSite","@id":"https:\/\/footdavant.fr\/actualites\/#website","url":"https:\/\/footdavant.fr\/actualites\/","name":"Foot d'avant","description":"","publisher":{"@id":"https:\/\/footdavant.fr\/actualites\/#organization"},"potentialAction":[{"@type":"SearchAction","target":{"@type":"EntryPoint","urlTemplate":"https:\/\/footdavant.fr\/actualites\/?s={search_term_string}"},"query-input":"required name=search_term_string"}],"inLanguage":"fr-FR"},{"@type":"Organization","@id":"https:\/\/footdavant.fr\/actualites\/#organization","name":"Foot d'avant","url":"https:\/\/footdavant.fr\/actualites\/","logo":{"@type":"ImageObject","inLanguage":"fr-FR","@id":"https:\/\/footdavant.fr\/actualites\/#\/schema\/logo\/image\/","url":"https:\/\/footdavant.fr\/actualites\/wp-content\/uploads\/2023\/09\/Copy-of-FootDavant-Logo.png","contentUrl":"https:\/\/footdavant.fr\/actualites\/wp-content\/uploads\/2023\/09\/Copy-of-FootDavant-Logo.png","width":936,"height":549,"caption":"Foot d'avant"},"image":{"@id":"https:\/\/footdavant.fr\/actualites\/#\/schema\/logo\/image\/"},"sameAs":["https:\/\/www.facebook.com\/Footdavant\/","https:\/\/twitter.com\/FootdavantFr","https:\/\/www.instagram.com\/footdavant.fr\/"]},{"@type":"Person","@id":"https:\/\/footdavant.fr\/actualites\/#\/schema\/person\/bc222566d95871b37e597b3ed3ba5e1d","name":"Cl\u00e9ment","image":{"@type":"ImageObject","inLanguage":"fr-FR","@id":"https:\/\/footdavant.fr\/actualites\/#\/schema\/person\/image\/","url":"https:\/\/secure.gravatar.com\/avatar\/7728b29aac2719421e1a9159b2254c44?s=96&d=mm&r=g","contentUrl":"https:\/\/secure.gravatar.com\/avatar\/7728b29aac2719421e1a9159b2254c44?s=96&d=mm&r=g","caption":"Cl\u00e9ment"},"sameAs":["https:\/\/footdavant.fr\/"]}]}},"_links":{"self":[{"href":"https:\/\/footdavant.fr\/actualites\/wp-json\/wp\/v2\/posts\/36111"}],"collection":[{"href":"https:\/\/footdavant.fr\/actualites\/wp-json\/wp\/v2\/posts"}],"about":[{"href":"https:\/\/footdavant.fr\/actualites\/wp-json\/wp\/v2\/types\/post"}],"author":[{"embeddable":true,"href":"https:\/\/footdavant.fr\/actualites\/wp-json\/wp\/v2\/users\/1"}],"replies":[{"embeddable":true,"href":"https:\/\/footdavant.fr\/actualites\/wp-json\/wp\/v2\/comments?post=36111"}],"version-history":[{"count":1,"href":"https:\/\/footdavant.fr\/actualites\/wp-json\/wp\/v2\/posts\/36111\/revisions"}],"predecessor-version":[{"id":36113,"href":"https:\/\/footdavant.fr\/actualites\/wp-json\/wp\/v2\/posts\/36111\/revisions\/36113"}],"wp:featuredmedia":[{"embeddable":true,"href":"https:\/\/footdavant.fr\/actualites\/wp-json\/wp\/v2\/media\/36112"}],"wp:attachment":[{"href":"https:\/\/footdavant.fr\/actualites\/wp-json\/wp\/v2\/media?parent=36111"}],"wp:term":[{"taxonomy":"category","embeddable":true,"href":"https:\/\/footdavant.fr\/actualites\/wp-json\/wp\/v2\/categories?post=36111"},{"taxonomy":"post_tag","embeddable":true,"href":"https:\/\/footdavant.fr\/actualites\/wp-json\/wp\/v2\/tags?post=36111"}],"curies":[{"name":"wp","href":"https:\/\/api.w.org\/{rel}","templated":true}]}}