{"id":36114,"date":"2026-04-04T12:48:03","date_gmt":"2026-04-04T10:48:03","guid":{"rendered":"https:\/\/footdavant.fr\/actualites\/compositions-statistiques-et-apercus-y-compris-la-television-la-diffusion-en-direct-les-actualites-de-lequipe-et-les-pronostics-sur-la-liga\/"},"modified":"2026-04-04T12:48:07","modified_gmt":"2026-04-04T10:48:07","slug":"compositions-statistiques-et-apercus-y-compris-la-television-la-diffusion-en-direct-les-actualites-de-lequipe-et-les-pronostics-sur-la-liga","status":"publish","type":"post","link":"https:\/\/footdavant.fr\/actualites\/compositions-statistiques-et-apercus-y-compris-la-television-la-diffusion-en-direct-les-actualites-de-lequipe-et-les-pronostics-sur-la-liga\/","title":{"rendered":"Compositions, statistiques et aper\u00e7us, y compris la t\u00e9l\u00e9vision, la diffusion en direct, les actualit\u00e9s de l&#39;\u00e9quipe et les pronostics sur la Liga"},"content":{"rendered":"<div>\n<p>L&#39;Atletico Madrid semble n&#39;avoir pas grand-chose \u00e0 jouer en Liga au-del\u00e0 de finaliser sa troisi\u00e8me ou sa quatri\u00e8me place, mais l&#39;\u00e9quipe de Diego Simeone peut jouer un r\u00f4le potentiellement important dans la course au titre et donner le ton \u00e0 une trilogie all\u00e9chante lorsqu&#39;elle vise \u00e0 battre Barcelone \u00e0 domicile pour la deuxi\u00e8me fois en 2026 samedi.<\/p>\n<p>Les \u00e9quipes se retrouveront \u00e0 nouveau au Camp Nou lors du match aller des quarts de finale de la Ligue des champions mercredi, suivi d&#39;un match d\u00e9cisif au Metropolitano six jours plus tard (tous deux \u00e0 20h00 BST).<\/p>\n<p>\u00ab\u00a0Ils sont extraordinaires et ont la capacit\u00e9 de jouer dans la moiti\u00e9 de terrain adverse, sans vous laisser penser\u00a0\u00bb, a d\u00e9clar\u00e9 Simeone \u00e0 propos du Bar\u00e7a, via AS.<\/p>\n<p>\u00ab\u00a0Le football, c&#39;est avant tout les joueurs, au-del\u00e0 des tactiques et des id\u00e9es des entra\u00eeneurs. Ce sont eux qui d\u00e9cident finalement de ces matches, avec leur exp\u00e9rience et leur qualit\u00e9.<\/p>\n<figure class=\"wp-block-embed is-type-video is-provider-youtube wp-block-embed-youtube wp-embed-aspect-16-9 wp-has-aspect-ratio\">\n<p>\n<noscript><iframe loading=\"lazy\" title=\"MATCH PREVIEW: ATL\u00c9TICO MADRID vs FC BARCELONA\ud83d\udd25 | LALIGA 25\/26\" width=\"1200\" height=\"675\" src=\"https:\/\/www.youtube.com\/embed\/ssL0D-_EZBA?feature=oembed\" frameborder=\"0\" allow=\"accelerometer; autoplay; clipboard-write; encrypted-media; gyroscope; picture-in-picture; web-share\" referrerpolicy=\"strict-origin-when-cross-origin\" allowfullscreen><\/iframe><\/noscript>\n<\/p>\n<\/figure>\n<p>\u00ab\u00a0Le Bar\u00e7a a jou\u00e9 d&#39;une certaine mani\u00e8re ces deux derni\u00e8res ann\u00e9es depuis [Hansi Flick] sont arriv\u00e9s, avec leur ligne d\u00e9fensive haute.<\/p>\n<p>\u00ab\u00a0Cela ne changera pas car c&#39;est leur style de jeu et leur positionnement pour gagner des duels et, en remportant ces duels, \u00eatre capable d&#39;attaquer.\u00a0\u00bb<\/p>\n<p>Flick a reconnu que le Bar\u00e7a avait commis \u00ab\u00a0tant d&#39;erreurs\u00a0\u00bb lors de sa d\u00e9faite 4-0 contre l&#39;Atleti en Copa del Rey le 12 f\u00e9vrier, rendant une victoire retour 3-0 insuffisante pour les leaders de la Liga.<\/p>\n<p>\u00ab\u00a0Ils ont une \u00e9quipe fantastique et l&#39;un des meilleurs entra\u00eeneurs du monde\u00a0\u00bb, a sugg\u00e9r\u00e9 Flick. \u00ab J&#39;appr\u00e9cie beaucoup quand je les vois jouer.<\/p>\n<p>\u00ab\u00a0[Antoine] Griezmann est incroyable. C&#39;est toujours comme s&#39;il dansait et j&#39;aime beaucoup sa fa\u00e7on de jouer. L\u2019atmosph\u00e8re y est \u00e9galement fantastique.<\/p>\n<p>Le Bar\u00e7a a commenc\u00e9 le week-end quatre points au-dessus du Real Madrid, deuxi\u00e8me, qui se rendra samedi \u00e0 Majorque, menac\u00e9e de rel\u00e9gation (15h15 BST).<\/p>\n<figure class=\"wp-block-image size-large\"><picture fetchpriority=\"high\" decoding=\"async\" class=\"wp-image-174152\"><source type=\"image\/webp\" data-lazy- \/><img fetchpriority=\"high\" decoding=\"async\" width=\"1024\" height=\"683\" src=\"https:\/\/footdavant.fr\/actualites\/wp-content\/uploads\/2026\/04\/Compositions-statistiques-et-apercus-y-compris-la-television-la-diffusion.jpg\" alt=\"Antoine Griezmann en action pour l&#39;Atletico Madrid contre le Real Madrid\"  \/>\n<\/picture>\n<\/figure>\n<h2 class=\"wp-block-heading\"><span id=\"Atletico_Madrid_v_Barcelona_team_news\">L&#39;actualit\u00e9 de l&#39;\u00e9quipe Atletico Madrid contre Barcelone<\/span><\/h2>\n<p>Les d\u00e9fenseurs Jules Kounde, Alejandro Balde et Eric Garcia sont de retour en lice pour le Bar\u00e7a suite \u00e0 des blessures musculaires.<\/p>\n<p>Raphinha a subi une blessure aux ischio-jambiers et Flick a laiss\u00e9 entendre que Marcus Rashford pourrait remplacer l&#39;attaquant, ajoutant que Gavi \u2013 qui, selon lui, est \u00e0 un \u00ab grand niveau \u00bb \u2013 et Fermin Lopez sont \u00e9galement des options.<\/p>\n<p>Le match arrivera trop t\u00f4t pour le milieu de terrain Frenkie de Jong, absent depuis f\u00e9vrier en raison d&#39;un probl\u00e8me aux ischio-jambiers mais qui pourrait revenir pour le match retour de la Ligue des champions.<\/p>\n<p>Le gardien Jan Oblak (muscle) et le milieu de terrain Rodri Mendoza (cheville) reprendront l&#39;entra\u00eenement de l&#39;Atleti lundi suite \u00e0 des blessures.<\/p>\n<p>Le gardien Marc-Andr\u00e9 ter Stegen (ischio-jambiers), les d\u00e9fenseurs Marc Pubill (c\u00f4tes) et Andreas Christensen (genou) ainsi que les milieux de terrain Pablo Barrios et Johnny Cardoso (tous deux ischio-jambiers) sont absents.<\/p>\n<p>L&#39;arri\u00e8re droit ou milieu de terrain Marcos Llorente est suspendu. L&#39;attaquant Alexander Sorloth est incertain en raison d&#39;une blessure \u00e0 la t\u00eate subie alors qu&#39;il jouait pour la Norv\u00e8ge et qui a n\u00e9cessit\u00e9 des points de suture.<\/p>\n<figure class=\"wp-block-image size-large\"><picture decoding=\"async\" class=\"wp-image-173156\"><source type=\"image\/webp\" data-lazy- \/><img loading=\"lazy\" decoding=\"async\" width=\"1024\" height=\"576\" http:=\"\" alt=\"Les joueurs de Barcelone c\u00e9l\u00e8brent leur but contre Newcastle\"  data-lazy- src=\"https:\/\/footdavant.fr\/actualites\/wp-content\/uploads\/2026\/04\/1775299683_346_Compositions-statistiques-et-apercus-y-compris-la-television-la-diffusion.jpg\"\/><img loading=\"lazy\" decoding=\"async\" width=\"1024\" height=\"576\" src=\"https:\/\/footdavant.fr\/actualites\/wp-content\/uploads\/2026\/04\/1775299683_346_Compositions-statistiques-et-apercus-y-compris-la-television-la-diffusion.jpg\" alt=\"Les joueurs de Barcelone c\u00e9l\u00e8brent leur but contre Newcastle\"  \/>\n<\/picture>\n<\/figure>\n<\/div>\n","protected":false},"excerpt":{"rendered":"<p>L&#39;Atletico Madrid semble n&#39;avoir pas grand-chose \u00e0 jouer en Liga au-del\u00e0 de finaliser sa troisi\u00e8me ou sa quatri\u00e8me place, mais l&#39;\u00e9quipe de Diego Simeone peut<\/p>\n","protected":false},"author":1,"featured_media":36115,"comment_status":"closed","ping_status":"","sticky":false,"template":"","format":"standard","meta":{"footnotes":""},"categories":[3],"tags":[7,7204,383,507,7443,2828,4219,93,1704,382,4115,103,5084],"yoast_head":"<!-- This site is optimized with the Yoast SEO plugin v21.0 - https:\/\/yoast.com\/wordpress\/plugins\/seo\/ -->\n<title>Compositions, statistiques et aper\u00e7us, y compris la t\u00e9l\u00e9vision, la diffusion en direct, les actualit\u00e9s de l&#039;\u00e9quipe et les pronostics sur la Liga<\/title>\n<meta name=\"robots\" content=\"index, follow, max-snippet:-1, max-image-preview:large, max-video-preview:-1\" \/>\n<link rel=\"canonical\" href=\"https:\/\/footdavant.fr\/actualites\/compositions-statistiques-et-apercus-y-compris-la-television-la-diffusion-en-direct-les-actualites-de-lequipe-et-les-pronostics-sur-la-liga\/\" \/>\n<meta property=\"og:locale\" content=\"fr_FR\" \/>\n<meta property=\"og:type\" content=\"article\" \/>\n<meta property=\"og:title\" content=\"Compositions, statistiques et aper\u00e7us, y compris la t\u00e9l\u00e9vision, la diffusion en direct, les actualit\u00e9s de l&#039;\u00e9quipe et les pronostics sur la Liga\" \/>\n<meta property=\"og:description\" content=\"L&#039;Atletico Madrid semble n&#039;avoir pas grand-chose \u00e0 jouer en Liga au-del\u00e0 de finaliser sa troisi\u00e8me ou sa quatri\u00e8me place, mais l&#039;\u00e9quipe de Diego Simeone peut\" \/>\n<meta property=\"og:url\" content=\"https:\/\/footdavant.fr\/actualites\/compositions-statistiques-et-apercus-y-compris-la-television-la-diffusion-en-direct-les-actualites-de-lequipe-et-les-pronostics-sur-la-liga\/\" \/>\n<meta property=\"og:site_name\" content=\"Foot d&#039;avant\" \/>\n<meta property=\"article:publisher\" content=\"https:\/\/www.facebook.com\/Footdavant\/\" \/>\n<meta property=\"article:published_time\" content=\"2026-04-04T10:48:03+00:00\" \/>\n<meta property=\"article:modified_time\" content=\"2026-04-04T10:48:07+00:00\" \/>\n<meta property=\"og:image\" content=\"https:\/\/footdavant.fr\/actualites\/wp-content\/uploads\/2026\/04\/Compositions-statistiques-et-apercus-y-compris-la-television-la-diffusion.png\" \/>\n\t<meta property=\"og:image:width\" content=\"1200\" \/>\n\t<meta property=\"og:image:height\" content=\"675\" \/>\n\t<meta property=\"og:image:type\" content=\"image\/png\" \/>\n<meta name=\"author\" content=\"Cl\u00e9ment\" \/>\n<meta name=\"twitter:card\" content=\"summary_large_image\" \/>\n<meta name=\"twitter:creator\" content=\"@FootdavantFr\" \/>\n<meta name=\"twitter:site\" content=\"@FootdavantFr\" \/>\n<meta name=\"twitter:label1\" content=\"\u00c9crit par\" \/>\n\t<meta name=\"twitter:data1\" content=\"Cl\u00e9ment\" \/>\n\t<meta name=\"twitter:label2\" content=\"Dur\u00e9e de lecture estim\u00e9e\" \/>\n\t<meta name=\"twitter:data2\" content=\"3 minutes\" \/>\n<script type=\"application\/ld+json\" class=\"yoast-schema-graph\">{\"@context\":\"https:\/\/schema.org\",\"@graph\":[{\"@type\":\"Article\",\"@id\":\"https:\/\/footdavant.fr\/actualites\/compositions-statistiques-et-apercus-y-compris-la-television-la-diffusion-en-direct-les-actualites-de-lequipe-et-les-pronostics-sur-la-liga\/#article\",\"isPartOf\":{\"@id\":\"https:\/\/footdavant.fr\/actualites\/compositions-statistiques-et-apercus-y-compris-la-television-la-diffusion-en-direct-les-actualites-de-lequipe-et-les-pronostics-sur-la-liga\/\"},\"author\":{\"name\":\"Cl\u00e9ment\",\"@id\":\"https:\/\/footdavant.fr\/actualites\/#\/schema\/person\/bc222566d95871b37e597b3ed3ba5e1d\"},\"headline\":\"Compositions, statistiques et aper\u00e7us, y compris la t\u00e9l\u00e9vision, la diffusion en direct, les actualit\u00e9s de l&#39;\u00e9quipe et les pronostics sur la Liga\",\"datePublished\":\"2026-04-04T10:48:03+00:00\",\"dateModified\":\"2026-04-04T10:48:07+00:00\",\"mainEntityOfPage\":{\"@id\":\"https:\/\/footdavant.fr\/actualites\/compositions-statistiques-et-apercus-y-compris-la-television-la-diffusion-en-direct-les-actualites-de-lequipe-et-les-pronostics-sur-la-liga\/\"},\"wordCount\":585,\"publisher\":{\"@id\":\"https:\/\/footdavant.fr\/actualites\/#organization\"},\"keywords\":[\"Actualit\u00e9s\",\"aper\u00e7us\",\"compositions\",\"compris\",\"diffusion\",\"DIRECT\",\"l39\u00e9quipe\",\"les\",\"Liga\",\"pronostics\",\"statistiques\",\"sur\",\"t\u00e9l\u00e9vision\"],\"articleSection\":[\"Football\"],\"inLanguage\":\"fr-FR\"},{\"@type\":\"WebPage\",\"@id\":\"https:\/\/footdavant.fr\/actualites\/compositions-statistiques-et-apercus-y-compris-la-television-la-diffusion-en-direct-les-actualites-de-lequipe-et-les-pronostics-sur-la-liga\/\",\"url\":\"https:\/\/footdavant.fr\/actualites\/compositions-statistiques-et-apercus-y-compris-la-television-la-diffusion-en-direct-les-actualites-de-lequipe-et-les-pronostics-sur-la-liga\/\",\"name\":\"Compositions, statistiques et aper\u00e7us, y compris la t\u00e9l\u00e9vision, la diffusion en direct, les actualit\u00e9s de l&#39;\u00e9quipe et les pronostics sur la Liga\",\"isPartOf\":{\"@id\":\"https:\/\/footdavant.fr\/actualites\/#website\"},\"datePublished\":\"2026-04-04T10:48:03+00:00\",\"dateModified\":\"2026-04-04T10:48:07+00:00\",\"breadcrumb\":{\"@id\":\"https:\/\/footdavant.fr\/actualites\/compositions-statistiques-et-apercus-y-compris-la-television-la-diffusion-en-direct-les-actualites-de-lequipe-et-les-pronostics-sur-la-liga\/#breadcrumb\"},\"inLanguage\":\"fr-FR\",\"potentialAction\":[{\"@type\":\"ReadAction\",\"target\":[\"https:\/\/footdavant.fr\/actualites\/compositions-statistiques-et-apercus-y-compris-la-television-la-diffusion-en-direct-les-actualites-de-lequipe-et-les-pronostics-sur-la-liga\/\"]}]},{\"@type\":\"BreadcrumbList\",\"@id\":\"https:\/\/footdavant.fr\/actualites\/compositions-statistiques-et-apercus-y-compris-la-television-la-diffusion-en-direct-les-actualites-de-lequipe-et-les-pronostics-sur-la-liga\/#breadcrumb\",\"itemListElement\":[{\"@type\":\"ListItem\",\"position\":1,\"name\":\"Accueil\",\"item\":\"https:\/\/footdavant.fr\/actualites\/\"},{\"@type\":\"ListItem\",\"position\":2,\"name\":\"Compositions, statistiques et aper\u00e7us, y compris la t\u00e9l\u00e9vision, la diffusion en direct, les actualit\u00e9s de l&#39;\u00e9quipe et les pronostics sur la Liga\"}]},{\"@type\":\"WebSite\",\"@id\":\"https:\/\/footdavant.fr\/actualites\/#website\",\"url\":\"https:\/\/footdavant.fr\/actualites\/\",\"name\":\"Foot d'avant\",\"description\":\"\",\"publisher\":{\"@id\":\"https:\/\/footdavant.fr\/actualites\/#organization\"},\"potentialAction\":[{\"@type\":\"SearchAction\",\"target\":{\"@type\":\"EntryPoint\",\"urlTemplate\":\"https:\/\/footdavant.fr\/actualites\/?s={search_term_string}\"},\"query-input\":\"required name=search_term_string\"}],\"inLanguage\":\"fr-FR\"},{\"@type\":\"Organization\",\"@id\":\"https:\/\/footdavant.fr\/actualites\/#organization\",\"name\":\"Foot d'avant\",\"url\":\"https:\/\/footdavant.fr\/actualites\/\",\"logo\":{\"@type\":\"ImageObject\",\"inLanguage\":\"fr-FR\",\"@id\":\"https:\/\/footdavant.fr\/actualites\/#\/schema\/logo\/image\/\",\"url\":\"https:\/\/footdavant.fr\/actualites\/wp-content\/uploads\/2023\/09\/Copy-of-FootDavant-Logo.png\",\"contentUrl\":\"https:\/\/footdavant.fr\/actualites\/wp-content\/uploads\/2023\/09\/Copy-of-FootDavant-Logo.png\",\"width\":936,\"height\":549,\"caption\":\"Foot d'avant\"},\"image\":{\"@id\":\"https:\/\/footdavant.fr\/actualites\/#\/schema\/logo\/image\/\"},\"sameAs\":[\"https:\/\/www.facebook.com\/Footdavant\/\",\"https:\/\/twitter.com\/FootdavantFr\",\"https:\/\/www.instagram.com\/footdavant.fr\/\"]},{\"@type\":\"Person\",\"@id\":\"https:\/\/footdavant.fr\/actualites\/#\/schema\/person\/bc222566d95871b37e597b3ed3ba5e1d\",\"name\":\"Cl\u00e9ment\",\"image\":{\"@type\":\"ImageObject\",\"inLanguage\":\"fr-FR\",\"@id\":\"https:\/\/footdavant.fr\/actualites\/#\/schema\/person\/image\/\",\"url\":\"https:\/\/secure.gravatar.com\/avatar\/7728b29aac2719421e1a9159b2254c44?s=96&d=mm&r=g\",\"contentUrl\":\"https:\/\/secure.gravatar.com\/avatar\/7728b29aac2719421e1a9159b2254c44?s=96&d=mm&r=g\",\"caption\":\"Cl\u00e9ment\"},\"sameAs\":[\"https:\/\/footdavant.fr\/\"]}]}<\/script>\n<!-- \/ Yoast SEO plugin. -->","yoast_head_json":{"title":"Compositions, statistiques et aper\u00e7us, y compris la t\u00e9l\u00e9vision, la diffusion en direct, les actualit\u00e9s de l&#39;\u00e9quipe et les pronostics sur la Liga","robots":{"index":"index","follow":"follow","max-snippet":"max-snippet:-1","max-image-preview":"max-image-preview:large","max-video-preview":"max-video-preview:-1"},"canonical":"https:\/\/footdavant.fr\/actualites\/compositions-statistiques-et-apercus-y-compris-la-television-la-diffusion-en-direct-les-actualites-de-lequipe-et-les-pronostics-sur-la-liga\/","og_locale":"fr_FR","og_type":"article","og_title":"Compositions, statistiques et aper\u00e7us, y compris la t\u00e9l\u00e9vision, la diffusion en direct, les actualit\u00e9s de l&#39;\u00e9quipe et les pronostics sur la Liga","og_description":"L&#39;Atletico Madrid semble n&#39;avoir pas grand-chose \u00e0 jouer en Liga au-del\u00e0 de finaliser sa troisi\u00e8me ou sa quatri\u00e8me place, mais l&#39;\u00e9quipe de Diego Simeone peut","og_url":"https:\/\/footdavant.fr\/actualites\/compositions-statistiques-et-apercus-y-compris-la-television-la-diffusion-en-direct-les-actualites-de-lequipe-et-les-pronostics-sur-la-liga\/","og_site_name":"Foot d&#039;avant","article_publisher":"https:\/\/www.facebook.com\/Footdavant\/","article_published_time":"2026-04-04T10:48:03+00:00","article_modified_time":"2026-04-04T10:48:07+00:00","og_image":[{"width":1200,"height":675,"url":"https:\/\/footdavant.fr\/actualites\/wp-content\/uploads\/2026\/04\/Compositions-statistiques-et-apercus-y-compris-la-television-la-diffusion.png","type":"image\/png"}],"author":"Cl\u00e9ment","twitter_card":"summary_large_image","twitter_creator":"@FootdavantFr","twitter_site":"@FootdavantFr","twitter_misc":{"\u00c9crit par":"Cl\u00e9ment","Dur\u00e9e de lecture estim\u00e9e":"3 minutes"},"schema":{"@context":"https:\/\/schema.org","@graph":[{"@type":"Article","@id":"https:\/\/footdavant.fr\/actualites\/compositions-statistiques-et-apercus-y-compris-la-television-la-diffusion-en-direct-les-actualites-de-lequipe-et-les-pronostics-sur-la-liga\/#article","isPartOf":{"@id":"https:\/\/footdavant.fr\/actualites\/compositions-statistiques-et-apercus-y-compris-la-television-la-diffusion-en-direct-les-actualites-de-lequipe-et-les-pronostics-sur-la-liga\/"},"author":{"name":"Cl\u00e9ment","@id":"https:\/\/footdavant.fr\/actualites\/#\/schema\/person\/bc222566d95871b37e597b3ed3ba5e1d"},"headline":"Compositions, statistiques et aper\u00e7us, y compris la t\u00e9l\u00e9vision, la diffusion en direct, les actualit\u00e9s de l&#39;\u00e9quipe et les pronostics sur la Liga","datePublished":"2026-04-04T10:48:03+00:00","dateModified":"2026-04-04T10:48:07+00:00","mainEntityOfPage":{"@id":"https:\/\/footdavant.fr\/actualites\/compositions-statistiques-et-apercus-y-compris-la-television-la-diffusion-en-direct-les-actualites-de-lequipe-et-les-pronostics-sur-la-liga\/"},"wordCount":585,"publisher":{"@id":"https:\/\/footdavant.fr\/actualites\/#organization"},"keywords":["Actualit\u00e9s","aper\u00e7us","compositions","compris","diffusion","DIRECT","l39\u00e9quipe","les","Liga","pronostics","statistiques","sur","t\u00e9l\u00e9vision"],"articleSection":["Football"],"inLanguage":"fr-FR"},{"@type":"WebPage","@id":"https:\/\/footdavant.fr\/actualites\/compositions-statistiques-et-apercus-y-compris-la-television-la-diffusion-en-direct-les-actualites-de-lequipe-et-les-pronostics-sur-la-liga\/","url":"https:\/\/footdavant.fr\/actualites\/compositions-statistiques-et-apercus-y-compris-la-television-la-diffusion-en-direct-les-actualites-de-lequipe-et-les-pronostics-sur-la-liga\/","name":"Compositions, statistiques et aper\u00e7us, y compris la t\u00e9l\u00e9vision, la diffusion en direct, les actualit\u00e9s de l&#39;\u00e9quipe et les pronostics sur la Liga","isPartOf":{"@id":"https:\/\/footdavant.fr\/actualites\/#website"},"datePublished":"2026-04-04T10:48:03+00:00","dateModified":"2026-04-04T10:48:07+00:00","breadcrumb":{"@id":"https:\/\/footdavant.fr\/actualites\/compositions-statistiques-et-apercus-y-compris-la-television-la-diffusion-en-direct-les-actualites-de-lequipe-et-les-pronostics-sur-la-liga\/#breadcrumb"},"inLanguage":"fr-FR","potentialAction":[{"@type":"ReadAction","target":["https:\/\/footdavant.fr\/actualites\/compositions-statistiques-et-apercus-y-compris-la-television-la-diffusion-en-direct-les-actualites-de-lequipe-et-les-pronostics-sur-la-liga\/"]}]},{"@type":"BreadcrumbList","@id":"https:\/\/footdavant.fr\/actualites\/compositions-statistiques-et-apercus-y-compris-la-television-la-diffusion-en-direct-les-actualites-de-lequipe-et-les-pronostics-sur-la-liga\/#breadcrumb","itemListElement":[{"@type":"ListItem","position":1,"name":"Accueil","item":"https:\/\/footdavant.fr\/actualites\/"},{"@type":"ListItem","position":2,"name":"Compositions, statistiques et aper\u00e7us, y compris la t\u00e9l\u00e9vision, la diffusion en direct, les actualit\u00e9s de l&#39;\u00e9quipe et les pronostics sur la Liga"}]},{"@type":"WebSite","@id":"https:\/\/footdavant.fr\/actualites\/#website","url":"https:\/\/footdavant.fr\/actualites\/","name":"Foot d'avant","description":"","publisher":{"@id":"https:\/\/footdavant.fr\/actualites\/#organization"},"potentialAction":[{"@type":"SearchAction","target":{"@type":"EntryPoint","urlTemplate":"https:\/\/footdavant.fr\/actualites\/?s={search_term_string}"},"query-input":"required name=search_term_string"}],"inLanguage":"fr-FR"},{"@type":"Organization","@id":"https:\/\/footdavant.fr\/actualites\/#organization","name":"Foot d'avant","url":"https:\/\/footdavant.fr\/actualites\/","logo":{"@type":"ImageObject","inLanguage":"fr-FR","@id":"https:\/\/footdavant.fr\/actualites\/#\/schema\/logo\/image\/","url":"https:\/\/footdavant.fr\/actualites\/wp-content\/uploads\/2023\/09\/Copy-of-FootDavant-Logo.png","contentUrl":"https:\/\/footdavant.fr\/actualites\/wp-content\/uploads\/2023\/09\/Copy-of-FootDavant-Logo.png","width":936,"height":549,"caption":"Foot d'avant"},"image":{"@id":"https:\/\/footdavant.fr\/actualites\/#\/schema\/logo\/image\/"},"sameAs":["https:\/\/www.facebook.com\/Footdavant\/","https:\/\/twitter.com\/FootdavantFr","https:\/\/www.instagram.com\/footdavant.fr\/"]},{"@type":"Person","@id":"https:\/\/footdavant.fr\/actualites\/#\/schema\/person\/bc222566d95871b37e597b3ed3ba5e1d","name":"Cl\u00e9ment","image":{"@type":"ImageObject","inLanguage":"fr-FR","@id":"https:\/\/footdavant.fr\/actualites\/#\/schema\/person\/image\/","url":"https:\/\/secure.gravatar.com\/avatar\/7728b29aac2719421e1a9159b2254c44?s=96&d=mm&r=g","contentUrl":"https:\/\/secure.gravatar.com\/avatar\/7728b29aac2719421e1a9159b2254c44?s=96&d=mm&r=g","caption":"Cl\u00e9ment"},"sameAs":["https:\/\/footdavant.fr\/"]}]}},"_links":{"self":[{"href":"https:\/\/footdavant.fr\/actualites\/wp-json\/wp\/v2\/posts\/36114"}],"collection":[{"href":"https:\/\/footdavant.fr\/actualites\/wp-json\/wp\/v2\/posts"}],"about":[{"href":"https:\/\/footdavant.fr\/actualites\/wp-json\/wp\/v2\/types\/post"}],"author":[{"embeddable":true,"href":"https:\/\/footdavant.fr\/actualites\/wp-json\/wp\/v2\/users\/1"}],"replies":[{"embeddable":true,"href":"https:\/\/footdavant.fr\/actualites\/wp-json\/wp\/v2\/comments?post=36114"}],"version-history":[{"count":1,"href":"https:\/\/footdavant.fr\/actualites\/wp-json\/wp\/v2\/posts\/36114\/revisions"}],"predecessor-version":[{"id":36116,"href":"https:\/\/footdavant.fr\/actualites\/wp-json\/wp\/v2\/posts\/36114\/revisions\/36116"}],"wp:featuredmedia":[{"embeddable":true,"href":"https:\/\/footdavant.fr\/actualites\/wp-json\/wp\/v2\/media\/36115"}],"wp:attachment":[{"href":"https:\/\/footdavant.fr\/actualites\/wp-json\/wp\/v2\/media?parent=36114"}],"wp:term":[{"taxonomy":"category","embeddable":true,"href":"https:\/\/footdavant.fr\/actualites\/wp-json\/wp\/v2\/categories?post=36114"},{"taxonomy":"post_tag","embeddable":true,"href":"https:\/\/footdavant.fr\/actualites\/wp-json\/wp\/v2\/tags?post=36114"}],"curies":[{"name":"wp","href":"https:\/\/api.w.org\/{rel}","templated":true}]}}