{"id":36117,"date":"2026-04-04T14:48:08","date_gmt":"2026-04-04T12:48:08","guid":{"rendered":"https:\/\/footdavant.fr\/actualites\/nouvelles-du-transfert-de-man-city-la-position-du-bayern-munich-sur-lattaquant-de-70-millions-de-livres-sterling-revelee\/"},"modified":"2026-04-04T14:48:10","modified_gmt":"2026-04-04T12:48:10","slug":"nouvelles-du-transfert-de-man-city-la-position-du-bayern-munich-sur-lattaquant-de-70-millions-de-livres-sterling-revelee","status":"publish","type":"post","link":"https:\/\/footdavant.fr\/actualites\/nouvelles-du-transfert-de-man-city-la-position-du-bayern-munich-sur-lattaquant-de-70-millions-de-livres-sterling-revelee\/","title":{"rendered":"Nouvelles du transfert de Man City: la \u00ab position \u00bb du Bayern Munich sur l\u2019attaquant de 70 millions de livres sterling r\u00e9v\u00e9l\u00e9e"},"content":{"rendered":"<div itemprop=\"articleBody\">\n<p data-end=\"203\" data-start=\"0\">Le Bayern Munich a \u00e9t\u00e9 associ\u00e9 \u00e0 une d\u00e9cision de Phil Foden avant le mercato d&#39;\u00e9t\u00e9, bien que leurs plans de transfert r\u00e9els puissent se situer ailleurs.<\/p>\n<p data-end=\"352\" data-start=\"205\">Produit de l&#39;acad\u00e9mie de Manchester City, Foden a disput\u00e9 360 matches et marqu\u00e9 110 buts depuis ses d\u00e9buts senior en 2017.<\/p>\n<p data-end=\"509\" data-start=\"354\">Le joueur de 25 ans n&#39;a pas \u00e9t\u00e9 \u00e0 son meilleur niveau cette saison, mais affiche toujours un retour respectable de 10 buts et cinq passes d\u00e9cisives toutes comp\u00e9titions confondues.<\/p>\n<p data-end=\"667\" data-start=\"511\">Les sp\u00e9culations sur son avenir se sont multipli\u00e9es au milieu de l\u2019int\u00e9r\u00eat manifest\u00e9 par le Bayern, bien que City s\u2019efforcerait de lui garantir un nouvel accord \u00e0 long terme.<\/p>\n<p data-end=\"802\" data-start=\"669\">De nouvelles n\u00e9gociations auraient eu lieu, avec une confiance croissante quant \u00e0 la possibilit\u00e9 de parvenir \u00e0 un accord avant la fin de la saison.<\/p>\n<h2>Le Bayern est-il int\u00e9ress\u00e9 par la signature de Foden ? <\/h2>\n<div>\n<div>\n<div>\n<div>\n<div>\n<div>\n<div>\n<div>\n<p>\u00a9 Imago \/ Images de sports professionnels<\/p>\n<\/div>\n<\/div>\n<\/div>\n<\/div>\n<\/div>\n<\/div>\n<\/div>\n<\/div>\n<p data-end=\"1008\" data-start=\"804\">L&#39;int\u00e9r\u00eat du Bayern est compr\u00e9hensible, surtout compte tenu de l&#39;admiration de Vincent Kompany pour le joueur, ayant d\u00e9j\u00e0 partag\u00e9 le vestiaire avec lui lors de son s\u00e9jour \u00e0 City.<\/p>\n<p data-end=\"1143\" data-start=\"1010\">Cependant, selon <em>Christian Falk<\/em>le Bayern n&#39;est engag\u00e9 dans aucune d\u00e9marche concr\u00e8te pour signer Foden cet \u00e9t\u00e9.<\/p>\n<p data-end=\"1323\" data-start=\"1145\">L&#39;international anglais reste sous contrat jusqu&#39;en 2027 et est \u00e9valu\u00e9 \u00e0 environ 70 millions de livres sterling, un chiffre consid\u00e9r\u00e9 comme d\u00e9passant le budget actuel du Bayern pour un milieu de terrain offensif.<\/p>\n<h2>Pourquoi Phil Foden n&#39;est pas n\u00e9cessaire au Bayern Munich <\/h2>\n<div>\n<div>\n<div>\n<div>\n<div>\n<div>\n<div>\n<div><img decoding=\"async\" data-img-id=\"157855\" class=\"lazy\" loading=\"lazy\" src=\"https:\/\/footdavant.fr\/actualites\/wp-content\/uploads\/2026\/04\/1775306888_616_Nouvelles-du-transfert-de-Man-City-la-position.webp\"\/><\/p>\n<p>\u00a9 Iconsport \/ DeFodi Images<\/p>\n<\/div>\n<\/div>\n<\/div>\n<\/div>\n<\/div>\n<\/div>\n<\/div>\n<\/div>\n<p data-end=\"1471\" data-start=\"1325\">La polyvalence de Foden lui permet d&#39;op\u00e9rer sur le flanc droit ou dans un r\u00f4le offensif central, mais le Bayern est d\u00e9j\u00e0 bien \u00e9quip\u00e9 dans ces domaines.<\/p>\n<p data-end=\"247\" data-start=\"0\">Michael Olise reste l&#39;option de premier choix \u00e0 droite, tandis que le talent montant Lennart Karl s&#39;est \u00e9galement impos\u00e9 comme un candidat fiable avec un brillant avenir au Bayern.<\/p>\n<p data-end=\"500\" data-is-last-node=\"\" data-is-only-node=\"\" data-start=\"249\">Pendant ce temps, Serge Gnabry et Jamal Musiala devraient op\u00e9rer derri\u00e8re Harry Kane, laissant peu besoin de renfort \u00e0 la position de Foden.<\/p>\n<p data-end=\"1866\" data-is-last-node=\"\" data-is-only-node=\"\" data-start=\"1669\">Au lieu de cela, le Bayern donne la priorit\u00e9 \u00e0 une option de sauvegarde sur l&#39;aile gauche pour soutenir Luis Diaz, de pr\u00e9f\u00e9rence une recrue discr\u00e8te pr\u00eate \u00e0 accepter un r\u00f4le secondaire dans l&#39;\u00e9quipe.<\/p>\n<\/div>\n","protected":false},"excerpt":{"rendered":"<p>Le Bayern Munich a \u00e9t\u00e9 associ\u00e9 \u00e0 une d\u00e9cision de Phil Foden avant le mercato d&#39;\u00e9t\u00e9, bien que leurs plans de transfert r\u00e9els puissent se<\/p>\n","protected":false},"author":1,"featured_media":36118,"comment_status":"closed","ping_status":"","sticky":false,"template":"","format":"standard","meta":{"footnotes":""},"categories":[5],"tags":[340,27,427,115,24,114,341,461,2283,4750,116,103,700],"yoast_head":"<!-- This site is optimized with the Yoast SEO plugin v21.0 - https:\/\/yoast.com\/wordpress\/plugins\/seo\/ -->\n<title>Nouvelles du transfert de Man City: la \u00ab position \u00bb du Bayern Munich sur l\u2019attaquant de 70 millions de livres sterling r\u00e9v\u00e9l\u00e9e<\/title>\n<meta name=\"robots\" content=\"index, follow, max-snippet:-1, max-image-preview:large, max-video-preview:-1\" \/>\n<link rel=\"canonical\" href=\"https:\/\/footdavant.fr\/actualites\/nouvelles-du-transfert-de-man-city-la-position-du-bayern-munich-sur-lattaquant-de-70-millions-de-livres-sterling-revelee\/\" \/>\n<meta property=\"og:locale\" content=\"fr_FR\" \/>\n<meta property=\"og:type\" content=\"article\" \/>\n<meta property=\"og:title\" content=\"Nouvelles du transfert de Man City: la \u00ab position \u00bb du Bayern Munich sur l\u2019attaquant de 70 millions de livres sterling r\u00e9v\u00e9l\u00e9e\" \/>\n<meta property=\"og:description\" content=\"Le Bayern Munich a \u00e9t\u00e9 associ\u00e9 \u00e0 une d\u00e9cision de Phil Foden avant le mercato d&#039;\u00e9t\u00e9, bien que leurs plans de transfert r\u00e9els puissent se\" \/>\n<meta property=\"og:url\" content=\"https:\/\/footdavant.fr\/actualites\/nouvelles-du-transfert-de-man-city-la-position-du-bayern-munich-sur-lattaquant-de-70-millions-de-livres-sterling-revelee\/\" \/>\n<meta property=\"og:site_name\" content=\"Foot d&#039;avant\" \/>\n<meta property=\"article:publisher\" content=\"https:\/\/www.facebook.com\/Footdavant\/\" \/>\n<meta property=\"article:published_time\" content=\"2026-04-04T12:48:08+00:00\" \/>\n<meta property=\"article:modified_time\" content=\"2026-04-04T12:48:10+00:00\" \/>\n<meta property=\"og:image\" content=\"https:\/\/footdavant.fr\/actualites\/wp-content\/uploads\/2026\/04\/Nouvelles-du-transfert-de-Man-City-la-position.net2Fuploads2F20262F032Fphil-foden-man-c.webp\" \/>\n\t<meta property=\"og:image:width\" content=\"720\" \/>\n\t<meta property=\"og:image:height\" content=\"410\" \/>\n\t<meta property=\"og:image:type\" content=\"image\/webp\" \/>\n<meta name=\"author\" content=\"Cl\u00e9ment\" \/>\n<meta name=\"twitter:card\" content=\"summary_large_image\" \/>\n<meta name=\"twitter:creator\" content=\"@FootdavantFr\" \/>\n<meta name=\"twitter:site\" content=\"@FootdavantFr\" \/>\n<meta name=\"twitter:label1\" content=\"\u00c9crit par\" \/>\n\t<meta name=\"twitter:data1\" content=\"Cl\u00e9ment\" \/>\n\t<meta name=\"twitter:label2\" content=\"Dur\u00e9e de lecture estim\u00e9e\" \/>\n\t<meta name=\"twitter:data2\" content=\"2 minutes\" \/>\n<script type=\"application\/ld+json\" class=\"yoast-schema-graph\">{\"@context\":\"https:\/\/schema.org\",\"@graph\":[{\"@type\":\"Article\",\"@id\":\"https:\/\/footdavant.fr\/actualites\/nouvelles-du-transfert-de-man-city-la-position-du-bayern-munich-sur-lattaquant-de-70-millions-de-livres-sterling-revelee\/#article\",\"isPartOf\":{\"@id\":\"https:\/\/footdavant.fr\/actualites\/nouvelles-du-transfert-de-man-city-la-position-du-bayern-munich-sur-lattaquant-de-70-millions-de-livres-sterling-revelee\/\"},\"author\":{\"name\":\"Cl\u00e9ment\",\"@id\":\"https:\/\/footdavant.fr\/actualites\/#\/schema\/person\/bc222566d95871b37e597b3ed3ba5e1d\"},\"headline\":\"Nouvelles du transfert de Man City: la \u00ab position \u00bb du Bayern Munich sur l\u2019attaquant de 70 millions de livres sterling r\u00e9v\u00e9l\u00e9e\",\"datePublished\":\"2026-04-04T12:48:08+00:00\",\"dateModified\":\"2026-04-04T12:48:10+00:00\",\"mainEntityOfPage\":{\"@id\":\"https:\/\/footdavant.fr\/actualites\/nouvelles-du-transfert-de-man-city-la-position-du-bayern-munich-sur-lattaquant-de-70-millions-de-livres-sterling-revelee\/\"},\"wordCount\":402,\"publisher\":{\"@id\":\"https:\/\/footdavant.fr\/actualites\/#organization\"},\"keywords\":[\"Bayern\",\"City\",\"lattaquant\",\"livres\",\"Man\",\"millions\",\"Munich\",\"Nouvelles\",\"position\",\"r\u00e9v\u00e9l\u00e9e\",\"sterling\",\"sur\",\"transfert\"],\"articleSection\":[\"Premier League\"],\"inLanguage\":\"fr-FR\"},{\"@type\":\"WebPage\",\"@id\":\"https:\/\/footdavant.fr\/actualites\/nouvelles-du-transfert-de-man-city-la-position-du-bayern-munich-sur-lattaquant-de-70-millions-de-livres-sterling-revelee\/\",\"url\":\"https:\/\/footdavant.fr\/actualites\/nouvelles-du-transfert-de-man-city-la-position-du-bayern-munich-sur-lattaquant-de-70-millions-de-livres-sterling-revelee\/\",\"name\":\"Nouvelles du transfert de Man City: la \u00ab position \u00bb du Bayern Munich sur l\u2019attaquant de 70 millions de livres sterling r\u00e9v\u00e9l\u00e9e\",\"isPartOf\":{\"@id\":\"https:\/\/footdavant.fr\/actualites\/#website\"},\"datePublished\":\"2026-04-04T12:48:08+00:00\",\"dateModified\":\"2026-04-04T12:48:10+00:00\",\"breadcrumb\":{\"@id\":\"https:\/\/footdavant.fr\/actualites\/nouvelles-du-transfert-de-man-city-la-position-du-bayern-munich-sur-lattaquant-de-70-millions-de-livres-sterling-revelee\/#breadcrumb\"},\"inLanguage\":\"fr-FR\",\"potentialAction\":[{\"@type\":\"ReadAction\",\"target\":[\"https:\/\/footdavant.fr\/actualites\/nouvelles-du-transfert-de-man-city-la-position-du-bayern-munich-sur-lattaquant-de-70-millions-de-livres-sterling-revelee\/\"]}]},{\"@type\":\"BreadcrumbList\",\"@id\":\"https:\/\/footdavant.fr\/actualites\/nouvelles-du-transfert-de-man-city-la-position-du-bayern-munich-sur-lattaquant-de-70-millions-de-livres-sterling-revelee\/#breadcrumb\",\"itemListElement\":[{\"@type\":\"ListItem\",\"position\":1,\"name\":\"Accueil\",\"item\":\"https:\/\/footdavant.fr\/actualites\/\"},{\"@type\":\"ListItem\",\"position\":2,\"name\":\"Nouvelles du transfert de Man City: la \u00ab position \u00bb du Bayern Munich sur l\u2019attaquant de 70 millions de livres sterling r\u00e9v\u00e9l\u00e9e\"}]},{\"@type\":\"WebSite\",\"@id\":\"https:\/\/footdavant.fr\/actualites\/#website\",\"url\":\"https:\/\/footdavant.fr\/actualites\/\",\"name\":\"Foot d'avant\",\"description\":\"\",\"publisher\":{\"@id\":\"https:\/\/footdavant.fr\/actualites\/#organization\"},\"potentialAction\":[{\"@type\":\"SearchAction\",\"target\":{\"@type\":\"EntryPoint\",\"urlTemplate\":\"https:\/\/footdavant.fr\/actualites\/?s={search_term_string}\"},\"query-input\":\"required name=search_term_string\"}],\"inLanguage\":\"fr-FR\"},{\"@type\":\"Organization\",\"@id\":\"https:\/\/footdavant.fr\/actualites\/#organization\",\"name\":\"Foot d'avant\",\"url\":\"https:\/\/footdavant.fr\/actualites\/\",\"logo\":{\"@type\":\"ImageObject\",\"inLanguage\":\"fr-FR\",\"@id\":\"https:\/\/footdavant.fr\/actualites\/#\/schema\/logo\/image\/\",\"url\":\"https:\/\/footdavant.fr\/actualites\/wp-content\/uploads\/2023\/09\/Copy-of-FootDavant-Logo.png\",\"contentUrl\":\"https:\/\/footdavant.fr\/actualites\/wp-content\/uploads\/2023\/09\/Copy-of-FootDavant-Logo.png\",\"width\":936,\"height\":549,\"caption\":\"Foot d'avant\"},\"image\":{\"@id\":\"https:\/\/footdavant.fr\/actualites\/#\/schema\/logo\/image\/\"},\"sameAs\":[\"https:\/\/www.facebook.com\/Footdavant\/\",\"https:\/\/twitter.com\/FootdavantFr\",\"https:\/\/www.instagram.com\/footdavant.fr\/\"]},{\"@type\":\"Person\",\"@id\":\"https:\/\/footdavant.fr\/actualites\/#\/schema\/person\/bc222566d95871b37e597b3ed3ba5e1d\",\"name\":\"Cl\u00e9ment\",\"image\":{\"@type\":\"ImageObject\",\"inLanguage\":\"fr-FR\",\"@id\":\"https:\/\/footdavant.fr\/actualites\/#\/schema\/person\/image\/\",\"url\":\"https:\/\/secure.gravatar.com\/avatar\/7728b29aac2719421e1a9159b2254c44?s=96&d=mm&r=g\",\"contentUrl\":\"https:\/\/secure.gravatar.com\/avatar\/7728b29aac2719421e1a9159b2254c44?s=96&d=mm&r=g\",\"caption\":\"Cl\u00e9ment\"},\"sameAs\":[\"https:\/\/footdavant.fr\/\"]}]}<\/script>\n<!-- \/ Yoast SEO plugin. -->","yoast_head_json":{"title":"Nouvelles du transfert de Man City: la \u00ab position \u00bb du Bayern Munich sur l\u2019attaquant de 70 millions de livres sterling r\u00e9v\u00e9l\u00e9e","robots":{"index":"index","follow":"follow","max-snippet":"max-snippet:-1","max-image-preview":"max-image-preview:large","max-video-preview":"max-video-preview:-1"},"canonical":"https:\/\/footdavant.fr\/actualites\/nouvelles-du-transfert-de-man-city-la-position-du-bayern-munich-sur-lattaquant-de-70-millions-de-livres-sterling-revelee\/","og_locale":"fr_FR","og_type":"article","og_title":"Nouvelles du transfert de Man City: la \u00ab position \u00bb du Bayern Munich sur l\u2019attaquant de 70 millions de livres sterling r\u00e9v\u00e9l\u00e9e","og_description":"Le Bayern Munich a \u00e9t\u00e9 associ\u00e9 \u00e0 une d\u00e9cision de Phil Foden avant le mercato d&#39;\u00e9t\u00e9, bien que leurs plans de transfert r\u00e9els puissent se","og_url":"https:\/\/footdavant.fr\/actualites\/nouvelles-du-transfert-de-man-city-la-position-du-bayern-munich-sur-lattaquant-de-70-millions-de-livres-sterling-revelee\/","og_site_name":"Foot d&#039;avant","article_publisher":"https:\/\/www.facebook.com\/Footdavant\/","article_published_time":"2026-04-04T12:48:08+00:00","article_modified_time":"2026-04-04T12:48:10+00:00","og_image":[{"width":720,"height":410,"url":"https:\/\/footdavant.fr\/actualites\/wp-content\/uploads\/2026\/04\/Nouvelles-du-transfert-de-Man-City-la-position.net2Fuploads2F20262F032Fphil-foden-man-c.webp","type":"image\/webp"}],"author":"Cl\u00e9ment","twitter_card":"summary_large_image","twitter_creator":"@FootdavantFr","twitter_site":"@FootdavantFr","twitter_misc":{"\u00c9crit par":"Cl\u00e9ment","Dur\u00e9e de lecture estim\u00e9e":"2 minutes"},"schema":{"@context":"https:\/\/schema.org","@graph":[{"@type":"Article","@id":"https:\/\/footdavant.fr\/actualites\/nouvelles-du-transfert-de-man-city-la-position-du-bayern-munich-sur-lattaquant-de-70-millions-de-livres-sterling-revelee\/#article","isPartOf":{"@id":"https:\/\/footdavant.fr\/actualites\/nouvelles-du-transfert-de-man-city-la-position-du-bayern-munich-sur-lattaquant-de-70-millions-de-livres-sterling-revelee\/"},"author":{"name":"Cl\u00e9ment","@id":"https:\/\/footdavant.fr\/actualites\/#\/schema\/person\/bc222566d95871b37e597b3ed3ba5e1d"},"headline":"Nouvelles du transfert de Man City: la \u00ab position \u00bb du Bayern Munich sur l\u2019attaquant de 70 millions de livres sterling r\u00e9v\u00e9l\u00e9e","datePublished":"2026-04-04T12:48:08+00:00","dateModified":"2026-04-04T12:48:10+00:00","mainEntityOfPage":{"@id":"https:\/\/footdavant.fr\/actualites\/nouvelles-du-transfert-de-man-city-la-position-du-bayern-munich-sur-lattaquant-de-70-millions-de-livres-sterling-revelee\/"},"wordCount":402,"publisher":{"@id":"https:\/\/footdavant.fr\/actualites\/#organization"},"keywords":["Bayern","City","lattaquant","livres","Man","millions","Munich","Nouvelles","position","r\u00e9v\u00e9l\u00e9e","sterling","sur","transfert"],"articleSection":["Premier League"],"inLanguage":"fr-FR"},{"@type":"WebPage","@id":"https:\/\/footdavant.fr\/actualites\/nouvelles-du-transfert-de-man-city-la-position-du-bayern-munich-sur-lattaquant-de-70-millions-de-livres-sterling-revelee\/","url":"https:\/\/footdavant.fr\/actualites\/nouvelles-du-transfert-de-man-city-la-position-du-bayern-munich-sur-lattaquant-de-70-millions-de-livres-sterling-revelee\/","name":"Nouvelles du transfert de Man City: la \u00ab position \u00bb du Bayern Munich sur l\u2019attaquant de 70 millions de livres sterling r\u00e9v\u00e9l\u00e9e","isPartOf":{"@id":"https:\/\/footdavant.fr\/actualites\/#website"},"datePublished":"2026-04-04T12:48:08+00:00","dateModified":"2026-04-04T12:48:10+00:00","breadcrumb":{"@id":"https:\/\/footdavant.fr\/actualites\/nouvelles-du-transfert-de-man-city-la-position-du-bayern-munich-sur-lattaquant-de-70-millions-de-livres-sterling-revelee\/#breadcrumb"},"inLanguage":"fr-FR","potentialAction":[{"@type":"ReadAction","target":["https:\/\/footdavant.fr\/actualites\/nouvelles-du-transfert-de-man-city-la-position-du-bayern-munich-sur-lattaquant-de-70-millions-de-livres-sterling-revelee\/"]}]},{"@type":"BreadcrumbList","@id":"https:\/\/footdavant.fr\/actualites\/nouvelles-du-transfert-de-man-city-la-position-du-bayern-munich-sur-lattaquant-de-70-millions-de-livres-sterling-revelee\/#breadcrumb","itemListElement":[{"@type":"ListItem","position":1,"name":"Accueil","item":"https:\/\/footdavant.fr\/actualites\/"},{"@type":"ListItem","position":2,"name":"Nouvelles du transfert de Man City: la \u00ab position \u00bb du Bayern Munich sur l\u2019attaquant de 70 millions de livres sterling r\u00e9v\u00e9l\u00e9e"}]},{"@type":"WebSite","@id":"https:\/\/footdavant.fr\/actualites\/#website","url":"https:\/\/footdavant.fr\/actualites\/","name":"Foot d'avant","description":"","publisher":{"@id":"https:\/\/footdavant.fr\/actualites\/#organization"},"potentialAction":[{"@type":"SearchAction","target":{"@type":"EntryPoint","urlTemplate":"https:\/\/footdavant.fr\/actualites\/?s={search_term_string}"},"query-input":"required name=search_term_string"}],"inLanguage":"fr-FR"},{"@type":"Organization","@id":"https:\/\/footdavant.fr\/actualites\/#organization","name":"Foot d'avant","url":"https:\/\/footdavant.fr\/actualites\/","logo":{"@type":"ImageObject","inLanguage":"fr-FR","@id":"https:\/\/footdavant.fr\/actualites\/#\/schema\/logo\/image\/","url":"https:\/\/footdavant.fr\/actualites\/wp-content\/uploads\/2023\/09\/Copy-of-FootDavant-Logo.png","contentUrl":"https:\/\/footdavant.fr\/actualites\/wp-content\/uploads\/2023\/09\/Copy-of-FootDavant-Logo.png","width":936,"height":549,"caption":"Foot d'avant"},"image":{"@id":"https:\/\/footdavant.fr\/actualites\/#\/schema\/logo\/image\/"},"sameAs":["https:\/\/www.facebook.com\/Footdavant\/","https:\/\/twitter.com\/FootdavantFr","https:\/\/www.instagram.com\/footdavant.fr\/"]},{"@type":"Person","@id":"https:\/\/footdavant.fr\/actualites\/#\/schema\/person\/bc222566d95871b37e597b3ed3ba5e1d","name":"Cl\u00e9ment","image":{"@type":"ImageObject","inLanguage":"fr-FR","@id":"https:\/\/footdavant.fr\/actualites\/#\/schema\/person\/image\/","url":"https:\/\/secure.gravatar.com\/avatar\/7728b29aac2719421e1a9159b2254c44?s=96&d=mm&r=g","contentUrl":"https:\/\/secure.gravatar.com\/avatar\/7728b29aac2719421e1a9159b2254c44?s=96&d=mm&r=g","caption":"Cl\u00e9ment"},"sameAs":["https:\/\/footdavant.fr\/"]}]}},"_links":{"self":[{"href":"https:\/\/footdavant.fr\/actualites\/wp-json\/wp\/v2\/posts\/36117"}],"collection":[{"href":"https:\/\/footdavant.fr\/actualites\/wp-json\/wp\/v2\/posts"}],"about":[{"href":"https:\/\/footdavant.fr\/actualites\/wp-json\/wp\/v2\/types\/post"}],"author":[{"embeddable":true,"href":"https:\/\/footdavant.fr\/actualites\/wp-json\/wp\/v2\/users\/1"}],"replies":[{"embeddable":true,"href":"https:\/\/footdavant.fr\/actualites\/wp-json\/wp\/v2\/comments?post=36117"}],"version-history":[{"count":1,"href":"https:\/\/footdavant.fr\/actualites\/wp-json\/wp\/v2\/posts\/36117\/revisions"}],"predecessor-version":[{"id":36119,"href":"https:\/\/footdavant.fr\/actualites\/wp-json\/wp\/v2\/posts\/36117\/revisions\/36119"}],"wp:featuredmedia":[{"embeddable":true,"href":"https:\/\/footdavant.fr\/actualites\/wp-json\/wp\/v2\/media\/36118"}],"wp:attachment":[{"href":"https:\/\/footdavant.fr\/actualites\/wp-json\/wp\/v2\/media?parent=36117"}],"wp:term":[{"taxonomy":"category","embeddable":true,"href":"https:\/\/footdavant.fr\/actualites\/wp-json\/wp\/v2\/categories?post=36117"},{"taxonomy":"post_tag","embeddable":true,"href":"https:\/\/footdavant.fr\/actualites\/wp-json\/wp\/v2\/tags?post=36117"}],"curies":[{"name":"wp","href":"https:\/\/api.w.org\/{rel}","templated":true}]}}