{"id":36120,"date":"2026-04-04T16:48:09","date_gmt":"2026-04-04T14:48:09","guid":{"rendered":"https:\/\/footdavant.fr\/actualites\/la-destination-de-transfert-preferee-de-sandro-tonali-emerge-alors-que-united-se-cache\/"},"modified":"2026-04-04T16:48:10","modified_gmt":"2026-04-04T14:48:10","slug":"la-destination-de-transfert-preferee-de-sandro-tonali-emerge-alors-que-united-se-cache","status":"publish","type":"post","link":"https:\/\/footdavant.fr\/actualites\/la-destination-de-transfert-preferee-de-sandro-tonali-emerge-alors-que-united-se-cache\/","title":{"rendered":"La destination de transfert pr\u00e9f\u00e9r\u00e9e de Sandro Tonali \u00e9merge alors que United se cache \u2013"},"content":{"rendered":"<div id=\"penci-post-entry-inner\">\n<p>\t\t\t<i class=\"penci-post-countview-number-check\" style=\"display:none\">1<\/i><\/p>\n<p><!--Article Start--><br \/>La destination de transfert pr\u00e9f\u00e9r\u00e9e du milieu de terrain de Newcastle, Sandro Tonali, a d\u00e9sormais \u00e9t\u00e9 nomm\u00e9e, alors m\u00eame que Manchester United tourne autour de lui avant la prochaine fen\u00eatre.<\/p>\n<h3>Cible prioritaire<\/h3>\n<p>On pense que United donne la priorit\u00e9 aux renforts au milieu de terrain cet \u00e9t\u00e9. Casemiro a confirm\u00e9 qu&#39;il quitterait le club \u00e0 la fin de la saison et il n&#39;est pas pr\u00e9vu de revenir sur cette d\u00e9cision, malgr\u00e9 l&#39;am\u00e9lioration drastique de ses performances depuis l&#39;arriv\u00e9e de Michael Carrick.<\/p>\n<p>Le d\u00e9part imminent de Casemiro, combin\u00e9 \u00e0 l&#39;incertitude entourant l&#39;avenir de Manuel Ugarte, n&#39;a fait qu&#39;accro\u00eetre le besoin de United en termes d&#39;ajouts au milieu du parc.<\/p>\n<p>United \u00e9value un certain nombre d&#39;options, notamment Tonali, Elliot Anderson (Nottingham Forest), Carlos Baleba (Brighton &#038; Hove Albion) et Adam Wharton (Crystal Palace).<\/p>\n<p>Cependant, un rapport couvert par The Peoples Person a indiqu\u00e9 que Tonali \u00e9tait la principale cible de United. Il a toujours impressionn\u00e9 depuis qu&#39;il a rejoint Newcastle en provenance de l&#39;AC Milan en juillet 2023. Les Magpies sont sur le point de rater la qualification en Ligue des champions et il semble que Tonali soit pr\u00eat \u00e0 se s\u00e9parer et \u00e0 franchir la prochaine \u00e9tape de sa carri\u00e8re.<\/p>\n<p>Newcastle planifierait une refonte massive, qui pourrait profiter \u00e0 United \u00e9tant donn\u00e9 que Tonali est l&#39;un de leurs atouts les plus pr\u00e9cieux.<\/p>\n<p>Il a \u00e9t\u00e9 indiqu\u00e9 que Tonali serait dispos\u00e9 \u00e0 sceller un transfert \u00e0 Old Trafford, mais TEAMtalk offre un point de vue diff\u00e9rent, indiquant que sa pr\u00e9f\u00e9rence serait de retourner en Italie. La Juventus garde un \u0153il sur le joueur.<\/p>\n<h3>La position de Tonali<\/h3>\n<p>Selon TEAMtalk, la Juventus a fait un \u00ab nouvel effort \u00bb cette semaine pour tenter d&#39;obtenir les services de Tonali.<\/p>\n<p>Le m\u00e9dia d\u00e9clare en outre : \u00ab\u00a0Les Bianconeri, admirateurs de longue date du milieu de terrain des Azzurri, 31 fois s\u00e9lectionn\u00e9, pensent que Tonali nourrit un r\u00e9el d\u00e9sir de revenir en Serie A et des sources sugg\u00e8rent que ce souhait, consid\u00e9r\u00e9 comme l&#39;id\u00e9al du joueur, donne \u00e0 la Juve une chance de transfert.\u00a0\u00bb<\/p>\n<p>\u00ab\u00a0Tonali lui-m\u00eame a parl\u00e9 positivement de la vie \u00e0 St James&#39; Park. Pourtant, l&#39;attrait d&#39;un retour en Italie reste un facteur sentimental et fort&#8230;\u00a0\u00bb<\/p>\n<p>Il est entendu que le principal obstacle pour la Juventus est la valorisation de Tonali par Newcastle. Le club de Tyneside veut jusqu&#39;\u00e0 100 millions de livres sterling pour le joueur de 25 ans, un chiffre qui d\u00e9passe tout simplement les capacit\u00e9s de la vieille dame. Newcastle n&#39;a aucune envie de perdre Tonali mais les circonstances pourraient finalement les forcer \u00e0 le laisser partir.<\/p>\n<p>TEAMtalk ajoute que la poursuite de Tonali par United n&#39;est pas aussi forte qu&#39;on le pr\u00e9tend dans certains milieux, et les Diables Rouges pourraient d\u00e9j\u00e0 d\u00e9placer leur attention ailleurs. United ne veut pas payer trop cher et il est peu probable qu&#39;il atteigne le prix demand\u00e9 par Newcastle.<\/p>\n<p>Les autres destinations potentielles pour Tonali sont Manchester City et Arsenal, les deux clubs le surveillant avant un mercato estival qui promet de nombreux rebondissements.<\/p>\n<\/p>\n<hr\/>\n<p>The Peoples Person est l&#39;un des principaux sites d&#39;information de Man United au monde depuis plus d&#39;une d\u00e9cennie. Suivez-nous sur Bluesky\u00a0: @peoplesperson.bsky.social<\/p>\n<p><!-- CONTENT END 2 --><\/p><\/div>\n","protected":false},"excerpt":{"rendered":"<p>1 La destination de transfert pr\u00e9f\u00e9r\u00e9e du milieu de terrain de Newcastle, Sandro Tonali, a d\u00e9sormais \u00e9t\u00e9 nomm\u00e9e, alors m\u00eame que Manchester United tourne autour<\/p>\n","protected":false},"author":1,"featured_media":36098,"comment_status":"closed","ping_status":"","sticky":false,"template":"","format":"standard","meta":{"footnotes":""},"categories":[3],"tags":[318,9084,8881,5267,5134,329,330,700,13],"yoast_head":"<!-- This site is optimized with the Yoast SEO plugin v21.0 - https:\/\/yoast.com\/wordpress\/plugins\/seo\/ -->\n<title>La destination de transfert pr\u00e9f\u00e9r\u00e9e de Sandro Tonali \u00e9merge alors que United se cache \u2013<\/title>\n<meta name=\"robots\" content=\"index, follow, max-snippet:-1, max-image-preview:large, max-video-preview:-1\" \/>\n<link rel=\"canonical\" href=\"https:\/\/footdavant.fr\/actualites\/la-destination-de-transfert-preferee-de-sandro-tonali-emerge-alors-que-united-se-cache\/\" \/>\n<meta property=\"og:locale\" content=\"fr_FR\" \/>\n<meta property=\"og:type\" content=\"article\" \/>\n<meta property=\"og:title\" content=\"La destination de transfert pr\u00e9f\u00e9r\u00e9e de Sandro Tonali \u00e9merge alors que United se cache \u2013\" \/>\n<meta property=\"og:description\" content=\"1 La destination de transfert pr\u00e9f\u00e9r\u00e9e du milieu de terrain de Newcastle, Sandro Tonali, a d\u00e9sormais \u00e9t\u00e9 nomm\u00e9e, alors m\u00eame que Manchester United tourne autour\" \/>\n<meta property=\"og:url\" content=\"https:\/\/footdavant.fr\/actualites\/la-destination-de-transfert-preferee-de-sandro-tonali-emerge-alors-que-united-se-cache\/\" \/>\n<meta property=\"og:site_name\" content=\"Foot d&#039;avant\" \/>\n<meta property=\"article:publisher\" content=\"https:\/\/www.facebook.com\/Footdavant\/\" \/>\n<meta property=\"article:published_time\" content=\"2026-04-04T14:48:09+00:00\" \/>\n<meta property=\"article:modified_time\" content=\"2026-04-04T14:48:10+00:00\" \/>\n<meta property=\"og:image\" content=\"https:\/\/footdavant.fr\/actualites\/wp-content\/uploads\/2026\/04\/Sandro-Tonali-L39opportunite-que-United-pourrait-saisir-alors-que-Newcastle.jpg\" \/>\n\t<meta property=\"og:image:width\" content=\"1200\" \/>\n\t<meta property=\"og:image:height\" content=\"675\" \/>\n\t<meta property=\"og:image:type\" content=\"image\/jpeg\" \/>\n<meta name=\"author\" content=\"Cl\u00e9ment\" \/>\n<meta name=\"twitter:card\" content=\"summary_large_image\" \/>\n<meta name=\"twitter:creator\" content=\"@FootdavantFr\" \/>\n<meta name=\"twitter:site\" content=\"@FootdavantFr\" \/>\n<meta name=\"twitter:label1\" content=\"\u00c9crit par\" \/>\n\t<meta name=\"twitter:data1\" content=\"Cl\u00e9ment\" \/>\n\t<meta name=\"twitter:label2\" content=\"Dur\u00e9e de lecture estim\u00e9e\" \/>\n\t<meta name=\"twitter:data2\" content=\"3 minutes\" \/>\n<script type=\"application\/ld+json\" class=\"yoast-schema-graph\">{\"@context\":\"https:\/\/schema.org\",\"@graph\":[{\"@type\":\"Article\",\"@id\":\"https:\/\/footdavant.fr\/actualites\/la-destination-de-transfert-preferee-de-sandro-tonali-emerge-alors-que-united-se-cache\/#article\",\"isPartOf\":{\"@id\":\"https:\/\/footdavant.fr\/actualites\/la-destination-de-transfert-preferee-de-sandro-tonali-emerge-alors-que-united-se-cache\/\"},\"author\":{\"name\":\"Cl\u00e9ment\",\"@id\":\"https:\/\/footdavant.fr\/actualites\/#\/schema\/person\/bc222566d95871b37e597b3ed3ba5e1d\"},\"headline\":\"La destination de transfert pr\u00e9f\u00e9r\u00e9e de Sandro Tonali \u00e9merge alors que United se cache \u2013\",\"datePublished\":\"2026-04-04T14:48:09+00:00\",\"dateModified\":\"2026-04-04T14:48:10+00:00\",\"mainEntityOfPage\":{\"@id\":\"https:\/\/footdavant.fr\/actualites\/la-destination-de-transfert-preferee-de-sandro-tonali-emerge-alors-que-united-se-cache\/\"},\"wordCount\":581,\"publisher\":{\"@id\":\"https:\/\/footdavant.fr\/actualites\/#organization\"},\"keywords\":[\"alors\",\"cache\",\"destination\",\"\u00e9merge\",\"pr\u00e9f\u00e9r\u00e9e\",\"Sandro\",\"Tonali\",\"transfert\",\"United\"],\"articleSection\":[\"Football\"],\"inLanguage\":\"fr-FR\"},{\"@type\":\"WebPage\",\"@id\":\"https:\/\/footdavant.fr\/actualites\/la-destination-de-transfert-preferee-de-sandro-tonali-emerge-alors-que-united-se-cache\/\",\"url\":\"https:\/\/footdavant.fr\/actualites\/la-destination-de-transfert-preferee-de-sandro-tonali-emerge-alors-que-united-se-cache\/\",\"name\":\"La destination de transfert pr\u00e9f\u00e9r\u00e9e de Sandro Tonali \u00e9merge alors que United se cache \u2013\",\"isPartOf\":{\"@id\":\"https:\/\/footdavant.fr\/actualites\/#website\"},\"datePublished\":\"2026-04-04T14:48:09+00:00\",\"dateModified\":\"2026-04-04T14:48:10+00:00\",\"breadcrumb\":{\"@id\":\"https:\/\/footdavant.fr\/actualites\/la-destination-de-transfert-preferee-de-sandro-tonali-emerge-alors-que-united-se-cache\/#breadcrumb\"},\"inLanguage\":\"fr-FR\",\"potentialAction\":[{\"@type\":\"ReadAction\",\"target\":[\"https:\/\/footdavant.fr\/actualites\/la-destination-de-transfert-preferee-de-sandro-tonali-emerge-alors-que-united-se-cache\/\"]}]},{\"@type\":\"BreadcrumbList\",\"@id\":\"https:\/\/footdavant.fr\/actualites\/la-destination-de-transfert-preferee-de-sandro-tonali-emerge-alors-que-united-se-cache\/#breadcrumb\",\"itemListElement\":[{\"@type\":\"ListItem\",\"position\":1,\"name\":\"Accueil\",\"item\":\"https:\/\/footdavant.fr\/actualites\/\"},{\"@type\":\"ListItem\",\"position\":2,\"name\":\"La destination de transfert pr\u00e9f\u00e9r\u00e9e de Sandro Tonali \u00e9merge alors que United se cache \u2013\"}]},{\"@type\":\"WebSite\",\"@id\":\"https:\/\/footdavant.fr\/actualites\/#website\",\"url\":\"https:\/\/footdavant.fr\/actualites\/\",\"name\":\"Foot d'avant\",\"description\":\"\",\"publisher\":{\"@id\":\"https:\/\/footdavant.fr\/actualites\/#organization\"},\"potentialAction\":[{\"@type\":\"SearchAction\",\"target\":{\"@type\":\"EntryPoint\",\"urlTemplate\":\"https:\/\/footdavant.fr\/actualites\/?s={search_term_string}\"},\"query-input\":\"required name=search_term_string\"}],\"inLanguage\":\"fr-FR\"},{\"@type\":\"Organization\",\"@id\":\"https:\/\/footdavant.fr\/actualites\/#organization\",\"name\":\"Foot d'avant\",\"url\":\"https:\/\/footdavant.fr\/actualites\/\",\"logo\":{\"@type\":\"ImageObject\",\"inLanguage\":\"fr-FR\",\"@id\":\"https:\/\/footdavant.fr\/actualites\/#\/schema\/logo\/image\/\",\"url\":\"https:\/\/footdavant.fr\/actualites\/wp-content\/uploads\/2023\/09\/Copy-of-FootDavant-Logo.png\",\"contentUrl\":\"https:\/\/footdavant.fr\/actualites\/wp-content\/uploads\/2023\/09\/Copy-of-FootDavant-Logo.png\",\"width\":936,\"height\":549,\"caption\":\"Foot d'avant\"},\"image\":{\"@id\":\"https:\/\/footdavant.fr\/actualites\/#\/schema\/logo\/image\/\"},\"sameAs\":[\"https:\/\/www.facebook.com\/Footdavant\/\",\"https:\/\/twitter.com\/FootdavantFr\",\"https:\/\/www.instagram.com\/footdavant.fr\/\"]},{\"@type\":\"Person\",\"@id\":\"https:\/\/footdavant.fr\/actualites\/#\/schema\/person\/bc222566d95871b37e597b3ed3ba5e1d\",\"name\":\"Cl\u00e9ment\",\"image\":{\"@type\":\"ImageObject\",\"inLanguage\":\"fr-FR\",\"@id\":\"https:\/\/footdavant.fr\/actualites\/#\/schema\/person\/image\/\",\"url\":\"https:\/\/secure.gravatar.com\/avatar\/7728b29aac2719421e1a9159b2254c44?s=96&d=mm&r=g\",\"contentUrl\":\"https:\/\/secure.gravatar.com\/avatar\/7728b29aac2719421e1a9159b2254c44?s=96&d=mm&r=g\",\"caption\":\"Cl\u00e9ment\"},\"sameAs\":[\"https:\/\/footdavant.fr\/\"]}]}<\/script>\n<!-- \/ Yoast SEO plugin. -->","yoast_head_json":{"title":"La destination de transfert pr\u00e9f\u00e9r\u00e9e de Sandro Tonali \u00e9merge alors que United se cache \u2013","robots":{"index":"index","follow":"follow","max-snippet":"max-snippet:-1","max-image-preview":"max-image-preview:large","max-video-preview":"max-video-preview:-1"},"canonical":"https:\/\/footdavant.fr\/actualites\/la-destination-de-transfert-preferee-de-sandro-tonali-emerge-alors-que-united-se-cache\/","og_locale":"fr_FR","og_type":"article","og_title":"La destination de transfert pr\u00e9f\u00e9r\u00e9e de Sandro Tonali \u00e9merge alors que United se cache \u2013","og_description":"1 La destination de transfert pr\u00e9f\u00e9r\u00e9e du milieu de terrain de Newcastle, Sandro Tonali, a d\u00e9sormais \u00e9t\u00e9 nomm\u00e9e, alors m\u00eame que Manchester United tourne autour","og_url":"https:\/\/footdavant.fr\/actualites\/la-destination-de-transfert-preferee-de-sandro-tonali-emerge-alors-que-united-se-cache\/","og_site_name":"Foot d&#039;avant","article_publisher":"https:\/\/www.facebook.com\/Footdavant\/","article_published_time":"2026-04-04T14:48:09+00:00","article_modified_time":"2026-04-04T14:48:10+00:00","og_image":[{"width":1200,"height":675,"url":"https:\/\/footdavant.fr\/actualites\/wp-content\/uploads\/2026\/04\/Sandro-Tonali-L39opportunite-que-United-pourrait-saisir-alors-que-Newcastle.jpg","type":"image\/jpeg"}],"author":"Cl\u00e9ment","twitter_card":"summary_large_image","twitter_creator":"@FootdavantFr","twitter_site":"@FootdavantFr","twitter_misc":{"\u00c9crit par":"Cl\u00e9ment","Dur\u00e9e de lecture estim\u00e9e":"3 minutes"},"schema":{"@context":"https:\/\/schema.org","@graph":[{"@type":"Article","@id":"https:\/\/footdavant.fr\/actualites\/la-destination-de-transfert-preferee-de-sandro-tonali-emerge-alors-que-united-se-cache\/#article","isPartOf":{"@id":"https:\/\/footdavant.fr\/actualites\/la-destination-de-transfert-preferee-de-sandro-tonali-emerge-alors-que-united-se-cache\/"},"author":{"name":"Cl\u00e9ment","@id":"https:\/\/footdavant.fr\/actualites\/#\/schema\/person\/bc222566d95871b37e597b3ed3ba5e1d"},"headline":"La destination de transfert pr\u00e9f\u00e9r\u00e9e de Sandro Tonali \u00e9merge alors que United se cache \u2013","datePublished":"2026-04-04T14:48:09+00:00","dateModified":"2026-04-04T14:48:10+00:00","mainEntityOfPage":{"@id":"https:\/\/footdavant.fr\/actualites\/la-destination-de-transfert-preferee-de-sandro-tonali-emerge-alors-que-united-se-cache\/"},"wordCount":581,"publisher":{"@id":"https:\/\/footdavant.fr\/actualites\/#organization"},"keywords":["alors","cache","destination","\u00e9merge","pr\u00e9f\u00e9r\u00e9e","Sandro","Tonali","transfert","United"],"articleSection":["Football"],"inLanguage":"fr-FR"},{"@type":"WebPage","@id":"https:\/\/footdavant.fr\/actualites\/la-destination-de-transfert-preferee-de-sandro-tonali-emerge-alors-que-united-se-cache\/","url":"https:\/\/footdavant.fr\/actualites\/la-destination-de-transfert-preferee-de-sandro-tonali-emerge-alors-que-united-se-cache\/","name":"La destination de transfert pr\u00e9f\u00e9r\u00e9e de Sandro Tonali \u00e9merge alors que United se cache \u2013","isPartOf":{"@id":"https:\/\/footdavant.fr\/actualites\/#website"},"datePublished":"2026-04-04T14:48:09+00:00","dateModified":"2026-04-04T14:48:10+00:00","breadcrumb":{"@id":"https:\/\/footdavant.fr\/actualites\/la-destination-de-transfert-preferee-de-sandro-tonali-emerge-alors-que-united-se-cache\/#breadcrumb"},"inLanguage":"fr-FR","potentialAction":[{"@type":"ReadAction","target":["https:\/\/footdavant.fr\/actualites\/la-destination-de-transfert-preferee-de-sandro-tonali-emerge-alors-que-united-se-cache\/"]}]},{"@type":"BreadcrumbList","@id":"https:\/\/footdavant.fr\/actualites\/la-destination-de-transfert-preferee-de-sandro-tonali-emerge-alors-que-united-se-cache\/#breadcrumb","itemListElement":[{"@type":"ListItem","position":1,"name":"Accueil","item":"https:\/\/footdavant.fr\/actualites\/"},{"@type":"ListItem","position":2,"name":"La destination de transfert pr\u00e9f\u00e9r\u00e9e de Sandro Tonali \u00e9merge alors que United se cache \u2013"}]},{"@type":"WebSite","@id":"https:\/\/footdavant.fr\/actualites\/#website","url":"https:\/\/footdavant.fr\/actualites\/","name":"Foot d'avant","description":"","publisher":{"@id":"https:\/\/footdavant.fr\/actualites\/#organization"},"potentialAction":[{"@type":"SearchAction","target":{"@type":"EntryPoint","urlTemplate":"https:\/\/footdavant.fr\/actualites\/?s={search_term_string}"},"query-input":"required name=search_term_string"}],"inLanguage":"fr-FR"},{"@type":"Organization","@id":"https:\/\/footdavant.fr\/actualites\/#organization","name":"Foot d'avant","url":"https:\/\/footdavant.fr\/actualites\/","logo":{"@type":"ImageObject","inLanguage":"fr-FR","@id":"https:\/\/footdavant.fr\/actualites\/#\/schema\/logo\/image\/","url":"https:\/\/footdavant.fr\/actualites\/wp-content\/uploads\/2023\/09\/Copy-of-FootDavant-Logo.png","contentUrl":"https:\/\/footdavant.fr\/actualites\/wp-content\/uploads\/2023\/09\/Copy-of-FootDavant-Logo.png","width":936,"height":549,"caption":"Foot d'avant"},"image":{"@id":"https:\/\/footdavant.fr\/actualites\/#\/schema\/logo\/image\/"},"sameAs":["https:\/\/www.facebook.com\/Footdavant\/","https:\/\/twitter.com\/FootdavantFr","https:\/\/www.instagram.com\/footdavant.fr\/"]},{"@type":"Person","@id":"https:\/\/footdavant.fr\/actualites\/#\/schema\/person\/bc222566d95871b37e597b3ed3ba5e1d","name":"Cl\u00e9ment","image":{"@type":"ImageObject","inLanguage":"fr-FR","@id":"https:\/\/footdavant.fr\/actualites\/#\/schema\/person\/image\/","url":"https:\/\/secure.gravatar.com\/avatar\/7728b29aac2719421e1a9159b2254c44?s=96&d=mm&r=g","contentUrl":"https:\/\/secure.gravatar.com\/avatar\/7728b29aac2719421e1a9159b2254c44?s=96&d=mm&r=g","caption":"Cl\u00e9ment"},"sameAs":["https:\/\/footdavant.fr\/"]}]}},"_links":{"self":[{"href":"https:\/\/footdavant.fr\/actualites\/wp-json\/wp\/v2\/posts\/36120"}],"collection":[{"href":"https:\/\/footdavant.fr\/actualites\/wp-json\/wp\/v2\/posts"}],"about":[{"href":"https:\/\/footdavant.fr\/actualites\/wp-json\/wp\/v2\/types\/post"}],"author":[{"embeddable":true,"href":"https:\/\/footdavant.fr\/actualites\/wp-json\/wp\/v2\/users\/1"}],"replies":[{"embeddable":true,"href":"https:\/\/footdavant.fr\/actualites\/wp-json\/wp\/v2\/comments?post=36120"}],"version-history":[{"count":1,"href":"https:\/\/footdavant.fr\/actualites\/wp-json\/wp\/v2\/posts\/36120\/revisions"}],"predecessor-version":[{"id":36121,"href":"https:\/\/footdavant.fr\/actualites\/wp-json\/wp\/v2\/posts\/36120\/revisions\/36121"}],"wp:featuredmedia":[{"embeddable":true,"href":"https:\/\/footdavant.fr\/actualites\/wp-json\/wp\/v2\/media\/36098"}],"wp:attachment":[{"href":"https:\/\/footdavant.fr\/actualites\/wp-json\/wp\/v2\/media?parent=36120"}],"wp:term":[{"taxonomy":"category","embeddable":true,"href":"https:\/\/footdavant.fr\/actualites\/wp-json\/wp\/v2\/categories?post=36120"},{"taxonomy":"post_tag","embeddable":true,"href":"https:\/\/footdavant.fr\/actualites\/wp-json\/wp\/v2\/tags?post=36120"}],"curies":[{"name":"wp","href":"https:\/\/api.w.org\/{rel}","templated":true}]}}