{"id":36122,"date":"2026-04-04T18:48:10","date_gmt":"2026-04-04T16:48:10","guid":{"rendered":"https:\/\/footdavant.fr\/actualites\/blessure-a-chelsea-liste-de-suspension-et-dates-de-retour-pour-port-vale-reece-james-trevoh-chalobah-filip-jorgensen-les-derniers\/"},"modified":"2026-04-04T18:48:12","modified_gmt":"2026-04-04T16:48:12","slug":"blessure-a-chelsea-liste-de-suspension-et-dates-de-retour-pour-port-vale-reece-james-trevoh-chalobah-filip-jorgensen-les-derniers","status":"publish","type":"post","link":"https:\/\/footdavant.fr\/actualites\/blessure-a-chelsea-liste-de-suspension-et-dates-de-retour-pour-port-vale-reece-james-trevoh-chalobah-filip-jorgensen-les-derniers\/","title":{"rendered":"Blessure \u00e0 Chelsea, liste de suspension et dates de retour pour Port Vale : Reece James, Trevoh Chalobah, Filip Jorgensen les derniers"},"content":{"rendered":"<div itemprop=\"articleBody\">\n<p>Chelsea est de retour en action samedi soir lorsqu&#39;il accueillera Port Vale en quarts de finale de la FA Cup.<\/p>\n<p>Les Bleus ont entam\u00e9 la tr\u00eave internationale de mars apr\u00e8s avoir encha\u00een\u00e9 une s\u00e9quence de quatre d\u00e9faites cons\u00e9cutives toutes comp\u00e9titions confondues.<\/p>\n<p>\u00c0 l\u2019heure o\u00f9 ils occupent la sixi\u00e8me position du classement de la Premier League et peinent \u00e0 assurer leur qualification europ\u00e9enne pour la saison prochaine, la FA Cup repr\u00e9sente une opportunit\u00e9 pour Liam Rosenior et son \u00e9quipe de se qualifier au stade de Wembley.<\/p>\n<p>Ici, Sports Mole rassemble les derni\u00e8res nouvelles sur les blessures et les suspensions de Chelsea avant d&#39;accueillir le dernier club de League One dans la capitale.<\/p>\n<div>\n<div>\n<p>\u00a9 Imago \/ Action Plus<\/p>\n<\/div>\n<\/div>\n<p>Statut\u00a0:\u00a0Out<\/p>\n<p>Type de blessure : Cheville<\/p>\n<p>Date de retour possible : Inconnue<\/p>\n<p>Apr\u00e8s sa blessure \u00e0 la cheville subie contre le Paris Saint-Germain le 17 mars dernier, Trevoh Chalobah a ensuite \u00e9t\u00e9 exclu pendant au moins six semaines, le laissant dans une course contre la montre pour revenir avant fin avril.<\/p>\n<div>\n<div><img decoding=\"async\" data-img-id=\"138374\" class=\"lazy\" loading=\"lazy\" src=\"https:\/\/footdavant.fr\/actualites\/wp-content\/uploads\/2026\/04\/Blessure-a-Chelsea-liste-de-suspension-et-dates-de-retour.jpg\"\/><\/p>\n<p>\u00a9 Imago<\/p>\n<\/div>\n<\/div>\n<p>Statut\u00a0:\u00a0Out<\/p>\n<p>Type de blessure\u00a0: Aine<\/p>\n<p>Date de retour possible : Inconnue<\/p>\n<p>Rosenior a r\u00e9v\u00e9l\u00e9 avant la tr\u00eave internationale que le gardien Filip Jorgensen avait subi une op\u00e9ration mineure. Dans l\u2019\u00e9tat actuel des choses, on ne sait pas quand il reviendra dans l\u2019\u00e9quipe.<\/p>\n<h2>BENOIT BADIASHILE<\/h2>\n<div>\n<div><img decoding=\"async\" data-img-id=\"139099\" class=\"lazy\" loading=\"lazy\" src=\"https:\/\/footdavant.fr\/actualites\/wp-content\/uploads\/2026\/04\/1775321289_737_Blessure-a-Chelsea-liste-de-suspension-et-dates-de-retour.jpg\"\/><\/p>\n<p>\u00a9 Imago<\/p>\n<\/div>\n<\/div>\n<p>Statut : doute majeur<\/p>\n<p>Type de blessure : Maladie<\/p>\n<p>Date de retour possible : 4 avril (vs Port Vale)<\/p>\n<p>Benoit Badiashile aurait manqu\u00e9 les matchs avant la tr\u00eave internationale \u00e0 cause d&#39;un virus. Cependant, la pause de deux semaines pourrait conduire au retour du Fran\u00e7ais dans l&#39;\u00e9quipe samedi.<\/p>\n<h2>JAMIE BYNOE-GITTENS<\/h2>\n<div>\n<div><img decoding=\"async\" data-img-id=\"157403\" class=\"lazy\" loading=\"lazy\" src=\"https:\/\/footdavant.fr\/actualites\/wp-content\/uploads\/2026\/03\/Nouvelles-des-blessures-a-Chelsea-Liam-Rosenior-fait-une-mise.webp\"\/><\/p>\n<p>\u00a9 Imago \/ Images de sports professionnels<\/p>\n<\/div>\n<\/div>\n<p>Statut : doute majeur<\/p>\n<p>Type de blessure\u00a0: ischio-jambier<\/p>\n<p>Date de retour possible : 4 avril (vs Port Vale)<\/p>\n<p><!--%3Cmeta%20charset%3D%22UTF-8%22%20%2F%3E-->Jamie Gittens a \u00e9t\u00e9 mis \u00e0 l&#39;\u00e9cart depuis qu&#39;il a \u00e9t\u00e9 expuls\u00e9 lors de la victoire 3-2 de Chelsea contre West Ham United fin janvier.<\/p>\n<p>Alors que l&#39;ailier \u00e9tait sur le point de revenir \u00e0 l&#39;action le mois dernier, il a subi un revers dans sa convalescence suite \u00e0 une blessure aux ischio-jambiers peu avant la tr\u00eave internationale de mars.<\/p>\n<h2>LEVI COLWILL<\/h2>\n<div>\n<div><img decoding=\"async\" data-img-id=\"150660\" class=\"lazy\" loading=\"lazy\" src=\"https:\/\/footdavant.fr\/actualites\/wp-content\/uploads\/2025\/10\/1760834906_749_Nouvelles-du-transfert-de-Chelsea-les-Blues-interesses.webp\"\/><\/p>\n<p>\u00a9 Imago<\/p>\n<\/div>\n<\/div>\n<p>Statut\u00a0:\u00a0Out<\/p>\n<p>Type de blessure\u00a0: LCA<\/p>\n<p>Date de retour possible : Inconnue<\/p>\n<p>Levi Colwill continue d&#39;\u00eatre absent en raison d&#39;une grave blessure au genou subie avant le d\u00e9but de la saison. Bien qu&#39;il ait r\u00e9cemment particip\u00e9 \u00e0 une s\u00e9ance d&#39;entra\u00eenement, rien n&#39;indique pour l&#39;instant que l&#39;international anglais reviendra prochainement.<\/p>\n<div>\n<div>\n<div><img decoding=\"async\" data-img-id=\"143829\" class=\"lazy\" loading=\"lazy\" src=\"https:\/\/footdavant.fr\/actualites\/wp-content\/uploads\/2026\/04\/1775321290_63_Blessure-a-Chelsea-liste-de-suspension-et-dates-de-retour.jpg\"\/><\/p>\n<p>\u00a9 Imago<\/p>\n<\/div>\n<\/div>\n<\/div>\n<p>Statut\u00a0:\u00a0Out<\/p>\n<p>Type de blessure\u00a0: ischio-jambier<\/p>\n<p>Date de retour possible : Inconnue<\/p>\n<p>Reece James a subi une blessure aux ischio-jambiers avant la tr\u00eave internationale de mars. Rosenior a indiqu\u00e9 que le capitaine du club serait \u00e9valu\u00e9 pendant la pause de deux semaines, mais aucun risque ne sera pris sur lui ce week-end.<\/p>\n<h2>LISTE DES SUSPENSIONS DE CHELSEA<\/h2>\n<div>\n<div><img decoding=\"async\" data-img-id=\"141177\" class=\"lazy\" loading=\"lazy\" src=\"https:\/\/footdavant.fr\/actualites\/wp-content\/uploads\/2025\/06\/1750787290_Mykhaylo-Mudryk-Football-Association-Mettez-a-jour-3939-sur.jpg\"\/><\/p>\n<p>\u00a9 Imago<\/p>\n<\/div>\n<\/div>\n<p>Mykhaylo Mudryk continue de purger une suspension en vigueur depuis qu&#39;il a \u00e9t\u00e9 test\u00e9 positif \u00e0 une substance interdite fin 2024.<\/p>\n<p>Pendant ce temps, six joueurs sont \u00e0 un avertissement de rater une potentielle demi-finale de la FA Cup.<\/p>\n<\/p>\n<\/div>\n","protected":false},"excerpt":{"rendered":"<p>Chelsea est de retour en action samedi soir lorsqu&#39;il accueillera Port Vale en quarts de finale de la FA Cup. Les Bleus ont entam\u00e9 la<\/p>\n","protected":false},"author":1,"featured_media":36123,"comment_status":"closed","ping_status":"","sticky":false,"template":"","format":"standard","meta":{"footnotes":""},"categories":[5],"tags":[15,1555,171,2867,1907,6599,111,6600,93,17,10603,51,1192,393,18,1554,10604],"yoast_head":"<!-- This site is optimized with the Yoast SEO plugin v21.0 - https:\/\/yoast.com\/wordpress\/plugins\/seo\/ -->\n<title>Blessure \u00e0 Chelsea, liste de suspension et dates de retour pour Port Vale : Reece James, Trevoh Chalobah, Filip Jorgensen les derniers<\/title>\n<meta name=\"robots\" content=\"index, follow, max-snippet:-1, max-image-preview:large, max-video-preview:-1\" \/>\n<link rel=\"canonical\" href=\"https:\/\/footdavant.fr\/actualites\/blessure-a-chelsea-liste-de-suspension-et-dates-de-retour-pour-port-vale-reece-james-trevoh-chalobah-filip-jorgensen-les-derniers\/\" \/>\n<meta property=\"og:locale\" content=\"fr_FR\" \/>\n<meta property=\"og:type\" content=\"article\" \/>\n<meta property=\"og:title\" content=\"Blessure \u00e0 Chelsea, liste de suspension et dates de retour pour Port Vale : Reece James, Trevoh Chalobah, Filip Jorgensen les derniers\" \/>\n<meta property=\"og:description\" content=\"Chelsea est de retour en action samedi soir lorsqu&#039;il accueillera Port Vale en quarts de finale de la FA Cup. Les Bleus ont entam\u00e9 la\" \/>\n<meta property=\"og:url\" content=\"https:\/\/footdavant.fr\/actualites\/blessure-a-chelsea-liste-de-suspension-et-dates-de-retour-pour-port-vale-reece-james-trevoh-chalobah-filip-jorgensen-les-derniers\/\" \/>\n<meta property=\"og:site_name\" content=\"Foot d&#039;avant\" \/>\n<meta property=\"article:publisher\" content=\"https:\/\/www.facebook.com\/Footdavant\/\" \/>\n<meta property=\"article:published_time\" content=\"2026-04-04T16:48:10+00:00\" \/>\n<meta property=\"article:modified_time\" content=\"2026-04-04T16:48:12+00:00\" \/>\n<meta property=\"og:image\" content=\"https:\/\/footdavant.fr\/actualites\/wp-content\/uploads\/2026\/04\/Blessure-a-Chelsea-liste-de-suspension-et-dates-de-retour.net2Fuploads2F20252F122Freece-james-6938.webp\" \/>\n\t<meta property=\"og:image:width\" content=\"720\" \/>\n\t<meta property=\"og:image:height\" content=\"410\" \/>\n\t<meta property=\"og:image:type\" content=\"image\/webp\" \/>\n<meta name=\"author\" content=\"Cl\u00e9ment\" \/>\n<meta name=\"twitter:card\" content=\"summary_large_image\" \/>\n<meta name=\"twitter:creator\" content=\"@FootdavantFr\" \/>\n<meta name=\"twitter:site\" content=\"@FootdavantFr\" \/>\n<meta name=\"twitter:label1\" content=\"\u00c9crit par\" \/>\n\t<meta name=\"twitter:data1\" content=\"Cl\u00e9ment\" \/>\n\t<meta name=\"twitter:label2\" content=\"Dur\u00e9e de lecture estim\u00e9e\" \/>\n\t<meta name=\"twitter:data2\" content=\"3 minutes\" \/>\n<script type=\"application\/ld+json\" class=\"yoast-schema-graph\">{\"@context\":\"https:\/\/schema.org\",\"@graph\":[{\"@type\":\"Article\",\"@id\":\"https:\/\/footdavant.fr\/actualites\/blessure-a-chelsea-liste-de-suspension-et-dates-de-retour-pour-port-vale-reece-james-trevoh-chalobah-filip-jorgensen-les-derniers\/#article\",\"isPartOf\":{\"@id\":\"https:\/\/footdavant.fr\/actualites\/blessure-a-chelsea-liste-de-suspension-et-dates-de-retour-pour-port-vale-reece-james-trevoh-chalobah-filip-jorgensen-les-derniers\/\"},\"author\":{\"name\":\"Cl\u00e9ment\",\"@id\":\"https:\/\/footdavant.fr\/actualites\/#\/schema\/person\/bc222566d95871b37e597b3ed3ba5e1d\"},\"headline\":\"Blessure \u00e0 Chelsea, liste de suspension et dates de retour pour Port Vale : Reece James, Trevoh Chalobah, Filip Jorgensen les derniers\",\"datePublished\":\"2026-04-04T16:48:10+00:00\",\"dateModified\":\"2026-04-04T16:48:12+00:00\",\"mainEntityOfPage\":{\"@id\":\"https:\/\/footdavant.fr\/actualites\/blessure-a-chelsea-liste-de-suspension-et-dates-de-retour-pour-port-vale-reece-james-trevoh-chalobah-filip-jorgensen-les-derniers\/\"},\"wordCount\":535,\"publisher\":{\"@id\":\"https:\/\/footdavant.fr\/actualites\/#organization\"},\"keywords\":[\"Blessure\",\"Chalobah\",\"Chelsea\",\"Dates\",\"derniers\",\"Filip\",\"James\",\"Jorgensen\",\"les\",\"liste\",\"Port\",\"pour\",\"Reece\",\"retour\",\"suspension\",\"Trevoh\",\"Vale\"],\"articleSection\":[\"Premier League\"],\"inLanguage\":\"fr-FR\"},{\"@type\":\"WebPage\",\"@id\":\"https:\/\/footdavant.fr\/actualites\/blessure-a-chelsea-liste-de-suspension-et-dates-de-retour-pour-port-vale-reece-james-trevoh-chalobah-filip-jorgensen-les-derniers\/\",\"url\":\"https:\/\/footdavant.fr\/actualites\/blessure-a-chelsea-liste-de-suspension-et-dates-de-retour-pour-port-vale-reece-james-trevoh-chalobah-filip-jorgensen-les-derniers\/\",\"name\":\"Blessure \u00e0 Chelsea, liste de suspension et dates de retour pour Port Vale : Reece James, Trevoh Chalobah, Filip Jorgensen les derniers\",\"isPartOf\":{\"@id\":\"https:\/\/footdavant.fr\/actualites\/#website\"},\"datePublished\":\"2026-04-04T16:48:10+00:00\",\"dateModified\":\"2026-04-04T16:48:12+00:00\",\"breadcrumb\":{\"@id\":\"https:\/\/footdavant.fr\/actualites\/blessure-a-chelsea-liste-de-suspension-et-dates-de-retour-pour-port-vale-reece-james-trevoh-chalobah-filip-jorgensen-les-derniers\/#breadcrumb\"},\"inLanguage\":\"fr-FR\",\"potentialAction\":[{\"@type\":\"ReadAction\",\"target\":[\"https:\/\/footdavant.fr\/actualites\/blessure-a-chelsea-liste-de-suspension-et-dates-de-retour-pour-port-vale-reece-james-trevoh-chalobah-filip-jorgensen-les-derniers\/\"]}]},{\"@type\":\"BreadcrumbList\",\"@id\":\"https:\/\/footdavant.fr\/actualites\/blessure-a-chelsea-liste-de-suspension-et-dates-de-retour-pour-port-vale-reece-james-trevoh-chalobah-filip-jorgensen-les-derniers\/#breadcrumb\",\"itemListElement\":[{\"@type\":\"ListItem\",\"position\":1,\"name\":\"Accueil\",\"item\":\"https:\/\/footdavant.fr\/actualites\/\"},{\"@type\":\"ListItem\",\"position\":2,\"name\":\"Blessure \u00e0 Chelsea, liste de suspension et dates de retour pour Port Vale : Reece James, Trevoh Chalobah, Filip Jorgensen les derniers\"}]},{\"@type\":\"WebSite\",\"@id\":\"https:\/\/footdavant.fr\/actualites\/#website\",\"url\":\"https:\/\/footdavant.fr\/actualites\/\",\"name\":\"Foot d'avant\",\"description\":\"\",\"publisher\":{\"@id\":\"https:\/\/footdavant.fr\/actualites\/#organization\"},\"potentialAction\":[{\"@type\":\"SearchAction\",\"target\":{\"@type\":\"EntryPoint\",\"urlTemplate\":\"https:\/\/footdavant.fr\/actualites\/?s={search_term_string}\"},\"query-input\":\"required name=search_term_string\"}],\"inLanguage\":\"fr-FR\"},{\"@type\":\"Organization\",\"@id\":\"https:\/\/footdavant.fr\/actualites\/#organization\",\"name\":\"Foot d'avant\",\"url\":\"https:\/\/footdavant.fr\/actualites\/\",\"logo\":{\"@type\":\"ImageObject\",\"inLanguage\":\"fr-FR\",\"@id\":\"https:\/\/footdavant.fr\/actualites\/#\/schema\/logo\/image\/\",\"url\":\"https:\/\/footdavant.fr\/actualites\/wp-content\/uploads\/2023\/09\/Copy-of-FootDavant-Logo.png\",\"contentUrl\":\"https:\/\/footdavant.fr\/actualites\/wp-content\/uploads\/2023\/09\/Copy-of-FootDavant-Logo.png\",\"width\":936,\"height\":549,\"caption\":\"Foot d'avant\"},\"image\":{\"@id\":\"https:\/\/footdavant.fr\/actualites\/#\/schema\/logo\/image\/\"},\"sameAs\":[\"https:\/\/www.facebook.com\/Footdavant\/\",\"https:\/\/twitter.com\/FootdavantFr\",\"https:\/\/www.instagram.com\/footdavant.fr\/\"]},{\"@type\":\"Person\",\"@id\":\"https:\/\/footdavant.fr\/actualites\/#\/schema\/person\/bc222566d95871b37e597b3ed3ba5e1d\",\"name\":\"Cl\u00e9ment\",\"image\":{\"@type\":\"ImageObject\",\"inLanguage\":\"fr-FR\",\"@id\":\"https:\/\/footdavant.fr\/actualites\/#\/schema\/person\/image\/\",\"url\":\"https:\/\/secure.gravatar.com\/avatar\/7728b29aac2719421e1a9159b2254c44?s=96&d=mm&r=g\",\"contentUrl\":\"https:\/\/secure.gravatar.com\/avatar\/7728b29aac2719421e1a9159b2254c44?s=96&d=mm&r=g\",\"caption\":\"Cl\u00e9ment\"},\"sameAs\":[\"https:\/\/footdavant.fr\/\"]}]}<\/script>\n<!-- \/ Yoast SEO plugin. -->","yoast_head_json":{"title":"Blessure \u00e0 Chelsea, liste de suspension et dates de retour pour Port Vale : Reece James, Trevoh Chalobah, Filip Jorgensen les derniers","robots":{"index":"index","follow":"follow","max-snippet":"max-snippet:-1","max-image-preview":"max-image-preview:large","max-video-preview":"max-video-preview:-1"},"canonical":"https:\/\/footdavant.fr\/actualites\/blessure-a-chelsea-liste-de-suspension-et-dates-de-retour-pour-port-vale-reece-james-trevoh-chalobah-filip-jorgensen-les-derniers\/","og_locale":"fr_FR","og_type":"article","og_title":"Blessure \u00e0 Chelsea, liste de suspension et dates de retour pour Port Vale : Reece James, Trevoh Chalobah, Filip Jorgensen les derniers","og_description":"Chelsea est de retour en action samedi soir lorsqu&#39;il accueillera Port Vale en quarts de finale de la FA Cup. Les Bleus ont entam\u00e9 la","og_url":"https:\/\/footdavant.fr\/actualites\/blessure-a-chelsea-liste-de-suspension-et-dates-de-retour-pour-port-vale-reece-james-trevoh-chalobah-filip-jorgensen-les-derniers\/","og_site_name":"Foot d&#039;avant","article_publisher":"https:\/\/www.facebook.com\/Footdavant\/","article_published_time":"2026-04-04T16:48:10+00:00","article_modified_time":"2026-04-04T16:48:12+00:00","og_image":[{"width":720,"height":410,"url":"https:\/\/footdavant.fr\/actualites\/wp-content\/uploads\/2026\/04\/Blessure-a-Chelsea-liste-de-suspension-et-dates-de-retour.net2Fuploads2F20252F122Freece-james-6938.webp","type":"image\/webp"}],"author":"Cl\u00e9ment","twitter_card":"summary_large_image","twitter_creator":"@FootdavantFr","twitter_site":"@FootdavantFr","twitter_misc":{"\u00c9crit par":"Cl\u00e9ment","Dur\u00e9e de lecture estim\u00e9e":"3 minutes"},"schema":{"@context":"https:\/\/schema.org","@graph":[{"@type":"Article","@id":"https:\/\/footdavant.fr\/actualites\/blessure-a-chelsea-liste-de-suspension-et-dates-de-retour-pour-port-vale-reece-james-trevoh-chalobah-filip-jorgensen-les-derniers\/#article","isPartOf":{"@id":"https:\/\/footdavant.fr\/actualites\/blessure-a-chelsea-liste-de-suspension-et-dates-de-retour-pour-port-vale-reece-james-trevoh-chalobah-filip-jorgensen-les-derniers\/"},"author":{"name":"Cl\u00e9ment","@id":"https:\/\/footdavant.fr\/actualites\/#\/schema\/person\/bc222566d95871b37e597b3ed3ba5e1d"},"headline":"Blessure \u00e0 Chelsea, liste de suspension et dates de retour pour Port Vale : Reece James, Trevoh Chalobah, Filip Jorgensen les derniers","datePublished":"2026-04-04T16:48:10+00:00","dateModified":"2026-04-04T16:48:12+00:00","mainEntityOfPage":{"@id":"https:\/\/footdavant.fr\/actualites\/blessure-a-chelsea-liste-de-suspension-et-dates-de-retour-pour-port-vale-reece-james-trevoh-chalobah-filip-jorgensen-les-derniers\/"},"wordCount":535,"publisher":{"@id":"https:\/\/footdavant.fr\/actualites\/#organization"},"keywords":["Blessure","Chalobah","Chelsea","Dates","derniers","Filip","James","Jorgensen","les","liste","Port","pour","Reece","retour","suspension","Trevoh","Vale"],"articleSection":["Premier League"],"inLanguage":"fr-FR"},{"@type":"WebPage","@id":"https:\/\/footdavant.fr\/actualites\/blessure-a-chelsea-liste-de-suspension-et-dates-de-retour-pour-port-vale-reece-james-trevoh-chalobah-filip-jorgensen-les-derniers\/","url":"https:\/\/footdavant.fr\/actualites\/blessure-a-chelsea-liste-de-suspension-et-dates-de-retour-pour-port-vale-reece-james-trevoh-chalobah-filip-jorgensen-les-derniers\/","name":"Blessure \u00e0 Chelsea, liste de suspension et dates de retour pour Port Vale : Reece James, Trevoh Chalobah, Filip Jorgensen les derniers","isPartOf":{"@id":"https:\/\/footdavant.fr\/actualites\/#website"},"datePublished":"2026-04-04T16:48:10+00:00","dateModified":"2026-04-04T16:48:12+00:00","breadcrumb":{"@id":"https:\/\/footdavant.fr\/actualites\/blessure-a-chelsea-liste-de-suspension-et-dates-de-retour-pour-port-vale-reece-james-trevoh-chalobah-filip-jorgensen-les-derniers\/#breadcrumb"},"inLanguage":"fr-FR","potentialAction":[{"@type":"ReadAction","target":["https:\/\/footdavant.fr\/actualites\/blessure-a-chelsea-liste-de-suspension-et-dates-de-retour-pour-port-vale-reece-james-trevoh-chalobah-filip-jorgensen-les-derniers\/"]}]},{"@type":"BreadcrumbList","@id":"https:\/\/footdavant.fr\/actualites\/blessure-a-chelsea-liste-de-suspension-et-dates-de-retour-pour-port-vale-reece-james-trevoh-chalobah-filip-jorgensen-les-derniers\/#breadcrumb","itemListElement":[{"@type":"ListItem","position":1,"name":"Accueil","item":"https:\/\/footdavant.fr\/actualites\/"},{"@type":"ListItem","position":2,"name":"Blessure \u00e0 Chelsea, liste de suspension et dates de retour pour Port Vale : Reece James, Trevoh Chalobah, Filip Jorgensen les derniers"}]},{"@type":"WebSite","@id":"https:\/\/footdavant.fr\/actualites\/#website","url":"https:\/\/footdavant.fr\/actualites\/","name":"Foot d'avant","description":"","publisher":{"@id":"https:\/\/footdavant.fr\/actualites\/#organization"},"potentialAction":[{"@type":"SearchAction","target":{"@type":"EntryPoint","urlTemplate":"https:\/\/footdavant.fr\/actualites\/?s={search_term_string}"},"query-input":"required name=search_term_string"}],"inLanguage":"fr-FR"},{"@type":"Organization","@id":"https:\/\/footdavant.fr\/actualites\/#organization","name":"Foot d'avant","url":"https:\/\/footdavant.fr\/actualites\/","logo":{"@type":"ImageObject","inLanguage":"fr-FR","@id":"https:\/\/footdavant.fr\/actualites\/#\/schema\/logo\/image\/","url":"https:\/\/footdavant.fr\/actualites\/wp-content\/uploads\/2023\/09\/Copy-of-FootDavant-Logo.png","contentUrl":"https:\/\/footdavant.fr\/actualites\/wp-content\/uploads\/2023\/09\/Copy-of-FootDavant-Logo.png","width":936,"height":549,"caption":"Foot d'avant"},"image":{"@id":"https:\/\/footdavant.fr\/actualites\/#\/schema\/logo\/image\/"},"sameAs":["https:\/\/www.facebook.com\/Footdavant\/","https:\/\/twitter.com\/FootdavantFr","https:\/\/www.instagram.com\/footdavant.fr\/"]},{"@type":"Person","@id":"https:\/\/footdavant.fr\/actualites\/#\/schema\/person\/bc222566d95871b37e597b3ed3ba5e1d","name":"Cl\u00e9ment","image":{"@type":"ImageObject","inLanguage":"fr-FR","@id":"https:\/\/footdavant.fr\/actualites\/#\/schema\/person\/image\/","url":"https:\/\/secure.gravatar.com\/avatar\/7728b29aac2719421e1a9159b2254c44?s=96&d=mm&r=g","contentUrl":"https:\/\/secure.gravatar.com\/avatar\/7728b29aac2719421e1a9159b2254c44?s=96&d=mm&r=g","caption":"Cl\u00e9ment"},"sameAs":["https:\/\/footdavant.fr\/"]}]}},"_links":{"self":[{"href":"https:\/\/footdavant.fr\/actualites\/wp-json\/wp\/v2\/posts\/36122"}],"collection":[{"href":"https:\/\/footdavant.fr\/actualites\/wp-json\/wp\/v2\/posts"}],"about":[{"href":"https:\/\/footdavant.fr\/actualites\/wp-json\/wp\/v2\/types\/post"}],"author":[{"embeddable":true,"href":"https:\/\/footdavant.fr\/actualites\/wp-json\/wp\/v2\/users\/1"}],"replies":[{"embeddable":true,"href":"https:\/\/footdavant.fr\/actualites\/wp-json\/wp\/v2\/comments?post=36122"}],"version-history":[{"count":1,"href":"https:\/\/footdavant.fr\/actualites\/wp-json\/wp\/v2\/posts\/36122\/revisions"}],"predecessor-version":[{"id":36124,"href":"https:\/\/footdavant.fr\/actualites\/wp-json\/wp\/v2\/posts\/36122\/revisions\/36124"}],"wp:featuredmedia":[{"embeddable":true,"href":"https:\/\/footdavant.fr\/actualites\/wp-json\/wp\/v2\/media\/36123"}],"wp:attachment":[{"href":"https:\/\/footdavant.fr\/actualites\/wp-json\/wp\/v2\/media?parent=36122"}],"wp:term":[{"taxonomy":"category","embeddable":true,"href":"https:\/\/footdavant.fr\/actualites\/wp-json\/wp\/v2\/categories?post=36122"},{"taxonomy":"post_tag","embeddable":true,"href":"https:\/\/footdavant.fr\/actualites\/wp-json\/wp\/v2\/tags?post=36122"}],"curies":[{"name":"wp","href":"https:\/\/api.w.org\/{rel}","templated":true}]}}