{"id":36128,"date":"2026-04-04T22:48:28","date_gmt":"2026-04-04T20:48:28","guid":{"rendered":"https:\/\/footdavant.fr\/actualites\/actualites-du-barca-les-blaugrana-porte-ouverte-a-la-sortie-de-kounde-avec-le-trio-de-premier-league-qui-les-entoure\/"},"modified":"2026-04-04T22:48:30","modified_gmt":"2026-04-04T20:48:30","slug":"actualites-du-barca-les-blaugrana-porte-ouverte-a-la-sortie-de-kounde-avec-le-trio-de-premier-league-qui-les-entoure","status":"publish","type":"post","link":"https:\/\/footdavant.fr\/actualites\/actualites-du-barca-les-blaugrana-porte-ouverte-a-la-sortie-de-kounde-avec-le-trio-de-premier-league-qui-les-entoure\/","title":{"rendered":"Actualit\u00e9s du Bar\u00e7a: les Blaugrana \u00ab\u00a0porte ouverte\u00a0\u00bb \u00e0 la sortie de Kound\u00e9 avec le trio de Premier League qui les entoure"},"content":{"rendered":"<div itemprop=\"articleBody\">\n<p>Jules Kounde est \u00e0 Barcelone depuis 2022 mais pourrait \u00eatre sur le point de partir l&#39;\u00e9t\u00e9 prochain, le club catalan \u00e9tant pr\u00eat \u00e0 \u00e9couter les offres de la Premier League.<\/p>\n<p>Sign\u00e9 de S\u00e9ville pour 43 millions de livres sterling il y a quatre saisons, le Fran\u00e7ais de 27 ans s&#39;est fermement \u00e9tabli dans la configuration de Barcelone, bien que dans la position inconnue d&#39;arri\u00e8re droit.<\/p>\n<p>Le d\u00e9fenseur est d\u00e9sormais davantage consid\u00e9r\u00e9 comme un lat\u00e9ral lat\u00e9ral que comme un d\u00e9fenseur central, et occupe la place d&#39;arri\u00e8re droit de l&#39;\u00e9quipe de France devant un sp\u00e9cialiste de ce poste comme Malo Gusto de Chelsea.<\/p>\n<h2>Barcelone ouvre la porte \u00e0 un d\u00e9part de Kound\u00e9<\/h2>\n<div>\n<div>\n<p>\u00a9 Imago \/ Images brutes du ballon<\/p>\n<\/div>\n<\/div>\n<p>Des rumeurs circulent p\u00e9riodiquement concernant l&#39;int\u00e9r\u00eat de Barcelone pour d&#39;autres arri\u00e8res droits, de Vanderson (Monaco) \u00e0 Julian Ryerson (Dortmund) et Andrei Ratiu (Rayo Vallecano). Sans oublier l&#39;arriv\u00e9e cet hiver de Joao Cancelo, qui a impressionn\u00e9.<\/p>\n<p>Selon <em>Monde Deportivo<\/em>Barcelone n&#39;exclut pas un d\u00e9part de Kound\u00e9 lors de la prochaine fen\u00eatre estivale. Si le n\u00b023 reste une figure importante, 40 apparitions cette saison, le conseil d&#39;administration estime que la meilleure d\u00e9cision, en cas d&#39;offre forte, serait de lui permettre de partir. Cette mise en garde est essentielle : uniquement au bon prix, avec sa valeur marchande s&#39;\u00e9levant \u00e0 environ 55 millions de livres sterling.<\/p>\n<p>Sous contrat avec Barcelone jusqu&#39;en juin 2030, Kound\u00e9 n&#39;est pas oppos\u00e9 \u00e0 un d\u00e9part, notamment si cela implique de rejoindre un grand club \u00e9tranger, et l&#39;int\u00e9r\u00eat pour la Premier League est loin de faire d\u00e9faut.<\/p>\n<h2>Les pr\u00e9tendants de Premier League pour Kound\u00e9<\/h2>\n<div>\n<div>\n<div><img decoding=\"async\" data-img-id=\"155536\" class=\"lazy\" loading=\"lazy\" src=\"https:\/\/footdavant.fr\/actualites\/wp-content\/uploads\/2026\/04\/1775335708_562_Actualites-du-Barca-les-Blaugrana-porte-ouverte-a-la-sortie.webp\"\/><\/p>\n<p>\u00a9 Imago \/ Joan Gosa<\/p>\n<\/div>\n<\/div>\n<\/div>\n<p>Selon <em>Monde Deportivo<\/em>Liverpool, Chelsea et Manchester City sont tous des admirateurs de l&#39;international fran\u00e7ais.<\/p>\n<p>Alors que les Reds ont plut\u00f4t tendance \u00e0 recruter \u00e0 gauche suite au d\u00e9part attendu d&#39;Andrew Robertson, la saison mitig\u00e9e de J\u00e9r\u00e9mie Frimpong ouvre une porte au d\u00e9fenseur fran\u00e7ais.<\/p>\n<p>\u00c0 City, le milieu de terrain portugais Matheus Nunes remplace l&#39;arri\u00e8re droit, soulignant le manque d&#39;options de Pep Guardiola \u00e0 ce poste. \u00c0 Chelsea, Malo Gusto ressemble \u00e0 un solide titulaire, m\u00eame si Reece James reste toujours sujet aux blessures.<\/p>\n<p>Le board des Blues a cependant un app\u00e9tit bien \u00e9tabli pour les signatures, et une offre pour Kounde en fin de saison ne surprendrait personne. La balle est dans le camp de Barcelone : si le club espagnol ouvre plus largement la porte l&#39;\u00e9t\u00e9 prochain, le Fran\u00e7ais ne devrait pas manquer d&#39;options.<\/p>\n<\/div>\n","protected":false},"excerpt":{"rendered":"<p>Jules Kounde est \u00e0 Barcelone depuis 2022 mais pourrait \u00eatre sur le point de partir l&#39;\u00e9t\u00e9 prochain, le club catalan \u00e9tant pr\u00eat \u00e0 \u00e9couter les<\/p>\n","protected":false},"author":1,"featured_media":36129,"comment_status":"closed","ping_status":"","sticky":false,"template":"","format":"standard","meta":{"footnotes":""},"categories":[5],"tags":[7,91,4367,10581,11785,2264,202,93,3723,594,201,243,1263,845],"yoast_head":"<!-- This site is optimized with the Yoast SEO plugin v21.0 - https:\/\/yoast.com\/wordpress\/plugins\/seo\/ -->\n<title>Actualit\u00e9s du Bar\u00e7a: les Blaugrana &quot;porte ouverte&quot; \u00e0 la sortie de Kound\u00e9 avec le trio de Premier League qui les entoure<\/title>\n<meta name=\"robots\" content=\"index, follow, max-snippet:-1, max-image-preview:large, max-video-preview:-1\" \/>\n<link rel=\"canonical\" href=\"https:\/\/footdavant.fr\/actualites\/actualites-du-barca-les-blaugrana-porte-ouverte-a-la-sortie-de-kounde-avec-le-trio-de-premier-league-qui-les-entoure\/\" \/>\n<meta property=\"og:locale\" content=\"fr_FR\" \/>\n<meta property=\"og:type\" content=\"article\" \/>\n<meta property=\"og:title\" content=\"Actualit\u00e9s du Bar\u00e7a: les Blaugrana &quot;porte ouverte&quot; \u00e0 la sortie de Kound\u00e9 avec le trio de Premier League qui les entoure\" \/>\n<meta property=\"og:description\" content=\"Jules Kounde est \u00e0 Barcelone depuis 2022 mais pourrait \u00eatre sur le point de partir l&#039;\u00e9t\u00e9 prochain, le club catalan \u00e9tant pr\u00eat \u00e0 \u00e9couter les\" \/>\n<meta property=\"og:url\" content=\"https:\/\/footdavant.fr\/actualites\/actualites-du-barca-les-blaugrana-porte-ouverte-a-la-sortie-de-kounde-avec-le-trio-de-premier-league-qui-les-entoure\/\" \/>\n<meta property=\"og:site_name\" content=\"Foot d&#039;avant\" \/>\n<meta property=\"article:publisher\" content=\"https:\/\/www.facebook.com\/Footdavant\/\" \/>\n<meta property=\"article:published_time\" content=\"2026-04-04T20:48:28+00:00\" \/>\n<meta property=\"article:modified_time\" content=\"2026-04-04T20:48:30+00:00\" \/>\n<meta property=\"og:image\" content=\"https:\/\/footdavant.fr\/actualites\/wp-content\/uploads\/2026\/04\/Actualites-du-Barca-les-Blaugrana-porte-ouverte-a-la-sortie.net2Fuploads2F20262F042Fimago1073472385.webp\" \/>\n\t<meta property=\"og:image:width\" content=\"720\" \/>\n\t<meta property=\"og:image:height\" content=\"410\" \/>\n\t<meta property=\"og:image:type\" content=\"image\/webp\" \/>\n<meta name=\"author\" content=\"Cl\u00e9ment\" \/>\n<meta name=\"twitter:card\" content=\"summary_large_image\" \/>\n<meta name=\"twitter:creator\" content=\"@FootdavantFr\" \/>\n<meta name=\"twitter:site\" content=\"@FootdavantFr\" \/>\n<meta name=\"twitter:label1\" content=\"\u00c9crit par\" \/>\n\t<meta name=\"twitter:data1\" content=\"Cl\u00e9ment\" \/>\n\t<meta name=\"twitter:label2\" content=\"Dur\u00e9e de lecture estim\u00e9e\" \/>\n\t<meta name=\"twitter:data2\" content=\"2 minutes\" \/>\n<script type=\"application\/ld+json\" class=\"yoast-schema-graph\">{\"@context\":\"https:\/\/schema.org\",\"@graph\":[{\"@type\":\"Article\",\"@id\":\"https:\/\/footdavant.fr\/actualites\/actualites-du-barca-les-blaugrana-porte-ouverte-a-la-sortie-de-kounde-avec-le-trio-de-premier-league-qui-les-entoure\/#article\",\"isPartOf\":{\"@id\":\"https:\/\/footdavant.fr\/actualites\/actualites-du-barca-les-blaugrana-porte-ouverte-a-la-sortie-de-kounde-avec-le-trio-de-premier-league-qui-les-entoure\/\"},\"author\":{\"name\":\"Cl\u00e9ment\",\"@id\":\"https:\/\/footdavant.fr\/actualites\/#\/schema\/person\/bc222566d95871b37e597b3ed3ba5e1d\"},\"headline\":\"Actualit\u00e9s du Bar\u00e7a: les Blaugrana \u00ab\u00a0porte ouverte\u00a0\u00bb \u00e0 la sortie de Kound\u00e9 avec le trio de Premier League qui les entoure\",\"datePublished\":\"2026-04-04T20:48:28+00:00\",\"dateModified\":\"2026-04-04T20:48:30+00:00\",\"mainEntityOfPage\":{\"@id\":\"https:\/\/footdavant.fr\/actualites\/actualites-du-barca-les-blaugrana-porte-ouverte-a-la-sortie-de-kounde-avec-le-trio-de-premier-league-qui-les-entoure\/\"},\"wordCount\":458,\"publisher\":{\"@id\":\"https:\/\/footdavant.fr\/actualites\/#organization\"},\"keywords\":[\"Actualit\u00e9s\",\"avec\",\"Bar\u00e7a\",\"Blaugrana\",\"entoure\",\"Kound\u00e9\",\"League\",\"les\",\"ouverte\",\"porte\",\"Premier\",\"qui\",\"sortie\",\"trio\"],\"articleSection\":[\"Premier League\"],\"inLanguage\":\"fr-FR\"},{\"@type\":\"WebPage\",\"@id\":\"https:\/\/footdavant.fr\/actualites\/actualites-du-barca-les-blaugrana-porte-ouverte-a-la-sortie-de-kounde-avec-le-trio-de-premier-league-qui-les-entoure\/\",\"url\":\"https:\/\/footdavant.fr\/actualites\/actualites-du-barca-les-blaugrana-porte-ouverte-a-la-sortie-de-kounde-avec-le-trio-de-premier-league-qui-les-entoure\/\",\"name\":\"Actualit\u00e9s du Bar\u00e7a: les Blaugrana \\\"porte ouverte\\\" \u00e0 la sortie de Kound\u00e9 avec le trio de Premier League qui les entoure\",\"isPartOf\":{\"@id\":\"https:\/\/footdavant.fr\/actualites\/#website\"},\"datePublished\":\"2026-04-04T20:48:28+00:00\",\"dateModified\":\"2026-04-04T20:48:30+00:00\",\"breadcrumb\":{\"@id\":\"https:\/\/footdavant.fr\/actualites\/actualites-du-barca-les-blaugrana-porte-ouverte-a-la-sortie-de-kounde-avec-le-trio-de-premier-league-qui-les-entoure\/#breadcrumb\"},\"inLanguage\":\"fr-FR\",\"potentialAction\":[{\"@type\":\"ReadAction\",\"target\":[\"https:\/\/footdavant.fr\/actualites\/actualites-du-barca-les-blaugrana-porte-ouverte-a-la-sortie-de-kounde-avec-le-trio-de-premier-league-qui-les-entoure\/\"]}]},{\"@type\":\"BreadcrumbList\",\"@id\":\"https:\/\/footdavant.fr\/actualites\/actualites-du-barca-les-blaugrana-porte-ouverte-a-la-sortie-de-kounde-avec-le-trio-de-premier-league-qui-les-entoure\/#breadcrumb\",\"itemListElement\":[{\"@type\":\"ListItem\",\"position\":1,\"name\":\"Accueil\",\"item\":\"https:\/\/footdavant.fr\/actualites\/\"},{\"@type\":\"ListItem\",\"position\":2,\"name\":\"Actualit\u00e9s du Bar\u00e7a: les Blaugrana \u00ab\u00a0porte ouverte\u00a0\u00bb \u00e0 la sortie de Kound\u00e9 avec le trio de Premier League qui les entoure\"}]},{\"@type\":\"WebSite\",\"@id\":\"https:\/\/footdavant.fr\/actualites\/#website\",\"url\":\"https:\/\/footdavant.fr\/actualites\/\",\"name\":\"Foot d'avant\",\"description\":\"\",\"publisher\":{\"@id\":\"https:\/\/footdavant.fr\/actualites\/#organization\"},\"potentialAction\":[{\"@type\":\"SearchAction\",\"target\":{\"@type\":\"EntryPoint\",\"urlTemplate\":\"https:\/\/footdavant.fr\/actualites\/?s={search_term_string}\"},\"query-input\":\"required name=search_term_string\"}],\"inLanguage\":\"fr-FR\"},{\"@type\":\"Organization\",\"@id\":\"https:\/\/footdavant.fr\/actualites\/#organization\",\"name\":\"Foot d'avant\",\"url\":\"https:\/\/footdavant.fr\/actualites\/\",\"logo\":{\"@type\":\"ImageObject\",\"inLanguage\":\"fr-FR\",\"@id\":\"https:\/\/footdavant.fr\/actualites\/#\/schema\/logo\/image\/\",\"url\":\"https:\/\/footdavant.fr\/actualites\/wp-content\/uploads\/2023\/09\/Copy-of-FootDavant-Logo.png\",\"contentUrl\":\"https:\/\/footdavant.fr\/actualites\/wp-content\/uploads\/2023\/09\/Copy-of-FootDavant-Logo.png\",\"width\":936,\"height\":549,\"caption\":\"Foot d'avant\"},\"image\":{\"@id\":\"https:\/\/footdavant.fr\/actualites\/#\/schema\/logo\/image\/\"},\"sameAs\":[\"https:\/\/www.facebook.com\/Footdavant\/\",\"https:\/\/twitter.com\/FootdavantFr\",\"https:\/\/www.instagram.com\/footdavant.fr\/\"]},{\"@type\":\"Person\",\"@id\":\"https:\/\/footdavant.fr\/actualites\/#\/schema\/person\/bc222566d95871b37e597b3ed3ba5e1d\",\"name\":\"Cl\u00e9ment\",\"image\":{\"@type\":\"ImageObject\",\"inLanguage\":\"fr-FR\",\"@id\":\"https:\/\/footdavant.fr\/actualites\/#\/schema\/person\/image\/\",\"url\":\"https:\/\/secure.gravatar.com\/avatar\/7728b29aac2719421e1a9159b2254c44?s=96&d=mm&r=g\",\"contentUrl\":\"https:\/\/secure.gravatar.com\/avatar\/7728b29aac2719421e1a9159b2254c44?s=96&d=mm&r=g\",\"caption\":\"Cl\u00e9ment\"},\"sameAs\":[\"https:\/\/footdavant.fr\/\"]}]}<\/script>\n<!-- \/ Yoast SEO plugin. -->","yoast_head_json":{"title":"Actualit\u00e9s du Bar\u00e7a: les Blaugrana \"porte ouverte\" \u00e0 la sortie de Kound\u00e9 avec le trio de Premier League qui les entoure","robots":{"index":"index","follow":"follow","max-snippet":"max-snippet:-1","max-image-preview":"max-image-preview:large","max-video-preview":"max-video-preview:-1"},"canonical":"https:\/\/footdavant.fr\/actualites\/actualites-du-barca-les-blaugrana-porte-ouverte-a-la-sortie-de-kounde-avec-le-trio-de-premier-league-qui-les-entoure\/","og_locale":"fr_FR","og_type":"article","og_title":"Actualit\u00e9s du Bar\u00e7a: les Blaugrana \"porte ouverte\" \u00e0 la sortie de Kound\u00e9 avec le trio de Premier League qui les entoure","og_description":"Jules Kounde est \u00e0 Barcelone depuis 2022 mais pourrait \u00eatre sur le point de partir l&#39;\u00e9t\u00e9 prochain, le club catalan \u00e9tant pr\u00eat \u00e0 \u00e9couter les","og_url":"https:\/\/footdavant.fr\/actualites\/actualites-du-barca-les-blaugrana-porte-ouverte-a-la-sortie-de-kounde-avec-le-trio-de-premier-league-qui-les-entoure\/","og_site_name":"Foot d&#039;avant","article_publisher":"https:\/\/www.facebook.com\/Footdavant\/","article_published_time":"2026-04-04T20:48:28+00:00","article_modified_time":"2026-04-04T20:48:30+00:00","og_image":[{"width":720,"height":410,"url":"https:\/\/footdavant.fr\/actualites\/wp-content\/uploads\/2026\/04\/Actualites-du-Barca-les-Blaugrana-porte-ouverte-a-la-sortie.net2Fuploads2F20262F042Fimago1073472385.webp","type":"image\/webp"}],"author":"Cl\u00e9ment","twitter_card":"summary_large_image","twitter_creator":"@FootdavantFr","twitter_site":"@FootdavantFr","twitter_misc":{"\u00c9crit par":"Cl\u00e9ment","Dur\u00e9e de lecture estim\u00e9e":"2 minutes"},"schema":{"@context":"https:\/\/schema.org","@graph":[{"@type":"Article","@id":"https:\/\/footdavant.fr\/actualites\/actualites-du-barca-les-blaugrana-porte-ouverte-a-la-sortie-de-kounde-avec-le-trio-de-premier-league-qui-les-entoure\/#article","isPartOf":{"@id":"https:\/\/footdavant.fr\/actualites\/actualites-du-barca-les-blaugrana-porte-ouverte-a-la-sortie-de-kounde-avec-le-trio-de-premier-league-qui-les-entoure\/"},"author":{"name":"Cl\u00e9ment","@id":"https:\/\/footdavant.fr\/actualites\/#\/schema\/person\/bc222566d95871b37e597b3ed3ba5e1d"},"headline":"Actualit\u00e9s du Bar\u00e7a: les Blaugrana \u00ab\u00a0porte ouverte\u00a0\u00bb \u00e0 la sortie de Kound\u00e9 avec le trio de Premier League qui les entoure","datePublished":"2026-04-04T20:48:28+00:00","dateModified":"2026-04-04T20:48:30+00:00","mainEntityOfPage":{"@id":"https:\/\/footdavant.fr\/actualites\/actualites-du-barca-les-blaugrana-porte-ouverte-a-la-sortie-de-kounde-avec-le-trio-de-premier-league-qui-les-entoure\/"},"wordCount":458,"publisher":{"@id":"https:\/\/footdavant.fr\/actualites\/#organization"},"keywords":["Actualit\u00e9s","avec","Bar\u00e7a","Blaugrana","entoure","Kound\u00e9","League","les","ouverte","porte","Premier","qui","sortie","trio"],"articleSection":["Premier League"],"inLanguage":"fr-FR"},{"@type":"WebPage","@id":"https:\/\/footdavant.fr\/actualites\/actualites-du-barca-les-blaugrana-porte-ouverte-a-la-sortie-de-kounde-avec-le-trio-de-premier-league-qui-les-entoure\/","url":"https:\/\/footdavant.fr\/actualites\/actualites-du-barca-les-blaugrana-porte-ouverte-a-la-sortie-de-kounde-avec-le-trio-de-premier-league-qui-les-entoure\/","name":"Actualit\u00e9s du Bar\u00e7a: les Blaugrana \"porte ouverte\" \u00e0 la sortie de Kound\u00e9 avec le trio de Premier League qui les entoure","isPartOf":{"@id":"https:\/\/footdavant.fr\/actualites\/#website"},"datePublished":"2026-04-04T20:48:28+00:00","dateModified":"2026-04-04T20:48:30+00:00","breadcrumb":{"@id":"https:\/\/footdavant.fr\/actualites\/actualites-du-barca-les-blaugrana-porte-ouverte-a-la-sortie-de-kounde-avec-le-trio-de-premier-league-qui-les-entoure\/#breadcrumb"},"inLanguage":"fr-FR","potentialAction":[{"@type":"ReadAction","target":["https:\/\/footdavant.fr\/actualites\/actualites-du-barca-les-blaugrana-porte-ouverte-a-la-sortie-de-kounde-avec-le-trio-de-premier-league-qui-les-entoure\/"]}]},{"@type":"BreadcrumbList","@id":"https:\/\/footdavant.fr\/actualites\/actualites-du-barca-les-blaugrana-porte-ouverte-a-la-sortie-de-kounde-avec-le-trio-de-premier-league-qui-les-entoure\/#breadcrumb","itemListElement":[{"@type":"ListItem","position":1,"name":"Accueil","item":"https:\/\/footdavant.fr\/actualites\/"},{"@type":"ListItem","position":2,"name":"Actualit\u00e9s du Bar\u00e7a: les Blaugrana \u00ab\u00a0porte ouverte\u00a0\u00bb \u00e0 la sortie de Kound\u00e9 avec le trio de Premier League qui les entoure"}]},{"@type":"WebSite","@id":"https:\/\/footdavant.fr\/actualites\/#website","url":"https:\/\/footdavant.fr\/actualites\/","name":"Foot d'avant","description":"","publisher":{"@id":"https:\/\/footdavant.fr\/actualites\/#organization"},"potentialAction":[{"@type":"SearchAction","target":{"@type":"EntryPoint","urlTemplate":"https:\/\/footdavant.fr\/actualites\/?s={search_term_string}"},"query-input":"required name=search_term_string"}],"inLanguage":"fr-FR"},{"@type":"Organization","@id":"https:\/\/footdavant.fr\/actualites\/#organization","name":"Foot d'avant","url":"https:\/\/footdavant.fr\/actualites\/","logo":{"@type":"ImageObject","inLanguage":"fr-FR","@id":"https:\/\/footdavant.fr\/actualites\/#\/schema\/logo\/image\/","url":"https:\/\/footdavant.fr\/actualites\/wp-content\/uploads\/2023\/09\/Copy-of-FootDavant-Logo.png","contentUrl":"https:\/\/footdavant.fr\/actualites\/wp-content\/uploads\/2023\/09\/Copy-of-FootDavant-Logo.png","width":936,"height":549,"caption":"Foot d'avant"},"image":{"@id":"https:\/\/footdavant.fr\/actualites\/#\/schema\/logo\/image\/"},"sameAs":["https:\/\/www.facebook.com\/Footdavant\/","https:\/\/twitter.com\/FootdavantFr","https:\/\/www.instagram.com\/footdavant.fr\/"]},{"@type":"Person","@id":"https:\/\/footdavant.fr\/actualites\/#\/schema\/person\/bc222566d95871b37e597b3ed3ba5e1d","name":"Cl\u00e9ment","image":{"@type":"ImageObject","inLanguage":"fr-FR","@id":"https:\/\/footdavant.fr\/actualites\/#\/schema\/person\/image\/","url":"https:\/\/secure.gravatar.com\/avatar\/7728b29aac2719421e1a9159b2254c44?s=96&d=mm&r=g","contentUrl":"https:\/\/secure.gravatar.com\/avatar\/7728b29aac2719421e1a9159b2254c44?s=96&d=mm&r=g","caption":"Cl\u00e9ment"},"sameAs":["https:\/\/footdavant.fr\/"]}]}},"_links":{"self":[{"href":"https:\/\/footdavant.fr\/actualites\/wp-json\/wp\/v2\/posts\/36128"}],"collection":[{"href":"https:\/\/footdavant.fr\/actualites\/wp-json\/wp\/v2\/posts"}],"about":[{"href":"https:\/\/footdavant.fr\/actualites\/wp-json\/wp\/v2\/types\/post"}],"author":[{"embeddable":true,"href":"https:\/\/footdavant.fr\/actualites\/wp-json\/wp\/v2\/users\/1"}],"replies":[{"embeddable":true,"href":"https:\/\/footdavant.fr\/actualites\/wp-json\/wp\/v2\/comments?post=36128"}],"version-history":[{"count":1,"href":"https:\/\/footdavant.fr\/actualites\/wp-json\/wp\/v2\/posts\/36128\/revisions"}],"predecessor-version":[{"id":36130,"href":"https:\/\/footdavant.fr\/actualites\/wp-json\/wp\/v2\/posts\/36128\/revisions\/36130"}],"wp:featuredmedia":[{"embeddable":true,"href":"https:\/\/footdavant.fr\/actualites\/wp-json\/wp\/v2\/media\/36129"}],"wp:attachment":[{"href":"https:\/\/footdavant.fr\/actualites\/wp-json\/wp\/v2\/media?parent=36128"}],"wp:term":[{"taxonomy":"category","embeddable":true,"href":"https:\/\/footdavant.fr\/actualites\/wp-json\/wp\/v2\/categories?post=36128"},{"taxonomy":"post_tag","embeddable":true,"href":"https:\/\/footdavant.fr\/actualites\/wp-json\/wp\/v2\/tags?post=36128"}],"curies":[{"name":"wp","href":"https:\/\/api.w.org\/{rel}","templated":true}]}}