{"id":36134,"date":"2026-04-05T02:48:26","date_gmt":"2026-04-05T00:48:26","guid":{"rendered":"https:\/\/footdavant.fr\/actualites\/la-star-de-man-united-rend-le-verdict-de-michael-carrick-tout-en-sattaquant-apparemment-aux-tactiques-compliquees-de-ruben-amorim\/"},"modified":"2026-04-05T02:48:28","modified_gmt":"2026-04-05T00:48:28","slug":"la-star-de-man-united-rend-le-verdict-de-michael-carrick-tout-en-sattaquant-apparemment-aux-tactiques-compliquees-de-ruben-amorim","status":"publish","type":"post","link":"https:\/\/footdavant.fr\/actualites\/la-star-de-man-united-rend-le-verdict-de-michael-carrick-tout-en-sattaquant-apparemment-aux-tactiques-compliquees-de-ruben-amorim\/","title":{"rendered":"La star de Man United rend le verdict de Michael Carrick tout en s&#39;attaquant apparemment aux tactiques \u00ab\u00a0compliqu\u00e9es\u00a0\u00bb de Ruben Amorim"},"content":{"rendered":"<div itemprop=\"articleBody\">\n<p>Le gardien de Manchester United, Senne Lammens, a sugg\u00e9r\u00e9 que les tactiques de Ruben Amorim lorsqu&#39;il \u00e9tait entra\u00eeneur-chef des Red Devils \u00e9taient \u00ab\u00a0trop \u200b\u200bcompliqu\u00e9es\u00a0\u00bb et difficiles \u00e0 comprendre.<\/p>\n<p>Amorim \u00e9tait \u00e0 la t\u00eate de Man United entre novembre 2024 et janvier 2026, et il a guid\u00e9 l&#39;\u00e9quipe jusqu&#39;\u00e0 la finale de la Ligue Europa la saison derni\u00e8re, mais une campagne d\u00e9sastreuse en Premier League a vu les 20 fois champions d&#39;Angleterre terminer \u00e0 la 15e place du classement.<\/p>\n<p>Le Portugais a finalement \u00e9t\u00e9 limog\u00e9 de son poste d&#39;entra\u00eeneur-chef \u00e0 la suite de tensions avec des hauts responsables de Man United, et Michael Carrick a \u00e9t\u00e9 nomm\u00e9 jusqu&#39;\u00e0 la fin de la campagne.<\/p>\n<p>Carrick a guid\u00e9 Man United vers sept victoires lors de ses 10 matches de Premier League depuis son arriv\u00e9e, les Red Devils occupant d\u00e9sormais la troisi\u00e8me place du classement de la Premier League.<\/p>\n<p>Dans l\u2019\u00e9tat actuel des choses, Carrick est le favori pour \u00eatre nomm\u00e9 entra\u00eeneur-chef \u00e0 long terme, et Lammens a salu\u00e9 l\u2019Anglais pour son impact tout en s\u2019attaquant apparemment \u00e0 Amorim.<\/p>\n<div>\n<div>\n<div>\n<div>\n<p>\u00a9 Imago \/ Action Plus<\/p>\n<\/div>\n<\/div>\n<\/div>\n<\/div>\n<h2>Carrick est le favori pour \u00eatre nomm\u00e9 entra\u00eeneur-chef de Man United \u00e0 long terme<\/h2>\n<p>\u00ab\u00a0La premi\u00e8re chose, d\u00e8s le premier jour, a \u00e9t\u00e9 sa capacit\u00e9 (de Carrick) \u00e0 tout rendre clair et \u00e0 (pr\u00e9senter) un message direct. Il n&#39;a pas rendu la t\u00e2che trop difficile ou trop compliqu\u00e9e pour nous\u00a0\u00bb, a-t-il d\u00e9clar\u00e9. <em>L&#39;Athl\u00e9tisme.<\/em><\/p>\n<p>\u00ab\u00a0Parfois, les managers \u00e9laborent un plan trop compliqu\u00e9, puis certains joueurs n&#39;adh\u00e8rent pas et il est difficile de se mettre au m\u00eame niveau pour tout le monde.<\/p>\n<p>\u00ab\u00a0Mais d\u00e8s le premier match, ce qu&#39;il (Carrick) voulait \u00e9tait tr\u00e8s clair. Il ne demandait pas les choses les plus difficiles, mais il \u00e9tait aussi capable de laisser nos joueurs s&#39;\u00e9panouir dans leurs qualit\u00e9s.<\/p>\n<p>\u00ab\u00a0En d\u00e9fense, ne pas donner de buts est l&#39;une des choses les plus importantes, et nos joueurs devant peuvent alors faire la diff\u00e9rence. C&#39;est probablement ce qui a le mieux fonctionn\u00e9.<\/p>\n<div>\n<div>\n<div>\n<div><img decoding=\"async\" data-img-id=\"152863\" class=\"lazy\" loading=\"lazy\" src=\"https:\/\/footdavant.fr\/actualites\/wp-content\/uploads\/2026\/04\/La-star-de-Man-United-rend-le-verdict-de-Michael.webp\"\/><\/p>\n<p>\u00a9 Imago \/ Action Plus<\/p>\n<\/div>\n<\/div>\n<\/div>\n<\/div>\n<h2>Lammens salue Carrick pour son travail depuis le remplacement d&#39;Amorim<\/h2>\n<p>\u00ab\u00a0Michael nous a donn\u00e9 beaucoup de confiance et beaucoup de stabilit\u00e9 derri\u00e8re.<\/p>\n<p>\u00ab\u00a0Au d\u00e9but de la saison, il y avait quelques joueurs bless\u00e9s et quelques d\u00e9fenseurs qui entraient et sortaient. C&#39;\u00e9tait difficile de trouver le rythme.<\/p>\n<p>\u00ab\u00a0Les deux derniers matchs ont \u00e9galement \u00e9t\u00e9 meilleurs. Par exemple, avec (le d\u00e9fenseur central) Harry Maguire devant moi, c&#39;est aussi une b\u00eate, donc c&#39;est toujours agr\u00e9able de l&#39;avoir l\u00e0.\u00a0\u00bb<\/p>\n<p>Lammens a \u00e9t\u00e9 un joueur remarquable pour Man United depuis l&#39;arriv\u00e9e de Carrick en tant qu&#39;entra\u00eeneur-chef, le joueur de 23 ans s&#39;\u00e9tant rapidement impos\u00e9 comme l&#39;un des meilleurs jeunes gardiens d&#39;Europe.<\/p>\n<p>La campagne 2025-26 de Man United en Premier League reprendra contre Leeds United le 13 avril.<\/p>\n<\/div>\n","protected":false},"excerpt":{"rendered":"<p>Le gardien de Manchester United, Senne Lammens, a sugg\u00e9r\u00e9 que les tactiques de Ruben Amorim lorsqu&#39;il \u00e9tait entra\u00eeneur-chef des Red Devils \u00e9taient \u00ab\u00a0trop \u200b\u200bcompliqu\u00e9es\u00a0\u00bb et<\/p>\n","protected":false},"author":1,"featured_media":36135,"comment_status":"closed","ping_status":"","sticky":false,"template":"","format":"standard","meta":{"footnotes":""},"categories":[5],"tags":[4477,11788,305,5200,11789,24,1105,2763,160,11787,1621,7078,291,13,2764],"yoast_head":"<!-- This site is optimized with the Yoast SEO plugin v21.0 - https:\/\/yoast.com\/wordpress\/plugins\/seo\/ -->\n<title>La star de Man United rend le verdict de Michael Carrick tout en s&#039;attaquant apparemment aux tactiques &quot;compliqu\u00e9es&quot; de Ruben Amorim<\/title>\n<meta name=\"robots\" content=\"index, follow, max-snippet:-1, max-image-preview:large, max-video-preview:-1\" \/>\n<link rel=\"canonical\" href=\"https:\/\/footdavant.fr\/actualites\/la-star-de-man-united-rend-le-verdict-de-michael-carrick-tout-en-sattaquant-apparemment-aux-tactiques-compliquees-de-ruben-amorim\/\" \/>\n<meta property=\"og:locale\" content=\"fr_FR\" \/>\n<meta property=\"og:type\" content=\"article\" \/>\n<meta property=\"og:title\" content=\"La star de Man United rend le verdict de Michael Carrick tout en s&#039;attaquant apparemment aux tactiques &quot;compliqu\u00e9es&quot; de Ruben Amorim\" \/>\n<meta property=\"og:description\" content=\"Le gardien de Manchester United, Senne Lammens, a sugg\u00e9r\u00e9 que les tactiques de Ruben Amorim lorsqu&#039;il \u00e9tait entra\u00eeneur-chef des Red Devils \u00e9taient \u00ab\u00a0trop \u200b\u200bcompliqu\u00e9es\u00a0\u00bb et\" \/>\n<meta property=\"og:url\" content=\"https:\/\/footdavant.fr\/actualites\/la-star-de-man-united-rend-le-verdict-de-michael-carrick-tout-en-sattaquant-apparemment-aux-tactiques-compliquees-de-ruben-amorim\/\" \/>\n<meta property=\"og:site_name\" content=\"Foot d&#039;avant\" \/>\n<meta property=\"article:publisher\" content=\"https:\/\/www.facebook.com\/Footdavant\/\" \/>\n<meta property=\"article:published_time\" content=\"2026-04-05T00:48:26+00:00\" \/>\n<meta property=\"article:modified_time\" content=\"2026-04-05T00:48:28+00:00\" \/>\n<meta property=\"og:image\" content=\"https:\/\/footdavant.fr\/actualites\/wp-content\/uploads\/2026\/04\/La-star-de-Man-United-rend-le-verdict-de-Michael.net2Fuploads2F20262F022Fns-2-photo-frame.webp\" \/>\n\t<meta property=\"og:image:width\" content=\"720\" \/>\n\t<meta property=\"og:image:height\" content=\"410\" \/>\n\t<meta property=\"og:image:type\" content=\"image\/webp\" \/>\n<meta name=\"author\" content=\"Cl\u00e9ment\" \/>\n<meta name=\"twitter:card\" content=\"summary_large_image\" \/>\n<meta name=\"twitter:creator\" content=\"@FootdavantFr\" \/>\n<meta name=\"twitter:site\" content=\"@FootdavantFr\" \/>\n<meta name=\"twitter:label1\" content=\"\u00c9crit par\" \/>\n\t<meta name=\"twitter:data1\" content=\"Cl\u00e9ment\" \/>\n\t<meta name=\"twitter:label2\" content=\"Dur\u00e9e de lecture estim\u00e9e\" \/>\n\t<meta name=\"twitter:data2\" content=\"2 minutes\" \/>\n<script type=\"application\/ld+json\" class=\"yoast-schema-graph\">{\"@context\":\"https:\/\/schema.org\",\"@graph\":[{\"@type\":\"Article\",\"@id\":\"https:\/\/footdavant.fr\/actualites\/la-star-de-man-united-rend-le-verdict-de-michael-carrick-tout-en-sattaquant-apparemment-aux-tactiques-compliquees-de-ruben-amorim\/#article\",\"isPartOf\":{\"@id\":\"https:\/\/footdavant.fr\/actualites\/la-star-de-man-united-rend-le-verdict-de-michael-carrick-tout-en-sattaquant-apparemment-aux-tactiques-compliquees-de-ruben-amorim\/\"},\"author\":{\"name\":\"Cl\u00e9ment\",\"@id\":\"https:\/\/footdavant.fr\/actualites\/#\/schema\/person\/bc222566d95871b37e597b3ed3ba5e1d\"},\"headline\":\"La star de Man United rend le verdict de Michael Carrick tout en s&#39;attaquant apparemment aux tactiques \u00ab\u00a0compliqu\u00e9es\u00a0\u00bb de Ruben Amorim\",\"datePublished\":\"2026-04-05T00:48:26+00:00\",\"dateModified\":\"2026-04-05T00:48:28+00:00\",\"mainEntityOfPage\":{\"@id\":\"https:\/\/footdavant.fr\/actualites\/la-star-de-man-united-rend-le-verdict-de-michael-carrick-tout-en-sattaquant-apparemment-aux-tactiques-compliquees-de-ruben-amorim\/\"},\"wordCount\":515,\"publisher\":{\"@id\":\"https:\/\/footdavant.fr\/actualites\/#organization\"},\"keywords\":[\"Amorim\",\"apparemment\",\"aux\",\"Carrick\",\"compliqu\u00e9es\",\"Man\",\"Michael\",\"rend\",\"Ruben\",\"s39attaquant\",\"Star\",\"Tactiques\",\"tout\",\"United\",\"verdict\"],\"articleSection\":[\"Premier League\"],\"inLanguage\":\"fr-FR\"},{\"@type\":\"WebPage\",\"@id\":\"https:\/\/footdavant.fr\/actualites\/la-star-de-man-united-rend-le-verdict-de-michael-carrick-tout-en-sattaquant-apparemment-aux-tactiques-compliquees-de-ruben-amorim\/\",\"url\":\"https:\/\/footdavant.fr\/actualites\/la-star-de-man-united-rend-le-verdict-de-michael-carrick-tout-en-sattaquant-apparemment-aux-tactiques-compliquees-de-ruben-amorim\/\",\"name\":\"La star de Man United rend le verdict de Michael Carrick tout en s&#39;attaquant apparemment aux tactiques \\\"compliqu\u00e9es\\\" de Ruben Amorim\",\"isPartOf\":{\"@id\":\"https:\/\/footdavant.fr\/actualites\/#website\"},\"datePublished\":\"2026-04-05T00:48:26+00:00\",\"dateModified\":\"2026-04-05T00:48:28+00:00\",\"breadcrumb\":{\"@id\":\"https:\/\/footdavant.fr\/actualites\/la-star-de-man-united-rend-le-verdict-de-michael-carrick-tout-en-sattaquant-apparemment-aux-tactiques-compliquees-de-ruben-amorim\/#breadcrumb\"},\"inLanguage\":\"fr-FR\",\"potentialAction\":[{\"@type\":\"ReadAction\",\"target\":[\"https:\/\/footdavant.fr\/actualites\/la-star-de-man-united-rend-le-verdict-de-michael-carrick-tout-en-sattaquant-apparemment-aux-tactiques-compliquees-de-ruben-amorim\/\"]}]},{\"@type\":\"BreadcrumbList\",\"@id\":\"https:\/\/footdavant.fr\/actualites\/la-star-de-man-united-rend-le-verdict-de-michael-carrick-tout-en-sattaquant-apparemment-aux-tactiques-compliquees-de-ruben-amorim\/#breadcrumb\",\"itemListElement\":[{\"@type\":\"ListItem\",\"position\":1,\"name\":\"Accueil\",\"item\":\"https:\/\/footdavant.fr\/actualites\/\"},{\"@type\":\"ListItem\",\"position\":2,\"name\":\"La star de Man United rend le verdict de Michael Carrick tout en s&#39;attaquant apparemment aux tactiques \u00ab\u00a0compliqu\u00e9es\u00a0\u00bb de Ruben Amorim\"}]},{\"@type\":\"WebSite\",\"@id\":\"https:\/\/footdavant.fr\/actualites\/#website\",\"url\":\"https:\/\/footdavant.fr\/actualites\/\",\"name\":\"Foot d'avant\",\"description\":\"\",\"publisher\":{\"@id\":\"https:\/\/footdavant.fr\/actualites\/#organization\"},\"potentialAction\":[{\"@type\":\"SearchAction\",\"target\":{\"@type\":\"EntryPoint\",\"urlTemplate\":\"https:\/\/footdavant.fr\/actualites\/?s={search_term_string}\"},\"query-input\":\"required name=search_term_string\"}],\"inLanguage\":\"fr-FR\"},{\"@type\":\"Organization\",\"@id\":\"https:\/\/footdavant.fr\/actualites\/#organization\",\"name\":\"Foot d'avant\",\"url\":\"https:\/\/footdavant.fr\/actualites\/\",\"logo\":{\"@type\":\"ImageObject\",\"inLanguage\":\"fr-FR\",\"@id\":\"https:\/\/footdavant.fr\/actualites\/#\/schema\/logo\/image\/\",\"url\":\"https:\/\/footdavant.fr\/actualites\/wp-content\/uploads\/2023\/09\/Copy-of-FootDavant-Logo.png\",\"contentUrl\":\"https:\/\/footdavant.fr\/actualites\/wp-content\/uploads\/2023\/09\/Copy-of-FootDavant-Logo.png\",\"width\":936,\"height\":549,\"caption\":\"Foot d'avant\"},\"image\":{\"@id\":\"https:\/\/footdavant.fr\/actualites\/#\/schema\/logo\/image\/\"},\"sameAs\":[\"https:\/\/www.facebook.com\/Footdavant\/\",\"https:\/\/twitter.com\/FootdavantFr\",\"https:\/\/www.instagram.com\/footdavant.fr\/\"]},{\"@type\":\"Person\",\"@id\":\"https:\/\/footdavant.fr\/actualites\/#\/schema\/person\/bc222566d95871b37e597b3ed3ba5e1d\",\"name\":\"Cl\u00e9ment\",\"image\":{\"@type\":\"ImageObject\",\"inLanguage\":\"fr-FR\",\"@id\":\"https:\/\/footdavant.fr\/actualites\/#\/schema\/person\/image\/\",\"url\":\"https:\/\/secure.gravatar.com\/avatar\/7728b29aac2719421e1a9159b2254c44?s=96&d=mm&r=g\",\"contentUrl\":\"https:\/\/secure.gravatar.com\/avatar\/7728b29aac2719421e1a9159b2254c44?s=96&d=mm&r=g\",\"caption\":\"Cl\u00e9ment\"},\"sameAs\":[\"https:\/\/footdavant.fr\/\"]}]}<\/script>\n<!-- \/ Yoast SEO plugin. -->","yoast_head_json":{"title":"La star de Man United rend le verdict de Michael Carrick tout en s&#39;attaquant apparemment aux tactiques \"compliqu\u00e9es\" de Ruben Amorim","robots":{"index":"index","follow":"follow","max-snippet":"max-snippet:-1","max-image-preview":"max-image-preview:large","max-video-preview":"max-video-preview:-1"},"canonical":"https:\/\/footdavant.fr\/actualites\/la-star-de-man-united-rend-le-verdict-de-michael-carrick-tout-en-sattaquant-apparemment-aux-tactiques-compliquees-de-ruben-amorim\/","og_locale":"fr_FR","og_type":"article","og_title":"La star de Man United rend le verdict de Michael Carrick tout en s&#39;attaquant apparemment aux tactiques \"compliqu\u00e9es\" de Ruben Amorim","og_description":"Le gardien de Manchester United, Senne Lammens, a sugg\u00e9r\u00e9 que les tactiques de Ruben Amorim lorsqu&#39;il \u00e9tait entra\u00eeneur-chef des Red Devils \u00e9taient \u00ab\u00a0trop \u200b\u200bcompliqu\u00e9es\u00a0\u00bb et","og_url":"https:\/\/footdavant.fr\/actualites\/la-star-de-man-united-rend-le-verdict-de-michael-carrick-tout-en-sattaquant-apparemment-aux-tactiques-compliquees-de-ruben-amorim\/","og_site_name":"Foot d&#039;avant","article_publisher":"https:\/\/www.facebook.com\/Footdavant\/","article_published_time":"2026-04-05T00:48:26+00:00","article_modified_time":"2026-04-05T00:48:28+00:00","og_image":[{"width":720,"height":410,"url":"https:\/\/footdavant.fr\/actualites\/wp-content\/uploads\/2026\/04\/La-star-de-Man-United-rend-le-verdict-de-Michael.net2Fuploads2F20262F022Fns-2-photo-frame.webp","type":"image\/webp"}],"author":"Cl\u00e9ment","twitter_card":"summary_large_image","twitter_creator":"@FootdavantFr","twitter_site":"@FootdavantFr","twitter_misc":{"\u00c9crit par":"Cl\u00e9ment","Dur\u00e9e de lecture estim\u00e9e":"2 minutes"},"schema":{"@context":"https:\/\/schema.org","@graph":[{"@type":"Article","@id":"https:\/\/footdavant.fr\/actualites\/la-star-de-man-united-rend-le-verdict-de-michael-carrick-tout-en-sattaquant-apparemment-aux-tactiques-compliquees-de-ruben-amorim\/#article","isPartOf":{"@id":"https:\/\/footdavant.fr\/actualites\/la-star-de-man-united-rend-le-verdict-de-michael-carrick-tout-en-sattaquant-apparemment-aux-tactiques-compliquees-de-ruben-amorim\/"},"author":{"name":"Cl\u00e9ment","@id":"https:\/\/footdavant.fr\/actualites\/#\/schema\/person\/bc222566d95871b37e597b3ed3ba5e1d"},"headline":"La star de Man United rend le verdict de Michael Carrick tout en s&#39;attaquant apparemment aux tactiques \u00ab\u00a0compliqu\u00e9es\u00a0\u00bb de Ruben Amorim","datePublished":"2026-04-05T00:48:26+00:00","dateModified":"2026-04-05T00:48:28+00:00","mainEntityOfPage":{"@id":"https:\/\/footdavant.fr\/actualites\/la-star-de-man-united-rend-le-verdict-de-michael-carrick-tout-en-sattaquant-apparemment-aux-tactiques-compliquees-de-ruben-amorim\/"},"wordCount":515,"publisher":{"@id":"https:\/\/footdavant.fr\/actualites\/#organization"},"keywords":["Amorim","apparemment","aux","Carrick","compliqu\u00e9es","Man","Michael","rend","Ruben","s39attaquant","Star","Tactiques","tout","United","verdict"],"articleSection":["Premier League"],"inLanguage":"fr-FR"},{"@type":"WebPage","@id":"https:\/\/footdavant.fr\/actualites\/la-star-de-man-united-rend-le-verdict-de-michael-carrick-tout-en-sattaquant-apparemment-aux-tactiques-compliquees-de-ruben-amorim\/","url":"https:\/\/footdavant.fr\/actualites\/la-star-de-man-united-rend-le-verdict-de-michael-carrick-tout-en-sattaquant-apparemment-aux-tactiques-compliquees-de-ruben-amorim\/","name":"La star de Man United rend le verdict de Michael Carrick tout en s&#39;attaquant apparemment aux tactiques \"compliqu\u00e9es\" de Ruben Amorim","isPartOf":{"@id":"https:\/\/footdavant.fr\/actualites\/#website"},"datePublished":"2026-04-05T00:48:26+00:00","dateModified":"2026-04-05T00:48:28+00:00","breadcrumb":{"@id":"https:\/\/footdavant.fr\/actualites\/la-star-de-man-united-rend-le-verdict-de-michael-carrick-tout-en-sattaquant-apparemment-aux-tactiques-compliquees-de-ruben-amorim\/#breadcrumb"},"inLanguage":"fr-FR","potentialAction":[{"@type":"ReadAction","target":["https:\/\/footdavant.fr\/actualites\/la-star-de-man-united-rend-le-verdict-de-michael-carrick-tout-en-sattaquant-apparemment-aux-tactiques-compliquees-de-ruben-amorim\/"]}]},{"@type":"BreadcrumbList","@id":"https:\/\/footdavant.fr\/actualites\/la-star-de-man-united-rend-le-verdict-de-michael-carrick-tout-en-sattaquant-apparemment-aux-tactiques-compliquees-de-ruben-amorim\/#breadcrumb","itemListElement":[{"@type":"ListItem","position":1,"name":"Accueil","item":"https:\/\/footdavant.fr\/actualites\/"},{"@type":"ListItem","position":2,"name":"La star de Man United rend le verdict de Michael Carrick tout en s&#39;attaquant apparemment aux tactiques \u00ab\u00a0compliqu\u00e9es\u00a0\u00bb de Ruben Amorim"}]},{"@type":"WebSite","@id":"https:\/\/footdavant.fr\/actualites\/#website","url":"https:\/\/footdavant.fr\/actualites\/","name":"Foot d'avant","description":"","publisher":{"@id":"https:\/\/footdavant.fr\/actualites\/#organization"},"potentialAction":[{"@type":"SearchAction","target":{"@type":"EntryPoint","urlTemplate":"https:\/\/footdavant.fr\/actualites\/?s={search_term_string}"},"query-input":"required name=search_term_string"}],"inLanguage":"fr-FR"},{"@type":"Organization","@id":"https:\/\/footdavant.fr\/actualites\/#organization","name":"Foot d'avant","url":"https:\/\/footdavant.fr\/actualites\/","logo":{"@type":"ImageObject","inLanguage":"fr-FR","@id":"https:\/\/footdavant.fr\/actualites\/#\/schema\/logo\/image\/","url":"https:\/\/footdavant.fr\/actualites\/wp-content\/uploads\/2023\/09\/Copy-of-FootDavant-Logo.png","contentUrl":"https:\/\/footdavant.fr\/actualites\/wp-content\/uploads\/2023\/09\/Copy-of-FootDavant-Logo.png","width":936,"height":549,"caption":"Foot d'avant"},"image":{"@id":"https:\/\/footdavant.fr\/actualites\/#\/schema\/logo\/image\/"},"sameAs":["https:\/\/www.facebook.com\/Footdavant\/","https:\/\/twitter.com\/FootdavantFr","https:\/\/www.instagram.com\/footdavant.fr\/"]},{"@type":"Person","@id":"https:\/\/footdavant.fr\/actualites\/#\/schema\/person\/bc222566d95871b37e597b3ed3ba5e1d","name":"Cl\u00e9ment","image":{"@type":"ImageObject","inLanguage":"fr-FR","@id":"https:\/\/footdavant.fr\/actualites\/#\/schema\/person\/image\/","url":"https:\/\/secure.gravatar.com\/avatar\/7728b29aac2719421e1a9159b2254c44?s=96&d=mm&r=g","contentUrl":"https:\/\/secure.gravatar.com\/avatar\/7728b29aac2719421e1a9159b2254c44?s=96&d=mm&r=g","caption":"Cl\u00e9ment"},"sameAs":["https:\/\/footdavant.fr\/"]}]}},"_links":{"self":[{"href":"https:\/\/footdavant.fr\/actualites\/wp-json\/wp\/v2\/posts\/36134"}],"collection":[{"href":"https:\/\/footdavant.fr\/actualites\/wp-json\/wp\/v2\/posts"}],"about":[{"href":"https:\/\/footdavant.fr\/actualites\/wp-json\/wp\/v2\/types\/post"}],"author":[{"embeddable":true,"href":"https:\/\/footdavant.fr\/actualites\/wp-json\/wp\/v2\/users\/1"}],"replies":[{"embeddable":true,"href":"https:\/\/footdavant.fr\/actualites\/wp-json\/wp\/v2\/comments?post=36134"}],"version-history":[{"count":1,"href":"https:\/\/footdavant.fr\/actualites\/wp-json\/wp\/v2\/posts\/36134\/revisions"}],"predecessor-version":[{"id":36136,"href":"https:\/\/footdavant.fr\/actualites\/wp-json\/wp\/v2\/posts\/36134\/revisions\/36136"}],"wp:featuredmedia":[{"embeddable":true,"href":"https:\/\/footdavant.fr\/actualites\/wp-json\/wp\/v2\/media\/36135"}],"wp:attachment":[{"href":"https:\/\/footdavant.fr\/actualites\/wp-json\/wp\/v2\/media?parent=36134"}],"wp:term":[{"taxonomy":"category","embeddable":true,"href":"https:\/\/footdavant.fr\/actualites\/wp-json\/wp\/v2\/categories?post=36134"},{"taxonomy":"post_tag","embeddable":true,"href":"https:\/\/footdavant.fr\/actualites\/wp-json\/wp\/v2\/tags?post=36134"}],"curies":[{"name":"wp","href":"https:\/\/api.w.org\/{rel}","templated":true}]}}