{"id":36137,"date":"2026-04-05T04:48:09","date_gmt":"2026-04-05T02:48:09","guid":{"rendered":"https:\/\/footdavant.fr\/actualites\/maintenant-nous-devons-montrer-de-quoi-nous-sommes-faits\/"},"modified":"2026-04-05T04:48:12","modified_gmt":"2026-04-05T02:48:12","slug":"maintenant-nous-devons-montrer-de-quoi-nous-sommes-faits","status":"publish","type":"post","link":"https:\/\/footdavant.fr\/actualites\/maintenant-nous-devons-montrer-de-quoi-nous-sommes-faits\/","title":{"rendered":"Maintenant nous devons montrer de quoi nous sommes faits"},"content":{"rendered":"<div>\n<p>Le patron d&#39;Arsenal, Mikel Arteta, a appel\u00e9 son \u00e9quipe \u00e0 r\u00e9agir fermement apr\u00e8s avoir \u00e9t\u00e9 exclue sans c\u00e9r\u00e9monie de la FA Cup par l&#39;\u00e9quipe de championnat de Southampton ce soir.<\/p>\n<p>Deux semaines seulement apr\u00e8s avoir perdu la finale de la Coupe EFL contre Manchester City, les Gunners ont vu un autre troph\u00e9e leur \u00e9chapper alors que Shea Charles marquait \u00e0 cinq minutes de la fin pour r\u00e9gler une \u00e9galit\u00e9 de coupe passionnante sur la c\u00f4te sud.<\/p>\n<p>Ross Stewart avait donn\u00e9 l&#39;avance \u00e0 Southampton \u00e0 la 35e minute, mais Viktor Gyokeres est sorti du banc pour \u00e9galiser pour les leaders de la Premier League en seconde p\u00e9riode. Le match semblait se diriger vers la prolongation seulement lorsque l&#39;international nord-irlandais Charles a tir\u00e9 devant Kepa Arrizabalaga et a rendu le public local fou.<\/p>\n<p>Si cela ne suffisait pas pour Arteta, il a \u00e9galement vu le d\u00e9fenseur cl\u00e9 Gabriel remplac\u00e9 apr\u00e8s avoir subi ce qui semblait \u00eatre une blessure au genou.<\/p>\n<figure class=\"wp-block-embed is-type-rich is-provider-twitter wp-block-embed-twitter\"\/>\n<h2 class=\"wp-block-heading\"><span id=\"Arteta_baffled_by_poor_Arsenal_defending\">Arteta d\u00e9concert\u00e9 par la mauvaise d\u00e9fense d&#39;Arsenal<\/span><\/h2>\n<p>Arsenal a le meilleur bilan d\u00e9fensif de la Premier League, mais ils ont sembl\u00e9 inquiets toute la nuit, \u00e0 la grande d\u00e9ception d&#39;Arteta.<\/p>\n<p>\u00ab\u00a0Le r\u00e9sultat et surtout la fa\u00e7on dont nous avons encaiss\u00e9 les deux buts&#8230;\u00a0\u00bb a-t-il d\u00e9clar\u00e9. \u00ab\u00a0Nous avons eu tellement de domination dans et autour de la surface. Nous avons encaiss\u00e9 le premier but d&#39;une mani\u00e8re tr\u00e8s inhabituelle pour nous, le deuxi\u00e8me \u00e9galement sur jeu direct. Nous avons eu deux \u00e9normes occasions et nous devions en profiter. Si vous faites les erreurs d\u00e9fensives que nous avons commises aujourd&#39;hui, il est tr\u00e8s difficile d&#39;\u00eatre en demi-finale.\u00a0\u00bb<\/p>\n<p>C&#39;\u00e9tait une nuit humide et venteuse avec la temp\u00eate David rendant les conditions difficiles mais Arteta ne voulait pas chercher d&#39;excuses.<\/p>\n<p>\u00ab\u00a0Il faut s&#39;adapter au vent, aux blessures\u00a0\u00bb, a-t-il ajout\u00e9. \u00ab\u00a0Il faut s&#39;adapter aux situations difficiles de la saison. Maintenant, nous devons montrer de quoi nous sommes faits.\u00a0\u00bb<\/p>\n<p>La prochaine \u00e9tape pour Arsenal est le match aller des quarts de finale de la Ligue des Champions contre le Sporting CP et le milieu de terrain Christian Norgaard a d\u00e9clar\u00e9 que les joueurs savent qu&#39;ils doivent faire mieux que ce soir.<\/p>\n<p>Il a d\u00e9clar\u00e9 : \u00ab\u00a0C&#39;\u00e9tait parfois un peu trop chaotique. Ils ont \u00e9t\u00e9 tr\u00e8s vifs dans les transitions que nous n&#39;avons pas tr\u00e8s bien g\u00e9r\u00e9es. Nous avons eu l&#39;\u00e9lan en seconde p\u00e9riode, surtout lorsque nous avons \u00e9galis\u00e9 et encaiss\u00e9 un but tr\u00e8s stupide sur un coup de pied de but que nous ne pouvons pas permettre ou accepter. Tr\u00e8s frustrant pour nous, mais d\u00e9j\u00e0 un gros match mardi et il est temps pour nous de montrer de quoi nous sommes faits.<\/p>\n<p>\u00ab\u00a0Il y a eu des moments o\u00f9 nous nous sentions en contr\u00f4le, mais il y a eu des moments o\u00f9 ils nous ont vraiment eu. Dans l&#39;ensemble, ce n&#39;est pas assez bon. Mais il y a eu des moments o\u00f9 nous aurions pu profiter un peu plus de l&#39;\u00e9lan. C&#39;est dans ces moments-l\u00e0 que nous aurions d\u00fb \u00eatre plus pr\u00e9cis.\u00a0\u00bb<\/p>\n<figure class=\"wp-block-image size-large\"><picture decoding=\"async\" class=\"wp-image-181323\"><source type=\"image\/webp\" data-lazy- \/><img loading=\"lazy\" decoding=\"async\" width=\"1024\" height=\"683\" src=\"https:\/\/footdavant.fr\/actualites\/wp-content\/uploads\/2026\/04\/Maintenant-nous-devons-montrer-de-quoi-nous-sommes-faits.jpg\" alt=\"Shea Charles marque pour Southampton contre Arsenal\"  \/>\n<\/picture>\n<\/figure>\n<h2 class=\"wp-block-heading\"><span id=\"Eckert_proud_of_his_players_as_super_Saints_march_on\">Eckert fier de ses joueurs alors que les Super Saints avancent<\/span><\/h2>\n<p>Ce fut une soir\u00e9e extr\u00eamement frustrante pour les Gunners mais \u00e0 savourer pour Southampton, qui a prolong\u00e9 son invincibilit\u00e9 toutes comp\u00e9titions confondues \u00e0 15 matchs.<\/p>\n<p>\u00ab\u00a0Nous avons effectu\u00e9 un bon changement aujourd&#39;hui\u00a0\u00bb, a d\u00e9clar\u00e9 le patron Tonda Eckert \u00e0 BBC Sport. \u00ab\u00a0C&#39;\u00e9tait un d\u00e9fi, nous savions que ce serait un match difficile. La seconde mi-temps a toujours la possibilit\u00e9 de changer et nous avons plut\u00f4t bien r\u00e9agi.<\/p>\n<p>\u00ab\u00a0Vous aimez avoir des sorts sur le ballon, nous savions qu&#39;il y aurait des situations o\u00f9 nous devions bouger plus que d&#39;habitude et compliments aux gar\u00e7ons.\u00a0\u00bb<\/p>\n<p>Southampton reste \u00e0 la recherche d&#39;une place pour les barrages du championnat avec son prochain match contre ses six meilleurs espoirs, Wrexham, mardi soir.<\/p>\n<p>Lorsqu&#39;on lui a demand\u00e9 si cette victoire donnerait \u00e0 son \u00e9quipe une confiance suppl\u00e9mentaire dans la course, Eckert a d\u00e9clar\u00e9 : \u00ab\u00a0La confiance est toujours l\u00e0, cela n&#39;a pas \u00e9t\u00e9 un probl\u00e8me. La r\u00e9alit\u00e9 est que le match est serr\u00e9. \u00c7a va \u00eatre agr\u00e9able de c\u00e9l\u00e9brer aujourd&#39;hui mais nous ouvrons Wrexham et le championnat de football demain.\u00a0\u00bb<\/p>\n<\/p><\/div>\n","protected":false},"excerpt":{"rendered":"<p>Le patron d&#39;Arsenal, Mikel Arteta, a appel\u00e9 son \u00e9quipe \u00e0 r\u00e9agir fermement apr\u00e8s avoir \u00e9t\u00e9 exclue sans c\u00e9r\u00e9monie de la FA Cup par l&#39;\u00e9quipe de<\/p>\n","protected":false},"author":1,"featured_media":33653,"comment_status":"closed","ping_status":"","sticky":false,"template":"","format":"standard","meta":{"footnotes":""},"categories":[3],"tags":[2104,119,579,1520,762,1563,7963],"yoast_head":"<!-- This site is optimized with the Yoast SEO plugin v21.0 - https:\/\/yoast.com\/wordpress\/plugins\/seo\/ -->\n<title>Maintenant nous devons montrer de quoi nous sommes faits<\/title>\n<meta name=\"robots\" content=\"index, follow, max-snippet:-1, max-image-preview:large, max-video-preview:-1\" \/>\n<link rel=\"canonical\" href=\"https:\/\/footdavant.fr\/actualites\/maintenant-nous-devons-montrer-de-quoi-nous-sommes-faits\/\" \/>\n<meta property=\"og:locale\" content=\"fr_FR\" \/>\n<meta property=\"og:type\" content=\"article\" \/>\n<meta property=\"og:title\" content=\"Maintenant nous devons montrer de quoi nous sommes faits\" \/>\n<meta property=\"og:description\" content=\"Le patron d&#039;Arsenal, Mikel Arteta, a appel\u00e9 son \u00e9quipe \u00e0 r\u00e9agir fermement apr\u00e8s avoir \u00e9t\u00e9 exclue sans c\u00e9r\u00e9monie de la FA Cup par l&#039;\u00e9quipe de\" \/>\n<meta property=\"og:url\" content=\"https:\/\/footdavant.fr\/actualites\/maintenant-nous-devons-montrer-de-quoi-nous-sommes-faits\/\" \/>\n<meta property=\"og:site_name\" content=\"Foot d&#039;avant\" \/>\n<meta property=\"article:publisher\" content=\"https:\/\/www.facebook.com\/Footdavant\/\" \/>\n<meta property=\"article:published_time\" content=\"2026-04-05T02:48:09+00:00\" \/>\n<meta property=\"article:modified_time\" content=\"2026-04-05T02:48:12+00:00\" \/>\n<meta property=\"og:image\" content=\"https:\/\/footdavant.fr\/actualites\/wp-content\/uploads\/2026\/01\/Arsenal-est-passe-a-un-autre-niveau-lors-de-la.jpg\" \/>\n\t<meta property=\"og:image:width\" content=\"1200\" \/>\n\t<meta property=\"og:image:height\" content=\"800\" \/>\n\t<meta property=\"og:image:type\" content=\"image\/jpeg\" \/>\n<meta name=\"author\" content=\"Cl\u00e9ment\" \/>\n<meta name=\"twitter:card\" content=\"summary_large_image\" \/>\n<meta name=\"twitter:creator\" content=\"@FootdavantFr\" \/>\n<meta name=\"twitter:site\" content=\"@FootdavantFr\" \/>\n<meta name=\"twitter:label1\" content=\"\u00c9crit par\" \/>\n\t<meta name=\"twitter:data1\" content=\"Cl\u00e9ment\" \/>\n\t<meta name=\"twitter:label2\" content=\"Dur\u00e9e de lecture estim\u00e9e\" \/>\n\t<meta name=\"twitter:data2\" content=\"4 minutes\" \/>\n<script type=\"application\/ld+json\" class=\"yoast-schema-graph\">{\"@context\":\"https:\/\/schema.org\",\"@graph\":[{\"@type\":\"Article\",\"@id\":\"https:\/\/footdavant.fr\/actualites\/maintenant-nous-devons-montrer-de-quoi-nous-sommes-faits\/#article\",\"isPartOf\":{\"@id\":\"https:\/\/footdavant.fr\/actualites\/maintenant-nous-devons-montrer-de-quoi-nous-sommes-faits\/\"},\"author\":{\"name\":\"Cl\u00e9ment\",\"@id\":\"https:\/\/footdavant.fr\/actualites\/#\/schema\/person\/bc222566d95871b37e597b3ed3ba5e1d\"},\"headline\":\"Maintenant nous devons montrer de quoi nous sommes faits\",\"datePublished\":\"2026-04-05T02:48:09+00:00\",\"dateModified\":\"2026-04-05T02:48:12+00:00\",\"mainEntityOfPage\":{\"@id\":\"https:\/\/footdavant.fr\/actualites\/maintenant-nous-devons-montrer-de-quoi-nous-sommes-faits\/\"},\"wordCount\":754,\"publisher\":{\"@id\":\"https:\/\/footdavant.fr\/actualites\/#organization\"},\"keywords\":[\"devons\",\"faits\",\"maintenant\",\"montrer\",\"nous\",\"quoi\",\"sommes\"],\"articleSection\":[\"Football\"],\"inLanguage\":\"fr-FR\"},{\"@type\":\"WebPage\",\"@id\":\"https:\/\/footdavant.fr\/actualites\/maintenant-nous-devons-montrer-de-quoi-nous-sommes-faits\/\",\"url\":\"https:\/\/footdavant.fr\/actualites\/maintenant-nous-devons-montrer-de-quoi-nous-sommes-faits\/\",\"name\":\"Maintenant nous devons montrer de quoi nous sommes faits\",\"isPartOf\":{\"@id\":\"https:\/\/footdavant.fr\/actualites\/#website\"},\"datePublished\":\"2026-04-05T02:48:09+00:00\",\"dateModified\":\"2026-04-05T02:48:12+00:00\",\"breadcrumb\":{\"@id\":\"https:\/\/footdavant.fr\/actualites\/maintenant-nous-devons-montrer-de-quoi-nous-sommes-faits\/#breadcrumb\"},\"inLanguage\":\"fr-FR\",\"potentialAction\":[{\"@type\":\"ReadAction\",\"target\":[\"https:\/\/footdavant.fr\/actualites\/maintenant-nous-devons-montrer-de-quoi-nous-sommes-faits\/\"]}]},{\"@type\":\"BreadcrumbList\",\"@id\":\"https:\/\/footdavant.fr\/actualites\/maintenant-nous-devons-montrer-de-quoi-nous-sommes-faits\/#breadcrumb\",\"itemListElement\":[{\"@type\":\"ListItem\",\"position\":1,\"name\":\"Accueil\",\"item\":\"https:\/\/footdavant.fr\/actualites\/\"},{\"@type\":\"ListItem\",\"position\":2,\"name\":\"Maintenant nous devons montrer de quoi nous sommes faits\"}]},{\"@type\":\"WebSite\",\"@id\":\"https:\/\/footdavant.fr\/actualites\/#website\",\"url\":\"https:\/\/footdavant.fr\/actualites\/\",\"name\":\"Foot d'avant\",\"description\":\"\",\"publisher\":{\"@id\":\"https:\/\/footdavant.fr\/actualites\/#organization\"},\"potentialAction\":[{\"@type\":\"SearchAction\",\"target\":{\"@type\":\"EntryPoint\",\"urlTemplate\":\"https:\/\/footdavant.fr\/actualites\/?s={search_term_string}\"},\"query-input\":\"required name=search_term_string\"}],\"inLanguage\":\"fr-FR\"},{\"@type\":\"Organization\",\"@id\":\"https:\/\/footdavant.fr\/actualites\/#organization\",\"name\":\"Foot d'avant\",\"url\":\"https:\/\/footdavant.fr\/actualites\/\",\"logo\":{\"@type\":\"ImageObject\",\"inLanguage\":\"fr-FR\",\"@id\":\"https:\/\/footdavant.fr\/actualites\/#\/schema\/logo\/image\/\",\"url\":\"https:\/\/footdavant.fr\/actualites\/wp-content\/uploads\/2023\/09\/Copy-of-FootDavant-Logo.png\",\"contentUrl\":\"https:\/\/footdavant.fr\/actualites\/wp-content\/uploads\/2023\/09\/Copy-of-FootDavant-Logo.png\",\"width\":936,\"height\":549,\"caption\":\"Foot d'avant\"},\"image\":{\"@id\":\"https:\/\/footdavant.fr\/actualites\/#\/schema\/logo\/image\/\"},\"sameAs\":[\"https:\/\/www.facebook.com\/Footdavant\/\",\"https:\/\/twitter.com\/FootdavantFr\",\"https:\/\/www.instagram.com\/footdavant.fr\/\"]},{\"@type\":\"Person\",\"@id\":\"https:\/\/footdavant.fr\/actualites\/#\/schema\/person\/bc222566d95871b37e597b3ed3ba5e1d\",\"name\":\"Cl\u00e9ment\",\"image\":{\"@type\":\"ImageObject\",\"inLanguage\":\"fr-FR\",\"@id\":\"https:\/\/footdavant.fr\/actualites\/#\/schema\/person\/image\/\",\"url\":\"https:\/\/secure.gravatar.com\/avatar\/7728b29aac2719421e1a9159b2254c44?s=96&d=mm&r=g\",\"contentUrl\":\"https:\/\/secure.gravatar.com\/avatar\/7728b29aac2719421e1a9159b2254c44?s=96&d=mm&r=g\",\"caption\":\"Cl\u00e9ment\"},\"sameAs\":[\"https:\/\/footdavant.fr\/\"]}]}<\/script>\n<!-- \/ Yoast SEO plugin. -->","yoast_head_json":{"title":"Maintenant nous devons montrer de quoi nous sommes faits","robots":{"index":"index","follow":"follow","max-snippet":"max-snippet:-1","max-image-preview":"max-image-preview:large","max-video-preview":"max-video-preview:-1"},"canonical":"https:\/\/footdavant.fr\/actualites\/maintenant-nous-devons-montrer-de-quoi-nous-sommes-faits\/","og_locale":"fr_FR","og_type":"article","og_title":"Maintenant nous devons montrer de quoi nous sommes faits","og_description":"Le patron d&#39;Arsenal, Mikel Arteta, a appel\u00e9 son \u00e9quipe \u00e0 r\u00e9agir fermement apr\u00e8s avoir \u00e9t\u00e9 exclue sans c\u00e9r\u00e9monie de la FA Cup par l&#39;\u00e9quipe de","og_url":"https:\/\/footdavant.fr\/actualites\/maintenant-nous-devons-montrer-de-quoi-nous-sommes-faits\/","og_site_name":"Foot d&#039;avant","article_publisher":"https:\/\/www.facebook.com\/Footdavant\/","article_published_time":"2026-04-05T02:48:09+00:00","article_modified_time":"2026-04-05T02:48:12+00:00","og_image":[{"width":1200,"height":800,"url":"https:\/\/footdavant.fr\/actualites\/wp-content\/uploads\/2026\/01\/Arsenal-est-passe-a-un-autre-niveau-lors-de-la.jpg","type":"image\/jpeg"}],"author":"Cl\u00e9ment","twitter_card":"summary_large_image","twitter_creator":"@FootdavantFr","twitter_site":"@FootdavantFr","twitter_misc":{"\u00c9crit par":"Cl\u00e9ment","Dur\u00e9e de lecture estim\u00e9e":"4 minutes"},"schema":{"@context":"https:\/\/schema.org","@graph":[{"@type":"Article","@id":"https:\/\/footdavant.fr\/actualites\/maintenant-nous-devons-montrer-de-quoi-nous-sommes-faits\/#article","isPartOf":{"@id":"https:\/\/footdavant.fr\/actualites\/maintenant-nous-devons-montrer-de-quoi-nous-sommes-faits\/"},"author":{"name":"Cl\u00e9ment","@id":"https:\/\/footdavant.fr\/actualites\/#\/schema\/person\/bc222566d95871b37e597b3ed3ba5e1d"},"headline":"Maintenant nous devons montrer de quoi nous sommes faits","datePublished":"2026-04-05T02:48:09+00:00","dateModified":"2026-04-05T02:48:12+00:00","mainEntityOfPage":{"@id":"https:\/\/footdavant.fr\/actualites\/maintenant-nous-devons-montrer-de-quoi-nous-sommes-faits\/"},"wordCount":754,"publisher":{"@id":"https:\/\/footdavant.fr\/actualites\/#organization"},"keywords":["devons","faits","maintenant","montrer","nous","quoi","sommes"],"articleSection":["Football"],"inLanguage":"fr-FR"},{"@type":"WebPage","@id":"https:\/\/footdavant.fr\/actualites\/maintenant-nous-devons-montrer-de-quoi-nous-sommes-faits\/","url":"https:\/\/footdavant.fr\/actualites\/maintenant-nous-devons-montrer-de-quoi-nous-sommes-faits\/","name":"Maintenant nous devons montrer de quoi nous sommes faits","isPartOf":{"@id":"https:\/\/footdavant.fr\/actualites\/#website"},"datePublished":"2026-04-05T02:48:09+00:00","dateModified":"2026-04-05T02:48:12+00:00","breadcrumb":{"@id":"https:\/\/footdavant.fr\/actualites\/maintenant-nous-devons-montrer-de-quoi-nous-sommes-faits\/#breadcrumb"},"inLanguage":"fr-FR","potentialAction":[{"@type":"ReadAction","target":["https:\/\/footdavant.fr\/actualites\/maintenant-nous-devons-montrer-de-quoi-nous-sommes-faits\/"]}]},{"@type":"BreadcrumbList","@id":"https:\/\/footdavant.fr\/actualites\/maintenant-nous-devons-montrer-de-quoi-nous-sommes-faits\/#breadcrumb","itemListElement":[{"@type":"ListItem","position":1,"name":"Accueil","item":"https:\/\/footdavant.fr\/actualites\/"},{"@type":"ListItem","position":2,"name":"Maintenant nous devons montrer de quoi nous sommes faits"}]},{"@type":"WebSite","@id":"https:\/\/footdavant.fr\/actualites\/#website","url":"https:\/\/footdavant.fr\/actualites\/","name":"Foot d'avant","description":"","publisher":{"@id":"https:\/\/footdavant.fr\/actualites\/#organization"},"potentialAction":[{"@type":"SearchAction","target":{"@type":"EntryPoint","urlTemplate":"https:\/\/footdavant.fr\/actualites\/?s={search_term_string}"},"query-input":"required name=search_term_string"}],"inLanguage":"fr-FR"},{"@type":"Organization","@id":"https:\/\/footdavant.fr\/actualites\/#organization","name":"Foot d'avant","url":"https:\/\/footdavant.fr\/actualites\/","logo":{"@type":"ImageObject","inLanguage":"fr-FR","@id":"https:\/\/footdavant.fr\/actualites\/#\/schema\/logo\/image\/","url":"https:\/\/footdavant.fr\/actualites\/wp-content\/uploads\/2023\/09\/Copy-of-FootDavant-Logo.png","contentUrl":"https:\/\/footdavant.fr\/actualites\/wp-content\/uploads\/2023\/09\/Copy-of-FootDavant-Logo.png","width":936,"height":549,"caption":"Foot d'avant"},"image":{"@id":"https:\/\/footdavant.fr\/actualites\/#\/schema\/logo\/image\/"},"sameAs":["https:\/\/www.facebook.com\/Footdavant\/","https:\/\/twitter.com\/FootdavantFr","https:\/\/www.instagram.com\/footdavant.fr\/"]},{"@type":"Person","@id":"https:\/\/footdavant.fr\/actualites\/#\/schema\/person\/bc222566d95871b37e597b3ed3ba5e1d","name":"Cl\u00e9ment","image":{"@type":"ImageObject","inLanguage":"fr-FR","@id":"https:\/\/footdavant.fr\/actualites\/#\/schema\/person\/image\/","url":"https:\/\/secure.gravatar.com\/avatar\/7728b29aac2719421e1a9159b2254c44?s=96&d=mm&r=g","contentUrl":"https:\/\/secure.gravatar.com\/avatar\/7728b29aac2719421e1a9159b2254c44?s=96&d=mm&r=g","caption":"Cl\u00e9ment"},"sameAs":["https:\/\/footdavant.fr\/"]}]}},"_links":{"self":[{"href":"https:\/\/footdavant.fr\/actualites\/wp-json\/wp\/v2\/posts\/36137"}],"collection":[{"href":"https:\/\/footdavant.fr\/actualites\/wp-json\/wp\/v2\/posts"}],"about":[{"href":"https:\/\/footdavant.fr\/actualites\/wp-json\/wp\/v2\/types\/post"}],"author":[{"embeddable":true,"href":"https:\/\/footdavant.fr\/actualites\/wp-json\/wp\/v2\/users\/1"}],"replies":[{"embeddable":true,"href":"https:\/\/footdavant.fr\/actualites\/wp-json\/wp\/v2\/comments?post=36137"}],"version-history":[{"count":1,"href":"https:\/\/footdavant.fr\/actualites\/wp-json\/wp\/v2\/posts\/36137\/revisions"}],"predecessor-version":[{"id":36138,"href":"https:\/\/footdavant.fr\/actualites\/wp-json\/wp\/v2\/posts\/36137\/revisions\/36138"}],"wp:featuredmedia":[{"embeddable":true,"href":"https:\/\/footdavant.fr\/actualites\/wp-json\/wp\/v2\/media\/33653"}],"wp:attachment":[{"href":"https:\/\/footdavant.fr\/actualites\/wp-json\/wp\/v2\/media?parent=36137"}],"wp:term":[{"taxonomy":"category","embeddable":true,"href":"https:\/\/footdavant.fr\/actualites\/wp-json\/wp\/v2\/categories?post=36137"},{"taxonomy":"post_tag","embeddable":true,"href":"https:\/\/footdavant.fr\/actualites\/wp-json\/wp\/v2\/tags?post=36137"}],"curies":[{"name":"wp","href":"https:\/\/api.w.org\/{rel}","templated":true}]}}