{"id":36139,"date":"2026-04-05T06:48:25","date_gmt":"2026-04-05T04:48:25","guid":{"rendered":"https:\/\/footdavant.fr\/actualites\/nouvelles-du-transfert-de-man-united-les-red-devils-apprennent-le-prix-demande-une-bonne-affaire-pour-la-star-des-wolves-joao-gomes\/"},"modified":"2026-04-05T06:48:27","modified_gmt":"2026-04-05T04:48:27","slug":"nouvelles-du-transfert-de-man-united-les-red-devils-apprennent-le-prix-demande-une-bonne-affaire-pour-la-star-des-wolves-joao-gomes","status":"publish","type":"post","link":"https:\/\/footdavant.fr\/actualites\/nouvelles-du-transfert-de-man-united-les-red-devils-apprennent-le-prix-demande-une-bonne-affaire-pour-la-star-des-wolves-joao-gomes\/","title":{"rendered":"Nouvelles du transfert de Man United: les Red Devils apprennent le prix demand\u00e9 \u00ab\u00a0une bonne affaire\u00a0\u00bb pour la star des Wolves, Joao Gomes"},"content":{"rendered":"<div itemprop=\"articleBody\">\n<p>Manchester United pourrait recruter le milieu de terrain des Wolverhampton Wanderers Joao Gomes pour 35 millions de livres sterling au cours de la fen\u00eatre de transfert de cet \u00e9t\u00e9.<\/p>\n<p>Les Diables Rouges se pr\u00e9parent \u00e0 remanier leur milieu de terrain cet \u00e9t\u00e9, le d\u00e9part de Casemiro pour un transfert gratuit \u00e9tant d\u00e9j\u00e0 confirm\u00e9, alors qu&#39;il est probable que Manuel Ugarte partira \u00e9galement.<\/p>\n<p>En cons\u00e9quence, il devrait y avoir au moins deux signatures dans ce domaine, Elliot Anderson de Nottingham Forest et Sandro Tonali de Newcastle United \u00e9tant consid\u00e9r\u00e9s comme leurs principales cibles.<\/p>\n<p>Cependant, on pense \u00e9galement que le club est un admirateur de Gomes, le Br\u00e9silien \u00e9tant sur le point de quitter les Wolves lors du march\u00e9 des transferts de cet \u00e9t\u00e9.<\/p>\n<p>Le joueur de 25 ans est arriv\u00e9 aux Wolves en provenance de Flamengo en 2023 et il a repr\u00e9sent\u00e9 son \u00e9quipe actuelle \u00e0 124 reprises toutes comp\u00e9titions confondues, marquant huit buts et enregistrant six passes d\u00e9cisives.<\/p>\n<div>\n<div>\n<div>\n<div>\n<p>\u00a9 Imago \/ Sportimage<\/p>\n<\/div>\n<\/div>\n<\/div>\n<\/div>\n<h2>Man United cible Gomes \u00ab disponible \u00bb pour 35 millions de livres sterling cet \u00e9t\u00e9<\/h2>\n<p>Gomes a marqu\u00e9 une fois et enregistr\u00e9 trois passes d\u00e9cisives en 35 apparitions en club cette saison, dont un but et une passe d\u00e9cisive en 29 matches de Premier League.<\/p>\n<p>Le Br\u00e9silien a un contrat \u00e0 Molineux jusqu&#39;en juin 2030, avec option d&#39;un an suppl\u00e9mentaire, mais les Wolves se dirigent vers la rel\u00e9gation en Championnat.<\/p>\n<p>Les loups sont en bas du classement de la Premier League, 13 points derri\u00e8re Tottenham Hotspur, 17e, avec seulement sept matchs de la campagne \u00e0 jouer.<\/p>\n<p>Selon <em>PrisHors-Jeu<\/em>le prix demand\u00e9 par Gomes cet \u00e9t\u00e9 serait de l&#39;ordre de 52 millions de livres sterling si les Wolves \u00e9taient toujours un club de Premier League pour la campagne 2026-27.<\/p>\n<p>Cependant, la rel\u00e9gation attendue du club verra son prix chuter \u00e0 environ 35 millions de livres sterling.<\/p>\n<div>\n<div>\n<div>\n<div><img decoding=\"async\" data-img-id=\"154645\" class=\"lazy\" loading=\"lazy\" src=\"https:\/\/footdavant.fr\/actualites\/wp-content\/uploads\/2026\/04\/Nouvelles-du-transfert-de-Man-United-les-Red-Devils-apprennent.webp\"\/><\/p>\n<p>\u00a9 Imago \/ Images de sports professionnels<\/p>\n<\/div>\n<\/div>\n<\/div>\n<\/div>\n<h2>Man United devrait-il d\u00e9m\u00e9nager pour Gomes ?<\/h2>\n<p>Man United n&#39;aura pas de jeu gratuit \u00e0 Gomes, Chelsea, Tottenham Hotspur, Newcastle United et Naples \u00e9tant \u00e9galement cens\u00e9s souhaiter sa signature.<\/p>\n<p>Ce n\u2019est pas la saison que les Wolves auraient souhait\u00e9e, mais Gomes s\u2019est encore une fois d\u00e9marqu\u00e9, et compte tenu de son \u00e2ge (25 ans), 35 millions de livres sterling sont une v\u00e9ritable aubaine pour un joueur de sa qualit\u00e9.<\/p>\n<p>Man United pourrait finir par recruter trois milieux de terrain centraux cet \u00e9t\u00e9 au lieu de deux, et les 20 fois champions d&#39;Angleterre devraient envisager une \u00ab bonne affaire \u00bb pour la star des Wolves.<\/p>\n<\/div>\n","protected":false},"excerpt":{"rendered":"<p>Manchester United pourrait recruter le milieu de terrain des Wolverhampton Wanderers Joao Gomes pour 35 millions de livres sterling au cours de la fen\u00eatre de<\/p>\n","protected":false},"author":1,"featured_media":36140,"comment_status":"closed","ping_status":"","sticky":false,"template":"","format":"standard","meta":{"footnotes":""},"categories":[5],"tags":[1524,1175,1646,74,12,265,954,150,93,24,461,51,73,536,1621,700,92,13,1454],"yoast_head":"<!-- This site is optimized with the Yoast SEO plugin v21.0 - https:\/\/yoast.com\/wordpress\/plugins\/seo\/ -->\n<title>Nouvelles du transfert de Man United: les Red Devils apprennent le prix demand\u00e9 \u00ab\u00a0une bonne affaire\u00a0\u00bb pour la star des Wolves, Joao Gomes<\/title>\n<meta name=\"robots\" content=\"index, follow, max-snippet:-1, max-image-preview:large, max-video-preview:-1\" \/>\n<link rel=\"canonical\" href=\"https:\/\/footdavant.fr\/actualites\/nouvelles-du-transfert-de-man-united-les-red-devils-apprennent-le-prix-demande-une-bonne-affaire-pour-la-star-des-wolves-joao-gomes\/\" \/>\n<meta property=\"og:locale\" content=\"fr_FR\" \/>\n<meta property=\"og:type\" content=\"article\" \/>\n<meta property=\"og:title\" content=\"Nouvelles du transfert de Man United: les Red Devils apprennent le prix demand\u00e9 \u00ab\u00a0une bonne affaire\u00a0\u00bb pour la star des Wolves, Joao Gomes\" \/>\n<meta property=\"og:description\" content=\"Manchester United pourrait recruter le milieu de terrain des Wolverhampton Wanderers Joao Gomes pour 35 millions de livres sterling au cours de la fen\u00eatre de\" \/>\n<meta property=\"og:url\" content=\"https:\/\/footdavant.fr\/actualites\/nouvelles-du-transfert-de-man-united-les-red-devils-apprennent-le-prix-demande-une-bonne-affaire-pour-la-star-des-wolves-joao-gomes\/\" \/>\n<meta property=\"og:site_name\" content=\"Foot d&#039;avant\" \/>\n<meta property=\"article:publisher\" content=\"https:\/\/www.facebook.com\/Footdavant\/\" \/>\n<meta property=\"article:published_time\" content=\"2026-04-05T04:48:25+00:00\" \/>\n<meta property=\"article:modified_time\" content=\"2026-04-05T04:48:27+00:00\" \/>\n<meta property=\"og:image\" content=\"https:\/\/footdavant.fr\/actualites\/wp-content\/uploads\/2026\/04\/Nouvelles-du-transfert-de-Man-United-les-Red-Devils-apprennent.net2Fuploads2F20262F042Fns-photo-badge-e.webp\" \/>\n\t<meta property=\"og:image:width\" content=\"720\" \/>\n\t<meta property=\"og:image:height\" content=\"410\" \/>\n\t<meta property=\"og:image:type\" content=\"image\/webp\" \/>\n<meta name=\"author\" content=\"Cl\u00e9ment\" \/>\n<meta name=\"twitter:card\" content=\"summary_large_image\" \/>\n<meta name=\"twitter:creator\" content=\"@FootdavantFr\" \/>\n<meta name=\"twitter:site\" content=\"@FootdavantFr\" \/>\n<meta name=\"twitter:label1\" content=\"\u00c9crit par\" \/>\n\t<meta name=\"twitter:data1\" content=\"Cl\u00e9ment\" \/>\n\t<meta name=\"twitter:label2\" content=\"Dur\u00e9e de lecture estim\u00e9e\" \/>\n\t<meta name=\"twitter:data2\" content=\"2 minutes\" \/>\n<script type=\"application\/ld+json\" class=\"yoast-schema-graph\">{\"@context\":\"https:\/\/schema.org\",\"@graph\":[{\"@type\":\"Article\",\"@id\":\"https:\/\/footdavant.fr\/actualites\/nouvelles-du-transfert-de-man-united-les-red-devils-apprennent-le-prix-demande-une-bonne-affaire-pour-la-star-des-wolves-joao-gomes\/#article\",\"isPartOf\":{\"@id\":\"https:\/\/footdavant.fr\/actualites\/nouvelles-du-transfert-de-man-united-les-red-devils-apprennent-le-prix-demande-une-bonne-affaire-pour-la-star-des-wolves-joao-gomes\/\"},\"author\":{\"name\":\"Cl\u00e9ment\",\"@id\":\"https:\/\/footdavant.fr\/actualites\/#\/schema\/person\/bc222566d95871b37e597b3ed3ba5e1d\"},\"headline\":\"Nouvelles du transfert de Man United: les Red Devils apprennent le prix demand\u00e9 \u00ab\u00a0une bonne affaire\u00a0\u00bb pour la star des Wolves, Joao Gomes\",\"datePublished\":\"2026-04-05T04:48:25+00:00\",\"dateModified\":\"2026-04-05T04:48:27+00:00\",\"mainEntityOfPage\":{\"@id\":\"https:\/\/footdavant.fr\/actualites\/nouvelles-du-transfert-de-man-united-les-red-devils-apprennent-le-prix-demande-une-bonne-affaire-pour-la-star-des-wolves-joao-gomes\/\"},\"wordCount\":443,\"publisher\":{\"@id\":\"https:\/\/footdavant.fr\/actualites\/#organization\"},\"keywords\":[\"affaire\",\"apprennent\",\"bonne\",\"demand\u00e9\",\"des\",\"Devils\",\"Gomes\",\"Joao\",\"les\",\"Man\",\"Nouvelles\",\"pour\",\"prix\",\"Red\",\"Star\",\"transfert\",\"une\",\"United\",\"Wolves\"],\"articleSection\":[\"Premier League\"],\"inLanguage\":\"fr-FR\"},{\"@type\":\"WebPage\",\"@id\":\"https:\/\/footdavant.fr\/actualites\/nouvelles-du-transfert-de-man-united-les-red-devils-apprennent-le-prix-demande-une-bonne-affaire-pour-la-star-des-wolves-joao-gomes\/\",\"url\":\"https:\/\/footdavant.fr\/actualites\/nouvelles-du-transfert-de-man-united-les-red-devils-apprennent-le-prix-demande-une-bonne-affaire-pour-la-star-des-wolves-joao-gomes\/\",\"name\":\"Nouvelles du transfert de Man United: les Red Devils apprennent le prix demand\u00e9 \u00ab\u00a0une bonne affaire\u00a0\u00bb pour la star des Wolves, Joao Gomes\",\"isPartOf\":{\"@id\":\"https:\/\/footdavant.fr\/actualites\/#website\"},\"datePublished\":\"2026-04-05T04:48:25+00:00\",\"dateModified\":\"2026-04-05T04:48:27+00:00\",\"breadcrumb\":{\"@id\":\"https:\/\/footdavant.fr\/actualites\/nouvelles-du-transfert-de-man-united-les-red-devils-apprennent-le-prix-demande-une-bonne-affaire-pour-la-star-des-wolves-joao-gomes\/#breadcrumb\"},\"inLanguage\":\"fr-FR\",\"potentialAction\":[{\"@type\":\"ReadAction\",\"target\":[\"https:\/\/footdavant.fr\/actualites\/nouvelles-du-transfert-de-man-united-les-red-devils-apprennent-le-prix-demande-une-bonne-affaire-pour-la-star-des-wolves-joao-gomes\/\"]}]},{\"@type\":\"BreadcrumbList\",\"@id\":\"https:\/\/footdavant.fr\/actualites\/nouvelles-du-transfert-de-man-united-les-red-devils-apprennent-le-prix-demande-une-bonne-affaire-pour-la-star-des-wolves-joao-gomes\/#breadcrumb\",\"itemListElement\":[{\"@type\":\"ListItem\",\"position\":1,\"name\":\"Accueil\",\"item\":\"https:\/\/footdavant.fr\/actualites\/\"},{\"@type\":\"ListItem\",\"position\":2,\"name\":\"Nouvelles du transfert de Man United: les Red Devils apprennent le prix demand\u00e9 \u00ab\u00a0une bonne affaire\u00a0\u00bb pour la star des Wolves, Joao Gomes\"}]},{\"@type\":\"WebSite\",\"@id\":\"https:\/\/footdavant.fr\/actualites\/#website\",\"url\":\"https:\/\/footdavant.fr\/actualites\/\",\"name\":\"Foot d'avant\",\"description\":\"\",\"publisher\":{\"@id\":\"https:\/\/footdavant.fr\/actualites\/#organization\"},\"potentialAction\":[{\"@type\":\"SearchAction\",\"target\":{\"@type\":\"EntryPoint\",\"urlTemplate\":\"https:\/\/footdavant.fr\/actualites\/?s={search_term_string}\"},\"query-input\":\"required name=search_term_string\"}],\"inLanguage\":\"fr-FR\"},{\"@type\":\"Organization\",\"@id\":\"https:\/\/footdavant.fr\/actualites\/#organization\",\"name\":\"Foot d'avant\",\"url\":\"https:\/\/footdavant.fr\/actualites\/\",\"logo\":{\"@type\":\"ImageObject\",\"inLanguage\":\"fr-FR\",\"@id\":\"https:\/\/footdavant.fr\/actualites\/#\/schema\/logo\/image\/\",\"url\":\"https:\/\/footdavant.fr\/actualites\/wp-content\/uploads\/2023\/09\/Copy-of-FootDavant-Logo.png\",\"contentUrl\":\"https:\/\/footdavant.fr\/actualites\/wp-content\/uploads\/2023\/09\/Copy-of-FootDavant-Logo.png\",\"width\":936,\"height\":549,\"caption\":\"Foot d'avant\"},\"image\":{\"@id\":\"https:\/\/footdavant.fr\/actualites\/#\/schema\/logo\/image\/\"},\"sameAs\":[\"https:\/\/www.facebook.com\/Footdavant\/\",\"https:\/\/twitter.com\/FootdavantFr\",\"https:\/\/www.instagram.com\/footdavant.fr\/\"]},{\"@type\":\"Person\",\"@id\":\"https:\/\/footdavant.fr\/actualites\/#\/schema\/person\/bc222566d95871b37e597b3ed3ba5e1d\",\"name\":\"Cl\u00e9ment\",\"image\":{\"@type\":\"ImageObject\",\"inLanguage\":\"fr-FR\",\"@id\":\"https:\/\/footdavant.fr\/actualites\/#\/schema\/person\/image\/\",\"url\":\"https:\/\/secure.gravatar.com\/avatar\/7728b29aac2719421e1a9159b2254c44?s=96&d=mm&r=g\",\"contentUrl\":\"https:\/\/secure.gravatar.com\/avatar\/7728b29aac2719421e1a9159b2254c44?s=96&d=mm&r=g\",\"caption\":\"Cl\u00e9ment\"},\"sameAs\":[\"https:\/\/footdavant.fr\/\"]}]}<\/script>\n<!-- \/ Yoast SEO plugin. -->","yoast_head_json":{"title":"Nouvelles du transfert de Man United: les Red Devils apprennent le prix demand\u00e9 \u00ab\u00a0une bonne affaire\u00a0\u00bb pour la star des Wolves, Joao Gomes","robots":{"index":"index","follow":"follow","max-snippet":"max-snippet:-1","max-image-preview":"max-image-preview:large","max-video-preview":"max-video-preview:-1"},"canonical":"https:\/\/footdavant.fr\/actualites\/nouvelles-du-transfert-de-man-united-les-red-devils-apprennent-le-prix-demande-une-bonne-affaire-pour-la-star-des-wolves-joao-gomes\/","og_locale":"fr_FR","og_type":"article","og_title":"Nouvelles du transfert de Man United: les Red Devils apprennent le prix demand\u00e9 \u00ab\u00a0une bonne affaire\u00a0\u00bb pour la star des Wolves, Joao Gomes","og_description":"Manchester United pourrait recruter le milieu de terrain des Wolverhampton Wanderers Joao Gomes pour 35 millions de livres sterling au cours de la fen\u00eatre de","og_url":"https:\/\/footdavant.fr\/actualites\/nouvelles-du-transfert-de-man-united-les-red-devils-apprennent-le-prix-demande-une-bonne-affaire-pour-la-star-des-wolves-joao-gomes\/","og_site_name":"Foot d&#039;avant","article_publisher":"https:\/\/www.facebook.com\/Footdavant\/","article_published_time":"2026-04-05T04:48:25+00:00","article_modified_time":"2026-04-05T04:48:27+00:00","og_image":[{"width":720,"height":410,"url":"https:\/\/footdavant.fr\/actualites\/wp-content\/uploads\/2026\/04\/Nouvelles-du-transfert-de-Man-United-les-Red-Devils-apprennent.net2Fuploads2F20262F042Fns-photo-badge-e.webp","type":"image\/webp"}],"author":"Cl\u00e9ment","twitter_card":"summary_large_image","twitter_creator":"@FootdavantFr","twitter_site":"@FootdavantFr","twitter_misc":{"\u00c9crit par":"Cl\u00e9ment","Dur\u00e9e de lecture estim\u00e9e":"2 minutes"},"schema":{"@context":"https:\/\/schema.org","@graph":[{"@type":"Article","@id":"https:\/\/footdavant.fr\/actualites\/nouvelles-du-transfert-de-man-united-les-red-devils-apprennent-le-prix-demande-une-bonne-affaire-pour-la-star-des-wolves-joao-gomes\/#article","isPartOf":{"@id":"https:\/\/footdavant.fr\/actualites\/nouvelles-du-transfert-de-man-united-les-red-devils-apprennent-le-prix-demande-une-bonne-affaire-pour-la-star-des-wolves-joao-gomes\/"},"author":{"name":"Cl\u00e9ment","@id":"https:\/\/footdavant.fr\/actualites\/#\/schema\/person\/bc222566d95871b37e597b3ed3ba5e1d"},"headline":"Nouvelles du transfert de Man United: les Red Devils apprennent le prix demand\u00e9 \u00ab\u00a0une bonne affaire\u00a0\u00bb pour la star des Wolves, Joao Gomes","datePublished":"2026-04-05T04:48:25+00:00","dateModified":"2026-04-05T04:48:27+00:00","mainEntityOfPage":{"@id":"https:\/\/footdavant.fr\/actualites\/nouvelles-du-transfert-de-man-united-les-red-devils-apprennent-le-prix-demande-une-bonne-affaire-pour-la-star-des-wolves-joao-gomes\/"},"wordCount":443,"publisher":{"@id":"https:\/\/footdavant.fr\/actualites\/#organization"},"keywords":["affaire","apprennent","bonne","demand\u00e9","des","Devils","Gomes","Joao","les","Man","Nouvelles","pour","prix","Red","Star","transfert","une","United","Wolves"],"articleSection":["Premier League"],"inLanguage":"fr-FR"},{"@type":"WebPage","@id":"https:\/\/footdavant.fr\/actualites\/nouvelles-du-transfert-de-man-united-les-red-devils-apprennent-le-prix-demande-une-bonne-affaire-pour-la-star-des-wolves-joao-gomes\/","url":"https:\/\/footdavant.fr\/actualites\/nouvelles-du-transfert-de-man-united-les-red-devils-apprennent-le-prix-demande-une-bonne-affaire-pour-la-star-des-wolves-joao-gomes\/","name":"Nouvelles du transfert de Man United: les Red Devils apprennent le prix demand\u00e9 \u00ab\u00a0une bonne affaire\u00a0\u00bb pour la star des Wolves, Joao Gomes","isPartOf":{"@id":"https:\/\/footdavant.fr\/actualites\/#website"},"datePublished":"2026-04-05T04:48:25+00:00","dateModified":"2026-04-05T04:48:27+00:00","breadcrumb":{"@id":"https:\/\/footdavant.fr\/actualites\/nouvelles-du-transfert-de-man-united-les-red-devils-apprennent-le-prix-demande-une-bonne-affaire-pour-la-star-des-wolves-joao-gomes\/#breadcrumb"},"inLanguage":"fr-FR","potentialAction":[{"@type":"ReadAction","target":["https:\/\/footdavant.fr\/actualites\/nouvelles-du-transfert-de-man-united-les-red-devils-apprennent-le-prix-demande-une-bonne-affaire-pour-la-star-des-wolves-joao-gomes\/"]}]},{"@type":"BreadcrumbList","@id":"https:\/\/footdavant.fr\/actualites\/nouvelles-du-transfert-de-man-united-les-red-devils-apprennent-le-prix-demande-une-bonne-affaire-pour-la-star-des-wolves-joao-gomes\/#breadcrumb","itemListElement":[{"@type":"ListItem","position":1,"name":"Accueil","item":"https:\/\/footdavant.fr\/actualites\/"},{"@type":"ListItem","position":2,"name":"Nouvelles du transfert de Man United: les Red Devils apprennent le prix demand\u00e9 \u00ab\u00a0une bonne affaire\u00a0\u00bb pour la star des Wolves, Joao Gomes"}]},{"@type":"WebSite","@id":"https:\/\/footdavant.fr\/actualites\/#website","url":"https:\/\/footdavant.fr\/actualites\/","name":"Foot d'avant","description":"","publisher":{"@id":"https:\/\/footdavant.fr\/actualites\/#organization"},"potentialAction":[{"@type":"SearchAction","target":{"@type":"EntryPoint","urlTemplate":"https:\/\/footdavant.fr\/actualites\/?s={search_term_string}"},"query-input":"required name=search_term_string"}],"inLanguage":"fr-FR"},{"@type":"Organization","@id":"https:\/\/footdavant.fr\/actualites\/#organization","name":"Foot d'avant","url":"https:\/\/footdavant.fr\/actualites\/","logo":{"@type":"ImageObject","inLanguage":"fr-FR","@id":"https:\/\/footdavant.fr\/actualites\/#\/schema\/logo\/image\/","url":"https:\/\/footdavant.fr\/actualites\/wp-content\/uploads\/2023\/09\/Copy-of-FootDavant-Logo.png","contentUrl":"https:\/\/footdavant.fr\/actualites\/wp-content\/uploads\/2023\/09\/Copy-of-FootDavant-Logo.png","width":936,"height":549,"caption":"Foot d'avant"},"image":{"@id":"https:\/\/footdavant.fr\/actualites\/#\/schema\/logo\/image\/"},"sameAs":["https:\/\/www.facebook.com\/Footdavant\/","https:\/\/twitter.com\/FootdavantFr","https:\/\/www.instagram.com\/footdavant.fr\/"]},{"@type":"Person","@id":"https:\/\/footdavant.fr\/actualites\/#\/schema\/person\/bc222566d95871b37e597b3ed3ba5e1d","name":"Cl\u00e9ment","image":{"@type":"ImageObject","inLanguage":"fr-FR","@id":"https:\/\/footdavant.fr\/actualites\/#\/schema\/person\/image\/","url":"https:\/\/secure.gravatar.com\/avatar\/7728b29aac2719421e1a9159b2254c44?s=96&d=mm&r=g","contentUrl":"https:\/\/secure.gravatar.com\/avatar\/7728b29aac2719421e1a9159b2254c44?s=96&d=mm&r=g","caption":"Cl\u00e9ment"},"sameAs":["https:\/\/footdavant.fr\/"]}]}},"_links":{"self":[{"href":"https:\/\/footdavant.fr\/actualites\/wp-json\/wp\/v2\/posts\/36139"}],"collection":[{"href":"https:\/\/footdavant.fr\/actualites\/wp-json\/wp\/v2\/posts"}],"about":[{"href":"https:\/\/footdavant.fr\/actualites\/wp-json\/wp\/v2\/types\/post"}],"author":[{"embeddable":true,"href":"https:\/\/footdavant.fr\/actualites\/wp-json\/wp\/v2\/users\/1"}],"replies":[{"embeddable":true,"href":"https:\/\/footdavant.fr\/actualites\/wp-json\/wp\/v2\/comments?post=36139"}],"version-history":[{"count":1,"href":"https:\/\/footdavant.fr\/actualites\/wp-json\/wp\/v2\/posts\/36139\/revisions"}],"predecessor-version":[{"id":36141,"href":"https:\/\/footdavant.fr\/actualites\/wp-json\/wp\/v2\/posts\/36139\/revisions\/36141"}],"wp:featuredmedia":[{"embeddable":true,"href":"https:\/\/footdavant.fr\/actualites\/wp-json\/wp\/v2\/media\/36140"}],"wp:attachment":[{"href":"https:\/\/footdavant.fr\/actualites\/wp-json\/wp\/v2\/media?parent=36139"}],"wp:term":[{"taxonomy":"category","embeddable":true,"href":"https:\/\/footdavant.fr\/actualites\/wp-json\/wp\/v2\/categories?post=36139"},{"taxonomy":"post_tag","embeddable":true,"href":"https:\/\/footdavant.fr\/actualites\/wp-json\/wp\/v2\/tags?post=36139"}],"curies":[{"name":"wp","href":"https:\/\/api.w.org\/{rel}","templated":true}]}}