{"id":36142,"date":"2026-04-05T08:48:05","date_gmt":"2026-04-05T06:48:05","guid":{"rendered":"https:\/\/footdavant.fr\/actualites\/adam-wharton-ryan-giggs-explique-pourquoi-united-devrait-recruter-langlais\/"},"modified":"2026-04-05T08:48:08","modified_gmt":"2026-04-05T06:48:08","slug":"adam-wharton-ryan-giggs-explique-pourquoi-united-devrait-recruter-langlais","status":"publish","type":"post","link":"https:\/\/footdavant.fr\/actualites\/adam-wharton-ryan-giggs-explique-pourquoi-united-devrait-recruter-langlais\/","title":{"rendered":"Adam Wharton : Ryan Giggs explique pourquoi United devrait recruter l&#39;Anglais \u2013"},"content":{"rendered":"<div id=\"penci-post-entry-inner\">\n<p>\t\t\t<i class=\"penci-post-countview-number-check\" style=\"display:none\">40<\/i><\/p>\n<p>La l\u00e9gende de Manchester United, Ryan Giggs, a nomm\u00e9 son candidat pr\u00e9f\u00e9r\u00e9 pour r\u00e9soudre l&#39;\u00e9nigme du milieu de terrain du club cet \u00e9t\u00e9. Les g\u00e9ants de la Premier League ont investi judicieusement dans les postes d\u2019attaque et de gardien de but au d\u00e9but de cette saison, et cela s\u2019est refl\u00e9t\u00e9 dans leur r\u00e9cente course torride.<\/p>\n<p>Les Red Devils sont d\u00e9sormais troisi\u00e8mes du classement apr\u00e8s 31 matchs, apr\u00e8s une s\u00e9rie de sept victoires en 10 matchs sous la direction du manager par int\u00e9rim Michael Carrick. United profitera probablement de l\u2019\u00e9t\u00e9 pour investir davantage dans l\u2019\u00e9quipe, et tous les signes indiquent qu\u2019une grande partie de leur activit\u00e9 de transfert sera centr\u00e9e autour du milieu du parc.<\/p>\n<p>Les g\u00e9ants anglais se pr\u00e9parent \u00e0 faire leurs adieux \u00e0 Casemiro, qui partira \u00e0 l&#39;expiration de son contrat \u00e0 la fin de cette saison. Un rempla\u00e7ant pour le Br\u00e9silien, qui a \u00e9t\u00e9 exceptionnel cette saison, est envisag\u00e9, et plusieurs milieux de terrain ont \u00e9t\u00e9 li\u00e9s \u00e0 ce poste. <\/p>\n<p>Le g\u00e9n\u00e9ral du milieu de terrain de Nottingham Forest, Elliot Anderson, serait sur la liste de souhaits d&#39;INEOS, tout comme Carlos Baleba, Adam Wharton, Joao Gomes et Sandro Tonali. La l\u00e9gende de United Ryan Giggs, qui a remport\u00e9 un record de 13 titres de Premier League pendant son s\u00e9jour \u00e0 Old Trafford, a r\u00e9v\u00e9l\u00e9 son choix pr\u00e9f\u00e9r\u00e9 pour le r\u00f4le.<\/p>\n<h3>Giggs veut Wharton \u00e0 Old Trafford<\/h3>\n<p>S&#39;exprimant sur Webby &#038; O&#39;Neill, Giggs a fait valoir que Wharton ressemble d\u00e9j\u00e0 \u00e0 un joueur de United. Il a d\u00e9clar\u00e9 : \u00ab\u00a0Tout d&#39;abord, nous devons nous occuper de nos joueurs qui ont \u00e9t\u00e9 pr\u00eat\u00e9s, Rashford, Sancho, Hojlund, nous devons tous nous occuper d&#39;eux, mais la priorit\u00e9 est d\u00e9finitivement le milieu de terrain, j&#39;en vois certainement deux.\u00a0\u00bb<\/p>\n<p>\u00ab\u00a0Il semble que Mainoo va rester, Casemiro va partir, Ugarte va partir, et nous devons sans l&#39;ombre d&#39;un doute renforcer le milieu de terrain. J&#39;aime toujours un pied gauche dans l&#39;\u00e9quipe donc je ne discuterais pas avec Wharton, je pense qu&#39;il ressemble, pour moi, \u00e0 un joueur de Man United. \u00ab\u00a0<\/p>\n<p>\u00ab\u00a0Quelqu&#39;un qui peut manipuler le ballon, passer en avant, courir vers l&#39;avant, avoir une exp\u00e9rience en Premier League, ils ont tous une exp\u00e9rience en Premier League, donc je ne serais pas contre \u00e7a.\u00a0\u00bb <\/p>\n<p>Giggs, qui a fait un record de 963 apparitions pour les Red Devils, a \u00e9galement fait l&#39;\u00e9loge d&#39;Anderson, sugg\u00e9rant que son ancien club devrait \u00e9galement recruter l&#39;Anglais. Il a d\u00e9clar\u00e9: \u00ab\u00a0Anderson, j&#39;aime aussi, un joueur solide.\u00a0\u00bb<\/p>\n<p>\u00ab\u00a0Il joue \u00e0 chaque match, je peux voir Wharton et Mainoo, Anderson et Wharton, je peux voir tous ces sc\u00e9narios, cela d\u00e9pend, les joueurs britanniques ont beaucoup d&#39;argent et ce que nous pouvons d\u00e9penser. Mais nous avons besoin de deux milieux de terrain. \u00ab\u00a0<\/p>\n<h3>Comment Anderson et Wharton se sont-ils comport\u00e9s cette saison ?<\/h3>\n<p>Adam Wharton a de nouveau \u00e9t\u00e9 en forme pour Crystal Palace cette saison, enregistrant sept passes d\u00e9cisives en 41 matchs toutes comp\u00e9titions confondues. Le joueur de 22 ans est sous contrat jusqu&#39;en 2029 et des rapports r\u00e9cents sugg\u00e8rent qu&#39;il pourrait co\u00fbter entre 60 et 70 millions de livres sterling. <\/p>\n<h2 id=\"tablepress-1133-name\" class=\"tablepress-table-name tablepress-table-name-id-1133\">Adam Wharton Stats: saison 2025\/26<\/h2>\n<table id=\"tablepress-1133\" class=\"tablepress tablepress-id-1133\" aria-labelledby=\"tablepress-1133-name\">\n<thead>\n<tr class=\"row-1\">\n<th class=\"column-1\">Concours<\/th>\n<th class=\"column-2\">Apparitions<\/th>\n<th class=\"column-3\">Commence<\/th>\n<th class=\"column-4\">Objectifs<\/th>\n<th class=\"column-5\">Aides<\/th>\n<th class=\"column-6\">Cartons jaunes<\/th>\n<th class=\"column-7\">Cartons rouges<\/th>\n<th class=\"column-8\">Minutes jou\u00e9es<\/th>\n<\/tr>\n<\/thead>\n<tbody class=\"row-striping row-hover\">\n<tr class=\"row-2\">\n<td class=\"column-1\">Premi\u00e8re Ligue<\/td>\n<td class=\"column-2\">27<\/td>\n<td class=\"column-3\">27<\/td>\n<td class=\"column-4\">&#8211;<\/td>\n<td class=\"column-5\">5<\/td>\n<td class=\"column-6\">4<\/td>\n<td class=\"column-7\">1<\/td>\n<td class=\"column-8\">2 176&#39;<\/td>\n<\/tr>\n<tr class=\"row-3\">\n<td class=\"column-1\">Ligue de conf\u00e9rence de l&#39;UEFA<\/td>\n<td class=\"column-2\">9<\/td>\n<td class=\"column-3\">9<\/td>\n<td class=\"column-4\">&#8211;<\/td>\n<td class=\"column-5\">1<\/td>\n<td class=\"column-6\">2<\/td>\n<td class=\"column-7\">&#8211;<\/td>\n<td class=\"column-8\">593&#39;<\/td>\n<\/tr>\n<tr class=\"row-4\">\n<td class=\"column-1\">\u00c9liminatoires de la Ligue de Conf\u00e9rence de l&#39;UEFA<\/td>\n<td class=\"column-2\">2<\/td>\n<td class=\"column-3\">2<\/td>\n<td class=\"column-4\">&#8211;<\/td>\n<td class=\"column-5\">&#8211;<\/td>\n<td class=\"column-6\">&#8211;<\/td>\n<td class=\"column-7\">&#8211;<\/td>\n<td class=\"column-8\">180&#39;<\/td>\n<\/tr>\n<tr class=\"row-5\">\n<td class=\"column-1\">Bouclier communautaire<\/td>\n<td class=\"column-2\">1<\/td>\n<td class=\"column-3\">1<\/td>\n<td class=\"column-4\">&#8211;<\/td>\n<td class=\"column-5\">1<\/td>\n<td class=\"column-6\">&#8211;<\/td>\n<td class=\"column-7\">&#8211;<\/td>\n<td class=\"column-8\">85&#39;<\/td>\n<\/tr>\n<tr class=\"row-6\">\n<td class=\"column-1\">Coupe d&#39;Angleterre<\/td>\n<td class=\"column-2\">1<\/td>\n<td class=\"column-3\">1<\/td>\n<td class=\"column-4\">&#8211;<\/td>\n<td class=\"column-5\">&#8211;<\/td>\n<td class=\"column-6\">&#8211;<\/td>\n<td class=\"column-7\">&#8211;<\/td>\n<td class=\"column-8\">90&#39;<\/td>\n<\/tr>\n<tr class=\"row-7\">\n<td class=\"column-1\">Coupe EFL<\/td>\n<td class=\"column-2\">1<\/td>\n<td class=\"column-3\">1<\/td>\n<td class=\"column-4\">&#8211;<\/td>\n<td class=\"column-5\">&#8211;<\/td>\n<td class=\"column-6\">&#8211;<\/td>\n<td class=\"column-7\">&#8211;<\/td>\n<td class=\"column-8\">90&#39;<\/td>\n<\/tr>\n<tr class=\"row-8\">\n<td class=\"column-1\"><\/td>\n<td class=\"column-2\"><\/td>\n<td class=\"column-3\"><\/td>\n<td class=\"column-4\"><\/td>\n<td class=\"column-5\"><\/td>\n<td class=\"column-6\"><\/td>\n<td class=\"column-7\"><\/td>\n<td class=\"column-8\"><\/td>\n<\/tr>\n<\/tbody>\n<\/table>\n<p><!-- #tablepress-1133 from cache --><\/p>\n<p>Anderson, quant \u00e0 lui, s\u2019est impos\u00e9 comme l\u2019un des meilleurs \u00e0 son poste en Premier League cette saison. Le milieu de terrain combatif, qui allie flair et t\u00e9nacit\u00e9 \u00e0 bon escient sur le terrain, pourrait m\u00eame \u00eatre le rempla\u00e7ant id\u00e9al de Casemiro \u00e0 Old Trafford.<\/p>\n<p>Le joueur de 23 ans a inscrit deux buts et trois passes d\u00e9cisives en 41 apparitions pour Forest cette saison, dont toutes sauf quatre ont \u00e9t\u00e9 titulaires. Il est sous contrat jusqu&#39;en 2029, devrait co\u00fbter plus de 100 millions de livres sterling et serait \u00e9galement recherch\u00e9 par Manchester City. <\/p>\n<h2 id=\"tablepress-1134-name\" class=\"tablepress-table-name tablepress-table-name-id-1134\">Statistiques d&#39;Elliot Anderson\u00a0: saison 2025\/26<\/h2>\n<table id=\"tablepress-1134\" class=\"tablepress tablepress-id-1134\" aria-labelledby=\"tablepress-1134-name\">\n<thead>\n<tr class=\"row-1\">\n<th class=\"column-1\">Concours<\/th>\n<th class=\"column-2\">Apparitions<\/th>\n<th class=\"column-3\">Commence<\/th>\n<th class=\"column-4\">Objectifs<\/th>\n<th class=\"column-5\">Aides<\/th>\n<th class=\"column-6\">Cartons jaunes<\/th>\n<th class=\"column-7\">Cartons rouges<\/th>\n<th class=\"column-8\">Minutes jou\u00e9es<\/th>\n<\/tr>\n<\/thead>\n<tbody class=\"row-striping row-hover\">\n<tr class=\"row-2\">\n<td class=\"column-1\">Premi\u00e8re Ligue<\/td>\n<td class=\"column-2\">31<\/td>\n<td class=\"column-3\">31<\/td>\n<td class=\"column-4\">2<\/td>\n<td class=\"column-5\">2<\/td>\n<td class=\"column-6\">6<\/td>\n<td class=\"column-7\">&#8211;<\/td>\n<td class=\"column-8\">2 775&#39;<\/td>\n<\/tr>\n<tr class=\"row-3\">\n<td class=\"column-1\">Ligue Europa de l&#39;UEFA<\/td>\n<td class=\"column-2\">10<\/td>\n<td class=\"column-3\">6<\/td>\n<td class=\"column-4\">&#8211;<\/td>\n<td class=\"column-5\">1<\/td>\n<td class=\"column-6\">3<\/td>\n<td class=\"column-7\">1<\/td>\n<td class=\"column-8\">653&#39;<\/td>\n<\/tr>\n<tr class=\"row-4\">\n<td class=\"column-1\"><\/td>\n<td class=\"column-2\"><\/td>\n<td class=\"column-3\"><\/td>\n<td class=\"column-4\"><\/td>\n<td class=\"column-5\"><\/td>\n<td class=\"column-6\"><\/td>\n<td class=\"column-7\"><\/td>\n<td class=\"column-8\"><\/td>\n<\/tr>\n<\/tbody>\n<\/table>\n<p><!-- #tablepress-1134 from cache --><\/p>\n<h3>Pens\u00e9es finales<\/h3>\n<p>Wharton et Anderson repr\u00e9sentent deux profils diff\u00e9rents, et United aimerait id\u00e9alement signer les deux. M\u00eame s&#39;il n&#39;est pas clair si les Red Devils disposeront des fonds n\u00e9cessaires pour conclure le double deal, il ne fait aucun doute que l&#39;arriv\u00e9e propos\u00e9e du duo pourrait transformer l&#39;\u00e9quipe en challenger au titre. <\/p>\n<\/p>\n<hr\/>\n<p>The Peoples Person est l&#39;un des principaux sites d&#39;information de Man United au monde depuis plus d&#39;une d\u00e9cennie. Suivez-nous sur Bluesky\u00a0: @peoplesperson.bsky.social<\/p>\n<p><!-- CONTENT END 2 --><\/p><\/div>\n","protected":false},"excerpt":{"rendered":"<p>40 La l\u00e9gende de Manchester United, Ryan Giggs, a nomm\u00e9 son candidat pr\u00e9f\u00e9r\u00e9 pour r\u00e9soudre l&#39;\u00e9nigme du milieu de terrain du club cet \u00e9t\u00e9. Les<\/p>\n","protected":false},"author":1,"featured_media":36143,"comment_status":"closed","ping_status":"","sticky":false,"template":"","format":"standard","meta":{"footnotes":""},"categories":[3],"tags":[2688,757,577,8546,4768,610,1284,1631,13,5312],"yoast_head":"<!-- This site is optimized with the Yoast SEO plugin v21.0 - https:\/\/yoast.com\/wordpress\/plugins\/seo\/ -->\n<title>Adam Wharton : Ryan Giggs explique pourquoi United devrait recruter l&#039;Anglais \u2013<\/title>\n<meta name=\"robots\" content=\"index, follow, max-snippet:-1, max-image-preview:large, max-video-preview:-1\" \/>\n<link rel=\"canonical\" href=\"https:\/\/footdavant.fr\/actualites\/adam-wharton-ryan-giggs-explique-pourquoi-united-devrait-recruter-langlais\/\" \/>\n<meta property=\"og:locale\" content=\"fr_FR\" \/>\n<meta property=\"og:type\" content=\"article\" \/>\n<meta property=\"og:title\" content=\"Adam Wharton : Ryan Giggs explique pourquoi United devrait recruter l&#039;Anglais \u2013\" \/>\n<meta property=\"og:description\" content=\"40 La l\u00e9gende de Manchester United, Ryan Giggs, a nomm\u00e9 son candidat pr\u00e9f\u00e9r\u00e9 pour r\u00e9soudre l&#039;\u00e9nigme du milieu de terrain du club cet \u00e9t\u00e9. Les\" \/>\n<meta property=\"og:url\" content=\"https:\/\/footdavant.fr\/actualites\/adam-wharton-ryan-giggs-explique-pourquoi-united-devrait-recruter-langlais\/\" \/>\n<meta property=\"og:site_name\" content=\"Foot d&#039;avant\" \/>\n<meta property=\"article:publisher\" content=\"https:\/\/www.facebook.com\/Footdavant\/\" \/>\n<meta property=\"article:published_time\" content=\"2026-04-05T06:48:05+00:00\" \/>\n<meta property=\"article:modified_time\" content=\"2026-04-05T06:48:08+00:00\" \/>\n<meta property=\"og:image\" content=\"https:\/\/footdavant.fr\/actualites\/wp-content\/uploads\/2026\/04\/Adam-Wharton-Ryan-Giggs-explique-pourquoi-United-devrait-recruter.jpg\" \/>\n\t<meta property=\"og:image:width\" content=\"1200\" \/>\n\t<meta property=\"og:image:height\" content=\"675\" \/>\n\t<meta property=\"og:image:type\" content=\"image\/jpeg\" \/>\n<meta name=\"author\" content=\"Cl\u00e9ment\" \/>\n<meta name=\"twitter:card\" content=\"summary_large_image\" \/>\n<meta name=\"twitter:creator\" content=\"@FootdavantFr\" \/>\n<meta name=\"twitter:site\" content=\"@FootdavantFr\" \/>\n<meta name=\"twitter:label1\" content=\"\u00c9crit par\" \/>\n\t<meta name=\"twitter:data1\" content=\"Cl\u00e9ment\" \/>\n\t<meta name=\"twitter:label2\" content=\"Dur\u00e9e de lecture estim\u00e9e\" \/>\n\t<meta name=\"twitter:data2\" content=\"4 minutes\" \/>\n<script type=\"application\/ld+json\" class=\"yoast-schema-graph\">{\"@context\":\"https:\/\/schema.org\",\"@graph\":[{\"@type\":\"Article\",\"@id\":\"https:\/\/footdavant.fr\/actualites\/adam-wharton-ryan-giggs-explique-pourquoi-united-devrait-recruter-langlais\/#article\",\"isPartOf\":{\"@id\":\"https:\/\/footdavant.fr\/actualites\/adam-wharton-ryan-giggs-explique-pourquoi-united-devrait-recruter-langlais\/\"},\"author\":{\"name\":\"Cl\u00e9ment\",\"@id\":\"https:\/\/footdavant.fr\/actualites\/#\/schema\/person\/bc222566d95871b37e597b3ed3ba5e1d\"},\"headline\":\"Adam Wharton : Ryan Giggs explique pourquoi United devrait recruter l&#39;Anglais \u2013\",\"datePublished\":\"2026-04-05T06:48:05+00:00\",\"dateModified\":\"2026-04-05T06:48:08+00:00\",\"mainEntityOfPage\":{\"@id\":\"https:\/\/footdavant.fr\/actualites\/adam-wharton-ryan-giggs-explique-pourquoi-united-devrait-recruter-langlais\/\"},\"wordCount\":843,\"publisher\":{\"@id\":\"https:\/\/footdavant.fr\/actualites\/#organization\"},\"keywords\":[\"Adam\",\"devrait\",\"explique\",\"Giggs\",\"l39Anglais\",\"Pourquoi\",\"recruter\",\"Ryan\",\"United\",\"Wharton\"],\"articleSection\":[\"Football\"],\"inLanguage\":\"fr-FR\"},{\"@type\":\"WebPage\",\"@id\":\"https:\/\/footdavant.fr\/actualites\/adam-wharton-ryan-giggs-explique-pourquoi-united-devrait-recruter-langlais\/\",\"url\":\"https:\/\/footdavant.fr\/actualites\/adam-wharton-ryan-giggs-explique-pourquoi-united-devrait-recruter-langlais\/\",\"name\":\"Adam Wharton : Ryan Giggs explique pourquoi United devrait recruter l&#39;Anglais \u2013\",\"isPartOf\":{\"@id\":\"https:\/\/footdavant.fr\/actualites\/#website\"},\"datePublished\":\"2026-04-05T06:48:05+00:00\",\"dateModified\":\"2026-04-05T06:48:08+00:00\",\"breadcrumb\":{\"@id\":\"https:\/\/footdavant.fr\/actualites\/adam-wharton-ryan-giggs-explique-pourquoi-united-devrait-recruter-langlais\/#breadcrumb\"},\"inLanguage\":\"fr-FR\",\"potentialAction\":[{\"@type\":\"ReadAction\",\"target\":[\"https:\/\/footdavant.fr\/actualites\/adam-wharton-ryan-giggs-explique-pourquoi-united-devrait-recruter-langlais\/\"]}]},{\"@type\":\"BreadcrumbList\",\"@id\":\"https:\/\/footdavant.fr\/actualites\/adam-wharton-ryan-giggs-explique-pourquoi-united-devrait-recruter-langlais\/#breadcrumb\",\"itemListElement\":[{\"@type\":\"ListItem\",\"position\":1,\"name\":\"Accueil\",\"item\":\"https:\/\/footdavant.fr\/actualites\/\"},{\"@type\":\"ListItem\",\"position\":2,\"name\":\"Adam Wharton : Ryan Giggs explique pourquoi United devrait recruter l&#39;Anglais \u2013\"}]},{\"@type\":\"WebSite\",\"@id\":\"https:\/\/footdavant.fr\/actualites\/#website\",\"url\":\"https:\/\/footdavant.fr\/actualites\/\",\"name\":\"Foot d'avant\",\"description\":\"\",\"publisher\":{\"@id\":\"https:\/\/footdavant.fr\/actualites\/#organization\"},\"potentialAction\":[{\"@type\":\"SearchAction\",\"target\":{\"@type\":\"EntryPoint\",\"urlTemplate\":\"https:\/\/footdavant.fr\/actualites\/?s={search_term_string}\"},\"query-input\":\"required name=search_term_string\"}],\"inLanguage\":\"fr-FR\"},{\"@type\":\"Organization\",\"@id\":\"https:\/\/footdavant.fr\/actualites\/#organization\",\"name\":\"Foot d'avant\",\"url\":\"https:\/\/footdavant.fr\/actualites\/\",\"logo\":{\"@type\":\"ImageObject\",\"inLanguage\":\"fr-FR\",\"@id\":\"https:\/\/footdavant.fr\/actualites\/#\/schema\/logo\/image\/\",\"url\":\"https:\/\/footdavant.fr\/actualites\/wp-content\/uploads\/2023\/09\/Copy-of-FootDavant-Logo.png\",\"contentUrl\":\"https:\/\/footdavant.fr\/actualites\/wp-content\/uploads\/2023\/09\/Copy-of-FootDavant-Logo.png\",\"width\":936,\"height\":549,\"caption\":\"Foot d'avant\"},\"image\":{\"@id\":\"https:\/\/footdavant.fr\/actualites\/#\/schema\/logo\/image\/\"},\"sameAs\":[\"https:\/\/www.facebook.com\/Footdavant\/\",\"https:\/\/twitter.com\/FootdavantFr\",\"https:\/\/www.instagram.com\/footdavant.fr\/\"]},{\"@type\":\"Person\",\"@id\":\"https:\/\/footdavant.fr\/actualites\/#\/schema\/person\/bc222566d95871b37e597b3ed3ba5e1d\",\"name\":\"Cl\u00e9ment\",\"image\":{\"@type\":\"ImageObject\",\"inLanguage\":\"fr-FR\",\"@id\":\"https:\/\/footdavant.fr\/actualites\/#\/schema\/person\/image\/\",\"url\":\"https:\/\/secure.gravatar.com\/avatar\/7728b29aac2719421e1a9159b2254c44?s=96&d=mm&r=g\",\"contentUrl\":\"https:\/\/secure.gravatar.com\/avatar\/7728b29aac2719421e1a9159b2254c44?s=96&d=mm&r=g\",\"caption\":\"Cl\u00e9ment\"},\"sameAs\":[\"https:\/\/footdavant.fr\/\"]}]}<\/script>\n<!-- \/ Yoast SEO plugin. -->","yoast_head_json":{"title":"Adam Wharton : Ryan Giggs explique pourquoi United devrait recruter l&#39;Anglais \u2013","robots":{"index":"index","follow":"follow","max-snippet":"max-snippet:-1","max-image-preview":"max-image-preview:large","max-video-preview":"max-video-preview:-1"},"canonical":"https:\/\/footdavant.fr\/actualites\/adam-wharton-ryan-giggs-explique-pourquoi-united-devrait-recruter-langlais\/","og_locale":"fr_FR","og_type":"article","og_title":"Adam Wharton : Ryan Giggs explique pourquoi United devrait recruter l&#39;Anglais \u2013","og_description":"40 La l\u00e9gende de Manchester United, Ryan Giggs, a nomm\u00e9 son candidat pr\u00e9f\u00e9r\u00e9 pour r\u00e9soudre l&#39;\u00e9nigme du milieu de terrain du club cet \u00e9t\u00e9. Les","og_url":"https:\/\/footdavant.fr\/actualites\/adam-wharton-ryan-giggs-explique-pourquoi-united-devrait-recruter-langlais\/","og_site_name":"Foot d&#039;avant","article_publisher":"https:\/\/www.facebook.com\/Footdavant\/","article_published_time":"2026-04-05T06:48:05+00:00","article_modified_time":"2026-04-05T06:48:08+00:00","og_image":[{"width":1200,"height":675,"url":"https:\/\/footdavant.fr\/actualites\/wp-content\/uploads\/2026\/04\/Adam-Wharton-Ryan-Giggs-explique-pourquoi-United-devrait-recruter.jpg","type":"image\/jpeg"}],"author":"Cl\u00e9ment","twitter_card":"summary_large_image","twitter_creator":"@FootdavantFr","twitter_site":"@FootdavantFr","twitter_misc":{"\u00c9crit par":"Cl\u00e9ment","Dur\u00e9e de lecture estim\u00e9e":"4 minutes"},"schema":{"@context":"https:\/\/schema.org","@graph":[{"@type":"Article","@id":"https:\/\/footdavant.fr\/actualites\/adam-wharton-ryan-giggs-explique-pourquoi-united-devrait-recruter-langlais\/#article","isPartOf":{"@id":"https:\/\/footdavant.fr\/actualites\/adam-wharton-ryan-giggs-explique-pourquoi-united-devrait-recruter-langlais\/"},"author":{"name":"Cl\u00e9ment","@id":"https:\/\/footdavant.fr\/actualites\/#\/schema\/person\/bc222566d95871b37e597b3ed3ba5e1d"},"headline":"Adam Wharton : Ryan Giggs explique pourquoi United devrait recruter l&#39;Anglais \u2013","datePublished":"2026-04-05T06:48:05+00:00","dateModified":"2026-04-05T06:48:08+00:00","mainEntityOfPage":{"@id":"https:\/\/footdavant.fr\/actualites\/adam-wharton-ryan-giggs-explique-pourquoi-united-devrait-recruter-langlais\/"},"wordCount":843,"publisher":{"@id":"https:\/\/footdavant.fr\/actualites\/#organization"},"keywords":["Adam","devrait","explique","Giggs","l39Anglais","Pourquoi","recruter","Ryan","United","Wharton"],"articleSection":["Football"],"inLanguage":"fr-FR"},{"@type":"WebPage","@id":"https:\/\/footdavant.fr\/actualites\/adam-wharton-ryan-giggs-explique-pourquoi-united-devrait-recruter-langlais\/","url":"https:\/\/footdavant.fr\/actualites\/adam-wharton-ryan-giggs-explique-pourquoi-united-devrait-recruter-langlais\/","name":"Adam Wharton : Ryan Giggs explique pourquoi United devrait recruter l&#39;Anglais \u2013","isPartOf":{"@id":"https:\/\/footdavant.fr\/actualites\/#website"},"datePublished":"2026-04-05T06:48:05+00:00","dateModified":"2026-04-05T06:48:08+00:00","breadcrumb":{"@id":"https:\/\/footdavant.fr\/actualites\/adam-wharton-ryan-giggs-explique-pourquoi-united-devrait-recruter-langlais\/#breadcrumb"},"inLanguage":"fr-FR","potentialAction":[{"@type":"ReadAction","target":["https:\/\/footdavant.fr\/actualites\/adam-wharton-ryan-giggs-explique-pourquoi-united-devrait-recruter-langlais\/"]}]},{"@type":"BreadcrumbList","@id":"https:\/\/footdavant.fr\/actualites\/adam-wharton-ryan-giggs-explique-pourquoi-united-devrait-recruter-langlais\/#breadcrumb","itemListElement":[{"@type":"ListItem","position":1,"name":"Accueil","item":"https:\/\/footdavant.fr\/actualites\/"},{"@type":"ListItem","position":2,"name":"Adam Wharton : Ryan Giggs explique pourquoi United devrait recruter l&#39;Anglais \u2013"}]},{"@type":"WebSite","@id":"https:\/\/footdavant.fr\/actualites\/#website","url":"https:\/\/footdavant.fr\/actualites\/","name":"Foot d'avant","description":"","publisher":{"@id":"https:\/\/footdavant.fr\/actualites\/#organization"},"potentialAction":[{"@type":"SearchAction","target":{"@type":"EntryPoint","urlTemplate":"https:\/\/footdavant.fr\/actualites\/?s={search_term_string}"},"query-input":"required name=search_term_string"}],"inLanguage":"fr-FR"},{"@type":"Organization","@id":"https:\/\/footdavant.fr\/actualites\/#organization","name":"Foot d'avant","url":"https:\/\/footdavant.fr\/actualites\/","logo":{"@type":"ImageObject","inLanguage":"fr-FR","@id":"https:\/\/footdavant.fr\/actualites\/#\/schema\/logo\/image\/","url":"https:\/\/footdavant.fr\/actualites\/wp-content\/uploads\/2023\/09\/Copy-of-FootDavant-Logo.png","contentUrl":"https:\/\/footdavant.fr\/actualites\/wp-content\/uploads\/2023\/09\/Copy-of-FootDavant-Logo.png","width":936,"height":549,"caption":"Foot d'avant"},"image":{"@id":"https:\/\/footdavant.fr\/actualites\/#\/schema\/logo\/image\/"},"sameAs":["https:\/\/www.facebook.com\/Footdavant\/","https:\/\/twitter.com\/FootdavantFr","https:\/\/www.instagram.com\/footdavant.fr\/"]},{"@type":"Person","@id":"https:\/\/footdavant.fr\/actualites\/#\/schema\/person\/bc222566d95871b37e597b3ed3ba5e1d","name":"Cl\u00e9ment","image":{"@type":"ImageObject","inLanguage":"fr-FR","@id":"https:\/\/footdavant.fr\/actualites\/#\/schema\/person\/image\/","url":"https:\/\/secure.gravatar.com\/avatar\/7728b29aac2719421e1a9159b2254c44?s=96&d=mm&r=g","contentUrl":"https:\/\/secure.gravatar.com\/avatar\/7728b29aac2719421e1a9159b2254c44?s=96&d=mm&r=g","caption":"Cl\u00e9ment"},"sameAs":["https:\/\/footdavant.fr\/"]}]}},"_links":{"self":[{"href":"https:\/\/footdavant.fr\/actualites\/wp-json\/wp\/v2\/posts\/36142"}],"collection":[{"href":"https:\/\/footdavant.fr\/actualites\/wp-json\/wp\/v2\/posts"}],"about":[{"href":"https:\/\/footdavant.fr\/actualites\/wp-json\/wp\/v2\/types\/post"}],"author":[{"embeddable":true,"href":"https:\/\/footdavant.fr\/actualites\/wp-json\/wp\/v2\/users\/1"}],"replies":[{"embeddable":true,"href":"https:\/\/footdavant.fr\/actualites\/wp-json\/wp\/v2\/comments?post=36142"}],"version-history":[{"count":1,"href":"https:\/\/footdavant.fr\/actualites\/wp-json\/wp\/v2\/posts\/36142\/revisions"}],"predecessor-version":[{"id":36144,"href":"https:\/\/footdavant.fr\/actualites\/wp-json\/wp\/v2\/posts\/36142\/revisions\/36144"}],"wp:featuredmedia":[{"embeddable":true,"href":"https:\/\/footdavant.fr\/actualites\/wp-json\/wp\/v2\/media\/36143"}],"wp:attachment":[{"href":"https:\/\/footdavant.fr\/actualites\/wp-json\/wp\/v2\/media?parent=36142"}],"wp:term":[{"taxonomy":"category","embeddable":true,"href":"https:\/\/footdavant.fr\/actualites\/wp-json\/wp\/v2\/categories?post=36142"},{"taxonomy":"post_tag","embeddable":true,"href":"https:\/\/footdavant.fr\/actualites\/wp-json\/wp\/v2\/tags?post=36142"}],"curies":[{"name":"wp","href":"https:\/\/api.w.org\/{rel}","templated":true}]}}