{"id":36164,"date":"2026-04-06T00:48:10","date_gmt":"2026-04-05T22:48:10","guid":{"rendered":"https:\/\/footdavant.fr\/actualites\/nico-schlotterbeck-publie-une-declaration-sur-son-avenir-au-milieu-de-linteret-de-man-united\/"},"modified":"2026-04-06T00:48:12","modified_gmt":"2026-04-05T22:48:12","slug":"nico-schlotterbeck-publie-une-declaration-sur-son-avenir-au-milieu-de-linteret-de-man-united","status":"publish","type":"post","link":"https:\/\/footdavant.fr\/actualites\/nico-schlotterbeck-publie-une-declaration-sur-son-avenir-au-milieu-de-linteret-de-man-united\/","title":{"rendered":"Nico Schlotterbeck publie une d\u00e9claration sur son avenir au milieu de l&#39;int\u00e9r\u00eat de Man United &#8211;"},"content":{"rendered":"<div id=\"penci-post-entry-inner\">\n<p>\t\t\t<i class=\"penci-post-countview-number-check\" style=\"display:none\">1<\/i><\/p>\n<p><!--Article Start--><br \/>Le d\u00e9fenseur du Borussia Dortmund, Nico Schlotterbeck, a \u00e9voqu\u00e9 les sp\u00e9culations en cours sur son avenir, m\u00eame s&#39;il continue d&#39;\u00eatre li\u00e9 \u00e0 un \u00e9ventuel transfert \u00e0 Manchester United.<\/p>\n<h3>Sur le radar de United<\/h3>\n<p>United se pr\u00e9pare \u00e0 une autre fen\u00eatre charg\u00e9e, avec une qualification en Ligue des champions semblant de plus en plus probable.<\/p>\n<p>\u00c0 l&#39;heure actuelle, les Red Devils occupent la troisi\u00e8me place du classement de la Premier League, un point devant Aston Villa, quatri\u00e8me et six derri\u00e8re Manchester City, deuxi\u00e8me.<\/p>\n<p>On pense que le club donne la priorit\u00e9 aux renforts au milieu de terrain, m\u00eame si d&#39;autres domaines du terrain, y compris la d\u00e9fense, pourraient \u00e9galement \u00eatre abord\u00e9s. Les mauvais bilans de blessures de Lisandro Martinez et Matthijs de Ligt pourraient forcer United \u00e0 revenir sur le march\u00e9 pour des options d\u00e9fensives suppl\u00e9mentaires.<\/p>\n<p>Combinez cela avec l&#39;inexp\u00e9rience de Leny Yoro et Ayden Heaven, et le besoin de United en mati\u00e8re d&#39;ajouts dans la ligne arri\u00e8re devient encore plus urgent.<\/p>\n<p>Schlotterbeck est devenu une v\u00e9ritable cible pour United ces derni\u00e8res semaines au milieu de son avenir extr\u00eamement incertain \u00e0 Dortmund. Son contrat expire en 2027 et les discussions sur un nouvel accord n&#39;ont pas encore port\u00e9 leurs fruits. \u00c0 un moment donn\u00e9, certains ont laiss\u00e9 entendre qu&#39;un accord \u00e9tait proche, mais le joueur a rejet\u00e9 ces discussions, insistant sur le fait que ce n&#39;\u00e9tait pas le cas.<\/p>\n<p>On pense que la r\u00e9ticence de Schlotterbeck \u00e0 prolonger son contrat est une r\u00e9action au limogeage par Dortmund du directeur sportif Sebastian Kehl. Pourtant, Dortmund soup\u00e7onne qu&#39;il ne s&#39;agit que d&#39;un pr\u00e9texte et que Liverpool et United ont d\u00e9j\u00e0 fait tourner la t\u00eate du d\u00e9fenseur.<\/p>\n<p>Un rapport couvert par The Peoples Person a rapport\u00e9 que Dortmund pourrait laisser Schlotterbeck partir pour 30 \u00e0 35 millions d&#39;euros (26,1 \u00e0 30,5 millions de livres sterling) si les n\u00e9gociations contractuelles continuent de stagner.<\/p>\n<p>Le joueur de 26 ans s&#39;est entretenu avec Sky Germany apr\u00e8s le coup de sifflet final de la victoire 2-0 de son \u00e9quipe contre Stuttgart samedi et a \u00e9voqu\u00e9 son avenir.<\/p>\n<h3>Schlotterbeck parle<\/h3>\n<p>A propos de sa situation contractuelle et de ses r\u00e9cents commentaires, il a d\u00e9clar\u00e9 : \u00ab\u00a0Je voulais me d\u00e9fendre. Je ne voulais pas m&#39;en prendre aux supporters du BVB.\u00a0\u00bb<\/p>\n<p>\u00ab\u00a0J&#39;ai parl\u00e9 avec le club cette semaine. Je voulais entendre le point de vue d&#39;Ole et comment il aborde les choses.\u00a0\u00bb<\/p>\n<p>Lorsqu&#39;on lui a demand\u00e9 s&#39;il signerait une prolongation, le cas \u00e9ch\u00e9ant, il a r\u00e9pondu : \u00ab\u00a0J&#39;ai eu une bonne conversation avec Lars Ricken et avec Ole Book. Les discussions se poursuivront cette semaine. Je pense que je ne prendrai pas beaucoup plus de temps avant de prendre une d\u00e9cision.\u00a0\u00bb<\/p>\n<p>\u00ab\u00a0Je l&#39;ai toujours dit : bien s\u00fbr, je peux imaginer rester. Mais toutes les discussions doivent \u00eatre justes.\u00a0\u00bb<\/p>\n<p>\u00ab\u00a0Maintenant, nous verrons comment les choses \u00e9voluent.\u00a0\u00bb<\/p>\n<p>Lorsqu&#39;il a \u00e9t\u00e9 inform\u00e9 qu&#39;il semblait pouvoir rester, Schlotterbeck a fait remarquer : \u00ab C&#39;est ce que vous avez dit\u2026 \u00bb<\/p>\n<blockquote class=\"twitter-tweet\">\n<p lang=\"en\" dir=\"ltr\">\ud83d\udea8\u26ab\ufe0f\ud83d\udfe1Nico See More <a rel=\"nofollow\" href=\"https:\/\/twitter.com\/hashtag\/Schlotterbeck?src=hash&amp;ref_src=twsrc%5Etfw\">#Schlotterbeck<\/a> a d\u00e9clar\u00e9 \u00e0 Sky son \u00e9ventuelle prolongation de contrat et ses r\u00e9cents commentaires. <\/p>\n<p>\u00ab\u00a0Je voulais me d\u00e9fendre. Je ne voulais pas m&#39;en prendre aux supporters du BVB.\u00a0\u00bb <\/p>\n<p>\u00ab\u00a0J&#39;ai parl\u00e9 avec le club cette semaine. Je voulais entendre le point de vue d&#39;Ole et comment il aborde les choses.\u00a0\u00bb<\/p>\n<p>Volont\u00e9\u2026 <a rel=\"nofollow\" href=\"https:\/\/t.co\/2A2bcbVmfS\">pic.twitter.com\/2A2bcbVmfS<\/a><\/p>\n<p>\u2013 Florian Plettenberg (@Plettigoal) <a rel=\"nofollow\" href=\"https:\/\/twitter.com\/Plettigoal\/status\/2040567607460560896?ref_src=twsrc%5Etfw\">4 avril 2026<\/a><\/p>\n<\/blockquote>\n<p>L&#39;international allemand a fait 31 apparitions dans toutes les comp\u00e9titions cette saison, contribuant quatre buts et deux passes d\u00e9cisives au cours de cette p\u00e9riode.<\/p>\n<\/p>\n<hr\/>\n<p>The Peoples Person est l&#39;un des principaux sites d&#39;information de Man United au monde depuis plus d&#39;une d\u00e9cennie. Suivez-nous sur Bluesky\u00a0: @peoplesperson.bsky.social<\/p>\n<p><!-- CONTENT END 2 --><\/p><\/div>\n<p><script async src=\"https:\/\/platform.twitter.com\/widgets.js\" charset=\"utf-8\"><\/script><\/p>\n","protected":false},"excerpt":{"rendered":"<p>1 Le d\u00e9fenseur du Borussia Dortmund, Nico Schlotterbeck, a \u00e9voqu\u00e9 les sp\u00e9culations en cours sur son avenir, m\u00eame s&#39;il continue d&#39;\u00eatre li\u00e9 \u00e0 un \u00e9ventuel<\/p>\n","protected":false},"author":1,"featured_media":36075,"comment_status":"closed","ping_status":"","sticky":false,"template":"","format":"standard","meta":{"footnotes":""},"categories":[3],"tags":[2212,749,4310,24,441,362,1107,10788,86,103,92,13],"yoast_head":"<!-- This site is optimized with the Yoast SEO plugin v21.0 - https:\/\/yoast.com\/wordpress\/plugins\/seo\/ -->\n<title>Nico Schlotterbeck publie une d\u00e9claration sur son avenir au milieu de l&#039;int\u00e9r\u00eat de Man United -<\/title>\n<meta name=\"robots\" content=\"index, follow, max-snippet:-1, max-image-preview:large, max-video-preview:-1\" \/>\n<link rel=\"canonical\" href=\"https:\/\/footdavant.fr\/actualites\/nico-schlotterbeck-publie-une-declaration-sur-son-avenir-au-milieu-de-linteret-de-man-united\/\" \/>\n<meta property=\"og:locale\" content=\"fr_FR\" \/>\n<meta property=\"og:type\" content=\"article\" \/>\n<meta property=\"og:title\" content=\"Nico Schlotterbeck publie une d\u00e9claration sur son avenir au milieu de l&#039;int\u00e9r\u00eat de Man United -\" \/>\n<meta property=\"og:description\" content=\"1 Le d\u00e9fenseur du Borussia Dortmund, Nico Schlotterbeck, a \u00e9voqu\u00e9 les sp\u00e9culations en cours sur son avenir, m\u00eame s&#039;il continue d&#039;\u00eatre li\u00e9 \u00e0 un \u00e9ventuel\" \/>\n<meta property=\"og:url\" content=\"https:\/\/footdavant.fr\/actualites\/nico-schlotterbeck-publie-une-declaration-sur-son-avenir-au-milieu-de-linteret-de-man-united\/\" \/>\n<meta property=\"og:site_name\" content=\"Foot d&#039;avant\" \/>\n<meta property=\"article:publisher\" content=\"https:\/\/www.facebook.com\/Footdavant\/\" \/>\n<meta property=\"article:published_time\" content=\"2026-04-05T22:48:10+00:00\" \/>\n<meta property=\"article:modified_time\" content=\"2026-04-05T22:48:12+00:00\" \/>\n<meta property=\"og:image\" content=\"https:\/\/footdavant.fr\/actualites\/wp-content\/uploads\/2026\/04\/Schlotterbeck-Dortmund-a-fixe-son-prix-pour-l39objectif-de-United.jpg\" \/>\n\t<meta property=\"og:image:width\" content=\"1600\" \/>\n\t<meta property=\"og:image:height\" content=\"719\" \/>\n\t<meta property=\"og:image:type\" content=\"image\/jpeg\" \/>\n<meta name=\"author\" content=\"Cl\u00e9ment\" \/>\n<meta name=\"twitter:card\" content=\"summary_large_image\" \/>\n<meta name=\"twitter:creator\" content=\"@FootdavantFr\" \/>\n<meta name=\"twitter:site\" content=\"@FootdavantFr\" \/>\n<meta name=\"twitter:label1\" content=\"\u00c9crit par\" \/>\n\t<meta name=\"twitter:data1\" content=\"Cl\u00e9ment\" \/>\n\t<meta name=\"twitter:label2\" content=\"Dur\u00e9e de lecture estim\u00e9e\" \/>\n\t<meta name=\"twitter:data2\" content=\"3 minutes\" \/>\n<script type=\"application\/ld+json\" class=\"yoast-schema-graph\">{\"@context\":\"https:\/\/schema.org\",\"@graph\":[{\"@type\":\"Article\",\"@id\":\"https:\/\/footdavant.fr\/actualites\/nico-schlotterbeck-publie-une-declaration-sur-son-avenir-au-milieu-de-linteret-de-man-united\/#article\",\"isPartOf\":{\"@id\":\"https:\/\/footdavant.fr\/actualites\/nico-schlotterbeck-publie-une-declaration-sur-son-avenir-au-milieu-de-linteret-de-man-united\/\"},\"author\":{\"name\":\"Cl\u00e9ment\",\"@id\":\"https:\/\/footdavant.fr\/actualites\/#\/schema\/person\/bc222566d95871b37e597b3ed3ba5e1d\"},\"headline\":\"Nico Schlotterbeck publie une d\u00e9claration sur son avenir au milieu de l&#39;int\u00e9r\u00eat de Man United &#8211;\",\"datePublished\":\"2026-04-05T22:48:10+00:00\",\"dateModified\":\"2026-04-05T22:48:12+00:00\",\"mainEntityOfPage\":{\"@id\":\"https:\/\/footdavant.fr\/actualites\/nico-schlotterbeck-publie-une-declaration-sur-son-avenir-au-milieu-de-linteret-de-man-united\/\"},\"wordCount\":667,\"publisher\":{\"@id\":\"https:\/\/footdavant.fr\/actualites\/#organization\"},\"keywords\":[\"avenir\",\"D\u00e9claration\",\"l39int\u00e9r\u00eat\",\"Man\",\"milieu\",\"Nico\",\"publi\u00e9\",\"Schlotterbeck\",\"son\",\"sur\",\"une\",\"United\"],\"articleSection\":[\"Football\"],\"inLanguage\":\"fr-FR\"},{\"@type\":\"WebPage\",\"@id\":\"https:\/\/footdavant.fr\/actualites\/nico-schlotterbeck-publie-une-declaration-sur-son-avenir-au-milieu-de-linteret-de-man-united\/\",\"url\":\"https:\/\/footdavant.fr\/actualites\/nico-schlotterbeck-publie-une-declaration-sur-son-avenir-au-milieu-de-linteret-de-man-united\/\",\"name\":\"Nico Schlotterbeck publie une d\u00e9claration sur son avenir au milieu de l&#39;int\u00e9r\u00eat de Man United -\",\"isPartOf\":{\"@id\":\"https:\/\/footdavant.fr\/actualites\/#website\"},\"datePublished\":\"2026-04-05T22:48:10+00:00\",\"dateModified\":\"2026-04-05T22:48:12+00:00\",\"breadcrumb\":{\"@id\":\"https:\/\/footdavant.fr\/actualites\/nico-schlotterbeck-publie-une-declaration-sur-son-avenir-au-milieu-de-linteret-de-man-united\/#breadcrumb\"},\"inLanguage\":\"fr-FR\",\"potentialAction\":[{\"@type\":\"ReadAction\",\"target\":[\"https:\/\/footdavant.fr\/actualites\/nico-schlotterbeck-publie-une-declaration-sur-son-avenir-au-milieu-de-linteret-de-man-united\/\"]}]},{\"@type\":\"BreadcrumbList\",\"@id\":\"https:\/\/footdavant.fr\/actualites\/nico-schlotterbeck-publie-une-declaration-sur-son-avenir-au-milieu-de-linteret-de-man-united\/#breadcrumb\",\"itemListElement\":[{\"@type\":\"ListItem\",\"position\":1,\"name\":\"Accueil\",\"item\":\"https:\/\/footdavant.fr\/actualites\/\"},{\"@type\":\"ListItem\",\"position\":2,\"name\":\"Nico Schlotterbeck publie une d\u00e9claration sur son avenir au milieu de l&#39;int\u00e9r\u00eat de Man United &#8211;\"}]},{\"@type\":\"WebSite\",\"@id\":\"https:\/\/footdavant.fr\/actualites\/#website\",\"url\":\"https:\/\/footdavant.fr\/actualites\/\",\"name\":\"Foot d'avant\",\"description\":\"\",\"publisher\":{\"@id\":\"https:\/\/footdavant.fr\/actualites\/#organization\"},\"potentialAction\":[{\"@type\":\"SearchAction\",\"target\":{\"@type\":\"EntryPoint\",\"urlTemplate\":\"https:\/\/footdavant.fr\/actualites\/?s={search_term_string}\"},\"query-input\":\"required name=search_term_string\"}],\"inLanguage\":\"fr-FR\"},{\"@type\":\"Organization\",\"@id\":\"https:\/\/footdavant.fr\/actualites\/#organization\",\"name\":\"Foot d'avant\",\"url\":\"https:\/\/footdavant.fr\/actualites\/\",\"logo\":{\"@type\":\"ImageObject\",\"inLanguage\":\"fr-FR\",\"@id\":\"https:\/\/footdavant.fr\/actualites\/#\/schema\/logo\/image\/\",\"url\":\"https:\/\/footdavant.fr\/actualites\/wp-content\/uploads\/2023\/09\/Copy-of-FootDavant-Logo.png\",\"contentUrl\":\"https:\/\/footdavant.fr\/actualites\/wp-content\/uploads\/2023\/09\/Copy-of-FootDavant-Logo.png\",\"width\":936,\"height\":549,\"caption\":\"Foot d'avant\"},\"image\":{\"@id\":\"https:\/\/footdavant.fr\/actualites\/#\/schema\/logo\/image\/\"},\"sameAs\":[\"https:\/\/www.facebook.com\/Footdavant\/\",\"https:\/\/twitter.com\/FootdavantFr\",\"https:\/\/www.instagram.com\/footdavant.fr\/\"]},{\"@type\":\"Person\",\"@id\":\"https:\/\/footdavant.fr\/actualites\/#\/schema\/person\/bc222566d95871b37e597b3ed3ba5e1d\",\"name\":\"Cl\u00e9ment\",\"image\":{\"@type\":\"ImageObject\",\"inLanguage\":\"fr-FR\",\"@id\":\"https:\/\/footdavant.fr\/actualites\/#\/schema\/person\/image\/\",\"url\":\"https:\/\/secure.gravatar.com\/avatar\/7728b29aac2719421e1a9159b2254c44?s=96&d=mm&r=g\",\"contentUrl\":\"https:\/\/secure.gravatar.com\/avatar\/7728b29aac2719421e1a9159b2254c44?s=96&d=mm&r=g\",\"caption\":\"Cl\u00e9ment\"},\"sameAs\":[\"https:\/\/footdavant.fr\/\"]}]}<\/script>\n<!-- \/ Yoast SEO plugin. -->","yoast_head_json":{"title":"Nico Schlotterbeck publie une d\u00e9claration sur son avenir au milieu de l&#39;int\u00e9r\u00eat de Man United -","robots":{"index":"index","follow":"follow","max-snippet":"max-snippet:-1","max-image-preview":"max-image-preview:large","max-video-preview":"max-video-preview:-1"},"canonical":"https:\/\/footdavant.fr\/actualites\/nico-schlotterbeck-publie-une-declaration-sur-son-avenir-au-milieu-de-linteret-de-man-united\/","og_locale":"fr_FR","og_type":"article","og_title":"Nico Schlotterbeck publie une d\u00e9claration sur son avenir au milieu de l&#39;int\u00e9r\u00eat de Man United -","og_description":"1 Le d\u00e9fenseur du Borussia Dortmund, Nico Schlotterbeck, a \u00e9voqu\u00e9 les sp\u00e9culations en cours sur son avenir, m\u00eame s&#39;il continue d&#39;\u00eatre li\u00e9 \u00e0 un \u00e9ventuel","og_url":"https:\/\/footdavant.fr\/actualites\/nico-schlotterbeck-publie-une-declaration-sur-son-avenir-au-milieu-de-linteret-de-man-united\/","og_site_name":"Foot d&#039;avant","article_publisher":"https:\/\/www.facebook.com\/Footdavant\/","article_published_time":"2026-04-05T22:48:10+00:00","article_modified_time":"2026-04-05T22:48:12+00:00","og_image":[{"width":1600,"height":719,"url":"https:\/\/footdavant.fr\/actualites\/wp-content\/uploads\/2026\/04\/Schlotterbeck-Dortmund-a-fixe-son-prix-pour-l39objectif-de-United.jpg","type":"image\/jpeg"}],"author":"Cl\u00e9ment","twitter_card":"summary_large_image","twitter_creator":"@FootdavantFr","twitter_site":"@FootdavantFr","twitter_misc":{"\u00c9crit par":"Cl\u00e9ment","Dur\u00e9e de lecture estim\u00e9e":"3 minutes"},"schema":{"@context":"https:\/\/schema.org","@graph":[{"@type":"Article","@id":"https:\/\/footdavant.fr\/actualites\/nico-schlotterbeck-publie-une-declaration-sur-son-avenir-au-milieu-de-linteret-de-man-united\/#article","isPartOf":{"@id":"https:\/\/footdavant.fr\/actualites\/nico-schlotterbeck-publie-une-declaration-sur-son-avenir-au-milieu-de-linteret-de-man-united\/"},"author":{"name":"Cl\u00e9ment","@id":"https:\/\/footdavant.fr\/actualites\/#\/schema\/person\/bc222566d95871b37e597b3ed3ba5e1d"},"headline":"Nico Schlotterbeck publie une d\u00e9claration sur son avenir au milieu de l&#39;int\u00e9r\u00eat de Man United &#8211;","datePublished":"2026-04-05T22:48:10+00:00","dateModified":"2026-04-05T22:48:12+00:00","mainEntityOfPage":{"@id":"https:\/\/footdavant.fr\/actualites\/nico-schlotterbeck-publie-une-declaration-sur-son-avenir-au-milieu-de-linteret-de-man-united\/"},"wordCount":667,"publisher":{"@id":"https:\/\/footdavant.fr\/actualites\/#organization"},"keywords":["avenir","D\u00e9claration","l39int\u00e9r\u00eat","Man","milieu","Nico","publi\u00e9","Schlotterbeck","son","sur","une","United"],"articleSection":["Football"],"inLanguage":"fr-FR"},{"@type":"WebPage","@id":"https:\/\/footdavant.fr\/actualites\/nico-schlotterbeck-publie-une-declaration-sur-son-avenir-au-milieu-de-linteret-de-man-united\/","url":"https:\/\/footdavant.fr\/actualites\/nico-schlotterbeck-publie-une-declaration-sur-son-avenir-au-milieu-de-linteret-de-man-united\/","name":"Nico Schlotterbeck publie une d\u00e9claration sur son avenir au milieu de l&#39;int\u00e9r\u00eat de Man United -","isPartOf":{"@id":"https:\/\/footdavant.fr\/actualites\/#website"},"datePublished":"2026-04-05T22:48:10+00:00","dateModified":"2026-04-05T22:48:12+00:00","breadcrumb":{"@id":"https:\/\/footdavant.fr\/actualites\/nico-schlotterbeck-publie-une-declaration-sur-son-avenir-au-milieu-de-linteret-de-man-united\/#breadcrumb"},"inLanguage":"fr-FR","potentialAction":[{"@type":"ReadAction","target":["https:\/\/footdavant.fr\/actualites\/nico-schlotterbeck-publie-une-declaration-sur-son-avenir-au-milieu-de-linteret-de-man-united\/"]}]},{"@type":"BreadcrumbList","@id":"https:\/\/footdavant.fr\/actualites\/nico-schlotterbeck-publie-une-declaration-sur-son-avenir-au-milieu-de-linteret-de-man-united\/#breadcrumb","itemListElement":[{"@type":"ListItem","position":1,"name":"Accueil","item":"https:\/\/footdavant.fr\/actualites\/"},{"@type":"ListItem","position":2,"name":"Nico Schlotterbeck publie une d\u00e9claration sur son avenir au milieu de l&#39;int\u00e9r\u00eat de Man United &#8211;"}]},{"@type":"WebSite","@id":"https:\/\/footdavant.fr\/actualites\/#website","url":"https:\/\/footdavant.fr\/actualites\/","name":"Foot d'avant","description":"","publisher":{"@id":"https:\/\/footdavant.fr\/actualites\/#organization"},"potentialAction":[{"@type":"SearchAction","target":{"@type":"EntryPoint","urlTemplate":"https:\/\/footdavant.fr\/actualites\/?s={search_term_string}"},"query-input":"required name=search_term_string"}],"inLanguage":"fr-FR"},{"@type":"Organization","@id":"https:\/\/footdavant.fr\/actualites\/#organization","name":"Foot d'avant","url":"https:\/\/footdavant.fr\/actualites\/","logo":{"@type":"ImageObject","inLanguage":"fr-FR","@id":"https:\/\/footdavant.fr\/actualites\/#\/schema\/logo\/image\/","url":"https:\/\/footdavant.fr\/actualites\/wp-content\/uploads\/2023\/09\/Copy-of-FootDavant-Logo.png","contentUrl":"https:\/\/footdavant.fr\/actualites\/wp-content\/uploads\/2023\/09\/Copy-of-FootDavant-Logo.png","width":936,"height":549,"caption":"Foot d'avant"},"image":{"@id":"https:\/\/footdavant.fr\/actualites\/#\/schema\/logo\/image\/"},"sameAs":["https:\/\/www.facebook.com\/Footdavant\/","https:\/\/twitter.com\/FootdavantFr","https:\/\/www.instagram.com\/footdavant.fr\/"]},{"@type":"Person","@id":"https:\/\/footdavant.fr\/actualites\/#\/schema\/person\/bc222566d95871b37e597b3ed3ba5e1d","name":"Cl\u00e9ment","image":{"@type":"ImageObject","inLanguage":"fr-FR","@id":"https:\/\/footdavant.fr\/actualites\/#\/schema\/person\/image\/","url":"https:\/\/secure.gravatar.com\/avatar\/7728b29aac2719421e1a9159b2254c44?s=96&d=mm&r=g","contentUrl":"https:\/\/secure.gravatar.com\/avatar\/7728b29aac2719421e1a9159b2254c44?s=96&d=mm&r=g","caption":"Cl\u00e9ment"},"sameAs":["https:\/\/footdavant.fr\/"]}]}},"_links":{"self":[{"href":"https:\/\/footdavant.fr\/actualites\/wp-json\/wp\/v2\/posts\/36164"}],"collection":[{"href":"https:\/\/footdavant.fr\/actualites\/wp-json\/wp\/v2\/posts"}],"about":[{"href":"https:\/\/footdavant.fr\/actualites\/wp-json\/wp\/v2\/types\/post"}],"author":[{"embeddable":true,"href":"https:\/\/footdavant.fr\/actualites\/wp-json\/wp\/v2\/users\/1"}],"replies":[{"embeddable":true,"href":"https:\/\/footdavant.fr\/actualites\/wp-json\/wp\/v2\/comments?post=36164"}],"version-history":[{"count":1,"href":"https:\/\/footdavant.fr\/actualites\/wp-json\/wp\/v2\/posts\/36164\/revisions"}],"predecessor-version":[{"id":36165,"href":"https:\/\/footdavant.fr\/actualites\/wp-json\/wp\/v2\/posts\/36164\/revisions\/36165"}],"wp:featuredmedia":[{"embeddable":true,"href":"https:\/\/footdavant.fr\/actualites\/wp-json\/wp\/v2\/media\/36075"}],"wp:attachment":[{"href":"https:\/\/footdavant.fr\/actualites\/wp-json\/wp\/v2\/media?parent=36164"}],"wp:term":[{"taxonomy":"category","embeddable":true,"href":"https:\/\/footdavant.fr\/actualites\/wp-json\/wp\/v2\/categories?post=36164"},{"taxonomy":"post_tag","embeddable":true,"href":"https:\/\/footdavant.fr\/actualites\/wp-json\/wp\/v2\/tags?post=36164"}],"curies":[{"name":"wp","href":"https:\/\/api.w.org\/{rel}","templated":true}]}}