{"id":36172,"date":"2026-04-06T06:48:02","date_gmt":"2026-04-06T04:48:02","guid":{"rendered":"https:\/\/footdavant.fr\/actualites\/brentford-news-les-abeilles-elaborent-le-plan-de-gustavo-nunes-au-milieu-des-liens-de-retour-avec-le-bresil\/"},"modified":"2026-04-06T06:48:03","modified_gmt":"2026-04-06T04:48:03","slug":"brentford-news-les-abeilles-elaborent-le-plan-de-gustavo-nunes-au-milieu-des-liens-de-retour-avec-le-bresil","status":"publish","type":"post","link":"https:\/\/footdavant.fr\/actualites\/brentford-news-les-abeilles-elaborent-le-plan-de-gustavo-nunes-au-milieu-des-liens-de-retour-avec-le-bresil\/","title":{"rendered":"Brentford news : les abeilles \u00ab \u00e9laborent \u00bb le plan de Gustavo Nunes au milieu des liens de retour avec le Br\u00e9sil"},"content":{"rendered":"<div itemprop=\"articleBody\">\n<p>Brentford souhaiterait que Gustavo Nunes poursuive son d\u00e9veloppement au Royaume-Uni au milieu des rumeurs sur un retour au Br\u00e9sil.<\/p>\n<p>Les Bees ont pay\u00e9 environ 10 millions de livres sterling pour signer l\u2019attaquant pour un contrat de six ans avec le club br\u00e9silien de Gremio en 2024. <\/p>\n<p>Nunes a souffert d&#39;une blessure apr\u00e8s son arriv\u00e9e, le limitant \u00e0 seulement trois apparitions en Premier League lors de la campagne 2024-25.<\/p>\n<p>Le Br\u00e9silien a continu\u00e9 \u00e0 avoir du mal \u00e0 trouver du temps de jeu dans la premi\u00e8re moiti\u00e9 de la saison en cours en raison d&#39;une combinaison de blessures et de d\u00e9cisions de s\u00e9lection.<\/p>\n<p>En cons\u00e9quence, Nunes a re\u00e7u la permission de rejoindre Swansea City en pr\u00eat pour la seconde moiti\u00e9 de la saison.<\/p>\n<div>\n<div class=\"sm-image-copyright\">\n<div>\n<div>\n<div>\n<p>\u00a9 Imago \/ IMAGO \/ IPS<\/p>\n<\/div>\n<\/div>\n<\/div>\n<\/div>\n<\/div>\n<h2>Deux clubs br\u00e9siliens int\u00e9ress\u00e9s par Nunes<\/h2>\n<p>Nunes a d\u00e9but\u00e9 quatre de ses neuf apparitions au championnat pour les Swans, contribuant avec une seule passe d\u00e9cisive.<\/p>\n<p>Le joueur de 20 ans n&#39;ayant pas encore montr\u00e9 sa meilleure forme au Royaume-Uni, des sp\u00e9culations l&#39;associent \u00e0 un \u00e9ventuel retour au Br\u00e9sil.<\/p>\n<p>Selon le journaliste <em>Bruno Soares<\/em>Corinthians et Santos ont tous deux manifest\u00e9 un vif int\u00e9r\u00eat pour la signature de l&#39;ailier. <\/p>\n<p>Cependant, l&#39;ancien club de Nunes, Gremio, n&#39;envisage pas un retour \u00e0 ce stade malgr\u00e9 les sp\u00e9culations du contraire.<\/p>\n<div>\n<div>\n<div><img decoding=\"async\" data-img-id=\"158069\" class=\"lazy\" loading=\"lazy\" src=\"https:\/\/footdavant.fr\/actualites\/wp-content\/uploads\/2026\/04\/1775450882_618_Brentford-news-les-abeilles-elaborent-le-plan.webp\"\/><\/p>\n<p>\u00a9 Imago \/ IMAGO \/ PPAUK<\/p>\n<\/div>\n<\/div>\n<\/div>\n<h2>Brentford a un plan pour attaquer un prospect<\/h2>\n<p>Le m\u00eame rapport affirme que des joueurs comme Corinthians et Santos auront du mal \u00e0 \u00e9loigner Nunes de l\u2019\u00e9quipe de Keith Andrews.<\/p>\n<p>En effet, Brentford estime que rester au Royaume-Uni serait la meilleure solution pour le d\u00e9veloppement de Nunes. <\/p>\n<p>Cependant, on ne sait pas si cela signifie que Brentford le ram\u00e8nera dans l&#39;\u00e9quipe avant la saison prochaine ou s&#39;ils autoriseront un autre pr\u00eat.<\/p>\n<p>Les Bees pourraient penser qu&#39;un autre pr\u00eat dans un club de championnat leur permettrait d&#39;\u00e9valuer pleinement le d\u00e9veloppement de Nunes avant de d\u00e9cider s&#39;il est pr\u00eat \u00e0 faire partie d&#39;une \u00e9quipe de Premier League. <\/p>\n<\/div>\n","protected":false},"excerpt":{"rendered":"<p>Brentford souhaiterait que Gustavo Nunes poursuive son d\u00e9veloppement au Royaume-Uni au milieu des rumeurs sur un retour au Br\u00e9sil. Les Bees ont pay\u00e9 environ 10<\/p>\n","protected":false},"author":1,"featured_media":36173,"comment_status":"closed","ping_status":"","sticky":false,"template":"","format":"standard","meta":{"footnotes":""},"categories":[5],"tags":[8088,91,52,1052,12,11797,11798,93,1560,441,409,6560,2904,393],"yoast_head":"<!-- This site is optimized with the Yoast SEO plugin v21.0 - https:\/\/yoast.com\/wordpress\/plugins\/seo\/ -->\n<title>Brentford news : les abeilles \u00ab \u00e9laborent \u00bb le plan de Gustavo Nunes au milieu des liens de retour avec le Br\u00e9sil<\/title>\n<meta name=\"robots\" content=\"index, follow, max-snippet:-1, max-image-preview:large, max-video-preview:-1\" \/>\n<link rel=\"canonical\" href=\"https:\/\/footdavant.fr\/actualites\/brentford-news-les-abeilles-elaborent-le-plan-de-gustavo-nunes-au-milieu-des-liens-de-retour-avec-le-bresil\/\" \/>\n<meta property=\"og:locale\" content=\"fr_FR\" \/>\n<meta property=\"og:type\" content=\"article\" \/>\n<meta property=\"og:title\" content=\"Brentford news : les abeilles \u00ab \u00e9laborent \u00bb le plan de Gustavo Nunes au milieu des liens de retour avec le Br\u00e9sil\" \/>\n<meta property=\"og:description\" content=\"Brentford souhaiterait que Gustavo Nunes poursuive son d\u00e9veloppement au Royaume-Uni au milieu des rumeurs sur un retour au Br\u00e9sil. Les Bees ont pay\u00e9 environ 10\" \/>\n<meta property=\"og:url\" content=\"https:\/\/footdavant.fr\/actualites\/brentford-news-les-abeilles-elaborent-le-plan-de-gustavo-nunes-au-milieu-des-liens-de-retour-avec-le-bresil\/\" \/>\n<meta property=\"og:site_name\" content=\"Foot d&#039;avant\" \/>\n<meta property=\"article:publisher\" content=\"https:\/\/www.facebook.com\/Footdavant\/\" \/>\n<meta property=\"article:published_time\" content=\"2026-04-06T04:48:02+00:00\" \/>\n<meta property=\"article:modified_time\" content=\"2026-04-06T04:48:03+00:00\" \/>\n<meta property=\"og:image\" content=\"https:\/\/footdavant.fr\/actualites\/wp-content\/uploads\/2026\/04\/Brentford-news-les-abeilles-elaborent-le-plan.net2Fuploads2F20262F032Fnunes-4-69cc43ff.webp\" \/>\n\t<meta property=\"og:image:width\" content=\"720\" \/>\n\t<meta property=\"og:image:height\" content=\"410\" \/>\n\t<meta property=\"og:image:type\" content=\"image\/webp\" \/>\n<meta name=\"author\" content=\"Cl\u00e9ment\" \/>\n<meta name=\"twitter:card\" content=\"summary_large_image\" \/>\n<meta name=\"twitter:creator\" content=\"@FootdavantFr\" \/>\n<meta name=\"twitter:site\" content=\"@FootdavantFr\" \/>\n<meta name=\"twitter:label1\" content=\"\u00c9crit par\" \/>\n\t<meta name=\"twitter:data1\" content=\"Cl\u00e9ment\" \/>\n\t<meta name=\"twitter:label2\" content=\"Dur\u00e9e de lecture estim\u00e9e\" \/>\n\t<meta name=\"twitter:data2\" content=\"2 minutes\" \/>\n<script type=\"application\/ld+json\" class=\"yoast-schema-graph\">{\"@context\":\"https:\/\/schema.org\",\"@graph\":[{\"@type\":\"Article\",\"@id\":\"https:\/\/footdavant.fr\/actualites\/brentford-news-les-abeilles-elaborent-le-plan-de-gustavo-nunes-au-milieu-des-liens-de-retour-avec-le-bresil\/#article\",\"isPartOf\":{\"@id\":\"https:\/\/footdavant.fr\/actualites\/brentford-news-les-abeilles-elaborent-le-plan-de-gustavo-nunes-au-milieu-des-liens-de-retour-avec-le-bresil\/\"},\"author\":{\"name\":\"Cl\u00e9ment\",\"@id\":\"https:\/\/footdavant.fr\/actualites\/#\/schema\/person\/bc222566d95871b37e597b3ed3ba5e1d\"},\"headline\":\"Brentford news : les abeilles \u00ab \u00e9laborent \u00bb le plan de Gustavo Nunes au milieu des liens de retour avec le Br\u00e9sil\",\"datePublished\":\"2026-04-06T04:48:02+00:00\",\"dateModified\":\"2026-04-06T04:48:03+00:00\",\"mainEntityOfPage\":{\"@id\":\"https:\/\/footdavant.fr\/actualites\/brentford-news-les-abeilles-elaborent-le-plan-de-gustavo-nunes-au-milieu-des-liens-de-retour-avec-le-bresil\/\"},\"wordCount\":373,\"publisher\":{\"@id\":\"https:\/\/footdavant.fr\/actualites\/#organization\"},\"keywords\":[\"abeilles\",\"avec\",\"Brentford\",\"Br\u00e9sil\",\"des\",\"\u00e9laborent\",\"Gustavo\",\"les\",\"liens\",\"milieu\",\"News\",\"Nunes\",\"plan\",\"retour\"],\"articleSection\":[\"Premier League\"],\"inLanguage\":\"fr-FR\"},{\"@type\":\"WebPage\",\"@id\":\"https:\/\/footdavant.fr\/actualites\/brentford-news-les-abeilles-elaborent-le-plan-de-gustavo-nunes-au-milieu-des-liens-de-retour-avec-le-bresil\/\",\"url\":\"https:\/\/footdavant.fr\/actualites\/brentford-news-les-abeilles-elaborent-le-plan-de-gustavo-nunes-au-milieu-des-liens-de-retour-avec-le-bresil\/\",\"name\":\"Brentford news : les abeilles \u00ab \u00e9laborent \u00bb le plan de Gustavo Nunes au milieu des liens de retour avec le Br\u00e9sil\",\"isPartOf\":{\"@id\":\"https:\/\/footdavant.fr\/actualites\/#website\"},\"datePublished\":\"2026-04-06T04:48:02+00:00\",\"dateModified\":\"2026-04-06T04:48:03+00:00\",\"breadcrumb\":{\"@id\":\"https:\/\/footdavant.fr\/actualites\/brentford-news-les-abeilles-elaborent-le-plan-de-gustavo-nunes-au-milieu-des-liens-de-retour-avec-le-bresil\/#breadcrumb\"},\"inLanguage\":\"fr-FR\",\"potentialAction\":[{\"@type\":\"ReadAction\",\"target\":[\"https:\/\/footdavant.fr\/actualites\/brentford-news-les-abeilles-elaborent-le-plan-de-gustavo-nunes-au-milieu-des-liens-de-retour-avec-le-bresil\/\"]}]},{\"@type\":\"BreadcrumbList\",\"@id\":\"https:\/\/footdavant.fr\/actualites\/brentford-news-les-abeilles-elaborent-le-plan-de-gustavo-nunes-au-milieu-des-liens-de-retour-avec-le-bresil\/#breadcrumb\",\"itemListElement\":[{\"@type\":\"ListItem\",\"position\":1,\"name\":\"Accueil\",\"item\":\"https:\/\/footdavant.fr\/actualites\/\"},{\"@type\":\"ListItem\",\"position\":2,\"name\":\"Brentford news : les abeilles \u00ab \u00e9laborent \u00bb le plan de Gustavo Nunes au milieu des liens de retour avec le Br\u00e9sil\"}]},{\"@type\":\"WebSite\",\"@id\":\"https:\/\/footdavant.fr\/actualites\/#website\",\"url\":\"https:\/\/footdavant.fr\/actualites\/\",\"name\":\"Foot d'avant\",\"description\":\"\",\"publisher\":{\"@id\":\"https:\/\/footdavant.fr\/actualites\/#organization\"},\"potentialAction\":[{\"@type\":\"SearchAction\",\"target\":{\"@type\":\"EntryPoint\",\"urlTemplate\":\"https:\/\/footdavant.fr\/actualites\/?s={search_term_string}\"},\"query-input\":\"required name=search_term_string\"}],\"inLanguage\":\"fr-FR\"},{\"@type\":\"Organization\",\"@id\":\"https:\/\/footdavant.fr\/actualites\/#organization\",\"name\":\"Foot d'avant\",\"url\":\"https:\/\/footdavant.fr\/actualites\/\",\"logo\":{\"@type\":\"ImageObject\",\"inLanguage\":\"fr-FR\",\"@id\":\"https:\/\/footdavant.fr\/actualites\/#\/schema\/logo\/image\/\",\"url\":\"https:\/\/footdavant.fr\/actualites\/wp-content\/uploads\/2023\/09\/Copy-of-FootDavant-Logo.png\",\"contentUrl\":\"https:\/\/footdavant.fr\/actualites\/wp-content\/uploads\/2023\/09\/Copy-of-FootDavant-Logo.png\",\"width\":936,\"height\":549,\"caption\":\"Foot d'avant\"},\"image\":{\"@id\":\"https:\/\/footdavant.fr\/actualites\/#\/schema\/logo\/image\/\"},\"sameAs\":[\"https:\/\/www.facebook.com\/Footdavant\/\",\"https:\/\/twitter.com\/FootdavantFr\",\"https:\/\/www.instagram.com\/footdavant.fr\/\"]},{\"@type\":\"Person\",\"@id\":\"https:\/\/footdavant.fr\/actualites\/#\/schema\/person\/bc222566d95871b37e597b3ed3ba5e1d\",\"name\":\"Cl\u00e9ment\",\"image\":{\"@type\":\"ImageObject\",\"inLanguage\":\"fr-FR\",\"@id\":\"https:\/\/footdavant.fr\/actualites\/#\/schema\/person\/image\/\",\"url\":\"https:\/\/secure.gravatar.com\/avatar\/7728b29aac2719421e1a9159b2254c44?s=96&d=mm&r=g\",\"contentUrl\":\"https:\/\/secure.gravatar.com\/avatar\/7728b29aac2719421e1a9159b2254c44?s=96&d=mm&r=g\",\"caption\":\"Cl\u00e9ment\"},\"sameAs\":[\"https:\/\/footdavant.fr\/\"]}]}<\/script>\n<!-- \/ Yoast SEO plugin. -->","yoast_head_json":{"title":"Brentford news : les abeilles \u00ab \u00e9laborent \u00bb le plan de Gustavo Nunes au milieu des liens de retour avec le Br\u00e9sil","robots":{"index":"index","follow":"follow","max-snippet":"max-snippet:-1","max-image-preview":"max-image-preview:large","max-video-preview":"max-video-preview:-1"},"canonical":"https:\/\/footdavant.fr\/actualites\/brentford-news-les-abeilles-elaborent-le-plan-de-gustavo-nunes-au-milieu-des-liens-de-retour-avec-le-bresil\/","og_locale":"fr_FR","og_type":"article","og_title":"Brentford news : les abeilles \u00ab \u00e9laborent \u00bb le plan de Gustavo Nunes au milieu des liens de retour avec le Br\u00e9sil","og_description":"Brentford souhaiterait que Gustavo Nunes poursuive son d\u00e9veloppement au Royaume-Uni au milieu des rumeurs sur un retour au Br\u00e9sil. Les Bees ont pay\u00e9 environ 10","og_url":"https:\/\/footdavant.fr\/actualites\/brentford-news-les-abeilles-elaborent-le-plan-de-gustavo-nunes-au-milieu-des-liens-de-retour-avec-le-bresil\/","og_site_name":"Foot d&#039;avant","article_publisher":"https:\/\/www.facebook.com\/Footdavant\/","article_published_time":"2026-04-06T04:48:02+00:00","article_modified_time":"2026-04-06T04:48:03+00:00","og_image":[{"width":720,"height":410,"url":"https:\/\/footdavant.fr\/actualites\/wp-content\/uploads\/2026\/04\/Brentford-news-les-abeilles-elaborent-le-plan.net2Fuploads2F20262F032Fnunes-4-69cc43ff.webp","type":"image\/webp"}],"author":"Cl\u00e9ment","twitter_card":"summary_large_image","twitter_creator":"@FootdavantFr","twitter_site":"@FootdavantFr","twitter_misc":{"\u00c9crit par":"Cl\u00e9ment","Dur\u00e9e de lecture estim\u00e9e":"2 minutes"},"schema":{"@context":"https:\/\/schema.org","@graph":[{"@type":"Article","@id":"https:\/\/footdavant.fr\/actualites\/brentford-news-les-abeilles-elaborent-le-plan-de-gustavo-nunes-au-milieu-des-liens-de-retour-avec-le-bresil\/#article","isPartOf":{"@id":"https:\/\/footdavant.fr\/actualites\/brentford-news-les-abeilles-elaborent-le-plan-de-gustavo-nunes-au-milieu-des-liens-de-retour-avec-le-bresil\/"},"author":{"name":"Cl\u00e9ment","@id":"https:\/\/footdavant.fr\/actualites\/#\/schema\/person\/bc222566d95871b37e597b3ed3ba5e1d"},"headline":"Brentford news : les abeilles \u00ab \u00e9laborent \u00bb le plan de Gustavo Nunes au milieu des liens de retour avec le Br\u00e9sil","datePublished":"2026-04-06T04:48:02+00:00","dateModified":"2026-04-06T04:48:03+00:00","mainEntityOfPage":{"@id":"https:\/\/footdavant.fr\/actualites\/brentford-news-les-abeilles-elaborent-le-plan-de-gustavo-nunes-au-milieu-des-liens-de-retour-avec-le-bresil\/"},"wordCount":373,"publisher":{"@id":"https:\/\/footdavant.fr\/actualites\/#organization"},"keywords":["abeilles","avec","Brentford","Br\u00e9sil","des","\u00e9laborent","Gustavo","les","liens","milieu","News","Nunes","plan","retour"],"articleSection":["Premier League"],"inLanguage":"fr-FR"},{"@type":"WebPage","@id":"https:\/\/footdavant.fr\/actualites\/brentford-news-les-abeilles-elaborent-le-plan-de-gustavo-nunes-au-milieu-des-liens-de-retour-avec-le-bresil\/","url":"https:\/\/footdavant.fr\/actualites\/brentford-news-les-abeilles-elaborent-le-plan-de-gustavo-nunes-au-milieu-des-liens-de-retour-avec-le-bresil\/","name":"Brentford news : les abeilles \u00ab \u00e9laborent \u00bb le plan de Gustavo Nunes au milieu des liens de retour avec le Br\u00e9sil","isPartOf":{"@id":"https:\/\/footdavant.fr\/actualites\/#website"},"datePublished":"2026-04-06T04:48:02+00:00","dateModified":"2026-04-06T04:48:03+00:00","breadcrumb":{"@id":"https:\/\/footdavant.fr\/actualites\/brentford-news-les-abeilles-elaborent-le-plan-de-gustavo-nunes-au-milieu-des-liens-de-retour-avec-le-bresil\/#breadcrumb"},"inLanguage":"fr-FR","potentialAction":[{"@type":"ReadAction","target":["https:\/\/footdavant.fr\/actualites\/brentford-news-les-abeilles-elaborent-le-plan-de-gustavo-nunes-au-milieu-des-liens-de-retour-avec-le-bresil\/"]}]},{"@type":"BreadcrumbList","@id":"https:\/\/footdavant.fr\/actualites\/brentford-news-les-abeilles-elaborent-le-plan-de-gustavo-nunes-au-milieu-des-liens-de-retour-avec-le-bresil\/#breadcrumb","itemListElement":[{"@type":"ListItem","position":1,"name":"Accueil","item":"https:\/\/footdavant.fr\/actualites\/"},{"@type":"ListItem","position":2,"name":"Brentford news : les abeilles \u00ab \u00e9laborent \u00bb le plan de Gustavo Nunes au milieu des liens de retour avec le Br\u00e9sil"}]},{"@type":"WebSite","@id":"https:\/\/footdavant.fr\/actualites\/#website","url":"https:\/\/footdavant.fr\/actualites\/","name":"Foot d'avant","description":"","publisher":{"@id":"https:\/\/footdavant.fr\/actualites\/#organization"},"potentialAction":[{"@type":"SearchAction","target":{"@type":"EntryPoint","urlTemplate":"https:\/\/footdavant.fr\/actualites\/?s={search_term_string}"},"query-input":"required name=search_term_string"}],"inLanguage":"fr-FR"},{"@type":"Organization","@id":"https:\/\/footdavant.fr\/actualites\/#organization","name":"Foot d'avant","url":"https:\/\/footdavant.fr\/actualites\/","logo":{"@type":"ImageObject","inLanguage":"fr-FR","@id":"https:\/\/footdavant.fr\/actualites\/#\/schema\/logo\/image\/","url":"https:\/\/footdavant.fr\/actualites\/wp-content\/uploads\/2023\/09\/Copy-of-FootDavant-Logo.png","contentUrl":"https:\/\/footdavant.fr\/actualites\/wp-content\/uploads\/2023\/09\/Copy-of-FootDavant-Logo.png","width":936,"height":549,"caption":"Foot d'avant"},"image":{"@id":"https:\/\/footdavant.fr\/actualites\/#\/schema\/logo\/image\/"},"sameAs":["https:\/\/www.facebook.com\/Footdavant\/","https:\/\/twitter.com\/FootdavantFr","https:\/\/www.instagram.com\/footdavant.fr\/"]},{"@type":"Person","@id":"https:\/\/footdavant.fr\/actualites\/#\/schema\/person\/bc222566d95871b37e597b3ed3ba5e1d","name":"Cl\u00e9ment","image":{"@type":"ImageObject","inLanguage":"fr-FR","@id":"https:\/\/footdavant.fr\/actualites\/#\/schema\/person\/image\/","url":"https:\/\/secure.gravatar.com\/avatar\/7728b29aac2719421e1a9159b2254c44?s=96&d=mm&r=g","contentUrl":"https:\/\/secure.gravatar.com\/avatar\/7728b29aac2719421e1a9159b2254c44?s=96&d=mm&r=g","caption":"Cl\u00e9ment"},"sameAs":["https:\/\/footdavant.fr\/"]}]}},"_links":{"self":[{"href":"https:\/\/footdavant.fr\/actualites\/wp-json\/wp\/v2\/posts\/36172"}],"collection":[{"href":"https:\/\/footdavant.fr\/actualites\/wp-json\/wp\/v2\/posts"}],"about":[{"href":"https:\/\/footdavant.fr\/actualites\/wp-json\/wp\/v2\/types\/post"}],"author":[{"embeddable":true,"href":"https:\/\/footdavant.fr\/actualites\/wp-json\/wp\/v2\/users\/1"}],"replies":[{"embeddable":true,"href":"https:\/\/footdavant.fr\/actualites\/wp-json\/wp\/v2\/comments?post=36172"}],"version-history":[{"count":1,"href":"https:\/\/footdavant.fr\/actualites\/wp-json\/wp\/v2\/posts\/36172\/revisions"}],"predecessor-version":[{"id":36174,"href":"https:\/\/footdavant.fr\/actualites\/wp-json\/wp\/v2\/posts\/36172\/revisions\/36174"}],"wp:featuredmedia":[{"embeddable":true,"href":"https:\/\/footdavant.fr\/actualites\/wp-json\/wp\/v2\/media\/36173"}],"wp:attachment":[{"href":"https:\/\/footdavant.fr\/actualites\/wp-json\/wp\/v2\/media?parent=36172"}],"wp:term":[{"taxonomy":"category","embeddable":true,"href":"https:\/\/footdavant.fr\/actualites\/wp-json\/wp\/v2\/categories?post=36172"},{"taxonomy":"post_tag","embeddable":true,"href":"https:\/\/footdavant.fr\/actualites\/wp-json\/wp\/v2\/tags?post=36172"}],"curies":[{"name":"wp","href":"https:\/\/api.w.org\/{rel}","templated":true}]}}