{"id":36183,"date":"2026-04-06T14:48:32","date_gmt":"2026-04-06T12:48:32","guid":{"rendered":"https:\/\/footdavant.fr\/actualites\/roberto-de-zerbi-annonce-les-gagnants-et-les-perdants-de-la-nomination-du-manager-de-tottenham-au-milieu-de-la-menace-de-relegation-en-premier-league\/"},"modified":"2026-04-06T14:48:34","modified_gmt":"2026-04-06T12:48:34","slug":"roberto-de-zerbi-annonce-les-gagnants-et-les-perdants-de-la-nomination-du-manager-de-tottenham-au-milieu-de-la-menace-de-relegation-en-premier-league","status":"publish","type":"post","link":"https:\/\/footdavant.fr\/actualites\/roberto-de-zerbi-annonce-les-gagnants-et-les-perdants-de-la-nomination-du-manager-de-tottenham-au-milieu-de-la-menace-de-relegation-en-premier-league\/","title":{"rendered":"Roberto De Zerbi annonc\u00e9 : les gagnants et les perdants de la nomination du manager de Tottenham au milieu de la menace de rel\u00e9gation en Premier League"},"content":{"rendered":"<div itemprop=\"articleBody\">\n<p>Tottenham Hotspur a confirm\u00e9 mardi la nomination de Roberto De Zerbi comme nouveau manager suite au limogeage d&#39;Igor Tudor.<\/p>\n<p>L&#39;Italien a sign\u00e9 un contrat de cinq ans, mais sa priorit\u00e9 imm\u00e9diate sera de guider le club vers la s\u00e9curit\u00e9 en Premier League \u00e9tant donn\u00e9 qu&#39;il n&#39;est qu&#39;\u00e0 un point et une place au-dessus de la zone de rel\u00e9gation.<\/p>\n<p>La nomination de De Zerbi n&#39;a pas \u00e9t\u00e9 sans critiques, y compris de la part des propres supporters de l&#39;\u00e9quipe, et il y aura certainement de l&#39;incertitude au sein de l&#39;\u00e9quipe quant \u00e0 son avenir \u00e0 long terme.<\/p>\n<p>Ici, Sports Mole se penche sur les gagnants et les perdants de la d\u00e9cision de Tottenham d&#39;embaucher Roberto De Zerbi.<\/p>\n<div>\n<div>\n<div>\n<div>\n<div>\n<div>\n<div>\n<p>\u00a9 Imago \/ Sportsphoto<\/p>\n<\/div>\n<\/div>\n<\/div>\n<\/div>\n<\/div>\n<\/div>\n<\/div>\n<h2>Gagnant &#8211; Roberto De Zerbi<\/h2>\n<p>Le vainqueur incontest\u00e9 de la nomination de De Zerbi est le manager lui-m\u00eame puisqu&#39;il a obtenu un contrat de cinq ans.<\/p>\n<p>Il n&#39;aurait pas \u00e9t\u00e9 surprenant qu&#39;un certain nombre d&#39;entra\u00eeneurs potentiels h\u00e9sitent \u00e0 prendre la direction du club en raison de la menace de rel\u00e9gation, et de nombreux rapports sugg\u00e8rent que De Zerbi souhaitait initialement attendre la fin de la saison avant d&#39;assumer un nouveau r\u00f4le.<\/p>\n<p>Cependant, l&#39;Italien est devenu l&#39;un des managers les mieux pay\u00e9s de la Premier League, et son contrat de cinq ans repr\u00e9sente un engagement \u00e9norme de la part des Spurs.<\/p>\n<p>M\u00eame si les Lilywhites subissent la rel\u00e9gation, le joueur de 46 ans b\u00e9n\u00e9ficiera d&#39;une s\u00e9curit\u00e9 financi\u00e8re consid\u00e9rable, mais les avantages pour lui si le club survit pourraient \u00eatre \u00e9normes.<\/p>\n<p>Tottenham n\u2019a peut-\u00eatre pas d\u2019autre choix que de se plier \u00e0 ses exigences \u00e9tant donn\u00e9 la quantit\u00e9 de ressources qu\u2019ils ont investies dans son contrat, et ramener les Spurs \u00e0 la Ligue des champions serait une r\u00e9ussite importante \u00e0 inscrire sur son CV.<\/p>\n<div>\n<div>\n<div>\n<div>\n<div>\n<div>\n<div><img decoding=\"async\" data-img-id=\"157655\" class=\"lazy\" loading=\"lazy\" src=\"https:\/\/footdavant.fr\/actualites\/wp-content\/uploads\/2026\/03\/Tottenham-news-l39avenir-d39Igor-Tudor-est-le-dernier-en-date.webp\"\/><\/p>\n<p>\u00a9 Imago\/IMAGO\/Zuma Press Wire<\/p>\n<\/div>\n<\/div>\n<\/div>\n<\/div>\n<\/div>\n<\/div>\n<\/div>\n<h2>Gagnant &#8211; Lucas Bergvall, Archie Gray<\/h2>\n<p>M\u00eame s&#39;il faudra peut-\u00eatre une p\u00e9riode d&#39;adaptation initiale pour les joueurs de Tottenham, le style de football de De Zerbi est passionnant et il pourrait aider \u00e0 d\u00e9velopper de jeunes stars telles que Lucas Bergvall et Archie Gray.<\/p>\n<p>Les milieux de terrain ont \u00e9t\u00e9 la pierre angulaire du style de jeu expansif de l&#39;Italien, et il a r\u00e9ussi \u00e0 nourrir des joueurs comme Moises Caicedo, Yves Bissouma et Alexis Mac Allister.<\/p>\n<p>Gray a \u00e9t\u00e9 utilis\u00e9 en d\u00e9fense ainsi qu&#39;au milieu de terrain, tandis que Bergvall n&#39;a pas toujours \u00e9t\u00e9 autoris\u00e9 \u00e0 montrer son talent avec le ballon.<\/p>\n<p>Les deux joueurs ont tous deux 20 ans, mais ils ont d\u00e9j\u00e0 travaill\u00e9 avec Ange Postecoglou, Thomas Frank et Igor Tudor, donc la meilleure chose pour leur d\u00e9veloppement serait une p\u00e9riode de stabilit\u00e9.<\/p>\n<p>Si Tottenham reste aux c\u00f4t\u00e9s de De Zerbi, il pourra peut-\u00eatre mettre en place Gray et Bergvall et devenir le coach constant dont ils ont besoin pour atteindre leur potentiel respectif.<\/p>\n<div>\n<div>\n<div>\n<div>\n<div>\n<div>\n<div><img decoding=\"async\" data-img-id=\"156171\" class=\"lazy\" loading=\"lazy\" src=\"https:\/\/footdavant.fr\/actualites\/wp-content\/uploads\/2026\/03\/Nouvelles-du-transfert-de-Tottenham-les-plans-d39Archie-Gray-des.jp.webp\"\/><\/p>\n<p>\u00a9 Imago \/ Mark Douleur<\/p>\n<\/div>\n<\/div>\n<\/div>\n<\/div>\n<\/div>\n<\/div>\n<\/div>\n<p>Bien que plusieurs joueurs puissent b\u00e9n\u00e9ficier du fait de jouer sous les ordres du joueur de 46 ans, de nombreux autres pourraient avoir du mal \u00e0 r\u00e9pondre \u00e0 leurs nouvelles exigences en mati\u00e8re de ballon.<\/p>\n<p>Micky van de Ven n&#39;a jamais \u00e9t\u00e9 un passeur particuli\u00e8rement fort, mais \u00e9tant donn\u00e9 que des joueurs comme Lewis Dunk ont \u200b\u200bsouvent r\u00e9alis\u00e9 en moyenne le plus de passes \u00e0 Brighton &#038; Hove Albion, il devra probablement s&#39;habituer \u00e0 des p\u00e9riodes prolong\u00e9es avec le ballon aux pieds.<\/p>\n<p>Le milieu de terrain Joao Palhinha \u00e9tait \u00e0 son meilleur pour Fulham lorsqu&#39;il \u00e9tait capable d&#39;agir en tant que destructeur, mais il est difficile de voir le v\u00e9t\u00e9ran s&#39;adapter bien au syst\u00e8me de De Zerbi.<\/p>\n<p>Perdre le ballon dans les zones profondes du terrain pourrait s&#39;av\u00e9rer co\u00fbteux, et si l&#39;Italien reste \u00e0 la t\u00eate de Tottenham en 2026-2027, il plaidera presque certainement pour que Palhinha parte \u00e0 l&#39;expiration de son pr\u00eat.<\/p>\n<div>\n<div>\n<div>\n<div>\n<div>\n<div>\n<div><img decoding=\"async\" data-img-id=\"157018\" class=\"lazy\" loading=\"lazy\" src=\"https:\/\/footdavant.fr\/actualites\/wp-content\/uploads\/2026\/02\/1770554888_257_Reponse-a-la-question-de-punition-de-Cristian-Romero-alors.webp\"\/><\/p>\n<p>\u00a9 Imago \/ Mark Douleur<\/p>\n<\/div>\n<\/div>\n<\/div>\n<\/div>\n<\/div>\n<\/div>\n<\/div>\n<h2>Fans &#8211; L&#39;incertitude des supporters de Tottenham<\/h2>\n<p>La nomination de Roberto De Zerbi n&#39;a pas unifi\u00e9 les fans comme le club aurait pu l&#39;esp\u00e9rer, le Tottenham Supporters&#39; Trust d\u00e9clarant qu&#39;il ne pouvait pas soutenir la d\u00e9cision d&#39;embaucher l&#39;Italien en raison de son soutien \u00e0 Mason Greenwood.<\/p>\n<p>De Zerbi a \u00e9galement l&#39;habitude de quitter des clubs en mauvais termes, le manager n&#39;ayant jamais dirig\u00e9 une \u00e9quipe depuis plus de trois ans.<\/p>\n<p>Tottenham a besoin de stabilit\u00e9 plus que toute autre chose, et bien que le nouveau patron puisse \u00eatre en mesure de guider les Londoniens vers la s\u00e9curit\u00e9, il existe de s\u00e9rieux doutes quant \u00e0 savoir s&#39;il sera la bonne personne \u00e0 long terme malgr\u00e9 la dur\u00e9e de son contrat.<\/p>\n<p>La hi\u00e9rarchie des Spurs semble n&#39;avoir aucune id\u00e9e de la direction qu&#39;elle souhaite donner au club \u00e9tant donn\u00e9 qu&#39;elle est pass\u00e9e du style rigide de Thomas Frank au style expressif de De Zerbi.<\/p>\n<p>Le football sur le terrain peut s&#39;am\u00e9liorer consid\u00e9rablement, mais les personnalit\u00e9s cl\u00e9s en coulisses n&#39;ont pas encore montr\u00e9 qu&#39;elles pouvaient constituer des \u00e9quipes adapt\u00e9es \u00e0 l&#39;entra\u00eeneur en poste.<\/p>\n<p>Si De Zerbi n&#39;est pas satisfait de la direction des Spurs, l&#39;environnement du club pourrait devenir encore plus toxique qu&#39;il ne l&#39;est d\u00e9j\u00e0.<\/p>\n<\/div>\n","protected":false},"excerpt":{"rendered":"<p>Tottenham Hotspur a confirm\u00e9 mardi la nomination de Roberto De Zerbi comme nouveau manager suite au limogeage d&#39;Igor Tudor. L&#39;Italien a sign\u00e9 un contrat de<\/p>\n","protected":false},"author":1,"featured_media":36184,"comment_status":"closed","ping_status":"","sticky":false,"template":"","format":"standard","meta":{"footnotes":""},"categories":[5],"tags":[1641,8514,202,93,504,4507,441,3355,8631,201,1317,2810,68,844],"yoast_head":"<!-- This site is optimized with the Yoast SEO plugin v21.0 - https:\/\/yoast.com\/wordpress\/plugins\/seo\/ -->\n<title>Roberto De Zerbi annonc\u00e9 : les gagnants et les perdants de la nomination du manager de Tottenham au milieu de la menace de rel\u00e9gation en Premier League<\/title>\n<meta name=\"robots\" content=\"index, follow, max-snippet:-1, max-image-preview:large, max-video-preview:-1\" \/>\n<link rel=\"canonical\" href=\"https:\/\/footdavant.fr\/actualites\/roberto-de-zerbi-annonce-les-gagnants-et-les-perdants-de-la-nomination-du-manager-de-tottenham-au-milieu-de-la-menace-de-relegation-en-premier-league\/\" \/>\n<meta property=\"og:locale\" content=\"fr_FR\" \/>\n<meta property=\"og:type\" content=\"article\" \/>\n<meta property=\"og:title\" content=\"Roberto De Zerbi annonc\u00e9 : les gagnants et les perdants de la nomination du manager de Tottenham au milieu de la menace de rel\u00e9gation en Premier League\" \/>\n<meta property=\"og:description\" content=\"Tottenham Hotspur a confirm\u00e9 mardi la nomination de Roberto De Zerbi comme nouveau manager suite au limogeage d&#039;Igor Tudor. L&#039;Italien a sign\u00e9 un contrat de\" \/>\n<meta property=\"og:url\" content=\"https:\/\/footdavant.fr\/actualites\/roberto-de-zerbi-annonce-les-gagnants-et-les-perdants-de-la-nomination-du-manager-de-tottenham-au-milieu-de-la-menace-de-relegation-en-premier-league\/\" \/>\n<meta property=\"og:site_name\" content=\"Foot d&#039;avant\" \/>\n<meta property=\"article:publisher\" content=\"https:\/\/www.facebook.com\/Footdavant\/\" \/>\n<meta property=\"article:published_time\" content=\"2026-04-06T12:48:32+00:00\" \/>\n<meta property=\"article:modified_time\" content=\"2026-04-06T12:48:34+00:00\" \/>\n<meta property=\"og:image\" content=\"https:\/\/footdavant.fr\/actualites\/wp-content\/uploads\/2026\/04\/Roberto-De-Zerbi-annonce-les-gagnants-et-les-perdants.net2Fuploads2F20262F032Fns-3-photo-frame.webp\" \/>\n\t<meta property=\"og:image:width\" content=\"720\" \/>\n\t<meta property=\"og:image:height\" content=\"410\" \/>\n\t<meta property=\"og:image:type\" content=\"image\/webp\" \/>\n<meta name=\"author\" content=\"Cl\u00e9ment\" \/>\n<meta name=\"twitter:card\" content=\"summary_large_image\" \/>\n<meta name=\"twitter:creator\" content=\"@FootdavantFr\" \/>\n<meta name=\"twitter:site\" content=\"@FootdavantFr\" \/>\n<meta name=\"twitter:label1\" content=\"\u00c9crit par\" \/>\n\t<meta name=\"twitter:data1\" content=\"Cl\u00e9ment\" \/>\n\t<meta name=\"twitter:label2\" content=\"Dur\u00e9e de lecture estim\u00e9e\" \/>\n\t<meta name=\"twitter:data2\" content=\"5 minutes\" \/>\n<script type=\"application\/ld+json\" class=\"yoast-schema-graph\">{\"@context\":\"https:\/\/schema.org\",\"@graph\":[{\"@type\":\"Article\",\"@id\":\"https:\/\/footdavant.fr\/actualites\/roberto-de-zerbi-annonce-les-gagnants-et-les-perdants-de-la-nomination-du-manager-de-tottenham-au-milieu-de-la-menace-de-relegation-en-premier-league\/#article\",\"isPartOf\":{\"@id\":\"https:\/\/footdavant.fr\/actualites\/roberto-de-zerbi-annonce-les-gagnants-et-les-perdants-de-la-nomination-du-manager-de-tottenham-au-milieu-de-la-menace-de-relegation-en-premier-league\/\"},\"author\":{\"name\":\"Cl\u00e9ment\",\"@id\":\"https:\/\/footdavant.fr\/actualites\/#\/schema\/person\/bc222566d95871b37e597b3ed3ba5e1d\"},\"headline\":\"Roberto De Zerbi annonc\u00e9 : les gagnants et les perdants de la nomination du manager de Tottenham au milieu de la menace de rel\u00e9gation en Premier League\",\"datePublished\":\"2026-04-06T12:48:32+00:00\",\"dateModified\":\"2026-04-06T12:48:34+00:00\",\"mainEntityOfPage\":{\"@id\":\"https:\/\/footdavant.fr\/actualites\/roberto-de-zerbi-annonce-les-gagnants-et-les-perdants-de-la-nomination-du-manager-de-tottenham-au-milieu-de-la-menace-de-relegation-en-premier-league\/\"},\"wordCount\":944,\"publisher\":{\"@id\":\"https:\/\/footdavant.fr\/actualites\/#organization\"},\"keywords\":[\"annonce\",\"gagnants\",\"League\",\"les\",\"manager\",\"menace\",\"milieu\",\"nomination\",\"perdants\",\"Premier\",\"rel\u00e9gation\",\"Roberto\",\"Tottenham\",\"Zerbi\"],\"articleSection\":[\"Premier League\"],\"inLanguage\":\"fr-FR\"},{\"@type\":\"WebPage\",\"@id\":\"https:\/\/footdavant.fr\/actualites\/roberto-de-zerbi-annonce-les-gagnants-et-les-perdants-de-la-nomination-du-manager-de-tottenham-au-milieu-de-la-menace-de-relegation-en-premier-league\/\",\"url\":\"https:\/\/footdavant.fr\/actualites\/roberto-de-zerbi-annonce-les-gagnants-et-les-perdants-de-la-nomination-du-manager-de-tottenham-au-milieu-de-la-menace-de-relegation-en-premier-league\/\",\"name\":\"Roberto De Zerbi annonc\u00e9 : les gagnants et les perdants de la nomination du manager de Tottenham au milieu de la menace de rel\u00e9gation en Premier League\",\"isPartOf\":{\"@id\":\"https:\/\/footdavant.fr\/actualites\/#website\"},\"datePublished\":\"2026-04-06T12:48:32+00:00\",\"dateModified\":\"2026-04-06T12:48:34+00:00\",\"breadcrumb\":{\"@id\":\"https:\/\/footdavant.fr\/actualites\/roberto-de-zerbi-annonce-les-gagnants-et-les-perdants-de-la-nomination-du-manager-de-tottenham-au-milieu-de-la-menace-de-relegation-en-premier-league\/#breadcrumb\"},\"inLanguage\":\"fr-FR\",\"potentialAction\":[{\"@type\":\"ReadAction\",\"target\":[\"https:\/\/footdavant.fr\/actualites\/roberto-de-zerbi-annonce-les-gagnants-et-les-perdants-de-la-nomination-du-manager-de-tottenham-au-milieu-de-la-menace-de-relegation-en-premier-league\/\"]}]},{\"@type\":\"BreadcrumbList\",\"@id\":\"https:\/\/footdavant.fr\/actualites\/roberto-de-zerbi-annonce-les-gagnants-et-les-perdants-de-la-nomination-du-manager-de-tottenham-au-milieu-de-la-menace-de-relegation-en-premier-league\/#breadcrumb\",\"itemListElement\":[{\"@type\":\"ListItem\",\"position\":1,\"name\":\"Accueil\",\"item\":\"https:\/\/footdavant.fr\/actualites\/\"},{\"@type\":\"ListItem\",\"position\":2,\"name\":\"Roberto De Zerbi annonc\u00e9 : les gagnants et les perdants de la nomination du manager de Tottenham au milieu de la menace de rel\u00e9gation en Premier League\"}]},{\"@type\":\"WebSite\",\"@id\":\"https:\/\/footdavant.fr\/actualites\/#website\",\"url\":\"https:\/\/footdavant.fr\/actualites\/\",\"name\":\"Foot d'avant\",\"description\":\"\",\"publisher\":{\"@id\":\"https:\/\/footdavant.fr\/actualites\/#organization\"},\"potentialAction\":[{\"@type\":\"SearchAction\",\"target\":{\"@type\":\"EntryPoint\",\"urlTemplate\":\"https:\/\/footdavant.fr\/actualites\/?s={search_term_string}\"},\"query-input\":\"required name=search_term_string\"}],\"inLanguage\":\"fr-FR\"},{\"@type\":\"Organization\",\"@id\":\"https:\/\/footdavant.fr\/actualites\/#organization\",\"name\":\"Foot d'avant\",\"url\":\"https:\/\/footdavant.fr\/actualites\/\",\"logo\":{\"@type\":\"ImageObject\",\"inLanguage\":\"fr-FR\",\"@id\":\"https:\/\/footdavant.fr\/actualites\/#\/schema\/logo\/image\/\",\"url\":\"https:\/\/footdavant.fr\/actualites\/wp-content\/uploads\/2023\/09\/Copy-of-FootDavant-Logo.png\",\"contentUrl\":\"https:\/\/footdavant.fr\/actualites\/wp-content\/uploads\/2023\/09\/Copy-of-FootDavant-Logo.png\",\"width\":936,\"height\":549,\"caption\":\"Foot d'avant\"},\"image\":{\"@id\":\"https:\/\/footdavant.fr\/actualites\/#\/schema\/logo\/image\/\"},\"sameAs\":[\"https:\/\/www.facebook.com\/Footdavant\/\",\"https:\/\/twitter.com\/FootdavantFr\",\"https:\/\/www.instagram.com\/footdavant.fr\/\"]},{\"@type\":\"Person\",\"@id\":\"https:\/\/footdavant.fr\/actualites\/#\/schema\/person\/bc222566d95871b37e597b3ed3ba5e1d\",\"name\":\"Cl\u00e9ment\",\"image\":{\"@type\":\"ImageObject\",\"inLanguage\":\"fr-FR\",\"@id\":\"https:\/\/footdavant.fr\/actualites\/#\/schema\/person\/image\/\",\"url\":\"https:\/\/secure.gravatar.com\/avatar\/7728b29aac2719421e1a9159b2254c44?s=96&d=mm&r=g\",\"contentUrl\":\"https:\/\/secure.gravatar.com\/avatar\/7728b29aac2719421e1a9159b2254c44?s=96&d=mm&r=g\",\"caption\":\"Cl\u00e9ment\"},\"sameAs\":[\"https:\/\/footdavant.fr\/\"]}]}<\/script>\n<!-- \/ Yoast SEO plugin. -->","yoast_head_json":{"title":"Roberto De Zerbi annonc\u00e9 : les gagnants et les perdants de la nomination du manager de Tottenham au milieu de la menace de rel\u00e9gation en Premier League","robots":{"index":"index","follow":"follow","max-snippet":"max-snippet:-1","max-image-preview":"max-image-preview:large","max-video-preview":"max-video-preview:-1"},"canonical":"https:\/\/footdavant.fr\/actualites\/roberto-de-zerbi-annonce-les-gagnants-et-les-perdants-de-la-nomination-du-manager-de-tottenham-au-milieu-de-la-menace-de-relegation-en-premier-league\/","og_locale":"fr_FR","og_type":"article","og_title":"Roberto De Zerbi annonc\u00e9 : les gagnants et les perdants de la nomination du manager de Tottenham au milieu de la menace de rel\u00e9gation en Premier League","og_description":"Tottenham Hotspur a confirm\u00e9 mardi la nomination de Roberto De Zerbi comme nouveau manager suite au limogeage d&#39;Igor Tudor. L&#39;Italien a sign\u00e9 un contrat de","og_url":"https:\/\/footdavant.fr\/actualites\/roberto-de-zerbi-annonce-les-gagnants-et-les-perdants-de-la-nomination-du-manager-de-tottenham-au-milieu-de-la-menace-de-relegation-en-premier-league\/","og_site_name":"Foot d&#039;avant","article_publisher":"https:\/\/www.facebook.com\/Footdavant\/","article_published_time":"2026-04-06T12:48:32+00:00","article_modified_time":"2026-04-06T12:48:34+00:00","og_image":[{"width":720,"height":410,"url":"https:\/\/footdavant.fr\/actualites\/wp-content\/uploads\/2026\/04\/Roberto-De-Zerbi-annonce-les-gagnants-et-les-perdants.net2Fuploads2F20262F032Fns-3-photo-frame.webp","type":"image\/webp"}],"author":"Cl\u00e9ment","twitter_card":"summary_large_image","twitter_creator":"@FootdavantFr","twitter_site":"@FootdavantFr","twitter_misc":{"\u00c9crit par":"Cl\u00e9ment","Dur\u00e9e de lecture estim\u00e9e":"5 minutes"},"schema":{"@context":"https:\/\/schema.org","@graph":[{"@type":"Article","@id":"https:\/\/footdavant.fr\/actualites\/roberto-de-zerbi-annonce-les-gagnants-et-les-perdants-de-la-nomination-du-manager-de-tottenham-au-milieu-de-la-menace-de-relegation-en-premier-league\/#article","isPartOf":{"@id":"https:\/\/footdavant.fr\/actualites\/roberto-de-zerbi-annonce-les-gagnants-et-les-perdants-de-la-nomination-du-manager-de-tottenham-au-milieu-de-la-menace-de-relegation-en-premier-league\/"},"author":{"name":"Cl\u00e9ment","@id":"https:\/\/footdavant.fr\/actualites\/#\/schema\/person\/bc222566d95871b37e597b3ed3ba5e1d"},"headline":"Roberto De Zerbi annonc\u00e9 : les gagnants et les perdants de la nomination du manager de Tottenham au milieu de la menace de rel\u00e9gation en Premier League","datePublished":"2026-04-06T12:48:32+00:00","dateModified":"2026-04-06T12:48:34+00:00","mainEntityOfPage":{"@id":"https:\/\/footdavant.fr\/actualites\/roberto-de-zerbi-annonce-les-gagnants-et-les-perdants-de-la-nomination-du-manager-de-tottenham-au-milieu-de-la-menace-de-relegation-en-premier-league\/"},"wordCount":944,"publisher":{"@id":"https:\/\/footdavant.fr\/actualites\/#organization"},"keywords":["annonce","gagnants","League","les","manager","menace","milieu","nomination","perdants","Premier","rel\u00e9gation","Roberto","Tottenham","Zerbi"],"articleSection":["Premier League"],"inLanguage":"fr-FR"},{"@type":"WebPage","@id":"https:\/\/footdavant.fr\/actualites\/roberto-de-zerbi-annonce-les-gagnants-et-les-perdants-de-la-nomination-du-manager-de-tottenham-au-milieu-de-la-menace-de-relegation-en-premier-league\/","url":"https:\/\/footdavant.fr\/actualites\/roberto-de-zerbi-annonce-les-gagnants-et-les-perdants-de-la-nomination-du-manager-de-tottenham-au-milieu-de-la-menace-de-relegation-en-premier-league\/","name":"Roberto De Zerbi annonc\u00e9 : les gagnants et les perdants de la nomination du manager de Tottenham au milieu de la menace de rel\u00e9gation en Premier League","isPartOf":{"@id":"https:\/\/footdavant.fr\/actualites\/#website"},"datePublished":"2026-04-06T12:48:32+00:00","dateModified":"2026-04-06T12:48:34+00:00","breadcrumb":{"@id":"https:\/\/footdavant.fr\/actualites\/roberto-de-zerbi-annonce-les-gagnants-et-les-perdants-de-la-nomination-du-manager-de-tottenham-au-milieu-de-la-menace-de-relegation-en-premier-league\/#breadcrumb"},"inLanguage":"fr-FR","potentialAction":[{"@type":"ReadAction","target":["https:\/\/footdavant.fr\/actualites\/roberto-de-zerbi-annonce-les-gagnants-et-les-perdants-de-la-nomination-du-manager-de-tottenham-au-milieu-de-la-menace-de-relegation-en-premier-league\/"]}]},{"@type":"BreadcrumbList","@id":"https:\/\/footdavant.fr\/actualites\/roberto-de-zerbi-annonce-les-gagnants-et-les-perdants-de-la-nomination-du-manager-de-tottenham-au-milieu-de-la-menace-de-relegation-en-premier-league\/#breadcrumb","itemListElement":[{"@type":"ListItem","position":1,"name":"Accueil","item":"https:\/\/footdavant.fr\/actualites\/"},{"@type":"ListItem","position":2,"name":"Roberto De Zerbi annonc\u00e9 : les gagnants et les perdants de la nomination du manager de Tottenham au milieu de la menace de rel\u00e9gation en Premier League"}]},{"@type":"WebSite","@id":"https:\/\/footdavant.fr\/actualites\/#website","url":"https:\/\/footdavant.fr\/actualites\/","name":"Foot d'avant","description":"","publisher":{"@id":"https:\/\/footdavant.fr\/actualites\/#organization"},"potentialAction":[{"@type":"SearchAction","target":{"@type":"EntryPoint","urlTemplate":"https:\/\/footdavant.fr\/actualites\/?s={search_term_string}"},"query-input":"required name=search_term_string"}],"inLanguage":"fr-FR"},{"@type":"Organization","@id":"https:\/\/footdavant.fr\/actualites\/#organization","name":"Foot d'avant","url":"https:\/\/footdavant.fr\/actualites\/","logo":{"@type":"ImageObject","inLanguage":"fr-FR","@id":"https:\/\/footdavant.fr\/actualites\/#\/schema\/logo\/image\/","url":"https:\/\/footdavant.fr\/actualites\/wp-content\/uploads\/2023\/09\/Copy-of-FootDavant-Logo.png","contentUrl":"https:\/\/footdavant.fr\/actualites\/wp-content\/uploads\/2023\/09\/Copy-of-FootDavant-Logo.png","width":936,"height":549,"caption":"Foot d'avant"},"image":{"@id":"https:\/\/footdavant.fr\/actualites\/#\/schema\/logo\/image\/"},"sameAs":["https:\/\/www.facebook.com\/Footdavant\/","https:\/\/twitter.com\/FootdavantFr","https:\/\/www.instagram.com\/footdavant.fr\/"]},{"@type":"Person","@id":"https:\/\/footdavant.fr\/actualites\/#\/schema\/person\/bc222566d95871b37e597b3ed3ba5e1d","name":"Cl\u00e9ment","image":{"@type":"ImageObject","inLanguage":"fr-FR","@id":"https:\/\/footdavant.fr\/actualites\/#\/schema\/person\/image\/","url":"https:\/\/secure.gravatar.com\/avatar\/7728b29aac2719421e1a9159b2254c44?s=96&d=mm&r=g","contentUrl":"https:\/\/secure.gravatar.com\/avatar\/7728b29aac2719421e1a9159b2254c44?s=96&d=mm&r=g","caption":"Cl\u00e9ment"},"sameAs":["https:\/\/footdavant.fr\/"]}]}},"_links":{"self":[{"href":"https:\/\/footdavant.fr\/actualites\/wp-json\/wp\/v2\/posts\/36183"}],"collection":[{"href":"https:\/\/footdavant.fr\/actualites\/wp-json\/wp\/v2\/posts"}],"about":[{"href":"https:\/\/footdavant.fr\/actualites\/wp-json\/wp\/v2\/types\/post"}],"author":[{"embeddable":true,"href":"https:\/\/footdavant.fr\/actualites\/wp-json\/wp\/v2\/users\/1"}],"replies":[{"embeddable":true,"href":"https:\/\/footdavant.fr\/actualites\/wp-json\/wp\/v2\/comments?post=36183"}],"version-history":[{"count":1,"href":"https:\/\/footdavant.fr\/actualites\/wp-json\/wp\/v2\/posts\/36183\/revisions"}],"predecessor-version":[{"id":36185,"href":"https:\/\/footdavant.fr\/actualites\/wp-json\/wp\/v2\/posts\/36183\/revisions\/36185"}],"wp:featuredmedia":[{"embeddable":true,"href":"https:\/\/footdavant.fr\/actualites\/wp-json\/wp\/v2\/media\/36184"}],"wp:attachment":[{"href":"https:\/\/footdavant.fr\/actualites\/wp-json\/wp\/v2\/media?parent=36183"}],"wp:term":[{"taxonomy":"category","embeddable":true,"href":"https:\/\/footdavant.fr\/actualites\/wp-json\/wp\/v2\/categories?post=36183"},{"taxonomy":"post_tag","embeddable":true,"href":"https:\/\/footdavant.fr\/actualites\/wp-json\/wp\/v2\/tags?post=36183"}],"curies":[{"name":"wp","href":"https:\/\/api.w.org\/{rel}","templated":true}]}}