{"id":36188,"date":"2026-04-06T18:48:06","date_gmt":"2026-04-06T16:48:06","guid":{"rendered":"https:\/\/footdavant.fr\/actualites\/bournemouth-recoit-une-mise-a-jour-positive-sur-le-transfert-sur-la-star-de-linter-quil-na-pas-reussi-a-signer-pendant-la-fenetre-hivernale\/"},"modified":"2026-04-06T18:48:07","modified_gmt":"2026-04-06T16:48:07","slug":"bournemouth-recoit-une-mise-a-jour-positive-sur-le-transfert-sur-la-star-de-linter-quil-na-pas-reussi-a-signer-pendant-la-fenetre-hivernale","status":"publish","type":"post","link":"https:\/\/footdavant.fr\/actualites\/bournemouth-recoit-une-mise-a-jour-positive-sur-le-transfert-sur-la-star-de-linter-quil-na-pas-reussi-a-signer-pendant-la-fenetre-hivernale\/","title":{"rendered":"Bournemouth re\u00e7oit une \u00ab mise \u00e0 jour positive sur le transfert \u00bb sur la star de l&#39;Inter qu&#39;il n&#39;a pas r\u00e9ussi \u00e0 signer pendant la fen\u00eatre hivernale"},"content":{"rendered":"<div itemprop=\"articleBody\">\n<p>L&#39;Inter Milan serait pr\u00eat \u00e0 vendre Luis Henrique lors du mercato d&#39;\u00e9t\u00e9, quelques mois seulement apr\u00e8s que Bournemouth n&#39;ait pas r\u00e9ussi \u00e0 recruter le Br\u00e9silien.<\/p>\n<p>Les Cherries ont connu un mercato hivernal charg\u00e9, recrutant Rayan, Alex Toth et Christos Mandas apr\u00e8s avoir vendu Antoine Semenyo \u00e0 Manchester City.<\/p>\n<p>Bournemouth a \u00e9galement fait un effort pour r\u00e9compenser Luis Henrique de l&#39;Inter dans les derni\u00e8res \u00e9tapes de la fen\u00eatre.<\/p>\n<p>Cependant, les g\u00e9ants italiens ont clairement indiqu\u00e9 qu&#39;ils n&#39;avaient pas l&#39;intention de sanctionner la vente d&#39;Henrique avant la date limite des transferts.<\/p>\n<div>\n<div>\n<div>\n<p>\u00a9 Imago \/ IMAGO \/ Gribaudi\/ImagePhoto<\/p>\n<\/div>\n<\/div>\n<\/div>\n<h2>Bournemouth re\u00e7oit un coup de pouce pour les espoirs de transfert d&#39;Henrique<\/h2>\n<p>Selon <em>Corriere dello Sport<\/em>l&#39;Inter est pr\u00eat \u00e0 changer sa position de transfert pour le prochain mercato estival.<\/p>\n<p>Le rapport affirme que les Nerazurri entameront des n\u00e9gociations si Bournemouth ravive leur int\u00e9r\u00eat \u00e0 la fin de la saison. <\/p>\n<p>Henrique a d\u00e9but\u00e9 17 de ses 25 matches de Serie A, mais il semble que le patron de l&#39;Inter, Christian Chivu, soit pr\u00eat \u00e0 se d\u00e9barrasser de l&#39;homme large apr\u00e8s une seule saison.<\/p>\n<p>L&#39;Inter a d\u00e9j\u00e0 identifi\u00e9 Marco Palestra de Cagliari comme une cible potentielle en cas de d\u00e9part d&#39;Henrique et Denzel Dumfries cet \u00e9t\u00e9.<\/p>\n<p>Ce dernier envisagerait de rejoindre la Premier League apr\u00e8s avoir pass\u00e9 les cinq derni\u00e8res ann\u00e9es \u00e0 l&#39;Inter. <\/p>\n<div>\n<div><img decoding=\"async\" data-img-id=\"158602\" class=\"lazy\" loading=\"lazy\" src=\"https:\/\/footdavant.fr\/actualites\/wp-content\/uploads\/2026\/03\/Man-United-egalise-le-record-indesirable-de-21-ans-en.webp\"\/><\/p>\n<p>\u00a9 Imago \/ IPS<\/p>\n<\/div>\n<\/div>\n<h2>Bournemouth a-t-il encore besoin d&#39;Henrique ?<\/h2>\n<p>Les Cherries auraient \u00e9chou\u00e9 avec une offre de 25 millions d&#39;euros pour Henrique lors du mercato de janvier, et il reste \u00e0 voir s&#39;ils seront pr\u00eats \u00e0 relancer leur qu\u00eate avant la campagne 2026-27.<\/p>\n<p>Le joueur de 24 ans est utilis\u00e9 comme arri\u00e8re droit depuis qu&#39;il a rejoint l&#39;Inter en provenance de Marseille l&#39;\u00e9t\u00e9 dernier.<\/p>\n<p>Contrairement \u00e0 l&#39;Inter, Bournemouth joue avec des arri\u00e8res lat\u00e9raux traditionnels et deux ailiers dans une formation 4-2-3-1.<\/p>\n<p>Henrique jouerait probablement comme ailier s&#39;il devait d\u00e9m\u00e9nager au Vitality Stadium, m\u00eame s&#39;il peut y avoir des doutes quant \u00e0 la n\u00e9cessit\u00e9 de conclure un accord.<\/p>\n<p>Bournemouth dispose de nombreuses options sur le flanc droit avec Rayan, Ben Gannon-Doak et David Brooks. <\/p>\n<p>En cons\u00e9quence, les Cherries devront d\u00e9cider s\u2019ils pensent qu\u2019Henrique serait une bonne option \u00e0 gauche ou s\u2019ils feraient mieux de poursuivre d\u2019autres cibles. <\/p>\n<\/div>\n","protected":false},"excerpt":{"rendered":"<p>L&#39;Inter Milan serait pr\u00eat \u00e0 vendre Luis Henrique lors du mercato d&#39;\u00e9t\u00e9, quelques mois seulement apr\u00e8s que Bournemouth n&#39;ait pas r\u00e9ussi \u00e0 recruter le Br\u00e9silien.<\/p>\n","protected":false},"author":1,"featured_media":36189,"comment_status":"closed","ping_status":"","sticky":false,"template":"","format":"standard","meta":{"footnotes":""},"categories":[5],"tags":[54,2446,2637,328,5414,327,4238,71,131,2648,4290,488,3850,774,1621,103,700,92],"yoast_head":"<!-- This site is optimized with the Yoast SEO plugin v21.0 - https:\/\/yoast.com\/wordpress\/plugins\/seo\/ -->\n<title>Bournemouth re\u00e7oit une \u00ab mise \u00e0 jour positive sur le transfert \u00bb sur la star de l&#039;Inter qu&#039;il n&#039;a pas r\u00e9ussi \u00e0 signer pendant la fen\u00eatre hivernale<\/title>\n<meta name=\"robots\" content=\"index, follow, max-snippet:-1, max-image-preview:large, max-video-preview:-1\" \/>\n<link rel=\"canonical\" href=\"https:\/\/footdavant.fr\/actualites\/bournemouth-recoit-une-mise-a-jour-positive-sur-le-transfert-sur-la-star-de-linter-quil-na-pas-reussi-a-signer-pendant-la-fenetre-hivernale\/\" \/>\n<meta property=\"og:locale\" content=\"fr_FR\" \/>\n<meta property=\"og:type\" content=\"article\" \/>\n<meta property=\"og:title\" content=\"Bournemouth re\u00e7oit une \u00ab mise \u00e0 jour positive sur le transfert \u00bb sur la star de l&#039;Inter qu&#039;il n&#039;a pas r\u00e9ussi \u00e0 signer pendant la fen\u00eatre hivernale\" \/>\n<meta property=\"og:description\" content=\"L&#039;Inter Milan serait pr\u00eat \u00e0 vendre Luis Henrique lors du mercato d&#039;\u00e9t\u00e9, quelques mois seulement apr\u00e8s que Bournemouth n&#039;ait pas r\u00e9ussi \u00e0 recruter le Br\u00e9silien.\" \/>\n<meta property=\"og:url\" content=\"https:\/\/footdavant.fr\/actualites\/bournemouth-recoit-une-mise-a-jour-positive-sur-le-transfert-sur-la-star-de-linter-quil-na-pas-reussi-a-signer-pendant-la-fenetre-hivernale\/\" \/>\n<meta property=\"og:site_name\" content=\"Foot d&#039;avant\" \/>\n<meta property=\"article:publisher\" content=\"https:\/\/www.facebook.com\/Footdavant\/\" \/>\n<meta property=\"article:published_time\" content=\"2026-04-06T16:48:06+00:00\" \/>\n<meta property=\"article:modified_time\" content=\"2026-04-06T16:48:07+00:00\" \/>\n<meta property=\"og:image\" content=\"https:\/\/footdavant.fr\/actualites\/wp-content\/uploads\/2026\/04\/Bournemouth-recoit-une-mise-a-jour-positive-sur-le.net2Fuploads2F20262F012Fhenrique-697a2a0.webp\" \/>\n\t<meta property=\"og:image:width\" content=\"720\" \/>\n\t<meta property=\"og:image:height\" content=\"410\" \/>\n\t<meta property=\"og:image:type\" content=\"image\/webp\" \/>\n<meta name=\"author\" content=\"Cl\u00e9ment\" \/>\n<meta name=\"twitter:card\" content=\"summary_large_image\" \/>\n<meta name=\"twitter:creator\" content=\"@FootdavantFr\" \/>\n<meta name=\"twitter:site\" content=\"@FootdavantFr\" \/>\n<meta name=\"twitter:label1\" content=\"\u00c9crit par\" \/>\n\t<meta name=\"twitter:data1\" content=\"Cl\u00e9ment\" \/>\n\t<meta name=\"twitter:label2\" content=\"Dur\u00e9e de lecture estim\u00e9e\" \/>\n\t<meta name=\"twitter:data2\" content=\"2 minutes\" \/>\n<script type=\"application\/ld+json\" class=\"yoast-schema-graph\">{\"@context\":\"https:\/\/schema.org\",\"@graph\":[{\"@type\":\"Article\",\"@id\":\"https:\/\/footdavant.fr\/actualites\/bournemouth-recoit-une-mise-a-jour-positive-sur-le-transfert-sur-la-star-de-linter-quil-na-pas-reussi-a-signer-pendant-la-fenetre-hivernale\/#article\",\"isPartOf\":{\"@id\":\"https:\/\/footdavant.fr\/actualites\/bournemouth-recoit-une-mise-a-jour-positive-sur-le-transfert-sur-la-star-de-linter-quil-na-pas-reussi-a-signer-pendant-la-fenetre-hivernale\/\"},\"author\":{\"name\":\"Cl\u00e9ment\",\"@id\":\"https:\/\/footdavant.fr\/actualites\/#\/schema\/person\/bc222566d95871b37e597b3ed3ba5e1d\"},\"headline\":\"Bournemouth re\u00e7oit une \u00ab mise \u00e0 jour positive sur le transfert \u00bb sur la star de l&#39;Inter qu&#39;il n&#39;a pas r\u00e9ussi \u00e0 signer pendant la fen\u00eatre hivernale\",\"datePublished\":\"2026-04-06T16:48:06+00:00\",\"dateModified\":\"2026-04-06T16:48:07+00:00\",\"mainEntityOfPage\":{\"@id\":\"https:\/\/footdavant.fr\/actualites\/bournemouth-recoit-une-mise-a-jour-positive-sur-le-transfert-sur-la-star-de-linter-quil-na-pas-reussi-a-signer-pendant-la-fenetre-hivernale\/\"},\"wordCount\":435,\"publisher\":{\"@id\":\"https:\/\/footdavant.fr\/actualites\/#organization\"},\"keywords\":[\"Bournemouth\",\"fen\u00eatre\",\"hivernale\",\"jour\",\"l39Inter\",\"mise\",\"n39a\",\"pas\",\"pendant\",\"positive\",\"qu39il\",\"re\u00e7oit\",\"r\u00e9ussi\",\"signer\",\"Star\",\"sur\",\"transfert\",\"une\"],\"articleSection\":[\"Premier League\"],\"inLanguage\":\"fr-FR\"},{\"@type\":\"WebPage\",\"@id\":\"https:\/\/footdavant.fr\/actualites\/bournemouth-recoit-une-mise-a-jour-positive-sur-le-transfert-sur-la-star-de-linter-quil-na-pas-reussi-a-signer-pendant-la-fenetre-hivernale\/\",\"url\":\"https:\/\/footdavant.fr\/actualites\/bournemouth-recoit-une-mise-a-jour-positive-sur-le-transfert-sur-la-star-de-linter-quil-na-pas-reussi-a-signer-pendant-la-fenetre-hivernale\/\",\"name\":\"Bournemouth re\u00e7oit une \u00ab mise \u00e0 jour positive sur le transfert \u00bb sur la star de l&#39;Inter qu&#39;il n&#39;a pas r\u00e9ussi \u00e0 signer pendant la fen\u00eatre hivernale\",\"isPartOf\":{\"@id\":\"https:\/\/footdavant.fr\/actualites\/#website\"},\"datePublished\":\"2026-04-06T16:48:06+00:00\",\"dateModified\":\"2026-04-06T16:48:07+00:00\",\"breadcrumb\":{\"@id\":\"https:\/\/footdavant.fr\/actualites\/bournemouth-recoit-une-mise-a-jour-positive-sur-le-transfert-sur-la-star-de-linter-quil-na-pas-reussi-a-signer-pendant-la-fenetre-hivernale\/#breadcrumb\"},\"inLanguage\":\"fr-FR\",\"potentialAction\":[{\"@type\":\"ReadAction\",\"target\":[\"https:\/\/footdavant.fr\/actualites\/bournemouth-recoit-une-mise-a-jour-positive-sur-le-transfert-sur-la-star-de-linter-quil-na-pas-reussi-a-signer-pendant-la-fenetre-hivernale\/\"]}]},{\"@type\":\"BreadcrumbList\",\"@id\":\"https:\/\/footdavant.fr\/actualites\/bournemouth-recoit-une-mise-a-jour-positive-sur-le-transfert-sur-la-star-de-linter-quil-na-pas-reussi-a-signer-pendant-la-fenetre-hivernale\/#breadcrumb\",\"itemListElement\":[{\"@type\":\"ListItem\",\"position\":1,\"name\":\"Accueil\",\"item\":\"https:\/\/footdavant.fr\/actualites\/\"},{\"@type\":\"ListItem\",\"position\":2,\"name\":\"Bournemouth re\u00e7oit une \u00ab mise \u00e0 jour positive sur le transfert \u00bb sur la star de l&#39;Inter qu&#39;il n&#39;a pas r\u00e9ussi \u00e0 signer pendant la fen\u00eatre hivernale\"}]},{\"@type\":\"WebSite\",\"@id\":\"https:\/\/footdavant.fr\/actualites\/#website\",\"url\":\"https:\/\/footdavant.fr\/actualites\/\",\"name\":\"Foot d'avant\",\"description\":\"\",\"publisher\":{\"@id\":\"https:\/\/footdavant.fr\/actualites\/#organization\"},\"potentialAction\":[{\"@type\":\"SearchAction\",\"target\":{\"@type\":\"EntryPoint\",\"urlTemplate\":\"https:\/\/footdavant.fr\/actualites\/?s={search_term_string}\"},\"query-input\":\"required name=search_term_string\"}],\"inLanguage\":\"fr-FR\"},{\"@type\":\"Organization\",\"@id\":\"https:\/\/footdavant.fr\/actualites\/#organization\",\"name\":\"Foot d'avant\",\"url\":\"https:\/\/footdavant.fr\/actualites\/\",\"logo\":{\"@type\":\"ImageObject\",\"inLanguage\":\"fr-FR\",\"@id\":\"https:\/\/footdavant.fr\/actualites\/#\/schema\/logo\/image\/\",\"url\":\"https:\/\/footdavant.fr\/actualites\/wp-content\/uploads\/2023\/09\/Copy-of-FootDavant-Logo.png\",\"contentUrl\":\"https:\/\/footdavant.fr\/actualites\/wp-content\/uploads\/2023\/09\/Copy-of-FootDavant-Logo.png\",\"width\":936,\"height\":549,\"caption\":\"Foot d'avant\"},\"image\":{\"@id\":\"https:\/\/footdavant.fr\/actualites\/#\/schema\/logo\/image\/\"},\"sameAs\":[\"https:\/\/www.facebook.com\/Footdavant\/\",\"https:\/\/twitter.com\/FootdavantFr\",\"https:\/\/www.instagram.com\/footdavant.fr\/\"]},{\"@type\":\"Person\",\"@id\":\"https:\/\/footdavant.fr\/actualites\/#\/schema\/person\/bc222566d95871b37e597b3ed3ba5e1d\",\"name\":\"Cl\u00e9ment\",\"image\":{\"@type\":\"ImageObject\",\"inLanguage\":\"fr-FR\",\"@id\":\"https:\/\/footdavant.fr\/actualites\/#\/schema\/person\/image\/\",\"url\":\"https:\/\/secure.gravatar.com\/avatar\/7728b29aac2719421e1a9159b2254c44?s=96&d=mm&r=g\",\"contentUrl\":\"https:\/\/secure.gravatar.com\/avatar\/7728b29aac2719421e1a9159b2254c44?s=96&d=mm&r=g\",\"caption\":\"Cl\u00e9ment\"},\"sameAs\":[\"https:\/\/footdavant.fr\/\"]}]}<\/script>\n<!-- \/ Yoast SEO plugin. -->","yoast_head_json":{"title":"Bournemouth re\u00e7oit une \u00ab mise \u00e0 jour positive sur le transfert \u00bb sur la star de l&#39;Inter qu&#39;il n&#39;a pas r\u00e9ussi \u00e0 signer pendant la fen\u00eatre hivernale","robots":{"index":"index","follow":"follow","max-snippet":"max-snippet:-1","max-image-preview":"max-image-preview:large","max-video-preview":"max-video-preview:-1"},"canonical":"https:\/\/footdavant.fr\/actualites\/bournemouth-recoit-une-mise-a-jour-positive-sur-le-transfert-sur-la-star-de-linter-quil-na-pas-reussi-a-signer-pendant-la-fenetre-hivernale\/","og_locale":"fr_FR","og_type":"article","og_title":"Bournemouth re\u00e7oit une \u00ab mise \u00e0 jour positive sur le transfert \u00bb sur la star de l&#39;Inter qu&#39;il n&#39;a pas r\u00e9ussi \u00e0 signer pendant la fen\u00eatre hivernale","og_description":"L&#39;Inter Milan serait pr\u00eat \u00e0 vendre Luis Henrique lors du mercato d&#39;\u00e9t\u00e9, quelques mois seulement apr\u00e8s que Bournemouth n&#39;ait pas r\u00e9ussi \u00e0 recruter le Br\u00e9silien.","og_url":"https:\/\/footdavant.fr\/actualites\/bournemouth-recoit-une-mise-a-jour-positive-sur-le-transfert-sur-la-star-de-linter-quil-na-pas-reussi-a-signer-pendant-la-fenetre-hivernale\/","og_site_name":"Foot d&#039;avant","article_publisher":"https:\/\/www.facebook.com\/Footdavant\/","article_published_time":"2026-04-06T16:48:06+00:00","article_modified_time":"2026-04-06T16:48:07+00:00","og_image":[{"width":720,"height":410,"url":"https:\/\/footdavant.fr\/actualites\/wp-content\/uploads\/2026\/04\/Bournemouth-recoit-une-mise-a-jour-positive-sur-le.net2Fuploads2F20262F012Fhenrique-697a2a0.webp","type":"image\/webp"}],"author":"Cl\u00e9ment","twitter_card":"summary_large_image","twitter_creator":"@FootdavantFr","twitter_site":"@FootdavantFr","twitter_misc":{"\u00c9crit par":"Cl\u00e9ment","Dur\u00e9e de lecture estim\u00e9e":"2 minutes"},"schema":{"@context":"https:\/\/schema.org","@graph":[{"@type":"Article","@id":"https:\/\/footdavant.fr\/actualites\/bournemouth-recoit-une-mise-a-jour-positive-sur-le-transfert-sur-la-star-de-linter-quil-na-pas-reussi-a-signer-pendant-la-fenetre-hivernale\/#article","isPartOf":{"@id":"https:\/\/footdavant.fr\/actualites\/bournemouth-recoit-une-mise-a-jour-positive-sur-le-transfert-sur-la-star-de-linter-quil-na-pas-reussi-a-signer-pendant-la-fenetre-hivernale\/"},"author":{"name":"Cl\u00e9ment","@id":"https:\/\/footdavant.fr\/actualites\/#\/schema\/person\/bc222566d95871b37e597b3ed3ba5e1d"},"headline":"Bournemouth re\u00e7oit une \u00ab mise \u00e0 jour positive sur le transfert \u00bb sur la star de l&#39;Inter qu&#39;il n&#39;a pas r\u00e9ussi \u00e0 signer pendant la fen\u00eatre hivernale","datePublished":"2026-04-06T16:48:06+00:00","dateModified":"2026-04-06T16:48:07+00:00","mainEntityOfPage":{"@id":"https:\/\/footdavant.fr\/actualites\/bournemouth-recoit-une-mise-a-jour-positive-sur-le-transfert-sur-la-star-de-linter-quil-na-pas-reussi-a-signer-pendant-la-fenetre-hivernale\/"},"wordCount":435,"publisher":{"@id":"https:\/\/footdavant.fr\/actualites\/#organization"},"keywords":["Bournemouth","fen\u00eatre","hivernale","jour","l39Inter","mise","n39a","pas","pendant","positive","qu39il","re\u00e7oit","r\u00e9ussi","signer","Star","sur","transfert","une"],"articleSection":["Premier League"],"inLanguage":"fr-FR"},{"@type":"WebPage","@id":"https:\/\/footdavant.fr\/actualites\/bournemouth-recoit-une-mise-a-jour-positive-sur-le-transfert-sur-la-star-de-linter-quil-na-pas-reussi-a-signer-pendant-la-fenetre-hivernale\/","url":"https:\/\/footdavant.fr\/actualites\/bournemouth-recoit-une-mise-a-jour-positive-sur-le-transfert-sur-la-star-de-linter-quil-na-pas-reussi-a-signer-pendant-la-fenetre-hivernale\/","name":"Bournemouth re\u00e7oit une \u00ab mise \u00e0 jour positive sur le transfert \u00bb sur la star de l&#39;Inter qu&#39;il n&#39;a pas r\u00e9ussi \u00e0 signer pendant la fen\u00eatre hivernale","isPartOf":{"@id":"https:\/\/footdavant.fr\/actualites\/#website"},"datePublished":"2026-04-06T16:48:06+00:00","dateModified":"2026-04-06T16:48:07+00:00","breadcrumb":{"@id":"https:\/\/footdavant.fr\/actualites\/bournemouth-recoit-une-mise-a-jour-positive-sur-le-transfert-sur-la-star-de-linter-quil-na-pas-reussi-a-signer-pendant-la-fenetre-hivernale\/#breadcrumb"},"inLanguage":"fr-FR","potentialAction":[{"@type":"ReadAction","target":["https:\/\/footdavant.fr\/actualites\/bournemouth-recoit-une-mise-a-jour-positive-sur-le-transfert-sur-la-star-de-linter-quil-na-pas-reussi-a-signer-pendant-la-fenetre-hivernale\/"]}]},{"@type":"BreadcrumbList","@id":"https:\/\/footdavant.fr\/actualites\/bournemouth-recoit-une-mise-a-jour-positive-sur-le-transfert-sur-la-star-de-linter-quil-na-pas-reussi-a-signer-pendant-la-fenetre-hivernale\/#breadcrumb","itemListElement":[{"@type":"ListItem","position":1,"name":"Accueil","item":"https:\/\/footdavant.fr\/actualites\/"},{"@type":"ListItem","position":2,"name":"Bournemouth re\u00e7oit une \u00ab mise \u00e0 jour positive sur le transfert \u00bb sur la star de l&#39;Inter qu&#39;il n&#39;a pas r\u00e9ussi \u00e0 signer pendant la fen\u00eatre hivernale"}]},{"@type":"WebSite","@id":"https:\/\/footdavant.fr\/actualites\/#website","url":"https:\/\/footdavant.fr\/actualites\/","name":"Foot d'avant","description":"","publisher":{"@id":"https:\/\/footdavant.fr\/actualites\/#organization"},"potentialAction":[{"@type":"SearchAction","target":{"@type":"EntryPoint","urlTemplate":"https:\/\/footdavant.fr\/actualites\/?s={search_term_string}"},"query-input":"required name=search_term_string"}],"inLanguage":"fr-FR"},{"@type":"Organization","@id":"https:\/\/footdavant.fr\/actualites\/#organization","name":"Foot d'avant","url":"https:\/\/footdavant.fr\/actualites\/","logo":{"@type":"ImageObject","inLanguage":"fr-FR","@id":"https:\/\/footdavant.fr\/actualites\/#\/schema\/logo\/image\/","url":"https:\/\/footdavant.fr\/actualites\/wp-content\/uploads\/2023\/09\/Copy-of-FootDavant-Logo.png","contentUrl":"https:\/\/footdavant.fr\/actualites\/wp-content\/uploads\/2023\/09\/Copy-of-FootDavant-Logo.png","width":936,"height":549,"caption":"Foot d'avant"},"image":{"@id":"https:\/\/footdavant.fr\/actualites\/#\/schema\/logo\/image\/"},"sameAs":["https:\/\/www.facebook.com\/Footdavant\/","https:\/\/twitter.com\/FootdavantFr","https:\/\/www.instagram.com\/footdavant.fr\/"]},{"@type":"Person","@id":"https:\/\/footdavant.fr\/actualites\/#\/schema\/person\/bc222566d95871b37e597b3ed3ba5e1d","name":"Cl\u00e9ment","image":{"@type":"ImageObject","inLanguage":"fr-FR","@id":"https:\/\/footdavant.fr\/actualites\/#\/schema\/person\/image\/","url":"https:\/\/secure.gravatar.com\/avatar\/7728b29aac2719421e1a9159b2254c44?s=96&d=mm&r=g","contentUrl":"https:\/\/secure.gravatar.com\/avatar\/7728b29aac2719421e1a9159b2254c44?s=96&d=mm&r=g","caption":"Cl\u00e9ment"},"sameAs":["https:\/\/footdavant.fr\/"]}]}},"_links":{"self":[{"href":"https:\/\/footdavant.fr\/actualites\/wp-json\/wp\/v2\/posts\/36188"}],"collection":[{"href":"https:\/\/footdavant.fr\/actualites\/wp-json\/wp\/v2\/posts"}],"about":[{"href":"https:\/\/footdavant.fr\/actualites\/wp-json\/wp\/v2\/types\/post"}],"author":[{"embeddable":true,"href":"https:\/\/footdavant.fr\/actualites\/wp-json\/wp\/v2\/users\/1"}],"replies":[{"embeddable":true,"href":"https:\/\/footdavant.fr\/actualites\/wp-json\/wp\/v2\/comments?post=36188"}],"version-history":[{"count":1,"href":"https:\/\/footdavant.fr\/actualites\/wp-json\/wp\/v2\/posts\/36188\/revisions"}],"predecessor-version":[{"id":36190,"href":"https:\/\/footdavant.fr\/actualites\/wp-json\/wp\/v2\/posts\/36188\/revisions\/36190"}],"wp:featuredmedia":[{"embeddable":true,"href":"https:\/\/footdavant.fr\/actualites\/wp-json\/wp\/v2\/media\/36189"}],"wp:attachment":[{"href":"https:\/\/footdavant.fr\/actualites\/wp-json\/wp\/v2\/media?parent=36188"}],"wp:term":[{"taxonomy":"category","embeddable":true,"href":"https:\/\/footdavant.fr\/actualites\/wp-json\/wp\/v2\/categories?post=36188"},{"taxonomy":"post_tag","embeddable":true,"href":"https:\/\/footdavant.fr\/actualites\/wp-json\/wp\/v2\/tags?post=36188"}],"curies":[{"name":"wp","href":"https:\/\/api.w.org\/{rel}","templated":true}]}}