{"id":36191,"date":"2026-04-06T20:48:08","date_gmt":"2026-04-06T18:48:08","guid":{"rendered":"https:\/\/footdavant.fr\/actualites\/il-est-temps-de-redecouvrir-la-confiance-darsenal-en-tant-que-bras-droit\/"},"modified":"2026-04-06T20:48:10","modified_gmt":"2026-04-06T18:48:10","slug":"il-est-temps-de-redecouvrir-la-confiance-darsenal-en-tant-que-bras-droit","status":"publish","type":"post","link":"https:\/\/footdavant.fr\/actualites\/il-est-temps-de-redecouvrir-la-confiance-darsenal-en-tant-que-bras-droit\/","title":{"rendered":"Il est temps de red\u00e9couvrir la confiance d&#39;Arsenal en tant que bras droit"},"content":{"rendered":"<div>\n<p>Bonjour \u00e0 tous. Andrew est en route pour Lisbonne ce matin, donc je suis l\u00e0 \u00e0 sa place pour nous permettre de nous qualifier pour la journ\u00e9e de Ligue des Champions.<\/p>\n<p>Je ne connais personne d&#39;autre, mais j&#39;ai pass\u00e9 beaucoup de temps depuis samedi, oscillant entre essayer de calmer mes propres nerfs et essayer de me dire que je ne suis pas fou d&#39;\u00eatre aussi nerveux. En fin de compte, le probl\u00e8me est que nous devons simplement rester assis et attendre que le reste de la saison se d\u00e9roule, donc nous remplissons continuellement les blancs des deux prochains mois \u2013 les choses qui ne se sont pas encore produites \u2013 avec nos meilleures suppositions, estimations et hypoth\u00e8ses. Et, si nous sommes honn\u00eates, nos espoirs et nos peurs.<\/p>\n<p>C&#39;est un peu fou de penser que la derni\u00e8re fois qu&#39;un joueur d&#39;Arsenal a bott\u00e9 un ballon en Premier League, c&#39;\u00e9tait Max Dowman, marquant son but contre Everton. Dinos Mavropanos a marqu\u00e9 avec le seul tir de West Ham contre Manchester City plus tard dans la soir\u00e9e, ils n&#39;ont pas non plus jou\u00e9 de match de championnat depuis, et on avait l&#39;impression que tout allait bien se passer.<\/p>\n<p>Faux.<\/p>\n<p>Arsenal conserve neuf points d&#39;avance en Premier League (m\u00eame si City a un match en main) et est sur le point de disputer un quart de finale de Ligue des champions, apr\u00e8s avoir battu le Bayer Leverkusen \u00e0 domicile quelques jours apr\u00e8s cette victoire contre Everton, mais est absent des deux comp\u00e9titions de coupe nationale et cela, avec quelques nouvelles n\u00e9gatives sur les blessures en cours de route, donne l&#39;impression que cela a tout chang\u00e9, alors que ce n&#39;est vraiment pas le cas.<\/p>\n<p>Les choses peuvent changer tr\u00e8s, tr\u00e8s rapidement dans n\u2019importe quelle direction et m\u00eame lorsque ces changements surviennent, ils ne sont souvent pas aussi importants qu\u2019ils le paraissent.<\/p>\n<p>Pourtant, il \u00e9tait difficile de regarder Arsenal samedi et de sentir que quelque chose d\u2019un peu diff\u00e9rent, un nouvel \u00e9lan, \u00e9tait n\u00e9cessaire en ce moment. Cette composition ne refl\u00e9tait pas celle que nous reverrons probablement cette saison, mais le match ressemblait un peu trop \u00e0 trop de matchs au cours des derniers mois, l&#39;\u00e9quipe ayant du mal \u00e0 se cr\u00e9er des occasions claires lorsqu&#39;elle avait besoin d&#39;un but.<\/p>\n<p>Il y aura probablement des changements \u00e0 Lisbonne, j&#39;esp\u00e8re que Jurrien Timber, Declan Rice et Bukayo Saka seront \u00e0 nouveau disponibles, et je compte \u00e9galement sur Martin Odegaard pour entra\u00eener cette \u00e9quipe dans la bonne direction. Le capitaine a connu de nombreux moments brillants contre Southampton, mais sa performance g\u00e9n\u00e9ralement positive a \u00e9t\u00e9 largement \u00e9clips\u00e9e par son tir \u00e9rafl\u00e9 en premi\u00e8re mi-temps et la talonnade qui a vu Southampton s&#39;avancer et finalement ouvrir le score.<\/p>\n<p>Maintenant que b<span style=\"font-family: Verdana, BlinkMacSystemFont, -apple-system, 'Segoe UI', Roboto, Oxygen, Ubuntu, Cantarell, 'Open Sans', 'Helvetica Neue', sans-serif\">ackheel n&#39;\u00e9tait pas bon, \u00e7a n&#39;a pas march\u00e9, mais je ne sais pas si nous pouvons demander plus de cr\u00e9ativit\u00e9 et un football moins pr\u00e9visible et ensuite \u00eatre en col\u00e8re contre un joueur pour avoir essay\u00e9 quelque chose comme \u00e7a pr\u00e8s du but adverse. Bien s\u00fbr, vous ne faites pas cela en marge de votre propre bo\u00eete, mais \u00e0 l\u2019autre bout du terrain, cela devrait \u00eatre un cas de risque faible et de r\u00e9compense \u00e9lev\u00e9e.<\/span><\/p>\n<p>Dans l&#39;ensemble, Odegaard a eu une influence positive et lorsque nous discutons de la question de savoir si Arsenal en fait suffisamment dans le jeu ouvert, je ne pense pas que nous ayons pass\u00e9 suffisamment de temps \u00e0 parler de son manque d&#39;implication en raison de ces blessures persistantes. Le capitaine a jou\u00e9 une heure ou plus en seulement huit matchs de Premier League cette saison. Il a partag\u00e9 le terrain avec Saka pendant au moins une heure seulement six fois.<\/p>\n<p>Si nous voulons interroger notre manque de cr\u00e9ativit\u00e9 et le manque de production de Saka, cela doit \u00eatre soulign\u00e9 comme une raison majeure.<\/p>\n<p>En 2023-2024, ils se sont cr\u00e9\u00e9s 40 occasions de jeu ouvert, soit le plus grand nombre de joueurs de la Premier League. Remontez plus loin et ils se connectent syst\u00e9matiquement avec des un-deux, plus souvent que presque n&#39;importe quelle paire de Premier League au cours de la derni\u00e8re d\u00e9cennie, Saka \u00e9tant souvent \u00e0 l&#39;origine de ces passes dans la surface adverse. Une \u00e9quipe d&#39;Arsenal qui n&#39;a pas cliqu\u00e9 a gravement rat\u00e9 son partenariat le plus fiable cette saison, elle a besoin de ces courses et passes incisives, de ces changements de vitesse et de direction autour de la surface adverse.<\/p>\n<p>Le recours au c\u00f4t\u00e9 droit a souvent \u00e9t\u00e9 critiqu\u00e9 ces derni\u00e8res saisons, mais Arsenal l&#39;a fait parce que cela fonctionnait. Malheureusement, les pi\u00e8ces n&#39;ont pas \u00e9t\u00e9 l\u00e0 assez souvent au cours des deux derni\u00e8res ann\u00e9es et Mikel Arteta n&#39;a toujours pas d\u00e9chiffr\u00e9 la formule \u00e0 gauche pour compenser, m\u00eame si Riccardo Calafiori a tendance \u00e0 faire en sorte que les choses se d\u00e9roulent mieux l\u00e0-bas.<\/p>\n<p>Reste \u00e0 savoir si nous verrons Odegaard et Saka ensemble sur le terrain \u00e0 Lisbonne, mais si nous le pouvons, cela pourrait \u00eatre un \u00e9norme coup de pouce non seulement demain soir, mais aussi pour les deux prochains mois. Je me sentirais certainement beaucoup mieux quant \u00e0 nos chances si vous pouviez me promettre que les deux commenceraient tous les deux de mani\u00e8re coh\u00e9rente d&#39;ici la fin mai.<\/p>\n<p>Des mises \u00e0 jour sur l&#39;\u00e9quipe seront diffus\u00e9es au cours de la journ\u00e9e sous la forme de photos d&#39;entra\u00eenement, de nouvelles sur les personnes qui ont voyag\u00e9 et enfin de la conf\u00e9rence de presse de Mikel Arteta. Les gros titres seront sur asseblog.news ce soir.<\/p>\n<p>Pour un peu de contexte : ce n&#39;est que la troisi\u00e8me fois de notre histoire que nous atteignons les quarts de finale d&#39;une comp\u00e9tition europ\u00e9enne trois saisons de suite, la derni\u00e8re fois remontant \u00e0 2008-10 en Ligue des Champions.<\/p>\n<p>Les choses pourraient \u00eatre bien pires. \u00c0 la fin de cette semaine, ils pourraient se sentir beaucoup mieux.<\/p>\n<p>Bonne journ\u00e9e \u00e0 tous, \u00e0 tous ceux qui ont un jour de cong\u00e9, j&#39;esp\u00e8re qu&#39;ils auront l&#39;occasion de se d\u00e9tendre ou de se lancer dans quelque chose d&#39;agr\u00e9able, et Andrew sera de retour au clavier depuis Lisbonne demain\u00a0!<\/p>\n<\/div>\n","protected":false},"excerpt":{"rendered":"<p>Bonjour \u00e0 tous. Andrew est en route pour Lisbonne ce matin, donc je suis l\u00e0 \u00e0 sa place pour nous permettre de nous qualifier pour<\/p>\n","protected":false},"author":1,"featured_media":36192,"comment_status":"closed","ping_status":"","sticky":false,"template":"","format":"standard","meta":{"footnotes":""},"categories":[3],"tags":[7213,1565,4221,1199,217,11802,1124,168],"yoast_head":"<!-- This site is optimized with the Yoast SEO plugin v21.0 - https:\/\/yoast.com\/wordpress\/plugins\/seo\/ -->\n<title>Il est temps de red\u00e9couvrir la confiance d&#039;Arsenal en tant que bras droit<\/title>\n<meta name=\"robots\" content=\"index, follow, max-snippet:-1, max-image-preview:large, max-video-preview:-1\" \/>\n<link rel=\"canonical\" href=\"https:\/\/footdavant.fr\/actualites\/il-est-temps-de-redecouvrir-la-confiance-darsenal-en-tant-que-bras-droit\/\" \/>\n<meta property=\"og:locale\" content=\"fr_FR\" \/>\n<meta property=\"og:type\" content=\"article\" \/>\n<meta property=\"og:title\" content=\"Il est temps de red\u00e9couvrir la confiance d&#039;Arsenal en tant que bras droit\" \/>\n<meta property=\"og:description\" content=\"Bonjour \u00e0 tous. Andrew est en route pour Lisbonne ce matin, donc je suis l\u00e0 \u00e0 sa place pour nous permettre de nous qualifier pour\" \/>\n<meta property=\"og:url\" content=\"https:\/\/footdavant.fr\/actualites\/il-est-temps-de-redecouvrir-la-confiance-darsenal-en-tant-que-bras-droit\/\" \/>\n<meta property=\"og:site_name\" content=\"Foot d&#039;avant\" \/>\n<meta property=\"article:publisher\" content=\"https:\/\/www.facebook.com\/Footdavant\/\" \/>\n<meta property=\"article:published_time\" content=\"2026-04-06T18:48:08+00:00\" \/>\n<meta property=\"article:modified_time\" content=\"2026-04-06T18:48:10+00:00\" \/>\n<meta property=\"og:image\" content=\"https:\/\/footdavant.fr\/actualites\/wp-content\/uploads\/2026\/04\/Il-est-temps-de-redecouvrir-la-confiance-d39Arsenal-en-tant.jpg\" \/>\n\t<meta property=\"og:image:width\" content=\"1500\" \/>\n\t<meta property=\"og:image:height\" content=\"750\" \/>\n\t<meta property=\"og:image:type\" content=\"image\/jpeg\" \/>\n<meta name=\"author\" content=\"Cl\u00e9ment\" \/>\n<meta name=\"twitter:card\" content=\"summary_large_image\" \/>\n<meta name=\"twitter:creator\" content=\"@FootdavantFr\" \/>\n<meta name=\"twitter:site\" content=\"@FootdavantFr\" \/>\n<meta name=\"twitter:label1\" content=\"\u00c9crit par\" \/>\n\t<meta name=\"twitter:data1\" content=\"Cl\u00e9ment\" \/>\n\t<meta name=\"twitter:label2\" content=\"Dur\u00e9e de lecture estim\u00e9e\" \/>\n\t<meta name=\"twitter:data2\" content=\"5 minutes\" \/>\n<script type=\"application\/ld+json\" class=\"yoast-schema-graph\">{\"@context\":\"https:\/\/schema.org\",\"@graph\":[{\"@type\":\"Article\",\"@id\":\"https:\/\/footdavant.fr\/actualites\/il-est-temps-de-redecouvrir-la-confiance-darsenal-en-tant-que-bras-droit\/#article\",\"isPartOf\":{\"@id\":\"https:\/\/footdavant.fr\/actualites\/il-est-temps-de-redecouvrir-la-confiance-darsenal-en-tant-que-bras-droit\/\"},\"author\":{\"name\":\"Cl\u00e9ment\",\"@id\":\"https:\/\/footdavant.fr\/actualites\/#\/schema\/person\/bc222566d95871b37e597b3ed3ba5e1d\"},\"headline\":\"Il est temps de red\u00e9couvrir la confiance d&#39;Arsenal en tant que bras droit\",\"datePublished\":\"2026-04-06T18:48:08+00:00\",\"dateModified\":\"2026-04-06T18:48:10+00:00\",\"mainEntityOfPage\":{\"@id\":\"https:\/\/footdavant.fr\/actualites\/il-est-temps-de-redecouvrir-la-confiance-darsenal-en-tant-que-bras-droit\/\"},\"wordCount\":1097,\"publisher\":{\"@id\":\"https:\/\/footdavant.fr\/actualites\/#organization\"},\"keywords\":[\"bras\",\"confiance\",\"d39Arsenal\",\"droit\",\"est\",\"red\u00e9couvrir\",\"tant\",\"temps\"],\"articleSection\":[\"Football\"],\"inLanguage\":\"fr-FR\"},{\"@type\":\"WebPage\",\"@id\":\"https:\/\/footdavant.fr\/actualites\/il-est-temps-de-redecouvrir-la-confiance-darsenal-en-tant-que-bras-droit\/\",\"url\":\"https:\/\/footdavant.fr\/actualites\/il-est-temps-de-redecouvrir-la-confiance-darsenal-en-tant-que-bras-droit\/\",\"name\":\"Il est temps de red\u00e9couvrir la confiance d&#39;Arsenal en tant que bras droit\",\"isPartOf\":{\"@id\":\"https:\/\/footdavant.fr\/actualites\/#website\"},\"datePublished\":\"2026-04-06T18:48:08+00:00\",\"dateModified\":\"2026-04-06T18:48:10+00:00\",\"breadcrumb\":{\"@id\":\"https:\/\/footdavant.fr\/actualites\/il-est-temps-de-redecouvrir-la-confiance-darsenal-en-tant-que-bras-droit\/#breadcrumb\"},\"inLanguage\":\"fr-FR\",\"potentialAction\":[{\"@type\":\"ReadAction\",\"target\":[\"https:\/\/footdavant.fr\/actualites\/il-est-temps-de-redecouvrir-la-confiance-darsenal-en-tant-que-bras-droit\/\"]}]},{\"@type\":\"BreadcrumbList\",\"@id\":\"https:\/\/footdavant.fr\/actualites\/il-est-temps-de-redecouvrir-la-confiance-darsenal-en-tant-que-bras-droit\/#breadcrumb\",\"itemListElement\":[{\"@type\":\"ListItem\",\"position\":1,\"name\":\"Accueil\",\"item\":\"https:\/\/footdavant.fr\/actualites\/\"},{\"@type\":\"ListItem\",\"position\":2,\"name\":\"Il est temps de red\u00e9couvrir la confiance d&#39;Arsenal en tant que bras droit\"}]},{\"@type\":\"WebSite\",\"@id\":\"https:\/\/footdavant.fr\/actualites\/#website\",\"url\":\"https:\/\/footdavant.fr\/actualites\/\",\"name\":\"Foot d'avant\",\"description\":\"\",\"publisher\":{\"@id\":\"https:\/\/footdavant.fr\/actualites\/#organization\"},\"potentialAction\":[{\"@type\":\"SearchAction\",\"target\":{\"@type\":\"EntryPoint\",\"urlTemplate\":\"https:\/\/footdavant.fr\/actualites\/?s={search_term_string}\"},\"query-input\":\"required name=search_term_string\"}],\"inLanguage\":\"fr-FR\"},{\"@type\":\"Organization\",\"@id\":\"https:\/\/footdavant.fr\/actualites\/#organization\",\"name\":\"Foot d'avant\",\"url\":\"https:\/\/footdavant.fr\/actualites\/\",\"logo\":{\"@type\":\"ImageObject\",\"inLanguage\":\"fr-FR\",\"@id\":\"https:\/\/footdavant.fr\/actualites\/#\/schema\/logo\/image\/\",\"url\":\"https:\/\/footdavant.fr\/actualites\/wp-content\/uploads\/2023\/09\/Copy-of-FootDavant-Logo.png\",\"contentUrl\":\"https:\/\/footdavant.fr\/actualites\/wp-content\/uploads\/2023\/09\/Copy-of-FootDavant-Logo.png\",\"width\":936,\"height\":549,\"caption\":\"Foot d'avant\"},\"image\":{\"@id\":\"https:\/\/footdavant.fr\/actualites\/#\/schema\/logo\/image\/\"},\"sameAs\":[\"https:\/\/www.facebook.com\/Footdavant\/\",\"https:\/\/twitter.com\/FootdavantFr\",\"https:\/\/www.instagram.com\/footdavant.fr\/\"]},{\"@type\":\"Person\",\"@id\":\"https:\/\/footdavant.fr\/actualites\/#\/schema\/person\/bc222566d95871b37e597b3ed3ba5e1d\",\"name\":\"Cl\u00e9ment\",\"image\":{\"@type\":\"ImageObject\",\"inLanguage\":\"fr-FR\",\"@id\":\"https:\/\/footdavant.fr\/actualites\/#\/schema\/person\/image\/\",\"url\":\"https:\/\/secure.gravatar.com\/avatar\/7728b29aac2719421e1a9159b2254c44?s=96&d=mm&r=g\",\"contentUrl\":\"https:\/\/secure.gravatar.com\/avatar\/7728b29aac2719421e1a9159b2254c44?s=96&d=mm&r=g\",\"caption\":\"Cl\u00e9ment\"},\"sameAs\":[\"https:\/\/footdavant.fr\/\"]}]}<\/script>\n<!-- \/ Yoast SEO plugin. -->","yoast_head_json":{"title":"Il est temps de red\u00e9couvrir la confiance d&#39;Arsenal en tant que bras droit","robots":{"index":"index","follow":"follow","max-snippet":"max-snippet:-1","max-image-preview":"max-image-preview:large","max-video-preview":"max-video-preview:-1"},"canonical":"https:\/\/footdavant.fr\/actualites\/il-est-temps-de-redecouvrir-la-confiance-darsenal-en-tant-que-bras-droit\/","og_locale":"fr_FR","og_type":"article","og_title":"Il est temps de red\u00e9couvrir la confiance d&#39;Arsenal en tant que bras droit","og_description":"Bonjour \u00e0 tous. Andrew est en route pour Lisbonne ce matin, donc je suis l\u00e0 \u00e0 sa place pour nous permettre de nous qualifier pour","og_url":"https:\/\/footdavant.fr\/actualites\/il-est-temps-de-redecouvrir-la-confiance-darsenal-en-tant-que-bras-droit\/","og_site_name":"Foot d&#039;avant","article_publisher":"https:\/\/www.facebook.com\/Footdavant\/","article_published_time":"2026-04-06T18:48:08+00:00","article_modified_time":"2026-04-06T18:48:10+00:00","og_image":[{"width":1500,"height":750,"url":"https:\/\/footdavant.fr\/actualites\/wp-content\/uploads\/2026\/04\/Il-est-temps-de-redecouvrir-la-confiance-d39Arsenal-en-tant.jpg","type":"image\/jpeg"}],"author":"Cl\u00e9ment","twitter_card":"summary_large_image","twitter_creator":"@FootdavantFr","twitter_site":"@FootdavantFr","twitter_misc":{"\u00c9crit par":"Cl\u00e9ment","Dur\u00e9e de lecture estim\u00e9e":"5 minutes"},"schema":{"@context":"https:\/\/schema.org","@graph":[{"@type":"Article","@id":"https:\/\/footdavant.fr\/actualites\/il-est-temps-de-redecouvrir-la-confiance-darsenal-en-tant-que-bras-droit\/#article","isPartOf":{"@id":"https:\/\/footdavant.fr\/actualites\/il-est-temps-de-redecouvrir-la-confiance-darsenal-en-tant-que-bras-droit\/"},"author":{"name":"Cl\u00e9ment","@id":"https:\/\/footdavant.fr\/actualites\/#\/schema\/person\/bc222566d95871b37e597b3ed3ba5e1d"},"headline":"Il est temps de red\u00e9couvrir la confiance d&#39;Arsenal en tant que bras droit","datePublished":"2026-04-06T18:48:08+00:00","dateModified":"2026-04-06T18:48:10+00:00","mainEntityOfPage":{"@id":"https:\/\/footdavant.fr\/actualites\/il-est-temps-de-redecouvrir-la-confiance-darsenal-en-tant-que-bras-droit\/"},"wordCount":1097,"publisher":{"@id":"https:\/\/footdavant.fr\/actualites\/#organization"},"keywords":["bras","confiance","d39Arsenal","droit","est","red\u00e9couvrir","tant","temps"],"articleSection":["Football"],"inLanguage":"fr-FR"},{"@type":"WebPage","@id":"https:\/\/footdavant.fr\/actualites\/il-est-temps-de-redecouvrir-la-confiance-darsenal-en-tant-que-bras-droit\/","url":"https:\/\/footdavant.fr\/actualites\/il-est-temps-de-redecouvrir-la-confiance-darsenal-en-tant-que-bras-droit\/","name":"Il est temps de red\u00e9couvrir la confiance d&#39;Arsenal en tant que bras droit","isPartOf":{"@id":"https:\/\/footdavant.fr\/actualites\/#website"},"datePublished":"2026-04-06T18:48:08+00:00","dateModified":"2026-04-06T18:48:10+00:00","breadcrumb":{"@id":"https:\/\/footdavant.fr\/actualites\/il-est-temps-de-redecouvrir-la-confiance-darsenal-en-tant-que-bras-droit\/#breadcrumb"},"inLanguage":"fr-FR","potentialAction":[{"@type":"ReadAction","target":["https:\/\/footdavant.fr\/actualites\/il-est-temps-de-redecouvrir-la-confiance-darsenal-en-tant-que-bras-droit\/"]}]},{"@type":"BreadcrumbList","@id":"https:\/\/footdavant.fr\/actualites\/il-est-temps-de-redecouvrir-la-confiance-darsenal-en-tant-que-bras-droit\/#breadcrumb","itemListElement":[{"@type":"ListItem","position":1,"name":"Accueil","item":"https:\/\/footdavant.fr\/actualites\/"},{"@type":"ListItem","position":2,"name":"Il est temps de red\u00e9couvrir la confiance d&#39;Arsenal en tant que bras droit"}]},{"@type":"WebSite","@id":"https:\/\/footdavant.fr\/actualites\/#website","url":"https:\/\/footdavant.fr\/actualites\/","name":"Foot d'avant","description":"","publisher":{"@id":"https:\/\/footdavant.fr\/actualites\/#organization"},"potentialAction":[{"@type":"SearchAction","target":{"@type":"EntryPoint","urlTemplate":"https:\/\/footdavant.fr\/actualites\/?s={search_term_string}"},"query-input":"required name=search_term_string"}],"inLanguage":"fr-FR"},{"@type":"Organization","@id":"https:\/\/footdavant.fr\/actualites\/#organization","name":"Foot d'avant","url":"https:\/\/footdavant.fr\/actualites\/","logo":{"@type":"ImageObject","inLanguage":"fr-FR","@id":"https:\/\/footdavant.fr\/actualites\/#\/schema\/logo\/image\/","url":"https:\/\/footdavant.fr\/actualites\/wp-content\/uploads\/2023\/09\/Copy-of-FootDavant-Logo.png","contentUrl":"https:\/\/footdavant.fr\/actualites\/wp-content\/uploads\/2023\/09\/Copy-of-FootDavant-Logo.png","width":936,"height":549,"caption":"Foot d'avant"},"image":{"@id":"https:\/\/footdavant.fr\/actualites\/#\/schema\/logo\/image\/"},"sameAs":["https:\/\/www.facebook.com\/Footdavant\/","https:\/\/twitter.com\/FootdavantFr","https:\/\/www.instagram.com\/footdavant.fr\/"]},{"@type":"Person","@id":"https:\/\/footdavant.fr\/actualites\/#\/schema\/person\/bc222566d95871b37e597b3ed3ba5e1d","name":"Cl\u00e9ment","image":{"@type":"ImageObject","inLanguage":"fr-FR","@id":"https:\/\/footdavant.fr\/actualites\/#\/schema\/person\/image\/","url":"https:\/\/secure.gravatar.com\/avatar\/7728b29aac2719421e1a9159b2254c44?s=96&d=mm&r=g","contentUrl":"https:\/\/secure.gravatar.com\/avatar\/7728b29aac2719421e1a9159b2254c44?s=96&d=mm&r=g","caption":"Cl\u00e9ment"},"sameAs":["https:\/\/footdavant.fr\/"]}]}},"_links":{"self":[{"href":"https:\/\/footdavant.fr\/actualites\/wp-json\/wp\/v2\/posts\/36191"}],"collection":[{"href":"https:\/\/footdavant.fr\/actualites\/wp-json\/wp\/v2\/posts"}],"about":[{"href":"https:\/\/footdavant.fr\/actualites\/wp-json\/wp\/v2\/types\/post"}],"author":[{"embeddable":true,"href":"https:\/\/footdavant.fr\/actualites\/wp-json\/wp\/v2\/users\/1"}],"replies":[{"embeddable":true,"href":"https:\/\/footdavant.fr\/actualites\/wp-json\/wp\/v2\/comments?post=36191"}],"version-history":[{"count":1,"href":"https:\/\/footdavant.fr\/actualites\/wp-json\/wp\/v2\/posts\/36191\/revisions"}],"predecessor-version":[{"id":36193,"href":"https:\/\/footdavant.fr\/actualites\/wp-json\/wp\/v2\/posts\/36191\/revisions\/36193"}],"wp:featuredmedia":[{"embeddable":true,"href":"https:\/\/footdavant.fr\/actualites\/wp-json\/wp\/v2\/media\/36192"}],"wp:attachment":[{"href":"https:\/\/footdavant.fr\/actualites\/wp-json\/wp\/v2\/media?parent=36191"}],"wp:term":[{"taxonomy":"category","embeddable":true,"href":"https:\/\/footdavant.fr\/actualites\/wp-json\/wp\/v2\/categories?post=36191"},{"taxonomy":"post_tag","embeddable":true,"href":"https:\/\/footdavant.fr\/actualites\/wp-json\/wp\/v2\/tags?post=36191"}],"curies":[{"name":"wp","href":"https:\/\/api.w.org\/{rel}","templated":true}]}}