{"id":36200,"date":"2026-04-07T02:48:18","date_gmt":"2026-04-07T00:48:18","guid":{"rendered":"https:\/\/footdavant.fr\/actualites\/nouvelles-du-transfert-de-leeds-united-lattaquant-des-blancs-rejete-par-les-pretendants-de-serie-a-avant-la-fenetre-estivale\/"},"modified":"2026-04-07T02:48:19","modified_gmt":"2026-04-07T00:48:19","slug":"nouvelles-du-transfert-de-leeds-united-lattaquant-des-blancs-rejete-par-les-pretendants-de-serie-a-avant-la-fenetre-estivale","status":"publish","type":"post","link":"https:\/\/footdavant.fr\/actualites\/nouvelles-du-transfert-de-leeds-united-lattaquant-des-blancs-rejete-par-les-pretendants-de-serie-a-avant-la-fenetre-estivale\/","title":{"rendered":"Nouvelles du transfert de Leeds United : l\u2019attaquant des Blancs rejet\u00e9 par les pr\u00e9tendants de Serie A avant la fen\u00eatre estivale ?"},"content":{"rendered":"<div itemprop=\"articleBody\">\n<p>La Fiorentina aurait choisi de ne pas recruter d\u00e9finitivement l&#39;attaquant de Leeds United Jack Harrison pendant le mercato d&#39;\u00e9t\u00e9.<\/p>\n<p>Le joueur de 29 ans a connu une carri\u00e8re mitig\u00e9e avec l&#39;\u00e9quipe merengue, pour laquelle il a disput\u00e9 13 matches de comp\u00e9tition au cours de la premi\u00e8re moiti\u00e9 de la saison 2025-26 avant d&#39;obtenir un pr\u00eat en Serie A en janvier.<\/p>\n<p>Harrison a pass\u00e9 la deuxi\u00e8me p\u00e9riode de cette campagne avec la Fiorentina, qui est au milieu d&#39;une bataille de rel\u00e9gation en bas de la Serie A, actuellement \u00e0 seulement deux points d&#39;avance sur les trois derni\u00e8res places.<\/p>\n<p>Le pr\u00eat\u00e9 de Leeds a perdu sa place dans le onze de d\u00e9part de Viola avant la tr\u00eave internationale, l&#39;ailier n&#39;ayant jou\u00e9 que 21 minutes lors de leur match nul 1-1 contre le leader de la ligue, l&#39;Inter Milan, \u00e0 domicile le 22 mars.<\/p>\n<p>Leeds est pr\u00eat pour une fen\u00eatre estivale charg\u00e9e, quelle que soit la division dans laquelle il se trouve, le d\u00e9fenseur central Pascal Struijk \u00e9tant cens\u00e9 susciter l&#39;int\u00e9r\u00eat des meilleurs clubs d&#39;ailleurs en Premier League.<\/p>\n<div>\n<div>\n<p>\u00a9 Iconsport<\/p>\n<\/div>\n<\/div>\n<h2>L&#39;attaquant de Leeds Harrison snob\u00e9 par la Fiorentina<\/h2>\n<p>Selon un m\u00e9dia italien <em>Corriere dello Sport, <\/em>La Fiorentina a \u00e9labor\u00e9 sa strat\u00e9gie autour de l&#39;homme de Leeds Harrison avant le mercato d&#39;\u00e9t\u00e9, o\u00f9 l&#39;avenir de l&#39;ailier sera chang\u00e9.<\/p>\n<p>Le rapport affirme que le club de Serie A n&#39;a pas \u00e9t\u00e9 impressionn\u00e9 par les contributions du joueur de 29 ans depuis son arriv\u00e9e, l&#39;Anglais n&#39;ayant pas r\u00e9ussi \u00e0 avoir un impact majeur sur les d\u00e9bats de haut niveau.<\/p>\n<p>Il est entendu que la Fiorentina poss\u00e8de une option pour acheter Harrison de mani\u00e8re permanente pour environ 7 millions de livres sterling lors du prochain point d&#39;\u00e9change, bien qu&#39;il semble probable qu&#39;elle rejettera cette offre.<\/p>\n<p>La Viola est particuli\u00e8rement l\u00e9s\u00e9e par les performances de l&#39;attaquant \u00e9tant donn\u00e9 qu&#39;elle a pay\u00e9 l&#39;int\u00e9gralit\u00e9 du salaire du joueur depuis son transfert hivernal du club parent de Leeds.<\/p>\n<p>En huit maigres apparitions en Serie A, Harrison n&#39;a fourni qu&#39;une seule passe d\u00e9cisive \u00e0 la Fiorentina, qui se bat toujours pour \u00e9viter une rel\u00e9gation impensable au deuxi\u00e8me niveau du football italien.<\/p>\n<div>\n<div><img decoding=\"async\" data-img-id=\"158480\" class=\"lazy\" loading=\"lazy\" src=\"https:\/\/footdavant.fr\/actualites\/wp-content\/uploads\/2026\/03\/Nouvelles-du-transfert-de-Leeds-United-les-Blancs-bougent.webp\"\/><\/p>\n<p>\u00a9 Iconsport \/ SPI<\/p>\n<\/div>\n<\/div>\n<h2>Statut d&#39;Elland Road d&#39;Harrison<\/h2>\n<p>Harrison a connu une p\u00e9riode mitig\u00e9e \u00e0 Leeds, quittant le navire lorsque les Blancs ont \u00e9t\u00e9 rel\u00e9gu\u00e9s en championnat, partant rejoindre Everton en Premier League avec un pr\u00eat de deux ans.<\/p>\n<p>Le joueur de 29 ans s&#39;est excus\u00e9 au d\u00e9but de cette saison et semblait pr\u00eat \u00e0 revenir sous les projecteurs d&#39;Elland Road, mais la fen\u00eatre hivernale a apport\u00e9 un autre d\u00e9fi.<\/p>\n<p>Alors qu&#39;Harrison n&#39;a apparemment pas r\u00e9ussi \u00e0 impressionner en Italie, tous les torts ram\u00e8nent au Yorkshire avant la fen\u00eatre estivale.<\/p>\n<\/div>\n","protected":false},"excerpt":{"rendered":"<p>La Fiorentina aurait choisi de ne pas recruter d\u00e9finitivement l&#39;attaquant de Leeds United Jack Harrison pendant le mercato d&#39;\u00e9t\u00e9. Le joueur de 29 ans a<\/p>\n","protected":false},"author":1,"featured_media":36201,"comment_status":"closed","ping_status":"","sticky":false,"template":"","format":"standard","meta":{"footnotes":""},"categories":[5],"tags":[491,10406,12,2908,2446,427,121,93,461,75,3704,1040,705,700,13],"yoast_head":"<!-- This site is optimized with the Yoast SEO plugin v21.0 - https:\/\/yoast.com\/wordpress\/plugins\/seo\/ -->\n<title>Nouvelles du transfert de Leeds United : l\u2019attaquant des Blancs rejet\u00e9 par les pr\u00e9tendants de Serie A avant la fen\u00eatre estivale ?<\/title>\n<meta name=\"robots\" content=\"index, follow, max-snippet:-1, max-image-preview:large, max-video-preview:-1\" \/>\n<link rel=\"canonical\" href=\"https:\/\/footdavant.fr\/actualites\/nouvelles-du-transfert-de-leeds-united-lattaquant-des-blancs-rejete-par-les-pretendants-de-serie-a-avant-la-fenetre-estivale\/\" \/>\n<meta property=\"og:locale\" content=\"fr_FR\" \/>\n<meta property=\"og:type\" content=\"article\" \/>\n<meta property=\"og:title\" content=\"Nouvelles du transfert de Leeds United : l\u2019attaquant des Blancs rejet\u00e9 par les pr\u00e9tendants de Serie A avant la fen\u00eatre estivale ?\" \/>\n<meta property=\"og:description\" content=\"La Fiorentina aurait choisi de ne pas recruter d\u00e9finitivement l&#039;attaquant de Leeds United Jack Harrison pendant le mercato d&#039;\u00e9t\u00e9. Le joueur de 29 ans a\" \/>\n<meta property=\"og:url\" content=\"https:\/\/footdavant.fr\/actualites\/nouvelles-du-transfert-de-leeds-united-lattaquant-des-blancs-rejete-par-les-pretendants-de-serie-a-avant-la-fenetre-estivale\/\" \/>\n<meta property=\"og:site_name\" content=\"Foot d&#039;avant\" \/>\n<meta property=\"article:publisher\" content=\"https:\/\/www.facebook.com\/Footdavant\/\" \/>\n<meta property=\"article:published_time\" content=\"2026-04-07T00:48:18+00:00\" \/>\n<meta property=\"article:modified_time\" content=\"2026-04-07T00:48:19+00:00\" \/>\n<meta property=\"og:image\" content=\"https:\/\/footdavant.fr\/actualites\/wp-content\/uploads\/2026\/04\/Nouvelles-du-transfert-de-Leeds-United-lattaquant-des-Blancs.net2Fuploads2F20262F032Fha-69cc03334636f.webp\" \/>\n\t<meta property=\"og:image:width\" content=\"720\" \/>\n\t<meta property=\"og:image:height\" content=\"410\" \/>\n\t<meta property=\"og:image:type\" content=\"image\/webp\" \/>\n<meta name=\"author\" content=\"Cl\u00e9ment\" \/>\n<meta name=\"twitter:card\" content=\"summary_large_image\" \/>\n<meta name=\"twitter:creator\" content=\"@FootdavantFr\" \/>\n<meta name=\"twitter:site\" content=\"@FootdavantFr\" \/>\n<meta name=\"twitter:label1\" content=\"\u00c9crit par\" \/>\n\t<meta name=\"twitter:data1\" content=\"Cl\u00e9ment\" \/>\n\t<meta name=\"twitter:label2\" content=\"Dur\u00e9e de lecture estim\u00e9e\" \/>\n\t<meta name=\"twitter:data2\" content=\"2 minutes\" \/>\n<script type=\"application\/ld+json\" class=\"yoast-schema-graph\">{\"@context\":\"https:\/\/schema.org\",\"@graph\":[{\"@type\":\"Article\",\"@id\":\"https:\/\/footdavant.fr\/actualites\/nouvelles-du-transfert-de-leeds-united-lattaquant-des-blancs-rejete-par-les-pretendants-de-serie-a-avant-la-fenetre-estivale\/#article\",\"isPartOf\":{\"@id\":\"https:\/\/footdavant.fr\/actualites\/nouvelles-du-transfert-de-leeds-united-lattaquant-des-blancs-rejete-par-les-pretendants-de-serie-a-avant-la-fenetre-estivale\/\"},\"author\":{\"name\":\"Cl\u00e9ment\",\"@id\":\"https:\/\/footdavant.fr\/actualites\/#\/schema\/person\/bc222566d95871b37e597b3ed3ba5e1d\"},\"headline\":\"Nouvelles du transfert de Leeds United : l\u2019attaquant des Blancs rejet\u00e9 par les pr\u00e9tendants de Serie A avant la fen\u00eatre estivale ?\",\"datePublished\":\"2026-04-07T00:48:18+00:00\",\"dateModified\":\"2026-04-07T00:48:19+00:00\",\"mainEntityOfPage\":{\"@id\":\"https:\/\/footdavant.fr\/actualites\/nouvelles-du-transfert-de-leeds-united-lattaquant-des-blancs-rejete-par-les-pretendants-de-serie-a-avant-la-fenetre-estivale\/\"},\"wordCount\":523,\"publisher\":{\"@id\":\"https:\/\/footdavant.fr\/actualites\/#organization\"},\"keywords\":[\"avant\",\"Blancs\",\"des\",\"estivale\",\"fen\u00eatre\",\"lattaquant\",\"Leeds\",\"les\",\"Nouvelles\",\"par\",\"pr\u00e9tendants\",\"rejet\u00e9\",\"s\u00e9rie\",\"transfert\",\"United\"],\"articleSection\":[\"Premier League\"],\"inLanguage\":\"fr-FR\"},{\"@type\":\"WebPage\",\"@id\":\"https:\/\/footdavant.fr\/actualites\/nouvelles-du-transfert-de-leeds-united-lattaquant-des-blancs-rejete-par-les-pretendants-de-serie-a-avant-la-fenetre-estivale\/\",\"url\":\"https:\/\/footdavant.fr\/actualites\/nouvelles-du-transfert-de-leeds-united-lattaquant-des-blancs-rejete-par-les-pretendants-de-serie-a-avant-la-fenetre-estivale\/\",\"name\":\"Nouvelles du transfert de Leeds United : l\u2019attaquant des Blancs rejet\u00e9 par les pr\u00e9tendants de Serie A avant la fen\u00eatre estivale ?\",\"isPartOf\":{\"@id\":\"https:\/\/footdavant.fr\/actualites\/#website\"},\"datePublished\":\"2026-04-07T00:48:18+00:00\",\"dateModified\":\"2026-04-07T00:48:19+00:00\",\"breadcrumb\":{\"@id\":\"https:\/\/footdavant.fr\/actualites\/nouvelles-du-transfert-de-leeds-united-lattaquant-des-blancs-rejete-par-les-pretendants-de-serie-a-avant-la-fenetre-estivale\/#breadcrumb\"},\"inLanguage\":\"fr-FR\",\"potentialAction\":[{\"@type\":\"ReadAction\",\"target\":[\"https:\/\/footdavant.fr\/actualites\/nouvelles-du-transfert-de-leeds-united-lattaquant-des-blancs-rejete-par-les-pretendants-de-serie-a-avant-la-fenetre-estivale\/\"]}]},{\"@type\":\"BreadcrumbList\",\"@id\":\"https:\/\/footdavant.fr\/actualites\/nouvelles-du-transfert-de-leeds-united-lattaquant-des-blancs-rejete-par-les-pretendants-de-serie-a-avant-la-fenetre-estivale\/#breadcrumb\",\"itemListElement\":[{\"@type\":\"ListItem\",\"position\":1,\"name\":\"Accueil\",\"item\":\"https:\/\/footdavant.fr\/actualites\/\"},{\"@type\":\"ListItem\",\"position\":2,\"name\":\"Nouvelles du transfert de Leeds United : l\u2019attaquant des Blancs rejet\u00e9 par les pr\u00e9tendants de Serie A avant la fen\u00eatre estivale ?\"}]},{\"@type\":\"WebSite\",\"@id\":\"https:\/\/footdavant.fr\/actualites\/#website\",\"url\":\"https:\/\/footdavant.fr\/actualites\/\",\"name\":\"Foot d'avant\",\"description\":\"\",\"publisher\":{\"@id\":\"https:\/\/footdavant.fr\/actualites\/#organization\"},\"potentialAction\":[{\"@type\":\"SearchAction\",\"target\":{\"@type\":\"EntryPoint\",\"urlTemplate\":\"https:\/\/footdavant.fr\/actualites\/?s={search_term_string}\"},\"query-input\":\"required name=search_term_string\"}],\"inLanguage\":\"fr-FR\"},{\"@type\":\"Organization\",\"@id\":\"https:\/\/footdavant.fr\/actualites\/#organization\",\"name\":\"Foot d'avant\",\"url\":\"https:\/\/footdavant.fr\/actualites\/\",\"logo\":{\"@type\":\"ImageObject\",\"inLanguage\":\"fr-FR\",\"@id\":\"https:\/\/footdavant.fr\/actualites\/#\/schema\/logo\/image\/\",\"url\":\"https:\/\/footdavant.fr\/actualites\/wp-content\/uploads\/2023\/09\/Copy-of-FootDavant-Logo.png\",\"contentUrl\":\"https:\/\/footdavant.fr\/actualites\/wp-content\/uploads\/2023\/09\/Copy-of-FootDavant-Logo.png\",\"width\":936,\"height\":549,\"caption\":\"Foot d'avant\"},\"image\":{\"@id\":\"https:\/\/footdavant.fr\/actualites\/#\/schema\/logo\/image\/\"},\"sameAs\":[\"https:\/\/www.facebook.com\/Footdavant\/\",\"https:\/\/twitter.com\/FootdavantFr\",\"https:\/\/www.instagram.com\/footdavant.fr\/\"]},{\"@type\":\"Person\",\"@id\":\"https:\/\/footdavant.fr\/actualites\/#\/schema\/person\/bc222566d95871b37e597b3ed3ba5e1d\",\"name\":\"Cl\u00e9ment\",\"image\":{\"@type\":\"ImageObject\",\"inLanguage\":\"fr-FR\",\"@id\":\"https:\/\/footdavant.fr\/actualites\/#\/schema\/person\/image\/\",\"url\":\"https:\/\/secure.gravatar.com\/avatar\/7728b29aac2719421e1a9159b2254c44?s=96&d=mm&r=g\",\"contentUrl\":\"https:\/\/secure.gravatar.com\/avatar\/7728b29aac2719421e1a9159b2254c44?s=96&d=mm&r=g\",\"caption\":\"Cl\u00e9ment\"},\"sameAs\":[\"https:\/\/footdavant.fr\/\"]}]}<\/script>\n<!-- \/ Yoast SEO plugin. -->","yoast_head_json":{"title":"Nouvelles du transfert de Leeds United : l\u2019attaquant des Blancs rejet\u00e9 par les pr\u00e9tendants de Serie A avant la fen\u00eatre estivale ?","robots":{"index":"index","follow":"follow","max-snippet":"max-snippet:-1","max-image-preview":"max-image-preview:large","max-video-preview":"max-video-preview:-1"},"canonical":"https:\/\/footdavant.fr\/actualites\/nouvelles-du-transfert-de-leeds-united-lattaquant-des-blancs-rejete-par-les-pretendants-de-serie-a-avant-la-fenetre-estivale\/","og_locale":"fr_FR","og_type":"article","og_title":"Nouvelles du transfert de Leeds United : l\u2019attaquant des Blancs rejet\u00e9 par les pr\u00e9tendants de Serie A avant la fen\u00eatre estivale ?","og_description":"La Fiorentina aurait choisi de ne pas recruter d\u00e9finitivement l&#39;attaquant de Leeds United Jack Harrison pendant le mercato d&#39;\u00e9t\u00e9. Le joueur de 29 ans a","og_url":"https:\/\/footdavant.fr\/actualites\/nouvelles-du-transfert-de-leeds-united-lattaquant-des-blancs-rejete-par-les-pretendants-de-serie-a-avant-la-fenetre-estivale\/","og_site_name":"Foot d&#039;avant","article_publisher":"https:\/\/www.facebook.com\/Footdavant\/","article_published_time":"2026-04-07T00:48:18+00:00","article_modified_time":"2026-04-07T00:48:19+00:00","og_image":[{"width":720,"height":410,"url":"https:\/\/footdavant.fr\/actualites\/wp-content\/uploads\/2026\/04\/Nouvelles-du-transfert-de-Leeds-United-lattaquant-des-Blancs.net2Fuploads2F20262F032Fha-69cc03334636f.webp","type":"image\/webp"}],"author":"Cl\u00e9ment","twitter_card":"summary_large_image","twitter_creator":"@FootdavantFr","twitter_site":"@FootdavantFr","twitter_misc":{"\u00c9crit par":"Cl\u00e9ment","Dur\u00e9e de lecture estim\u00e9e":"2 minutes"},"schema":{"@context":"https:\/\/schema.org","@graph":[{"@type":"Article","@id":"https:\/\/footdavant.fr\/actualites\/nouvelles-du-transfert-de-leeds-united-lattaquant-des-blancs-rejete-par-les-pretendants-de-serie-a-avant-la-fenetre-estivale\/#article","isPartOf":{"@id":"https:\/\/footdavant.fr\/actualites\/nouvelles-du-transfert-de-leeds-united-lattaquant-des-blancs-rejete-par-les-pretendants-de-serie-a-avant-la-fenetre-estivale\/"},"author":{"name":"Cl\u00e9ment","@id":"https:\/\/footdavant.fr\/actualites\/#\/schema\/person\/bc222566d95871b37e597b3ed3ba5e1d"},"headline":"Nouvelles du transfert de Leeds United : l\u2019attaquant des Blancs rejet\u00e9 par les pr\u00e9tendants de Serie A avant la fen\u00eatre estivale ?","datePublished":"2026-04-07T00:48:18+00:00","dateModified":"2026-04-07T00:48:19+00:00","mainEntityOfPage":{"@id":"https:\/\/footdavant.fr\/actualites\/nouvelles-du-transfert-de-leeds-united-lattaquant-des-blancs-rejete-par-les-pretendants-de-serie-a-avant-la-fenetre-estivale\/"},"wordCount":523,"publisher":{"@id":"https:\/\/footdavant.fr\/actualites\/#organization"},"keywords":["avant","Blancs","des","estivale","fen\u00eatre","lattaquant","Leeds","les","Nouvelles","par","pr\u00e9tendants","rejet\u00e9","s\u00e9rie","transfert","United"],"articleSection":["Premier League"],"inLanguage":"fr-FR"},{"@type":"WebPage","@id":"https:\/\/footdavant.fr\/actualites\/nouvelles-du-transfert-de-leeds-united-lattaquant-des-blancs-rejete-par-les-pretendants-de-serie-a-avant-la-fenetre-estivale\/","url":"https:\/\/footdavant.fr\/actualites\/nouvelles-du-transfert-de-leeds-united-lattaquant-des-blancs-rejete-par-les-pretendants-de-serie-a-avant-la-fenetre-estivale\/","name":"Nouvelles du transfert de Leeds United : l\u2019attaquant des Blancs rejet\u00e9 par les pr\u00e9tendants de Serie A avant la fen\u00eatre estivale ?","isPartOf":{"@id":"https:\/\/footdavant.fr\/actualites\/#website"},"datePublished":"2026-04-07T00:48:18+00:00","dateModified":"2026-04-07T00:48:19+00:00","breadcrumb":{"@id":"https:\/\/footdavant.fr\/actualites\/nouvelles-du-transfert-de-leeds-united-lattaquant-des-blancs-rejete-par-les-pretendants-de-serie-a-avant-la-fenetre-estivale\/#breadcrumb"},"inLanguage":"fr-FR","potentialAction":[{"@type":"ReadAction","target":["https:\/\/footdavant.fr\/actualites\/nouvelles-du-transfert-de-leeds-united-lattaquant-des-blancs-rejete-par-les-pretendants-de-serie-a-avant-la-fenetre-estivale\/"]}]},{"@type":"BreadcrumbList","@id":"https:\/\/footdavant.fr\/actualites\/nouvelles-du-transfert-de-leeds-united-lattaquant-des-blancs-rejete-par-les-pretendants-de-serie-a-avant-la-fenetre-estivale\/#breadcrumb","itemListElement":[{"@type":"ListItem","position":1,"name":"Accueil","item":"https:\/\/footdavant.fr\/actualites\/"},{"@type":"ListItem","position":2,"name":"Nouvelles du transfert de Leeds United : l\u2019attaquant des Blancs rejet\u00e9 par les pr\u00e9tendants de Serie A avant la fen\u00eatre estivale ?"}]},{"@type":"WebSite","@id":"https:\/\/footdavant.fr\/actualites\/#website","url":"https:\/\/footdavant.fr\/actualites\/","name":"Foot d'avant","description":"","publisher":{"@id":"https:\/\/footdavant.fr\/actualites\/#organization"},"potentialAction":[{"@type":"SearchAction","target":{"@type":"EntryPoint","urlTemplate":"https:\/\/footdavant.fr\/actualites\/?s={search_term_string}"},"query-input":"required name=search_term_string"}],"inLanguage":"fr-FR"},{"@type":"Organization","@id":"https:\/\/footdavant.fr\/actualites\/#organization","name":"Foot d'avant","url":"https:\/\/footdavant.fr\/actualites\/","logo":{"@type":"ImageObject","inLanguage":"fr-FR","@id":"https:\/\/footdavant.fr\/actualites\/#\/schema\/logo\/image\/","url":"https:\/\/footdavant.fr\/actualites\/wp-content\/uploads\/2023\/09\/Copy-of-FootDavant-Logo.png","contentUrl":"https:\/\/footdavant.fr\/actualites\/wp-content\/uploads\/2023\/09\/Copy-of-FootDavant-Logo.png","width":936,"height":549,"caption":"Foot d'avant"},"image":{"@id":"https:\/\/footdavant.fr\/actualites\/#\/schema\/logo\/image\/"},"sameAs":["https:\/\/www.facebook.com\/Footdavant\/","https:\/\/twitter.com\/FootdavantFr","https:\/\/www.instagram.com\/footdavant.fr\/"]},{"@type":"Person","@id":"https:\/\/footdavant.fr\/actualites\/#\/schema\/person\/bc222566d95871b37e597b3ed3ba5e1d","name":"Cl\u00e9ment","image":{"@type":"ImageObject","inLanguage":"fr-FR","@id":"https:\/\/footdavant.fr\/actualites\/#\/schema\/person\/image\/","url":"https:\/\/secure.gravatar.com\/avatar\/7728b29aac2719421e1a9159b2254c44?s=96&d=mm&r=g","contentUrl":"https:\/\/secure.gravatar.com\/avatar\/7728b29aac2719421e1a9159b2254c44?s=96&d=mm&r=g","caption":"Cl\u00e9ment"},"sameAs":["https:\/\/footdavant.fr\/"]}]}},"_links":{"self":[{"href":"https:\/\/footdavant.fr\/actualites\/wp-json\/wp\/v2\/posts\/36200"}],"collection":[{"href":"https:\/\/footdavant.fr\/actualites\/wp-json\/wp\/v2\/posts"}],"about":[{"href":"https:\/\/footdavant.fr\/actualites\/wp-json\/wp\/v2\/types\/post"}],"author":[{"embeddable":true,"href":"https:\/\/footdavant.fr\/actualites\/wp-json\/wp\/v2\/users\/1"}],"replies":[{"embeddable":true,"href":"https:\/\/footdavant.fr\/actualites\/wp-json\/wp\/v2\/comments?post=36200"}],"version-history":[{"count":1,"href":"https:\/\/footdavant.fr\/actualites\/wp-json\/wp\/v2\/posts\/36200\/revisions"}],"predecessor-version":[{"id":36202,"href":"https:\/\/footdavant.fr\/actualites\/wp-json\/wp\/v2\/posts\/36200\/revisions\/36202"}],"wp:featuredmedia":[{"embeddable":true,"href":"https:\/\/footdavant.fr\/actualites\/wp-json\/wp\/v2\/media\/36201"}],"wp:attachment":[{"href":"https:\/\/footdavant.fr\/actualites\/wp-json\/wp\/v2\/media?parent=36200"}],"wp:term":[{"taxonomy":"category","embeddable":true,"href":"https:\/\/footdavant.fr\/actualites\/wp-json\/wp\/v2\/categories?post=36200"},{"taxonomy":"post_tag","embeddable":true,"href":"https:\/\/footdavant.fr\/actualites\/wp-json\/wp\/v2\/tags?post=36200"}],"curies":[{"name":"wp","href":"https:\/\/api.w.org\/{rel}","templated":true}]}}