{"id":36203,"date":"2026-04-07T04:48:10","date_gmt":"2026-04-07T02:48:10","guid":{"rendered":"https:\/\/footdavant.fr\/actualites\/aston-villa-europa-league-calendrier-equipe-2025-26\/"},"modified":"2026-04-07T04:48:12","modified_gmt":"2026-04-07T02:48:12","slug":"aston-villa-europa-league-calendrier-equipe-2025-26","status":"publish","type":"post","link":"https:\/\/footdavant.fr\/actualites\/aston-villa-europa-league-calendrier-equipe-2025-26\/","title":{"rendered":"Aston Villa Europa League, calendrier, \u00e9quipe 2025\/26"},"content":{"rendered":"<div>\n<p>Apr\u00e8s avoir rat\u00e9 des qualifications cons\u00e9cutives en Ligue des champions \u00e0 la diff\u00e9rence de buts, Aston Villa participe \u00e0 la Ligue Europa pour la premi\u00e8re fois depuis que la comp\u00e9tition a \u00e9t\u00e9 rebaptis\u00e9e Coupe UEFA en 2009.<\/p>\n<p>Les Villans n&#39;ont jamais d\u00e9pass\u00e9 les quarts de finale mais ont atteint les huiti\u00e8mes de finale en 2008\/09, s&#39;inclinant face au CSKA Moscou en 16es de finale.<\/p>\n<p>Apr\u00e8s avoir perdu de peu face au futur vainqueur, le Paris Saint-Germain, en quarts de finale de la Ligue des champions la saison derni\u00e8re, l&#39;\u00e9quipe de Premier League a d\u00e9but\u00e9 la Ligue Europa 2025\/26 en tant que favorite pour remporter le troph\u00e9e.<\/p>\n<p>D\u00e9couvrez les calendriers, les r\u00e9sultats et l&#39;\u00e9quipe d&#39;Aston Villa pour la Ligue Europa 2025\/26 et jetez un \u0153il au calendrier.<\/p>\n<figure class=\"wp-block-image size-large\"><picture decoding=\"async\" class=\"wp-image-104252\"><source type=\"image\/webp\" data-lazy- \/><img loading=\"lazy\" decoding=\"async\" width=\"1024\" height=\"576\" src=\"https:\/\/footdavant.fr\/actualites\/wp-content\/uploads\/2026\/04\/Aston-Villa-Europa-League-calendrier-equipe-202526.jpg\" alt=\"Footballeurs jouant pour l&#39;Aston Villa Football Club\"  \/>\n<\/picture>\n<\/figure>\n<h2 class=\"wp-block-heading\"><span id=\"Aston_Villa_Europa_League_fixtures_results_202526\">Aston Villa Ligue Europa calendrier, r\u00e9sultats 2025\/26<\/span><\/h2>\n<p>Voici \u00e0 quoi ressemblent les calendriers et les r\u00e9sultats de Villa. Ils affronteront Bologne en quarts de finale (les deux matchs \u00e0 20h00 BST) et Nottingham Forest ou Porto dans une potentielle demi-finale.<\/p>\n<figure class=\"wp-block-table\">\n<table class=\"has-fixed-layout\">\n<thead>\n<tr>\n<td><\/td>\n<td><\/td>\n<td><\/td>\n<td><\/td>\n<\/tr>\n<\/thead>\n<tbody>\n<tr>\n<td>16 avril 2026<\/td>\n<td>Bologne (A)<\/td>\n<td>Quart de finale retour<\/td>\n<td\/><\/tr>\n<tr>\n<td>9 avril 2026<\/td>\n<td>Bologne (H)<\/td>\n<td>Quart de finale aller<\/td>\n<td\/><\/tr>\n<tr>\n<td>19 mars 2026<\/td>\n<td>Lille (H)<\/td>\n<td>Huiti\u00e8mes de finale retour<\/td>\n<td><\/td>\n<\/tr>\n<tr>\n<td>12 mars 2026<\/td>\n<td>Lille (A)<\/td>\n<td>Huiti\u00e8mes de finale aller<\/td>\n<td><\/td>\n<\/tr>\n<tr>\n<td>29 janvier 2026<\/td>\n<td>Salzbourg (H)<\/td>\n<td>Phase de championnat<\/td>\n<td><\/td>\n<\/tr>\n<tr>\n<td>22 janvier 2026<\/td>\n<td>Fenerbah\u00e7e (A)<\/td>\n<td>Phase de championnat<\/td>\n<td><\/td>\n<\/tr>\n<tr>\n<td>11 d\u00e9cembre 2025<\/td>\n<td>B\u00e2le (A)<\/td>\n<td>Phase de championnat<\/td>\n<td><\/td>\n<\/tr>\n<tr>\n<td>27 novembre 2025<\/td>\n<td>Jeunes gar\u00e7ons (H)<\/td>\n<td>Phase de championnat<\/td>\n<td><\/td>\n<\/tr>\n<tr>\n<td>6 novembre 2025<\/td>\n<td>Maccabi Tel-Aviv (H)<\/td>\n<td>Phase de championnat<\/td>\n<td><\/td>\n<\/tr>\n<tr>\n<td>23 octobre 2025<\/td>\n<td>Allez-y Eagles (A)<\/td>\n<td>Phase de championnat<\/td>\n<td><\/td>\n<\/tr>\n<tr>\n<td>2 octobre 2025<\/td>\n<td>Feyenoord (A)<\/td>\n<td>Phase de championnat<\/td>\n<td><\/td>\n<\/tr>\n<tr>\n<td>25 septembre 2025<\/td>\n<td>Bologne (H)<\/td>\n<td>Phase de championnat<\/td>\n<td><\/td>\n<\/tr>\n<\/tbody>\n<\/table>\n<\/figure>\n<p>Vous pouvez voir la tranche compl\u00e8te de la Ligue Europa ici.<\/p>\n<figure class=\"wp-block-image size-large\"><picture decoding=\"async\" class=\"wp-image-114047\"><source type=\"image\/webp\" data-lazy- \/><img loading=\"lazy\" decoding=\"async\" width=\"1024\" height=\"576\" http:=\"\" alt=\"John McGinn, milieu de terrain d&#39;Aston Villa\"  data-lazy- src=\"https:\/\/footdavant.fr\/actualites\/wp-content\/uploads\/2026\/04\/1775530090_619_Aston-Villa-Europa-League-calendrier-equipe-202526.jpg\"\/><img loading=\"lazy\" decoding=\"async\" width=\"1024\" height=\"576\" src=\"https:\/\/footdavant.fr\/actualites\/wp-content\/uploads\/2026\/04\/1775530090_619_Aston-Villa-Europa-League-calendrier-equipe-202526.jpg\" alt=\"John McGinn, milieu de terrain d&#39;Aston Villa\"  \/>\n<\/picture>\n<\/figure>\n<h2 class=\"wp-block-heading\"><span id=\"Aston_Villa_Europa_League_squad_202526\">Aston Villa Ligue Europa effectif 2025\/26<\/span><\/h2>\n<p>Il s&#39;agissait de l&#39;\u00e9quipe de Villa&#39;s List A de la Ligue Europa inscrite d\u00e8s les huiti\u00e8mes de finale en f\u00e9vrier 2026.<\/p>\n<figure class=\"wp-block-table\">\n<table class=\"has-fixed-layout\">\n<thead>\n<tr>\n<td><\/td>\n<td><\/td>\n<\/tr>\n<\/thead>\n<tbody>\n<tr>\n<td>Gardiens de but<\/td>\n<td>Emiliano Mart\u00ednez, Marco Bizot<\/td>\n<\/tr>\n<tr>\n<td>D\u00e9fenseurs<\/td>\n<td>Matty Cash, Victor Lindelof, Ezri Konsa, Tyrone Mings, Lucas Digne, Pau Torres, Andres Garcia, Ian Maatsen<\/td>\n<\/tr>\n<tr>\n<td>Milieu de terrain<\/td>\n<td>John McGinn, Youri Tielemans, Jadon Sancho, Amadou Onana, Douglas Luiz, Harvey Elliott, Morgan Rogers<\/td>\n<\/tr>\n<tr>\n<td>Attaquants<\/td>\n<td>Emiliano Buendia, Ollie Watkins, Tammy Abraham, Leon Bailey<\/td>\n<\/tr>\n<\/tbody>\n<\/table>\n<\/figure>\n<p>Les inscriptions sur la liste B, compos\u00e9e de joueurs n\u00e9s apr\u00e8s le 1er janvier 2004 et \u00e9ligibles pour jouer pour le club pendant une p\u00e9riode ininterrompue de deux ans \u00e0 compter de leur 15e anniversaire, peuvent \u00e9galement \u00eatre d\u00e9pos\u00e9es jusqu&#39;\u00e0 minuit avant chaque match.<\/p>\n<p>Des personnalit\u00e9s comme Lamare Bogarde et James Wright figurent sur cette liste.<\/p>\n<h2 class=\"wp-block-heading\"><span id=\"Aston_Villa_Europa_League_schedule_202526\">Aston Villa Ligue Europa calendrier 2025\/26<\/span><\/h2>\n<p>Contrairement \u00e0 la pr\u00e9c\u00e9dente phase de groupes organis\u00e9e jusqu&#39;en 2023\/24, chaque \u00e9quipe dispute d\u00e9sormais huit matches en phase de championnat, tous contre des adversaires diff\u00e9rents.<\/p>\n<p>Les huit meilleures \u00e9quipes du classement se qualifient automatiquement pour les huiti\u00e8mes de finale. Les \u00e9quipes terminant de la neuvi\u00e8me \u00e0 la 24e place s&#39;affronteront dans des barrages aller-retour en phase \u00e0 \u00e9limination directe pour atteindre les huiti\u00e8mes de finale.<\/p>\n<p>Les \u00e9quipes terminant 25e ou moins \u00e9taient hors d&#39;Europe pour la saison.<\/p>\n<figure class=\"wp-block-table\">\n<table class=\"has-fixed-layout\">\n<tbody>\n<tr>\n<td><\/td>\n<td><\/td>\n<\/tr>\n<tr>\n<td>Huiti\u00e8mes de finale<\/td>\n<td>12 et 19 mars<\/td>\n<\/tr>\n<tr>\n<td>Quarts de finale<\/td>\n<td>9 et 16 avril<\/td>\n<\/tr>\n<tr>\n<td>Demi-finales<\/td>\n<td>30 avril et 7 mai<\/td>\n<\/tr>\n<tr>\n<td>Final<\/td>\n<td>20 mai 2026<\/td>\n<\/tr>\n<\/tbody>\n<\/table>\n<\/figure>\n<h2 class=\"wp-block-heading\"><span id=\"Which_English_clubs_are_in_the_Europa_League_202526\">Quels clubs anglais participent \u00e0 la Ligue Europa 2025\/26 ?<\/span><\/h2>\n<p>Villa s&#39;est qualifi\u00e9e en terminant sixi\u00e8me en 2024\/25, m\u00eame si elle aurait \u00e9t\u00e9 en Ligue des champions s&#39;elle n&#39;avait pas perdu \u00e0 Manchester United lors de la derni\u00e8re journ\u00e9e.<\/p>\n<p>La participation de Nottingham Forest intervient apr\u00e8s qu&#39;ils ont \u00e9t\u00e9 promus de la Conference League en raison d&#39;une d\u00e9cision de l&#39;UEFA contre le vainqueur de la FA Cup Crystal Palace, confirm\u00e9e par le Tribunal arbitral du sport.<\/p>\n<h2 class=\"wp-block-heading\"><span id=\"When_is_the_Europa_League_final\">Quand a lieu la finale de la Ligue Europa ?<\/span><\/h2>\n<p>La finale aura lieu le 20 mai 2026 au stade Besiktas, domicile du Besiktas, 16 fois champion de Turquie.<\/p>\n<p>Le stade a accueilli une finale spectaculaire de la Super Coupe 2019, Chelsea et Liverpool marquant chacun un but pendant le temps r\u00e9glementaire et la prolongation avant que les Reds ne s&#39;imposent aux tirs au but apr\u00e8s le match nul 2-2.<\/p>\n<h2 class=\"wp-block-heading\"><span id=\"How_to_watch_Aston_Villa_in_the_Europa_League_TV_channel_stream\">Comment regarder Aston Villa en Ligue Europa : cha\u00eene de t\u00e9l\u00e9vision, streaming<\/span><\/h2>\n<p>TNT Sports d\u00e9tient les droits de diffusion en direct de la Ligue Europa au Royaume-Uni.<\/p>\n<p>TNT Sports co\u00fbte 30,99 \u00a3 par mois, Eurosport et divertissement compris, et disponible sur une vaste gamme d&#39;appareils, notamment les t\u00e9l\u00e9viseurs intelligents et les consoles de jeux. \u00c0 partir du 26 mars, le streaming de TNT Sports passera de Discovery Plus \u00e0 HBO Max.<\/p>\n<h2 class=\"wp-block-heading\"><span id=\"How_to_live_stream_Aston_Villa_Champions_League_games_online\">Comment diffuser en direct les matchs de la Ligue des Champions d&#39;Aston Villa en ligne<\/span><\/h2>\n<p>L&#39;application d\u00e9di\u00e9e du diffuseur permettant aux fans de diffuser les jeux en direct est Discovery Plus, qui passe \u00e0 HBO Max \u00e0 partir du 26 mars.<\/p>\n<p>L&#39;application est disponible sur une vaste gamme d&#39;appareils, notamment les t\u00e9l\u00e9viseurs intelligents et les consoles de jeux.<\/p>\n<\/p><\/div>\n","protected":false},"excerpt":{"rendered":"<p>Apr\u00e8s avoir rat\u00e9 des qualifications cons\u00e9cutives en Ligue des champions \u00e0 la diff\u00e9rence de buts, Aston Villa participe \u00e0 la Ligue Europa pour la premi\u00e8re<\/p>\n","protected":false},"author":1,"featured_media":36204,"comment_status":"closed","ping_status":"","sticky":false,"template":"","format":"standard","meta":{"footnotes":""},"categories":[3],"tags":[369,634,28,761,202,370],"yoast_head":"<!-- This site is optimized with the Yoast SEO plugin v21.0 - https:\/\/yoast.com\/wordpress\/plugins\/seo\/ -->\n<title>Aston Villa Europa League, calendrier, \u00e9quipe 2025\/26<\/title>\n<meta name=\"robots\" content=\"index, follow, max-snippet:-1, max-image-preview:large, max-video-preview:-1\" \/>\n<link rel=\"canonical\" href=\"https:\/\/footdavant.fr\/actualites\/aston-villa-europa-league-calendrier-equipe-2025-26\/\" \/>\n<meta property=\"og:locale\" content=\"fr_FR\" \/>\n<meta property=\"og:type\" content=\"article\" \/>\n<meta property=\"og:title\" content=\"Aston Villa Europa League, calendrier, \u00e9quipe 2025\/26\" \/>\n<meta property=\"og:description\" content=\"Apr\u00e8s avoir rat\u00e9 des qualifications cons\u00e9cutives en Ligue des champions \u00e0 la diff\u00e9rence de buts, Aston Villa participe \u00e0 la Ligue Europa pour la premi\u00e8re\" \/>\n<meta property=\"og:url\" content=\"https:\/\/footdavant.fr\/actualites\/aston-villa-europa-league-calendrier-equipe-2025-26\/\" \/>\n<meta property=\"og:site_name\" content=\"Foot d&#039;avant\" \/>\n<meta property=\"article:publisher\" content=\"https:\/\/www.facebook.com\/Footdavant\/\" \/>\n<meta property=\"article:published_time\" content=\"2026-04-07T02:48:10+00:00\" \/>\n<meta property=\"article:modified_time\" content=\"2026-04-07T02:48:12+00:00\" \/>\n<meta property=\"og:image\" content=\"https:\/\/footdavant.fr\/actualites\/wp-content\/uploads\/2026\/04\/1775530091_Aston-Villa-Europa-League-calendrier-equipe-202526.jpg\" \/>\n\t<meta property=\"og:image:width\" content=\"1200\" \/>\n\t<meta property=\"og:image:height\" content=\"676\" \/>\n\t<meta property=\"og:image:type\" content=\"image\/jpeg\" \/>\n<meta name=\"author\" content=\"Cl\u00e9ment\" \/>\n<meta name=\"twitter:card\" content=\"summary_large_image\" \/>\n<meta name=\"twitter:creator\" content=\"@FootdavantFr\" \/>\n<meta name=\"twitter:site\" content=\"@FootdavantFr\" \/>\n<meta name=\"twitter:label1\" content=\"\u00c9crit par\" \/>\n\t<meta name=\"twitter:data1\" content=\"Cl\u00e9ment\" \/>\n\t<meta name=\"twitter:label2\" content=\"Dur\u00e9e de lecture estim\u00e9e\" \/>\n\t<meta name=\"twitter:data2\" content=\"4 minutes\" \/>\n<script type=\"application\/ld+json\" class=\"yoast-schema-graph\">{\"@context\":\"https:\/\/schema.org\",\"@graph\":[{\"@type\":\"Article\",\"@id\":\"https:\/\/footdavant.fr\/actualites\/aston-villa-europa-league-calendrier-equipe-2025-26\/#article\",\"isPartOf\":{\"@id\":\"https:\/\/footdavant.fr\/actualites\/aston-villa-europa-league-calendrier-equipe-2025-26\/\"},\"author\":{\"name\":\"Cl\u00e9ment\",\"@id\":\"https:\/\/footdavant.fr\/actualites\/#\/schema\/person\/bc222566d95871b37e597b3ed3ba5e1d\"},\"headline\":\"Aston Villa Europa League, calendrier, \u00e9quipe 2025\/26\",\"datePublished\":\"2026-04-07T02:48:10+00:00\",\"dateModified\":\"2026-04-07T02:48:12+00:00\",\"mainEntityOfPage\":{\"@id\":\"https:\/\/footdavant.fr\/actualites\/aston-villa-europa-league-calendrier-equipe-2025-26\/\"},\"wordCount\":820,\"publisher\":{\"@id\":\"https:\/\/footdavant.fr\/actualites\/#organization\"},\"keywords\":[\"Aston\",\"calendrier\",\"\u00c9quipe\",\"Europa\",\"League\",\"Villa\"],\"articleSection\":[\"Football\"],\"inLanguage\":\"fr-FR\"},{\"@type\":\"WebPage\",\"@id\":\"https:\/\/footdavant.fr\/actualites\/aston-villa-europa-league-calendrier-equipe-2025-26\/\",\"url\":\"https:\/\/footdavant.fr\/actualites\/aston-villa-europa-league-calendrier-equipe-2025-26\/\",\"name\":\"Aston Villa Europa League, calendrier, \u00e9quipe 2025\/26\",\"isPartOf\":{\"@id\":\"https:\/\/footdavant.fr\/actualites\/#website\"},\"datePublished\":\"2026-04-07T02:48:10+00:00\",\"dateModified\":\"2026-04-07T02:48:12+00:00\",\"breadcrumb\":{\"@id\":\"https:\/\/footdavant.fr\/actualites\/aston-villa-europa-league-calendrier-equipe-2025-26\/#breadcrumb\"},\"inLanguage\":\"fr-FR\",\"potentialAction\":[{\"@type\":\"ReadAction\",\"target\":[\"https:\/\/footdavant.fr\/actualites\/aston-villa-europa-league-calendrier-equipe-2025-26\/\"]}]},{\"@type\":\"BreadcrumbList\",\"@id\":\"https:\/\/footdavant.fr\/actualites\/aston-villa-europa-league-calendrier-equipe-2025-26\/#breadcrumb\",\"itemListElement\":[{\"@type\":\"ListItem\",\"position\":1,\"name\":\"Accueil\",\"item\":\"https:\/\/footdavant.fr\/actualites\/\"},{\"@type\":\"ListItem\",\"position\":2,\"name\":\"Aston Villa Europa League, calendrier, \u00e9quipe 2025\/26\"}]},{\"@type\":\"WebSite\",\"@id\":\"https:\/\/footdavant.fr\/actualites\/#website\",\"url\":\"https:\/\/footdavant.fr\/actualites\/\",\"name\":\"Foot d'avant\",\"description\":\"\",\"publisher\":{\"@id\":\"https:\/\/footdavant.fr\/actualites\/#organization\"},\"potentialAction\":[{\"@type\":\"SearchAction\",\"target\":{\"@type\":\"EntryPoint\",\"urlTemplate\":\"https:\/\/footdavant.fr\/actualites\/?s={search_term_string}\"},\"query-input\":\"required name=search_term_string\"}],\"inLanguage\":\"fr-FR\"},{\"@type\":\"Organization\",\"@id\":\"https:\/\/footdavant.fr\/actualites\/#organization\",\"name\":\"Foot d'avant\",\"url\":\"https:\/\/footdavant.fr\/actualites\/\",\"logo\":{\"@type\":\"ImageObject\",\"inLanguage\":\"fr-FR\",\"@id\":\"https:\/\/footdavant.fr\/actualites\/#\/schema\/logo\/image\/\",\"url\":\"https:\/\/footdavant.fr\/actualites\/wp-content\/uploads\/2023\/09\/Copy-of-FootDavant-Logo.png\",\"contentUrl\":\"https:\/\/footdavant.fr\/actualites\/wp-content\/uploads\/2023\/09\/Copy-of-FootDavant-Logo.png\",\"width\":936,\"height\":549,\"caption\":\"Foot d'avant\"},\"image\":{\"@id\":\"https:\/\/footdavant.fr\/actualites\/#\/schema\/logo\/image\/\"},\"sameAs\":[\"https:\/\/www.facebook.com\/Footdavant\/\",\"https:\/\/twitter.com\/FootdavantFr\",\"https:\/\/www.instagram.com\/footdavant.fr\/\"]},{\"@type\":\"Person\",\"@id\":\"https:\/\/footdavant.fr\/actualites\/#\/schema\/person\/bc222566d95871b37e597b3ed3ba5e1d\",\"name\":\"Cl\u00e9ment\",\"image\":{\"@type\":\"ImageObject\",\"inLanguage\":\"fr-FR\",\"@id\":\"https:\/\/footdavant.fr\/actualites\/#\/schema\/person\/image\/\",\"url\":\"https:\/\/secure.gravatar.com\/avatar\/7728b29aac2719421e1a9159b2254c44?s=96&d=mm&r=g\",\"contentUrl\":\"https:\/\/secure.gravatar.com\/avatar\/7728b29aac2719421e1a9159b2254c44?s=96&d=mm&r=g\",\"caption\":\"Cl\u00e9ment\"},\"sameAs\":[\"https:\/\/footdavant.fr\/\"]}]}<\/script>\n<!-- \/ Yoast SEO plugin. -->","yoast_head_json":{"title":"Aston Villa Europa League, calendrier, \u00e9quipe 2025\/26","robots":{"index":"index","follow":"follow","max-snippet":"max-snippet:-1","max-image-preview":"max-image-preview:large","max-video-preview":"max-video-preview:-1"},"canonical":"https:\/\/footdavant.fr\/actualites\/aston-villa-europa-league-calendrier-equipe-2025-26\/","og_locale":"fr_FR","og_type":"article","og_title":"Aston Villa Europa League, calendrier, \u00e9quipe 2025\/26","og_description":"Apr\u00e8s avoir rat\u00e9 des qualifications cons\u00e9cutives en Ligue des champions \u00e0 la diff\u00e9rence de buts, Aston Villa participe \u00e0 la Ligue Europa pour la premi\u00e8re","og_url":"https:\/\/footdavant.fr\/actualites\/aston-villa-europa-league-calendrier-equipe-2025-26\/","og_site_name":"Foot d&#039;avant","article_publisher":"https:\/\/www.facebook.com\/Footdavant\/","article_published_time":"2026-04-07T02:48:10+00:00","article_modified_time":"2026-04-07T02:48:12+00:00","og_image":[{"width":1200,"height":676,"url":"https:\/\/footdavant.fr\/actualites\/wp-content\/uploads\/2026\/04\/1775530091_Aston-Villa-Europa-League-calendrier-equipe-202526.jpg","type":"image\/jpeg"}],"author":"Cl\u00e9ment","twitter_card":"summary_large_image","twitter_creator":"@FootdavantFr","twitter_site":"@FootdavantFr","twitter_misc":{"\u00c9crit par":"Cl\u00e9ment","Dur\u00e9e de lecture estim\u00e9e":"4 minutes"},"schema":{"@context":"https:\/\/schema.org","@graph":[{"@type":"Article","@id":"https:\/\/footdavant.fr\/actualites\/aston-villa-europa-league-calendrier-equipe-2025-26\/#article","isPartOf":{"@id":"https:\/\/footdavant.fr\/actualites\/aston-villa-europa-league-calendrier-equipe-2025-26\/"},"author":{"name":"Cl\u00e9ment","@id":"https:\/\/footdavant.fr\/actualites\/#\/schema\/person\/bc222566d95871b37e597b3ed3ba5e1d"},"headline":"Aston Villa Europa League, calendrier, \u00e9quipe 2025\/26","datePublished":"2026-04-07T02:48:10+00:00","dateModified":"2026-04-07T02:48:12+00:00","mainEntityOfPage":{"@id":"https:\/\/footdavant.fr\/actualites\/aston-villa-europa-league-calendrier-equipe-2025-26\/"},"wordCount":820,"publisher":{"@id":"https:\/\/footdavant.fr\/actualites\/#organization"},"keywords":["Aston","calendrier","\u00c9quipe","Europa","League","Villa"],"articleSection":["Football"],"inLanguage":"fr-FR"},{"@type":"WebPage","@id":"https:\/\/footdavant.fr\/actualites\/aston-villa-europa-league-calendrier-equipe-2025-26\/","url":"https:\/\/footdavant.fr\/actualites\/aston-villa-europa-league-calendrier-equipe-2025-26\/","name":"Aston Villa Europa League, calendrier, \u00e9quipe 2025\/26","isPartOf":{"@id":"https:\/\/footdavant.fr\/actualites\/#website"},"datePublished":"2026-04-07T02:48:10+00:00","dateModified":"2026-04-07T02:48:12+00:00","breadcrumb":{"@id":"https:\/\/footdavant.fr\/actualites\/aston-villa-europa-league-calendrier-equipe-2025-26\/#breadcrumb"},"inLanguage":"fr-FR","potentialAction":[{"@type":"ReadAction","target":["https:\/\/footdavant.fr\/actualites\/aston-villa-europa-league-calendrier-equipe-2025-26\/"]}]},{"@type":"BreadcrumbList","@id":"https:\/\/footdavant.fr\/actualites\/aston-villa-europa-league-calendrier-equipe-2025-26\/#breadcrumb","itemListElement":[{"@type":"ListItem","position":1,"name":"Accueil","item":"https:\/\/footdavant.fr\/actualites\/"},{"@type":"ListItem","position":2,"name":"Aston Villa Europa League, calendrier, \u00e9quipe 2025\/26"}]},{"@type":"WebSite","@id":"https:\/\/footdavant.fr\/actualites\/#website","url":"https:\/\/footdavant.fr\/actualites\/","name":"Foot d'avant","description":"","publisher":{"@id":"https:\/\/footdavant.fr\/actualites\/#organization"},"potentialAction":[{"@type":"SearchAction","target":{"@type":"EntryPoint","urlTemplate":"https:\/\/footdavant.fr\/actualites\/?s={search_term_string}"},"query-input":"required name=search_term_string"}],"inLanguage":"fr-FR"},{"@type":"Organization","@id":"https:\/\/footdavant.fr\/actualites\/#organization","name":"Foot d'avant","url":"https:\/\/footdavant.fr\/actualites\/","logo":{"@type":"ImageObject","inLanguage":"fr-FR","@id":"https:\/\/footdavant.fr\/actualites\/#\/schema\/logo\/image\/","url":"https:\/\/footdavant.fr\/actualites\/wp-content\/uploads\/2023\/09\/Copy-of-FootDavant-Logo.png","contentUrl":"https:\/\/footdavant.fr\/actualites\/wp-content\/uploads\/2023\/09\/Copy-of-FootDavant-Logo.png","width":936,"height":549,"caption":"Foot d'avant"},"image":{"@id":"https:\/\/footdavant.fr\/actualites\/#\/schema\/logo\/image\/"},"sameAs":["https:\/\/www.facebook.com\/Footdavant\/","https:\/\/twitter.com\/FootdavantFr","https:\/\/www.instagram.com\/footdavant.fr\/"]},{"@type":"Person","@id":"https:\/\/footdavant.fr\/actualites\/#\/schema\/person\/bc222566d95871b37e597b3ed3ba5e1d","name":"Cl\u00e9ment","image":{"@type":"ImageObject","inLanguage":"fr-FR","@id":"https:\/\/footdavant.fr\/actualites\/#\/schema\/person\/image\/","url":"https:\/\/secure.gravatar.com\/avatar\/7728b29aac2719421e1a9159b2254c44?s=96&d=mm&r=g","contentUrl":"https:\/\/secure.gravatar.com\/avatar\/7728b29aac2719421e1a9159b2254c44?s=96&d=mm&r=g","caption":"Cl\u00e9ment"},"sameAs":["https:\/\/footdavant.fr\/"]}]}},"_links":{"self":[{"href":"https:\/\/footdavant.fr\/actualites\/wp-json\/wp\/v2\/posts\/36203"}],"collection":[{"href":"https:\/\/footdavant.fr\/actualites\/wp-json\/wp\/v2\/posts"}],"about":[{"href":"https:\/\/footdavant.fr\/actualites\/wp-json\/wp\/v2\/types\/post"}],"author":[{"embeddable":true,"href":"https:\/\/footdavant.fr\/actualites\/wp-json\/wp\/v2\/users\/1"}],"replies":[{"embeddable":true,"href":"https:\/\/footdavant.fr\/actualites\/wp-json\/wp\/v2\/comments?post=36203"}],"version-history":[{"count":1,"href":"https:\/\/footdavant.fr\/actualites\/wp-json\/wp\/v2\/posts\/36203\/revisions"}],"predecessor-version":[{"id":36205,"href":"https:\/\/footdavant.fr\/actualites\/wp-json\/wp\/v2\/posts\/36203\/revisions\/36205"}],"wp:featuredmedia":[{"embeddable":true,"href":"https:\/\/footdavant.fr\/actualites\/wp-json\/wp\/v2\/media\/36204"}],"wp:attachment":[{"href":"https:\/\/footdavant.fr\/actualites\/wp-json\/wp\/v2\/media?parent=36203"}],"wp:term":[{"taxonomy":"category","embeddable":true,"href":"https:\/\/footdavant.fr\/actualites\/wp-json\/wp\/v2\/categories?post=36203"},{"taxonomy":"post_tag","embeddable":true,"href":"https:\/\/footdavant.fr\/actualites\/wp-json\/wp\/v2\/tags?post=36203"}],"curies":[{"name":"wp","href":"https:\/\/api.w.org\/{rel}","templated":true}]}}