{"id":36209,"date":"2026-04-07T08:48:31","date_gmt":"2026-04-07T06:48:31","guid":{"rendered":"https:\/\/footdavant.fr\/actualites\/radek-vitek-le-preteur-de-man-united-se-tient-debout-du-cote-des-prets\/"},"modified":"2026-04-07T08:48:32","modified_gmt":"2026-04-07T06:48:32","slug":"radek-vitek-le-preteur-de-man-united-se-tient-debout-du-cote-des-prets","status":"publish","type":"post","link":"https:\/\/footdavant.fr\/actualites\/radek-vitek-le-preteur-de-man-united-se-tient-debout-du-cote-des-prets\/","title":{"rendered":"Radek Vitek: le pr\u00eateur de Man United se tient debout du c\u00f4t\u00e9 des pr\u00eats &#8211;"},"content":{"rendered":"<div id=\"penci-post-entry-inner\">\n<p>\t\t\t<i class=\"penci-post-countview-number-check\" style=\"display:none\">2<\/i><\/p>\n<p>Manchester United avait trois joueurs en pr\u00eat ce lundi de P\u00e2ques.<\/p>\n<p>Pour savoir o\u00f9 exercent tous les joueurs pr\u00eat\u00e9s de United cette saison, cliquez ici.<\/p>\n<h3>Radek Vitek<\/h3>\n<p>Vitek a r\u00e9alis\u00e9 un match \u00e9poustouflant alors que Bristol City battait Sheffield United 1-0.<\/p>\n<p>Il a r\u00e9alis\u00e9 un total de sept arr\u00eats dans le match, dont cinq sur des tirs \u00e0 l&#39;int\u00e9rieur de la surface. Vitek a \u00e9galement compl\u00e9t\u00e9 deux r\u00e9clamations \u00e9lev\u00e9es et a mis le ballon en s\u00e9curit\u00e9 une fois.<\/p>\n<p>Son meilleur arr\u00eat a \u00e9t\u00e9 un superbe arr\u00eat \u00e0 une main sur une t\u00eate qui semblait destin\u00e9e \u00e0 tomber au fond des filets. Vitek et son \u00e9quipe se rendront ensuite \u00e0 Londres pour affronter les Queens Park Rangers ce samedi midi.<\/p>\n<h2 id=\"tablepress-1143-name\" class=\"tablepress-table-name tablepress-table-name-id-1143\">Statistiques de Radek Vitek contre Sheffield United<\/h2>\n<table id=\"tablepress-1143\" class=\"tablepress tablepress-id-1143\" aria-labelledby=\"tablepress-1143-name\">\n<thead>\n<tr class=\"row-1\">\n<th class=\"column-1\">M\u00e9trique<\/th>\n<th class=\"column-2\">Valeur<\/th>\n<\/tr>\n<\/thead>\n<tbody class=\"row-striping row-hover\">\n<tr class=\"row-2\">\n<td class=\"column-1\">Aides attendues (xA)<\/td>\n<td class=\"column-2\">0<\/td>\n<\/tr>\n<tr class=\"row-3\">\n<td class=\"column-1\">Total des \u00e9conomies<\/td>\n<td class=\"column-2\">7<\/td>\n<\/tr>\n<tr class=\"row-4\">\n<td class=\"column-1\">Buts emp\u00each\u00e9s<\/td>\n<td class=\"column-2\">1.41<\/td>\n<\/tr>\n<tr class=\"row-5\">\n<td class=\"column-1\">Enregistre depuis l&#39;int\u00e9rieur de la bo\u00eete<\/td>\n<td class=\"column-2\">5<\/td>\n<\/tr>\n<tr class=\"row-6\">\n<td class=\"column-1\">Poin\u00e7ons<\/td>\n<td class=\"column-2\">1<\/td>\n<\/tr>\n<tr class=\"row-7\">\n<td class=\"column-1\">R\u00e9clamations \u00e9lev\u00e9es<\/td>\n<td class=\"column-2\">2<\/td>\n<\/tr>\n<tr class=\"row-8\">\n<td class=\"column-1\">Passes cl\u00e9s<\/td>\n<td class=\"column-2\">0<\/td>\n<\/tr>\n<tr class=\"row-9\">\n<td class=\"column-1\">Croix (pr\u00e9cises)<\/td>\n<td class=\"column-2\">0 (0)<\/td>\n<\/tr>\n<tr class=\"row-10\">\n<td class=\"column-1\">Passes pr\u00e9cises<\/td>\n<td class=\"column-2\">31\/55 (56%)<\/td>\n<\/tr>\n<tr class=\"row-11\">\n<td class=\"column-1\">Passe dans la moiti\u00e9 de terrain adverse (acc.)<\/td>\n<td class=\"column-2\">4\/25 (16%)<\/td>\n<\/tr>\n<tr class=\"row-12\">\n<td class=\"column-1\">Passe dans sa propre moiti\u00e9 de terrain (acc.)<\/td>\n<td class=\"column-2\">27\/30 (90%)<\/td>\n<\/tr>\n<tr class=\"row-13\">\n<td class=\"column-1\">Balles longues (pr\u00e9cises)<\/td>\n<td class=\"column-2\">10\/34 (29%)<\/td>\n<\/tr>\n<tr class=\"row-14\">\n<td class=\"column-1\">Touches<\/td>\n<td class=\"column-2\">72<\/td>\n<\/tr>\n<tr class=\"row-15\">\n<td class=\"column-1\">Dribbles (r\u00e9ussis)<\/td>\n<td class=\"column-2\">0 (0)<\/td>\n<\/tr>\n<tr class=\"row-16\">\n<td class=\"column-1\">Possession perdue<\/td>\n<td class=\"column-2\">24<\/td>\n<\/tr>\n<tr class=\"row-17\">\n<td class=\"column-1\">Distance totale de transport<\/td>\n<td class=\"column-2\">64,9 m<\/td>\n<\/tr>\n<tr class=\"row-18\">\n<td class=\"column-1\">Porte<\/td>\n<td class=\"column-2\">7<\/td>\n<\/tr>\n<tr class=\"row-19\">\n<td class=\"column-1\">Progression totale<\/td>\n<td class=\"column-2\">31,5 m<\/td>\n<\/tr>\n<tr class=\"row-20\">\n<td class=\"column-1\">D\u00e9f. cotisations<\/td>\n<td class=\"column-2\">1<\/td>\n<\/tr>\n<tr class=\"row-21\">\n<td class=\"column-1\">Tacles (gagn\u00e9s)<\/td>\n<td class=\"column-2\">0 (0)<\/td>\n<\/tr>\n<tr class=\"row-22\">\n<td class=\"column-1\">Interceptions<\/td>\n<td class=\"column-2\">0<\/td>\n<\/tr>\n<tr class=\"row-23\">\n<td class=\"column-1\">D\u00e9gagements<\/td>\n<td class=\"column-2\">1<\/td>\n<\/tr>\n<tr class=\"row-24\">\n<td class=\"column-1\">Tirs bloqu\u00e9s<\/td>\n<td class=\"column-2\">0<\/td>\n<\/tr>\n<tr class=\"row-25\">\n<td class=\"column-1\">R\u00e9cup\u00e9rations<\/td>\n<td class=\"column-2\">17<\/td>\n<\/tr>\n<tr class=\"row-26\">\n<td class=\"column-1\">Duels au sol (gagn\u00e9s)<\/td>\n<td class=\"column-2\">0 (0)<\/td>\n<\/tr>\n<tr class=\"row-27\">\n<td class=\"column-1\">Pass\u00e9 dribbl\u00e9<\/td>\n<td class=\"column-2\">0<\/td>\n<\/tr>\n<tr class=\"row-28\">\n<td class=\"column-1\">Nombre total de tirs<\/td>\n<td class=\"column-2\">0<\/td>\n<\/tr>\n<tr class=\"row-29\">\n<td class=\"column-1\">Tirs cadr\u00e9s<\/td>\n<td class=\"column-2\">0<\/td>\n<\/tr>\n<tr class=\"row-30\">\n<td class=\"column-1\">Tirs bloqu\u00e9s<\/td>\n<td class=\"column-2\">0<\/td>\n<\/tr>\n<\/tbody>\n<\/table>\n<p><!-- #tablepress-1143 from cache --><\/p>\n<h3>Ethan Ennis<\/h3>\n<p>Ennis a bien jou\u00e9 une fois de plus mais n&#39;a pas pu emp\u00eacher son \u00e9quipe de Fleetwood de s&#39;incliner 2-5 contre Barnet.<\/p>\n<p>Il a r\u00e9alis\u00e9 cinq passes cl\u00e9s dans le match et obtenu une passe d\u00e9cisive. Son centre bas a \u00e9t\u00e9 balay\u00e9 par Harrison Neal pour donner de l&#39;espoir \u00e0 la Cod Army.<\/p>\n<p>Ennis a \u00e9galement compl\u00e9t\u00e9 un total de trois centres et a r\u00e9ussi un tir au but. L&#39;ailier a r\u00e9ussi deux plaqu\u00e9s et s&#39;est impos\u00e9 dans quatre duels pour aider son \u00e9quipe d\u00e9fensivement.<\/p>\n<p>Ses dribbles n&#39;ont cependant pas r\u00e9ussi, puisqu&#39;il a perdu le ballon \u00e0 cinq reprises en essayant de le faire avancer. Il sera ensuite en action samedi lorsque son \u00e9quipe se rendra face \u00e0 Accrington Stanley.<\/p>\n<h3>Toby Collyer<\/h3>\n<p>Le milieu de terrain de United a connu un d\u00e9part rare alors que Hull City a fait match nul 0-0 contre le leader de la ligue, Coventry City.<\/p>\n<p>Il a jou\u00e9 74 minutes, r\u00e9alisant 79% de ses passes. Collyer a compl\u00e9t\u00e9 ses trois dribbles et a \u00e9galement remport\u00e9 ses trois tentatives de tacle dans le match.<\/p>\n<p>Le jeune a \u00e9galement \u00e9t\u00e9 fort dans ses duels, remportant un nombre impressionnant de sept tentatives sur neuf.<\/p>\n<p>Collyer et Hull se rendront ensuite \u00e0 Sheffield United samedi apr\u00e8s-midi alors que la course aux barrages du championnat s&#39;intensifie.<\/p>\n<p><iframe loading=\"lazy\" title=\"Sykes scores winning goal! | Bristol City 1-0 Sheffield United | Highlights\" width=\"1200\" height=\"675\" src=\"https:\/\/www.youtube.com\/embed\/q9StclLRfr8?feature=oembed\" frameborder=\"0\" allow=\"accelerometer; autoplay; clipboard-write; encrypted-media; gyroscope; picture-in-picture; web-share\" referrerpolicy=\"strict-origin-when-cross-origin\" allowfullscreen><\/iframe> <\/p>\n<\/p>\n<hr\/>\n<p>The Peoples Person est l&#39;un des principaux sites d&#39;information de Man United au monde depuis plus d&#39;une d\u00e9cennie. Suivez-nous sur Bluesky\u00a0: @peoplesperson.bsky.social<\/p>\n<p><!-- CONTENT END 2 --><\/p><\/div>\n","protected":false},"excerpt":{"rendered":"<p>2 Manchester United avait trois joueurs en pr\u00eat ce lundi de P\u00e2ques. Pour savoir o\u00f9 exercent tous les joueurs pr\u00eat\u00e9s de United cette saison, cliquez<\/p>\n","protected":false},"author":1,"featured_media":30965,"comment_status":"closed","ping_status":"","sticky":false,"template":"","format":"standard","meta":{"footnotes":""},"categories":[3],"tags":[5124,8570,12,24,2356,1017,4574,2513,13,4575],"yoast_head":"<!-- This site is optimized with the Yoast SEO plugin v21.0 - https:\/\/yoast.com\/wordpress\/plugins\/seo\/ -->\n<title>Radek Vitek: le pr\u00eateur de Man United se tient debout du c\u00f4t\u00e9 des pr\u00eats -<\/title>\n<meta name=\"robots\" content=\"index, follow, max-snippet:-1, max-image-preview:large, max-video-preview:-1\" \/>\n<link rel=\"canonical\" href=\"https:\/\/footdavant.fr\/actualites\/radek-vitek-le-preteur-de-man-united-se-tient-debout-du-cote-des-prets\/\" \/>\n<meta property=\"og:locale\" content=\"fr_FR\" \/>\n<meta property=\"og:type\" content=\"article\" \/>\n<meta property=\"og:title\" content=\"Radek Vitek: le pr\u00eateur de Man United se tient debout du c\u00f4t\u00e9 des pr\u00eats -\" \/>\n<meta property=\"og:description\" content=\"2 Manchester United avait trois joueurs en pr\u00eat ce lundi de P\u00e2ques. Pour savoir o\u00f9 exercent tous les joueurs pr\u00eat\u00e9s de United cette saison, cliquez\" \/>\n<meta property=\"og:url\" content=\"https:\/\/footdavant.fr\/actualites\/radek-vitek-le-preteur-de-man-united-se-tient-debout-du-cote-des-prets\/\" \/>\n<meta property=\"og:site_name\" content=\"Foot d&#039;avant\" \/>\n<meta property=\"article:publisher\" content=\"https:\/\/www.facebook.com\/Footdavant\/\" \/>\n<meta property=\"article:published_time\" content=\"2026-04-07T06:48:31+00:00\" \/>\n<meta property=\"article:modified_time\" content=\"2026-04-07T06:48:32+00:00\" \/>\n<meta property=\"og:image\" content=\"https:\/\/footdavant.fr\/actualites\/wp-content\/uploads\/2025\/11\/Radek-Vitek-le-prete-de-Man-United-fait-une-demonstration.jpg\" \/>\n\t<meta property=\"og:image:width\" content=\"1598\" \/>\n\t<meta property=\"og:image:height\" content=\"701\" \/>\n\t<meta property=\"og:image:type\" content=\"image\/jpeg\" \/>\n<meta name=\"author\" content=\"Cl\u00e9ment\" \/>\n<meta name=\"twitter:card\" content=\"summary_large_image\" \/>\n<meta name=\"twitter:creator\" content=\"@FootdavantFr\" \/>\n<meta name=\"twitter:site\" content=\"@FootdavantFr\" \/>\n<meta name=\"twitter:label1\" content=\"\u00c9crit par\" \/>\n\t<meta name=\"twitter:data1\" content=\"Cl\u00e9ment\" \/>\n\t<meta name=\"twitter:label2\" content=\"Dur\u00e9e de lecture estim\u00e9e\" \/>\n\t<meta name=\"twitter:data2\" content=\"3 minutes\" \/>\n<script type=\"application\/ld+json\" class=\"yoast-schema-graph\">{\"@context\":\"https:\/\/schema.org\",\"@graph\":[{\"@type\":\"Article\",\"@id\":\"https:\/\/footdavant.fr\/actualites\/radek-vitek-le-preteur-de-man-united-se-tient-debout-du-cote-des-prets\/#article\",\"isPartOf\":{\"@id\":\"https:\/\/footdavant.fr\/actualites\/radek-vitek-le-preteur-de-man-united-se-tient-debout-du-cote-des-prets\/\"},\"author\":{\"name\":\"Cl\u00e9ment\",\"@id\":\"https:\/\/footdavant.fr\/actualites\/#\/schema\/person\/bc222566d95871b37e597b3ed3ba5e1d\"},\"headline\":\"Radek Vitek: le pr\u00eateur de Man United se tient debout du c\u00f4t\u00e9 des pr\u00eats &#8211;\",\"datePublished\":\"2026-04-07T06:48:31+00:00\",\"dateModified\":\"2026-04-07T06:48:32+00:00\",\"mainEntityOfPage\":{\"@id\":\"https:\/\/footdavant.fr\/actualites\/radek-vitek-le-preteur-de-man-united-se-tient-debout-du-cote-des-prets\/\"},\"wordCount\":533,\"publisher\":{\"@id\":\"https:\/\/footdavant.fr\/actualites\/#organization\"},\"keywords\":[\"cote\",\"debout\",\"des\",\"Man\",\"pr\u00eateur\",\"pr\u00eats\",\"Radek\",\"tient\",\"United\",\"Vitek\"],\"articleSection\":[\"Football\"],\"inLanguage\":\"fr-FR\"},{\"@type\":\"WebPage\",\"@id\":\"https:\/\/footdavant.fr\/actualites\/radek-vitek-le-preteur-de-man-united-se-tient-debout-du-cote-des-prets\/\",\"url\":\"https:\/\/footdavant.fr\/actualites\/radek-vitek-le-preteur-de-man-united-se-tient-debout-du-cote-des-prets\/\",\"name\":\"Radek Vitek: le pr\u00eateur de Man United se tient debout du c\u00f4t\u00e9 des pr\u00eats -\",\"isPartOf\":{\"@id\":\"https:\/\/footdavant.fr\/actualites\/#website\"},\"datePublished\":\"2026-04-07T06:48:31+00:00\",\"dateModified\":\"2026-04-07T06:48:32+00:00\",\"breadcrumb\":{\"@id\":\"https:\/\/footdavant.fr\/actualites\/radek-vitek-le-preteur-de-man-united-se-tient-debout-du-cote-des-prets\/#breadcrumb\"},\"inLanguage\":\"fr-FR\",\"potentialAction\":[{\"@type\":\"ReadAction\",\"target\":[\"https:\/\/footdavant.fr\/actualites\/radek-vitek-le-preteur-de-man-united-se-tient-debout-du-cote-des-prets\/\"]}]},{\"@type\":\"BreadcrumbList\",\"@id\":\"https:\/\/footdavant.fr\/actualites\/radek-vitek-le-preteur-de-man-united-se-tient-debout-du-cote-des-prets\/#breadcrumb\",\"itemListElement\":[{\"@type\":\"ListItem\",\"position\":1,\"name\":\"Accueil\",\"item\":\"https:\/\/footdavant.fr\/actualites\/\"},{\"@type\":\"ListItem\",\"position\":2,\"name\":\"Radek Vitek: le pr\u00eateur de Man United se tient debout du c\u00f4t\u00e9 des pr\u00eats &#8211;\"}]},{\"@type\":\"WebSite\",\"@id\":\"https:\/\/footdavant.fr\/actualites\/#website\",\"url\":\"https:\/\/footdavant.fr\/actualites\/\",\"name\":\"Foot d'avant\",\"description\":\"\",\"publisher\":{\"@id\":\"https:\/\/footdavant.fr\/actualites\/#organization\"},\"potentialAction\":[{\"@type\":\"SearchAction\",\"target\":{\"@type\":\"EntryPoint\",\"urlTemplate\":\"https:\/\/footdavant.fr\/actualites\/?s={search_term_string}\"},\"query-input\":\"required name=search_term_string\"}],\"inLanguage\":\"fr-FR\"},{\"@type\":\"Organization\",\"@id\":\"https:\/\/footdavant.fr\/actualites\/#organization\",\"name\":\"Foot d'avant\",\"url\":\"https:\/\/footdavant.fr\/actualites\/\",\"logo\":{\"@type\":\"ImageObject\",\"inLanguage\":\"fr-FR\",\"@id\":\"https:\/\/footdavant.fr\/actualites\/#\/schema\/logo\/image\/\",\"url\":\"https:\/\/footdavant.fr\/actualites\/wp-content\/uploads\/2023\/09\/Copy-of-FootDavant-Logo.png\",\"contentUrl\":\"https:\/\/footdavant.fr\/actualites\/wp-content\/uploads\/2023\/09\/Copy-of-FootDavant-Logo.png\",\"width\":936,\"height\":549,\"caption\":\"Foot d'avant\"},\"image\":{\"@id\":\"https:\/\/footdavant.fr\/actualites\/#\/schema\/logo\/image\/\"},\"sameAs\":[\"https:\/\/www.facebook.com\/Footdavant\/\",\"https:\/\/twitter.com\/FootdavantFr\",\"https:\/\/www.instagram.com\/footdavant.fr\/\"]},{\"@type\":\"Person\",\"@id\":\"https:\/\/footdavant.fr\/actualites\/#\/schema\/person\/bc222566d95871b37e597b3ed3ba5e1d\",\"name\":\"Cl\u00e9ment\",\"image\":{\"@type\":\"ImageObject\",\"inLanguage\":\"fr-FR\",\"@id\":\"https:\/\/footdavant.fr\/actualites\/#\/schema\/person\/image\/\",\"url\":\"https:\/\/secure.gravatar.com\/avatar\/7728b29aac2719421e1a9159b2254c44?s=96&d=mm&r=g\",\"contentUrl\":\"https:\/\/secure.gravatar.com\/avatar\/7728b29aac2719421e1a9159b2254c44?s=96&d=mm&r=g\",\"caption\":\"Cl\u00e9ment\"},\"sameAs\":[\"https:\/\/footdavant.fr\/\"]}]}<\/script>\n<!-- \/ Yoast SEO plugin. -->","yoast_head_json":{"title":"Radek Vitek: le pr\u00eateur de Man United se tient debout du c\u00f4t\u00e9 des pr\u00eats -","robots":{"index":"index","follow":"follow","max-snippet":"max-snippet:-1","max-image-preview":"max-image-preview:large","max-video-preview":"max-video-preview:-1"},"canonical":"https:\/\/footdavant.fr\/actualites\/radek-vitek-le-preteur-de-man-united-se-tient-debout-du-cote-des-prets\/","og_locale":"fr_FR","og_type":"article","og_title":"Radek Vitek: le pr\u00eateur de Man United se tient debout du c\u00f4t\u00e9 des pr\u00eats -","og_description":"2 Manchester United avait trois joueurs en pr\u00eat ce lundi de P\u00e2ques. Pour savoir o\u00f9 exercent tous les joueurs pr\u00eat\u00e9s de United cette saison, cliquez","og_url":"https:\/\/footdavant.fr\/actualites\/radek-vitek-le-preteur-de-man-united-se-tient-debout-du-cote-des-prets\/","og_site_name":"Foot d&#039;avant","article_publisher":"https:\/\/www.facebook.com\/Footdavant\/","article_published_time":"2026-04-07T06:48:31+00:00","article_modified_time":"2026-04-07T06:48:32+00:00","og_image":[{"width":1598,"height":701,"url":"https:\/\/footdavant.fr\/actualites\/wp-content\/uploads\/2025\/11\/Radek-Vitek-le-prete-de-Man-United-fait-une-demonstration.jpg","type":"image\/jpeg"}],"author":"Cl\u00e9ment","twitter_card":"summary_large_image","twitter_creator":"@FootdavantFr","twitter_site":"@FootdavantFr","twitter_misc":{"\u00c9crit par":"Cl\u00e9ment","Dur\u00e9e de lecture estim\u00e9e":"3 minutes"},"schema":{"@context":"https:\/\/schema.org","@graph":[{"@type":"Article","@id":"https:\/\/footdavant.fr\/actualites\/radek-vitek-le-preteur-de-man-united-se-tient-debout-du-cote-des-prets\/#article","isPartOf":{"@id":"https:\/\/footdavant.fr\/actualites\/radek-vitek-le-preteur-de-man-united-se-tient-debout-du-cote-des-prets\/"},"author":{"name":"Cl\u00e9ment","@id":"https:\/\/footdavant.fr\/actualites\/#\/schema\/person\/bc222566d95871b37e597b3ed3ba5e1d"},"headline":"Radek Vitek: le pr\u00eateur de Man United se tient debout du c\u00f4t\u00e9 des pr\u00eats &#8211;","datePublished":"2026-04-07T06:48:31+00:00","dateModified":"2026-04-07T06:48:32+00:00","mainEntityOfPage":{"@id":"https:\/\/footdavant.fr\/actualites\/radek-vitek-le-preteur-de-man-united-se-tient-debout-du-cote-des-prets\/"},"wordCount":533,"publisher":{"@id":"https:\/\/footdavant.fr\/actualites\/#organization"},"keywords":["cote","debout","des","Man","pr\u00eateur","pr\u00eats","Radek","tient","United","Vitek"],"articleSection":["Football"],"inLanguage":"fr-FR"},{"@type":"WebPage","@id":"https:\/\/footdavant.fr\/actualites\/radek-vitek-le-preteur-de-man-united-se-tient-debout-du-cote-des-prets\/","url":"https:\/\/footdavant.fr\/actualites\/radek-vitek-le-preteur-de-man-united-se-tient-debout-du-cote-des-prets\/","name":"Radek Vitek: le pr\u00eateur de Man United se tient debout du c\u00f4t\u00e9 des pr\u00eats -","isPartOf":{"@id":"https:\/\/footdavant.fr\/actualites\/#website"},"datePublished":"2026-04-07T06:48:31+00:00","dateModified":"2026-04-07T06:48:32+00:00","breadcrumb":{"@id":"https:\/\/footdavant.fr\/actualites\/radek-vitek-le-preteur-de-man-united-se-tient-debout-du-cote-des-prets\/#breadcrumb"},"inLanguage":"fr-FR","potentialAction":[{"@type":"ReadAction","target":["https:\/\/footdavant.fr\/actualites\/radek-vitek-le-preteur-de-man-united-se-tient-debout-du-cote-des-prets\/"]}]},{"@type":"BreadcrumbList","@id":"https:\/\/footdavant.fr\/actualites\/radek-vitek-le-preteur-de-man-united-se-tient-debout-du-cote-des-prets\/#breadcrumb","itemListElement":[{"@type":"ListItem","position":1,"name":"Accueil","item":"https:\/\/footdavant.fr\/actualites\/"},{"@type":"ListItem","position":2,"name":"Radek Vitek: le pr\u00eateur de Man United se tient debout du c\u00f4t\u00e9 des pr\u00eats &#8211;"}]},{"@type":"WebSite","@id":"https:\/\/footdavant.fr\/actualites\/#website","url":"https:\/\/footdavant.fr\/actualites\/","name":"Foot d'avant","description":"","publisher":{"@id":"https:\/\/footdavant.fr\/actualites\/#organization"},"potentialAction":[{"@type":"SearchAction","target":{"@type":"EntryPoint","urlTemplate":"https:\/\/footdavant.fr\/actualites\/?s={search_term_string}"},"query-input":"required name=search_term_string"}],"inLanguage":"fr-FR"},{"@type":"Organization","@id":"https:\/\/footdavant.fr\/actualites\/#organization","name":"Foot d'avant","url":"https:\/\/footdavant.fr\/actualites\/","logo":{"@type":"ImageObject","inLanguage":"fr-FR","@id":"https:\/\/footdavant.fr\/actualites\/#\/schema\/logo\/image\/","url":"https:\/\/footdavant.fr\/actualites\/wp-content\/uploads\/2023\/09\/Copy-of-FootDavant-Logo.png","contentUrl":"https:\/\/footdavant.fr\/actualites\/wp-content\/uploads\/2023\/09\/Copy-of-FootDavant-Logo.png","width":936,"height":549,"caption":"Foot d'avant"},"image":{"@id":"https:\/\/footdavant.fr\/actualites\/#\/schema\/logo\/image\/"},"sameAs":["https:\/\/www.facebook.com\/Footdavant\/","https:\/\/twitter.com\/FootdavantFr","https:\/\/www.instagram.com\/footdavant.fr\/"]},{"@type":"Person","@id":"https:\/\/footdavant.fr\/actualites\/#\/schema\/person\/bc222566d95871b37e597b3ed3ba5e1d","name":"Cl\u00e9ment","image":{"@type":"ImageObject","inLanguage":"fr-FR","@id":"https:\/\/footdavant.fr\/actualites\/#\/schema\/person\/image\/","url":"https:\/\/secure.gravatar.com\/avatar\/7728b29aac2719421e1a9159b2254c44?s=96&d=mm&r=g","contentUrl":"https:\/\/secure.gravatar.com\/avatar\/7728b29aac2719421e1a9159b2254c44?s=96&d=mm&r=g","caption":"Cl\u00e9ment"},"sameAs":["https:\/\/footdavant.fr\/"]}]}},"_links":{"self":[{"href":"https:\/\/footdavant.fr\/actualites\/wp-json\/wp\/v2\/posts\/36209"}],"collection":[{"href":"https:\/\/footdavant.fr\/actualites\/wp-json\/wp\/v2\/posts"}],"about":[{"href":"https:\/\/footdavant.fr\/actualites\/wp-json\/wp\/v2\/types\/post"}],"author":[{"embeddable":true,"href":"https:\/\/footdavant.fr\/actualites\/wp-json\/wp\/v2\/users\/1"}],"replies":[{"embeddable":true,"href":"https:\/\/footdavant.fr\/actualites\/wp-json\/wp\/v2\/comments?post=36209"}],"version-history":[{"count":1,"href":"https:\/\/footdavant.fr\/actualites\/wp-json\/wp\/v2\/posts\/36209\/revisions"}],"predecessor-version":[{"id":36210,"href":"https:\/\/footdavant.fr\/actualites\/wp-json\/wp\/v2\/posts\/36209\/revisions\/36210"}],"wp:featuredmedia":[{"embeddable":true,"href":"https:\/\/footdavant.fr\/actualites\/wp-json\/wp\/v2\/media\/30965"}],"wp:attachment":[{"href":"https:\/\/footdavant.fr\/actualites\/wp-json\/wp\/v2\/media?parent=36209"}],"wp:term":[{"taxonomy":"category","embeddable":true,"href":"https:\/\/footdavant.fr\/actualites\/wp-json\/wp\/v2\/categories?post=36209"},{"taxonomy":"post_tag","embeddable":true,"href":"https:\/\/footdavant.fr\/actualites\/wp-json\/wp\/v2\/tags?post=36209"}],"curies":[{"name":"wp","href":"https:\/\/api.w.org\/{rel}","templated":true}]}}