{"id":36214,"date":"2026-04-07T12:48:12","date_gmt":"2026-04-07T10:48:12","guid":{"rendered":"https:\/\/footdavant.fr\/actualites\/arteta-cherche-lidentite-darsenal-avant-le-choc-contre-le-sporting\/"},"modified":"2026-04-07T12:48:13","modified_gmt":"2026-04-07T10:48:13","slug":"arteta-cherche-lidentite-darsenal-avant-le-choc-contre-le-sporting","status":"publish","type":"post","link":"https:\/\/footdavant.fr\/actualites\/arteta-cherche-lidentite-darsenal-avant-le-choc-contre-le-sporting\/","title":{"rendered":"Arteta cherche l&#39;identit\u00e9 d&#39;Arsenal avant le choc contre le Sporting"},"content":{"rendered":"<div>\n<p>Bonjour de Lisbonne.<\/p>\n<p>Arsenal et Mikel Arteta sont arriv\u00e9s hier soir et les nouvelles de l&#39;\u00e9quipe sont mitig\u00e9es. Declan Rice, Leandro Trossard et Gabriel ont tous voyag\u00e9, mais Bukayo Saka et Jurrien Timber sont rest\u00e9s \u00e0 Londres, pas tout \u00e0 fait pr\u00eats pour celui-ci. Avec un match \u00e9norme samedi contre Bournemouth, il faut imaginer qu&#39;ils adoptent une approche \u00e0 faible risque face aux probl\u00e8mes de blessures.<\/p>\n<p>Pourtant, je pense que cette \u00e9quipe sera assez diff\u00e9rente de celle qui a d\u00e9but\u00e9 contre Southampton samedi soir. David Raya reviendra, nous verrons probablement William Saliba commencer, et je ne pense pas que Myles Lewis-Skelly ait fait assez pour garder sa place, donc je pense que ce sera Riccardo Calafiori \u00e0 l&#39;arri\u00e8re gauche en l&#39;absence de Piero Hincapie.<\/p>\n<p>Au milieu de terrain, ce seront Rice et Martin Zubimendi avec Martin Odegaard devant eux. Viktor Gyokeres est s\u00fbr de d\u00e9buter contre son ancien club, et je me demande si les joueurs lat\u00e9raux pourraient \u00eatre les m\u00eames que ce week-end. Certes, Max Dowman s&#39;est fait valoir avec une d\u00e9monstration impressionnante, mais peut-\u00eatre que l&#39;anciennet\u00e9 de Noni Madueke pourrait entrer en jeu. Pour moi, je m&#39;en tiendrai au joueur de 16 ans, mais je reconnais qu&#39;il est peut-\u00eatre n\u00e9cessaire de g\u00e9rer un joueur de son \u00e2ge un peu diff\u00e9remment en termes de charge physique que nous lui imposons. Ensuite, c&#39;est Leandro Trossard ou Gabriel Martinelli de l&#39;autre c\u00f4t\u00e9 qui compl\u00e8tent le XI.<\/p>\n<p>J&#39;ai regard\u00e9 la conf\u00e9rence de presse de Mikel Arteta, et c&#39;\u00e9tait int\u00e9ressant de l&#39;entendre \u00e9voquer plus d&#39;une fois \u00ab\u00a0l&#39;identit\u00e9\u00a0\u00bb d&#39;Arsenal. Lorsqu&#39;on lui a demand\u00e9 si ses joueurs pourraient \u00eatre \u00e9motionnellement touch\u00e9s par la d\u00e9faite lors des deux derniers matchs de coupe, il a r\u00e9pondu\u00a0:<\/p>\n<blockquote>\n<p>Je pense que lorsque vous avez l&#39;opportunit\u00e9 que nous avons, il faut la saisir avec enthousiasme, en vous pr\u00e9parant de la meilleure fa\u00e7on possible pour vous concentrer sur le pr\u00e9sent et les choses que nous devons faire. Et surtout dans notre identit\u00e9, ce qui nous am\u00e8ne tr\u00e8s clairement sur le chemin qui m\u00e8ne l\u00e0 o\u00f9 nous sommes. C&#39;est l\u00e0 que nous devons nous concentrer.<\/p>\n<\/blockquote>\n<p>Et sur ce qu\u2019est r\u00e9ellement cette identit\u00e9\u00a0:<\/p>\n<blockquote>\n<p>Tout. Ce n&#39;est pas philosophique. Il y a des parties et des identit\u00e9s cr\u00e9\u00e9es par des comportements, et non par des mots dans le monde ou par des choses que je veux r\u00e9aliser. Nous avons tellement de faits dans les domaines qui, \u00e0 notre avis, font de nous l&#39;\u00e9quipe et le club que nous sommes.<\/p>\n<\/blockquote>\n<p>Pour moi, au moins pour cette saison, il s&#39;agit d&#39;essayer de retrouver o\u00f9 nous en \u00e9tions dans la premi\u00e8re moiti\u00e9 de la campagne. Les r\u00e9sultats \u00e9taient bons et nous \u00e9tions tr\u00e8s, tr\u00e8s difficiles \u00e0 battre. En fait, avant, il \u00e9tait m\u00eame difficile de r\u00e9ussir un tir cadr\u00e9 contre nous. Oui, les marges de certains matchs auraient pu \u00eatre plus serr\u00e9es que nous le souhaiterions, mais lorsque vous annulez l&#39;opposition comme nous l&#39;avons fait, il est tr\u00e8s difficile pour eux de marquer.<\/p>\n<p>\u00c0 ce stade, je pense que l\u2019id\u00e9e selon laquelle nous allons tout simplement prendre vie comme une sorte de machine d\u2019attaque impitoyable n\u2019a pas beaucoup de sens. Ne vous m\u00e9prenez pas, j&#39;adorerais le voir et je pense qu&#39;il est vraiment important qu&#39;au moins deux de nos attaquants trouvent un peu de motivation pour marquer des buts, mais apr\u00e8s que des erreurs nous ont co\u00fbt\u00e9 des buts en finale de la Coupe Carabao et \u00e0 St Mary&#39;s samedi, je suppose que l&#39;accent sera mis sur l&#39;\u00e9limination de ceux-ci de notre jeu avant tout. Ce qui, pour \u00eatre honn\u00eate, n\u2019est pas une priorit\u00e9 d\u00e9raisonnable.<\/p>\n<p>Je pense que la stabilit\u00e9 du gardien de but devrait aider \u00e0 cet \u00e9gard, et vous recherchez en particulier ce duo de milieu de terrain pour nous donner une plate-forme pour gagner ce match. Je sais qu&#39;il a r\u00e9alis\u00e9 un terrible tir \u00e9rafl\u00e9 samedi, mais dans l&#39;ensemble, j&#39;ai trouv\u00e9 la performance de Martin Odegaard assez encourageante, et en l&#39;absence d&#39;Eberechi Eze, nous aurons besoin de lui pour livrer. Esp\u00e9rons que ce soir soit ce soir-l\u00e0 et que nous pourrons \u00e9couter les trois premiers choix du manager.<\/p>\n<p>Apr\u00e8s deux d\u00e9faites successives, nous avons besoin d\u2019une victoire, et si elle s\u2019accompagne d\u2019une performance qui apaise certains des nerfs cr\u00e9\u00e9s par ces deux derniers matchs, alors tant mieux. Cependant, comme nous l&#39;avons vu au Bayer Leverkusen, la dynamique de ces matches aller-retour peut souvent rendre le premier match un peu plus m\u00e9fiant et ferm\u00e9 que, par exemple, les matches de phase de groupes comme celui que nous avons jou\u00e9 contre le Sporting la saison derni\u00e8re. C&#39;est-\u00e0-dire que je ne pense pas que cela va \u00eatre facile, et cela ne devrait pas l&#39;\u00eatre, mais si nous pouvons creuser profond\u00e9ment et nous donner un peu de confiance, ce serait le bienvenu avant le match retour et Bournemouth samedi.<\/p>\n<p>Alors, je croise les doigts pour plus tard, et j&#39;ai h\u00e2te de revoir l&#39;\u00e9quipe en live. J&#39;esp\u00e8re que je rencontrerai quelques-uns d&#39;entre vous au match ou en ville aujourd&#39;hui, et comme toujours, nous vous proposerons une couverture de blog en direct plus tard ainsi que toutes les informations d&#39;apr\u00e8s-match sur Arseblog News \u00e9galement.<\/p>\n<p>Pour l&#39;instant, passez-en un bon !<\/p>\n<\/div>\n","protected":false},"excerpt":{"rendered":"<p>Bonjour de Lisbonne. Arsenal et Mikel Arteta sont arriv\u00e9s hier soir et les nouvelles de l&#39;\u00e9quipe sont mitig\u00e9es. Declan Rice, Leandro Trossard et Gabriel ont<\/p>\n","protected":false},"author":1,"featured_media":36215,"comment_status":"closed","ping_status":"","sticky":false,"template":"","format":"standard","meta":{"footnotes":""},"categories":[3],"tags":[211,491,1765,332,20,4221,11806,2301],"yoast_head":"<!-- This site is optimized with the Yoast SEO plugin v21.0 - https:\/\/yoast.com\/wordpress\/plugins\/seo\/ -->\n<title>Arteta cherche l&#039;identit\u00e9 d&#039;Arsenal avant le choc contre le Sporting<\/title>\n<meta name=\"robots\" content=\"index, follow, max-snippet:-1, max-image-preview:large, max-video-preview:-1\" \/>\n<link rel=\"canonical\" href=\"https:\/\/footdavant.fr\/actualites\/arteta-cherche-lidentite-darsenal-avant-le-choc-contre-le-sporting\/\" \/>\n<meta property=\"og:locale\" content=\"fr_FR\" \/>\n<meta property=\"og:type\" content=\"article\" \/>\n<meta property=\"og:title\" content=\"Arteta cherche l&#039;identit\u00e9 d&#039;Arsenal avant le choc contre le Sporting\" \/>\n<meta property=\"og:description\" content=\"Bonjour de Lisbonne. Arsenal et Mikel Arteta sont arriv\u00e9s hier soir et les nouvelles de l&#039;\u00e9quipe sont mitig\u00e9es. Declan Rice, Leandro Trossard et Gabriel ont\" \/>\n<meta property=\"og:url\" content=\"https:\/\/footdavant.fr\/actualites\/arteta-cherche-lidentite-darsenal-avant-le-choc-contre-le-sporting\/\" \/>\n<meta property=\"og:site_name\" content=\"Foot d&#039;avant\" \/>\n<meta property=\"article:publisher\" content=\"https:\/\/www.facebook.com\/Footdavant\/\" \/>\n<meta property=\"article:published_time\" content=\"2026-04-07T10:48:12+00:00\" \/>\n<meta property=\"article:modified_time\" content=\"2026-04-07T10:48:13+00:00\" \/>\n<meta property=\"og:image\" content=\"https:\/\/footdavant.fr\/actualites\/wp-content\/uploads\/2026\/04\/Arteta-cherche-l39identite-d39Arsenal-avant-le-choc-contre-le-Sporting.jpg\" \/>\n\t<meta property=\"og:image:width\" content=\"1500\" \/>\n\t<meta property=\"og:image:height\" content=\"750\" \/>\n\t<meta property=\"og:image:type\" content=\"image\/jpeg\" \/>\n<meta name=\"author\" content=\"Cl\u00e9ment\" \/>\n<meta name=\"twitter:card\" content=\"summary_large_image\" \/>\n<meta name=\"twitter:creator\" content=\"@FootdavantFr\" \/>\n<meta name=\"twitter:site\" content=\"@FootdavantFr\" \/>\n<meta name=\"twitter:label1\" content=\"\u00c9crit par\" \/>\n\t<meta name=\"twitter:data1\" content=\"Cl\u00e9ment\" \/>\n\t<meta name=\"twitter:label2\" content=\"Dur\u00e9e de lecture estim\u00e9e\" \/>\n\t<meta name=\"twitter:data2\" content=\"5 minutes\" \/>\n<script type=\"application\/ld+json\" class=\"yoast-schema-graph\">{\"@context\":\"https:\/\/schema.org\",\"@graph\":[{\"@type\":\"Article\",\"@id\":\"https:\/\/footdavant.fr\/actualites\/arteta-cherche-lidentite-darsenal-avant-le-choc-contre-le-sporting\/#article\",\"isPartOf\":{\"@id\":\"https:\/\/footdavant.fr\/actualites\/arteta-cherche-lidentite-darsenal-avant-le-choc-contre-le-sporting\/\"},\"author\":{\"name\":\"Cl\u00e9ment\",\"@id\":\"https:\/\/footdavant.fr\/actualites\/#\/schema\/person\/bc222566d95871b37e597b3ed3ba5e1d\"},\"headline\":\"Arteta cherche l&#39;identit\u00e9 d&#39;Arsenal avant le choc contre le Sporting\",\"datePublished\":\"2026-04-07T10:48:12+00:00\",\"dateModified\":\"2026-04-07T10:48:13+00:00\",\"mainEntityOfPage\":{\"@id\":\"https:\/\/footdavant.fr\/actualites\/arteta-cherche-lidentite-darsenal-avant-le-choc-contre-le-sporting\/\"},\"wordCount\":966,\"publisher\":{\"@id\":\"https:\/\/footdavant.fr\/actualites\/#organization\"},\"keywords\":[\"Arteta\",\"avant\",\"cherche\",\"choc\",\"contre\",\"d39Arsenal\",\"l39identit\u00e9\",\"Sporting\"],\"articleSection\":[\"Football\"],\"inLanguage\":\"fr-FR\"},{\"@type\":\"WebPage\",\"@id\":\"https:\/\/footdavant.fr\/actualites\/arteta-cherche-lidentite-darsenal-avant-le-choc-contre-le-sporting\/\",\"url\":\"https:\/\/footdavant.fr\/actualites\/arteta-cherche-lidentite-darsenal-avant-le-choc-contre-le-sporting\/\",\"name\":\"Arteta cherche l&#39;identit\u00e9 d&#39;Arsenal avant le choc contre le Sporting\",\"isPartOf\":{\"@id\":\"https:\/\/footdavant.fr\/actualites\/#website\"},\"datePublished\":\"2026-04-07T10:48:12+00:00\",\"dateModified\":\"2026-04-07T10:48:13+00:00\",\"breadcrumb\":{\"@id\":\"https:\/\/footdavant.fr\/actualites\/arteta-cherche-lidentite-darsenal-avant-le-choc-contre-le-sporting\/#breadcrumb\"},\"inLanguage\":\"fr-FR\",\"potentialAction\":[{\"@type\":\"ReadAction\",\"target\":[\"https:\/\/footdavant.fr\/actualites\/arteta-cherche-lidentite-darsenal-avant-le-choc-contre-le-sporting\/\"]}]},{\"@type\":\"BreadcrumbList\",\"@id\":\"https:\/\/footdavant.fr\/actualites\/arteta-cherche-lidentite-darsenal-avant-le-choc-contre-le-sporting\/#breadcrumb\",\"itemListElement\":[{\"@type\":\"ListItem\",\"position\":1,\"name\":\"Accueil\",\"item\":\"https:\/\/footdavant.fr\/actualites\/\"},{\"@type\":\"ListItem\",\"position\":2,\"name\":\"Arteta cherche l&#39;identit\u00e9 d&#39;Arsenal avant le choc contre le Sporting\"}]},{\"@type\":\"WebSite\",\"@id\":\"https:\/\/footdavant.fr\/actualites\/#website\",\"url\":\"https:\/\/footdavant.fr\/actualites\/\",\"name\":\"Foot d'avant\",\"description\":\"\",\"publisher\":{\"@id\":\"https:\/\/footdavant.fr\/actualites\/#organization\"},\"potentialAction\":[{\"@type\":\"SearchAction\",\"target\":{\"@type\":\"EntryPoint\",\"urlTemplate\":\"https:\/\/footdavant.fr\/actualites\/?s={search_term_string}\"},\"query-input\":\"required name=search_term_string\"}],\"inLanguage\":\"fr-FR\"},{\"@type\":\"Organization\",\"@id\":\"https:\/\/footdavant.fr\/actualites\/#organization\",\"name\":\"Foot d'avant\",\"url\":\"https:\/\/footdavant.fr\/actualites\/\",\"logo\":{\"@type\":\"ImageObject\",\"inLanguage\":\"fr-FR\",\"@id\":\"https:\/\/footdavant.fr\/actualites\/#\/schema\/logo\/image\/\",\"url\":\"https:\/\/footdavant.fr\/actualites\/wp-content\/uploads\/2023\/09\/Copy-of-FootDavant-Logo.png\",\"contentUrl\":\"https:\/\/footdavant.fr\/actualites\/wp-content\/uploads\/2023\/09\/Copy-of-FootDavant-Logo.png\",\"width\":936,\"height\":549,\"caption\":\"Foot d'avant\"},\"image\":{\"@id\":\"https:\/\/footdavant.fr\/actualites\/#\/schema\/logo\/image\/\"},\"sameAs\":[\"https:\/\/www.facebook.com\/Footdavant\/\",\"https:\/\/twitter.com\/FootdavantFr\",\"https:\/\/www.instagram.com\/footdavant.fr\/\"]},{\"@type\":\"Person\",\"@id\":\"https:\/\/footdavant.fr\/actualites\/#\/schema\/person\/bc222566d95871b37e597b3ed3ba5e1d\",\"name\":\"Cl\u00e9ment\",\"image\":{\"@type\":\"ImageObject\",\"inLanguage\":\"fr-FR\",\"@id\":\"https:\/\/footdavant.fr\/actualites\/#\/schema\/person\/image\/\",\"url\":\"https:\/\/secure.gravatar.com\/avatar\/7728b29aac2719421e1a9159b2254c44?s=96&d=mm&r=g\",\"contentUrl\":\"https:\/\/secure.gravatar.com\/avatar\/7728b29aac2719421e1a9159b2254c44?s=96&d=mm&r=g\",\"caption\":\"Cl\u00e9ment\"},\"sameAs\":[\"https:\/\/footdavant.fr\/\"]}]}<\/script>\n<!-- \/ Yoast SEO plugin. -->","yoast_head_json":{"title":"Arteta cherche l&#39;identit\u00e9 d&#39;Arsenal avant le choc contre le Sporting","robots":{"index":"index","follow":"follow","max-snippet":"max-snippet:-1","max-image-preview":"max-image-preview:large","max-video-preview":"max-video-preview:-1"},"canonical":"https:\/\/footdavant.fr\/actualites\/arteta-cherche-lidentite-darsenal-avant-le-choc-contre-le-sporting\/","og_locale":"fr_FR","og_type":"article","og_title":"Arteta cherche l&#39;identit\u00e9 d&#39;Arsenal avant le choc contre le Sporting","og_description":"Bonjour de Lisbonne. Arsenal et Mikel Arteta sont arriv\u00e9s hier soir et les nouvelles de l&#39;\u00e9quipe sont mitig\u00e9es. Declan Rice, Leandro Trossard et Gabriel ont","og_url":"https:\/\/footdavant.fr\/actualites\/arteta-cherche-lidentite-darsenal-avant-le-choc-contre-le-sporting\/","og_site_name":"Foot d&#039;avant","article_publisher":"https:\/\/www.facebook.com\/Footdavant\/","article_published_time":"2026-04-07T10:48:12+00:00","article_modified_time":"2026-04-07T10:48:13+00:00","og_image":[{"width":1500,"height":750,"url":"https:\/\/footdavant.fr\/actualites\/wp-content\/uploads\/2026\/04\/Arteta-cherche-l39identite-d39Arsenal-avant-le-choc-contre-le-Sporting.jpg","type":"image\/jpeg"}],"author":"Cl\u00e9ment","twitter_card":"summary_large_image","twitter_creator":"@FootdavantFr","twitter_site":"@FootdavantFr","twitter_misc":{"\u00c9crit par":"Cl\u00e9ment","Dur\u00e9e de lecture estim\u00e9e":"5 minutes"},"schema":{"@context":"https:\/\/schema.org","@graph":[{"@type":"Article","@id":"https:\/\/footdavant.fr\/actualites\/arteta-cherche-lidentite-darsenal-avant-le-choc-contre-le-sporting\/#article","isPartOf":{"@id":"https:\/\/footdavant.fr\/actualites\/arteta-cherche-lidentite-darsenal-avant-le-choc-contre-le-sporting\/"},"author":{"name":"Cl\u00e9ment","@id":"https:\/\/footdavant.fr\/actualites\/#\/schema\/person\/bc222566d95871b37e597b3ed3ba5e1d"},"headline":"Arteta cherche l&#39;identit\u00e9 d&#39;Arsenal avant le choc contre le Sporting","datePublished":"2026-04-07T10:48:12+00:00","dateModified":"2026-04-07T10:48:13+00:00","mainEntityOfPage":{"@id":"https:\/\/footdavant.fr\/actualites\/arteta-cherche-lidentite-darsenal-avant-le-choc-contre-le-sporting\/"},"wordCount":966,"publisher":{"@id":"https:\/\/footdavant.fr\/actualites\/#organization"},"keywords":["Arteta","avant","cherche","choc","contre","d39Arsenal","l39identit\u00e9","Sporting"],"articleSection":["Football"],"inLanguage":"fr-FR"},{"@type":"WebPage","@id":"https:\/\/footdavant.fr\/actualites\/arteta-cherche-lidentite-darsenal-avant-le-choc-contre-le-sporting\/","url":"https:\/\/footdavant.fr\/actualites\/arteta-cherche-lidentite-darsenal-avant-le-choc-contre-le-sporting\/","name":"Arteta cherche l&#39;identit\u00e9 d&#39;Arsenal avant le choc contre le Sporting","isPartOf":{"@id":"https:\/\/footdavant.fr\/actualites\/#website"},"datePublished":"2026-04-07T10:48:12+00:00","dateModified":"2026-04-07T10:48:13+00:00","breadcrumb":{"@id":"https:\/\/footdavant.fr\/actualites\/arteta-cherche-lidentite-darsenal-avant-le-choc-contre-le-sporting\/#breadcrumb"},"inLanguage":"fr-FR","potentialAction":[{"@type":"ReadAction","target":["https:\/\/footdavant.fr\/actualites\/arteta-cherche-lidentite-darsenal-avant-le-choc-contre-le-sporting\/"]}]},{"@type":"BreadcrumbList","@id":"https:\/\/footdavant.fr\/actualites\/arteta-cherche-lidentite-darsenal-avant-le-choc-contre-le-sporting\/#breadcrumb","itemListElement":[{"@type":"ListItem","position":1,"name":"Accueil","item":"https:\/\/footdavant.fr\/actualites\/"},{"@type":"ListItem","position":2,"name":"Arteta cherche l&#39;identit\u00e9 d&#39;Arsenal avant le choc contre le Sporting"}]},{"@type":"WebSite","@id":"https:\/\/footdavant.fr\/actualites\/#website","url":"https:\/\/footdavant.fr\/actualites\/","name":"Foot d'avant","description":"","publisher":{"@id":"https:\/\/footdavant.fr\/actualites\/#organization"},"potentialAction":[{"@type":"SearchAction","target":{"@type":"EntryPoint","urlTemplate":"https:\/\/footdavant.fr\/actualites\/?s={search_term_string}"},"query-input":"required name=search_term_string"}],"inLanguage":"fr-FR"},{"@type":"Organization","@id":"https:\/\/footdavant.fr\/actualites\/#organization","name":"Foot d'avant","url":"https:\/\/footdavant.fr\/actualites\/","logo":{"@type":"ImageObject","inLanguage":"fr-FR","@id":"https:\/\/footdavant.fr\/actualites\/#\/schema\/logo\/image\/","url":"https:\/\/footdavant.fr\/actualites\/wp-content\/uploads\/2023\/09\/Copy-of-FootDavant-Logo.png","contentUrl":"https:\/\/footdavant.fr\/actualites\/wp-content\/uploads\/2023\/09\/Copy-of-FootDavant-Logo.png","width":936,"height":549,"caption":"Foot d'avant"},"image":{"@id":"https:\/\/footdavant.fr\/actualites\/#\/schema\/logo\/image\/"},"sameAs":["https:\/\/www.facebook.com\/Footdavant\/","https:\/\/twitter.com\/FootdavantFr","https:\/\/www.instagram.com\/footdavant.fr\/"]},{"@type":"Person","@id":"https:\/\/footdavant.fr\/actualites\/#\/schema\/person\/bc222566d95871b37e597b3ed3ba5e1d","name":"Cl\u00e9ment","image":{"@type":"ImageObject","inLanguage":"fr-FR","@id":"https:\/\/footdavant.fr\/actualites\/#\/schema\/person\/image\/","url":"https:\/\/secure.gravatar.com\/avatar\/7728b29aac2719421e1a9159b2254c44?s=96&d=mm&r=g","contentUrl":"https:\/\/secure.gravatar.com\/avatar\/7728b29aac2719421e1a9159b2254c44?s=96&d=mm&r=g","caption":"Cl\u00e9ment"},"sameAs":["https:\/\/footdavant.fr\/"]}]}},"_links":{"self":[{"href":"https:\/\/footdavant.fr\/actualites\/wp-json\/wp\/v2\/posts\/36214"}],"collection":[{"href":"https:\/\/footdavant.fr\/actualites\/wp-json\/wp\/v2\/posts"}],"about":[{"href":"https:\/\/footdavant.fr\/actualites\/wp-json\/wp\/v2\/types\/post"}],"author":[{"embeddable":true,"href":"https:\/\/footdavant.fr\/actualites\/wp-json\/wp\/v2\/users\/1"}],"replies":[{"embeddable":true,"href":"https:\/\/footdavant.fr\/actualites\/wp-json\/wp\/v2\/comments?post=36214"}],"version-history":[{"count":1,"href":"https:\/\/footdavant.fr\/actualites\/wp-json\/wp\/v2\/posts\/36214\/revisions"}],"predecessor-version":[{"id":36216,"href":"https:\/\/footdavant.fr\/actualites\/wp-json\/wp\/v2\/posts\/36214\/revisions\/36216"}],"wp:featuredmedia":[{"embeddable":true,"href":"https:\/\/footdavant.fr\/actualites\/wp-json\/wp\/v2\/media\/36215"}],"wp:attachment":[{"href":"https:\/\/footdavant.fr\/actualites\/wp-json\/wp\/v2\/media?parent=36214"}],"wp:term":[{"taxonomy":"category","embeddable":true,"href":"https:\/\/footdavant.fr\/actualites\/wp-json\/wp\/v2\/categories?post=36214"},{"taxonomy":"post_tag","embeddable":true,"href":"https:\/\/footdavant.fr\/actualites\/wp-json\/wp\/v2\/tags?post=36214"}],"curies":[{"name":"wp","href":"https:\/\/api.w.org\/{rel}","templated":true}]}}