{"id":36217,"date":"2026-04-07T14:48:13","date_gmt":"2026-04-07T12:48:13","guid":{"rendered":"https:\/\/footdavant.fr\/actualites\/le-chef-de-tottenham-laisse-tomber-lallusion-de-mauricio-pochettino-alors-que-la-nomination-de-roberto-de-zerbi-est-confirmee\/"},"modified":"2026-04-07T14:48:14","modified_gmt":"2026-04-07T12:48:14","slug":"le-chef-de-tottenham-laisse-tomber-lallusion-de-mauricio-pochettino-alors-que-la-nomination-de-roberto-de-zerbi-est-confirmee","status":"publish","type":"post","link":"https:\/\/footdavant.fr\/actualites\/le-chef-de-tottenham-laisse-tomber-lallusion-de-mauricio-pochettino-alors-que-la-nomination-de-roberto-de-zerbi-est-confirmee\/","title":{"rendered":"Le chef de Tottenham laisse tomber l\u2019allusion de Mauricio Pochettino alors que la nomination de Roberto De Zerbi est confirm\u00e9e"},"content":{"rendered":"<div itemprop=\"articleBody\">\n<p>Tottenham Hotspur a confirm\u00e9 la nomination de Roberto De Zerbi en tant que nouveau manager pour un contrat \u00e0 long terme, et l&#39;Italien s&#39;est exprim\u00e9 pour la premi\u00e8re fois depuis qu&#39;il a pris les r\u00eanes.<\/p>\n<p>\u00c0 peine 30 minutes apr\u00e8s avoir appris que De Zerbi avait accept\u00e9 de rejoindre les Spurs avec effet imm\u00e9diat, les Lilywhites ont d\u00e9voil\u00e9 l&#39;ancien patron de Brighton &#038; Hove Albion et Marseille comme troisi\u00e8me entra\u00eeneur-chef de la saison.<\/p>\n<p>De Zerbi aurait sign\u00e9 un contrat de cinq ans avec les tenants de la Ligue Europa jusqu&#39;\u00e0 l&#39;\u00e9t\u00e9 2031, m\u00eame si son arriv\u00e9e est toujours soumise \u00e0 un permis de travail.<\/p>\n<p>S&#39;adressant au site officiel de Tottenham apr\u00e8s l&#39;annonce de sa nomination, De Zerbi a r\u00e9v\u00e9l\u00e9 sa \u00ab\u00a0concentration totale\u00a0\u00bb pour le reste de la saison, alors qu&#39;il s&#39;efforce d&#39;\u00e9loigner les Spurs de la zone de rel\u00e9gation de la Premier League.<\/p>\n<p>\u00ab\u00a0Je suis ravi de rejoindre ce fantastique club de football, qui est l&#39;un des plus grands et des plus prestigieux au monde\u00a0\u00bb, a d\u00e9clar\u00e9 l&#39;Italien.<\/p>\n<h2>Roberto De Zerbi expose \u00ab\u00a0l&#39;ambition\u00a0\u00bb de Tottenham alors que sa nomination est confirm\u00e9e<\/h2>\n<div>\n<div>\n<div>\n<div>\n<p>\u00a9 Imago \/ Sportsphoto<\/p>\n<\/div>\n<\/div>\n<\/div>\n<\/div>\n<p>\u00ab\u00a0Dans toutes mes discussions avec la direction du Club, leur ambition pour l&#39;avenir a \u00e9t\u00e9 claire : construire une \u00e9quipe capable d&#39;atteindre de grands exploits, et pour ce faire, en pratiquant un style de football qui passionne et inspire nos supporters.<\/p>\n<p>\u00ab\u00a0Je suis ici parce que je crois en cette ambition et j&#39;ai sign\u00e9 un contrat \u00e0 long terme pour tout donner pour y parvenir.<\/p>\n<p>\u00ab\u00a0Notre priorit\u00e9 \u00e0 court terme est de grimper au classement de la Premier League, qui sera au centre de nos pr\u00e9occupations jusqu&#39;au coup de sifflet final du dernier match de la saison. J&#39;ai h\u00e2te de me retrouver sur le terrain d&#39;entra\u00eenement et de travailler avec ces joueurs pour y parvenir.\u00a0\u00bb<\/p>\n<p>Pendant ce temps, le directeur sportif Johan Lange a r\u00e9v\u00e9l\u00e9 que De Zerbi \u00e9tait le premier choix des Lilywhites pour un nouveau manager cet \u00e9t\u00e9, contrairement \u00e0 Mauricio Pochettino, Oliver Glasner ou Andoni Iraola.<\/p>\n<p>\u00ab\u00a0Roberto \u00e9tait notre cible num\u00e9ro un cet \u00e9t\u00e9 et nous sommes tr\u00e8s heureux de pouvoir le faire venir maintenant\u00a0\u00bb, a ajout\u00e9 Lange. \u00ab\u00a0Il est l&#39;un des entra\u00eeneurs les plus cr\u00e9atifs et avant-gardistes du football mondial, et il apporte avec lui une riche exp\u00e9rience au plus haut niveau, y compris en Premier League.\u00a0\u00bb<\/p>\n<p>Le premier match de De Zerbi en Premier League \u00e0 la t\u00eate de Tottenham aura lieu \u00e0 Sunderland le 12 avril, avant un affrontement \u00e0 domicile avec l&#39;ancien club de Brighton le 18 avril.<\/p>\n<h2>Tottenham \u00e9coute et ignore les fans avec la nomination de Roberto De Zerbi<\/h2>\n<div>\n<div><img decoding=\"async\" data-img-id=\"157655\" class=\"lazy\" loading=\"lazy\" src=\"https:\/\/footdavant.fr\/actualites\/wp-content\/uploads\/2026\/03\/Tottenham-news-l39avenir-d39Igor-Tudor-est-le-dernier-en-date.webp\"\/><\/p>\n<p>\u00a9 Imago\/IMAGO\/Zuma Press Wire<\/p>\n<\/div>\n<\/div>\n<p>Les supporters des Spurs ont soif de football offensif &#8211; c&#39;est dans l&#39;ADN du club &#8211; et la nomination de l&#39;avant-gardiste De Zerbi est un retour vers le style de jeu attrayant et \u00e0 haut risque dont r\u00eavent les fid\u00e8les des Lilywhites.<\/p>\n<p>Dans le m\u00eame temps, cependant, de nombreux supporters de Tottenham ont \u00e9t\u00e9 mal \u00e0 l&#39;aise face \u00e0 l&#39;arriv\u00e9e de De Zerbi, suite \u00e0 la d\u00e9fense acharn\u00e9e de l&#39;Italien contre Mason Greenwood alors que les deux hommes travaillaient ensemble \u00e0 Marseille.<\/p>\n<p>Greenwood avait \u00e9t\u00e9 accus\u00e9 de tentative de viol, d&#39;agression ayant entra\u00een\u00e9 des l\u00e9sions corporelles r\u00e9elles et de comportement de contr\u00f4le et de coercition avant que toutes les accusations ne soient abandonn\u00e9es, en raison du retrait de t\u00e9moins cl\u00e9s et de la r\u00e9v\u00e9lation de nouvelles preuves.<\/p>\n<p>De Zerbi a qualifi\u00e9 Greenwood de \u00ab bon gars \u00bb qui avait pay\u00e9 un \u00ab lourd tribut \u00bb pendant son s\u00e9jour en Angleterre, mais l&#39;ancien patron de Brighton a un travail s\u00e9rieux \u00e0 faire pour rallier tous les fans de Tottenham.<\/p>\n<p>Avant la pr\u00e9sentation de De Zerbi, nous avons demand\u00e9 \u00e0 l&#39;IA de pr\u00e9dire<b> <\/b>qu&#39;arriverait-il \u00e0 Tottenham sous la direction du joueur de 46 ans.<\/p>\n<\/div>\n","protected":false},"excerpt":{"rendered":"<p>Tottenham Hotspur a confirm\u00e9 la nomination de Roberto De Zerbi en tant que nouveau manager pour un contrat \u00e0 long terme, et l&#39;Italien s&#39;est exprim\u00e9<\/p>\n","protected":false},"author":1,"featured_media":36218,"comment_status":"closed","ping_status":"","sticky":false,"template":"","format":"standard","meta":{"footnotes":""},"categories":[5],"tags":[318,980,4148,217,2203,7336,592,3355,47,2810,3977,68,844],"yoast_head":"<!-- This site is optimized with the Yoast SEO plugin v21.0 - https:\/\/yoast.com\/wordpress\/plugins\/seo\/ -->\n<title>Le chef de Tottenham laisse tomber l\u2019allusion de Mauricio Pochettino alors que la nomination de Roberto De Zerbi est confirm\u00e9e<\/title>\n<meta name=\"robots\" content=\"index, follow, max-snippet:-1, max-image-preview:large, max-video-preview:-1\" \/>\n<link rel=\"canonical\" href=\"https:\/\/footdavant.fr\/actualites\/le-chef-de-tottenham-laisse-tomber-lallusion-de-mauricio-pochettino-alors-que-la-nomination-de-roberto-de-zerbi-est-confirmee\/\" \/>\n<meta property=\"og:locale\" content=\"fr_FR\" \/>\n<meta property=\"og:type\" content=\"article\" \/>\n<meta property=\"og:title\" content=\"Le chef de Tottenham laisse tomber l\u2019allusion de Mauricio Pochettino alors que la nomination de Roberto De Zerbi est confirm\u00e9e\" \/>\n<meta property=\"og:description\" content=\"Tottenham Hotspur a confirm\u00e9 la nomination de Roberto De Zerbi en tant que nouveau manager pour un contrat \u00e0 long terme, et l&#039;Italien s&#039;est exprim\u00e9\" \/>\n<meta property=\"og:url\" content=\"https:\/\/footdavant.fr\/actualites\/le-chef-de-tottenham-laisse-tomber-lallusion-de-mauricio-pochettino-alors-que-la-nomination-de-roberto-de-zerbi-est-confirmee\/\" \/>\n<meta property=\"og:site_name\" content=\"Foot d&#039;avant\" \/>\n<meta property=\"article:publisher\" content=\"https:\/\/www.facebook.com\/Footdavant\/\" \/>\n<meta property=\"article:published_time\" content=\"2026-04-07T12:48:13+00:00\" \/>\n<meta property=\"article:modified_time\" content=\"2026-04-07T12:48:14+00:00\" \/>\n<meta property=\"og:image\" content=\"https:\/\/footdavant.fr\/actualites\/wp-content\/uploads\/2026\/04\/Le-chef-de-Tottenham-laisse-tomber-lallusion-de-Mauricio-Pochettino.net2Fuploads2F20262F032Fns-photo-badge-e.webp\" \/>\n\t<meta property=\"og:image:width\" content=\"720\" \/>\n\t<meta property=\"og:image:height\" content=\"410\" \/>\n\t<meta property=\"og:image:type\" content=\"image\/webp\" \/>\n<meta name=\"author\" content=\"Cl\u00e9ment\" \/>\n<meta name=\"twitter:card\" content=\"summary_large_image\" \/>\n<meta name=\"twitter:creator\" content=\"@FootdavantFr\" \/>\n<meta name=\"twitter:site\" content=\"@FootdavantFr\" \/>\n<meta name=\"twitter:label1\" content=\"\u00c9crit par\" \/>\n\t<meta name=\"twitter:data1\" content=\"Cl\u00e9ment\" \/>\n\t<meta name=\"twitter:label2\" content=\"Dur\u00e9e de lecture estim\u00e9e\" \/>\n\t<meta name=\"twitter:data2\" content=\"3 minutes\" \/>\n<script type=\"application\/ld+json\" class=\"yoast-schema-graph\">{\"@context\":\"https:\/\/schema.org\",\"@graph\":[{\"@type\":\"Article\",\"@id\":\"https:\/\/footdavant.fr\/actualites\/le-chef-de-tottenham-laisse-tomber-lallusion-de-mauricio-pochettino-alors-que-la-nomination-de-roberto-de-zerbi-est-confirmee\/#article\",\"isPartOf\":{\"@id\":\"https:\/\/footdavant.fr\/actualites\/le-chef-de-tottenham-laisse-tomber-lallusion-de-mauricio-pochettino-alors-que-la-nomination-de-roberto-de-zerbi-est-confirmee\/\"},\"author\":{\"name\":\"Cl\u00e9ment\",\"@id\":\"https:\/\/footdavant.fr\/actualites\/#\/schema\/person\/bc222566d95871b37e597b3ed3ba5e1d\"},\"headline\":\"Le chef de Tottenham laisse tomber l\u2019allusion de Mauricio Pochettino alors que la nomination de Roberto De Zerbi est confirm\u00e9e\",\"datePublished\":\"2026-04-07T12:48:13+00:00\",\"dateModified\":\"2026-04-07T12:48:14+00:00\",\"mainEntityOfPage\":{\"@id\":\"https:\/\/footdavant.fr\/actualites\/le-chef-de-tottenham-laisse-tomber-lallusion-de-mauricio-pochettino-alors-que-la-nomination-de-roberto-de-zerbi-est-confirmee\/\"},\"wordCount\":698,\"publisher\":{\"@id\":\"https:\/\/footdavant.fr\/actualites\/#organization\"},\"keywords\":[\"alors\",\"chef\",\"confirm\u00e9e\",\"est\",\"laisse\",\"lallusion\",\"Mauricio\",\"nomination\",\"Pochettino\",\"Roberto\",\"tomber\",\"Tottenham\",\"Zerbi\"],\"articleSection\":[\"Premier League\"],\"inLanguage\":\"fr-FR\"},{\"@type\":\"WebPage\",\"@id\":\"https:\/\/footdavant.fr\/actualites\/le-chef-de-tottenham-laisse-tomber-lallusion-de-mauricio-pochettino-alors-que-la-nomination-de-roberto-de-zerbi-est-confirmee\/\",\"url\":\"https:\/\/footdavant.fr\/actualites\/le-chef-de-tottenham-laisse-tomber-lallusion-de-mauricio-pochettino-alors-que-la-nomination-de-roberto-de-zerbi-est-confirmee\/\",\"name\":\"Le chef de Tottenham laisse tomber l\u2019allusion de Mauricio Pochettino alors que la nomination de Roberto De Zerbi est confirm\u00e9e\",\"isPartOf\":{\"@id\":\"https:\/\/footdavant.fr\/actualites\/#website\"},\"datePublished\":\"2026-04-07T12:48:13+00:00\",\"dateModified\":\"2026-04-07T12:48:14+00:00\",\"breadcrumb\":{\"@id\":\"https:\/\/footdavant.fr\/actualites\/le-chef-de-tottenham-laisse-tomber-lallusion-de-mauricio-pochettino-alors-que-la-nomination-de-roberto-de-zerbi-est-confirmee\/#breadcrumb\"},\"inLanguage\":\"fr-FR\",\"potentialAction\":[{\"@type\":\"ReadAction\",\"target\":[\"https:\/\/footdavant.fr\/actualites\/le-chef-de-tottenham-laisse-tomber-lallusion-de-mauricio-pochettino-alors-que-la-nomination-de-roberto-de-zerbi-est-confirmee\/\"]}]},{\"@type\":\"BreadcrumbList\",\"@id\":\"https:\/\/footdavant.fr\/actualites\/le-chef-de-tottenham-laisse-tomber-lallusion-de-mauricio-pochettino-alors-que-la-nomination-de-roberto-de-zerbi-est-confirmee\/#breadcrumb\",\"itemListElement\":[{\"@type\":\"ListItem\",\"position\":1,\"name\":\"Accueil\",\"item\":\"https:\/\/footdavant.fr\/actualites\/\"},{\"@type\":\"ListItem\",\"position\":2,\"name\":\"Le chef de Tottenham laisse tomber l\u2019allusion de Mauricio Pochettino alors que la nomination de Roberto De Zerbi est confirm\u00e9e\"}]},{\"@type\":\"WebSite\",\"@id\":\"https:\/\/footdavant.fr\/actualites\/#website\",\"url\":\"https:\/\/footdavant.fr\/actualites\/\",\"name\":\"Foot d'avant\",\"description\":\"\",\"publisher\":{\"@id\":\"https:\/\/footdavant.fr\/actualites\/#organization\"},\"potentialAction\":[{\"@type\":\"SearchAction\",\"target\":{\"@type\":\"EntryPoint\",\"urlTemplate\":\"https:\/\/footdavant.fr\/actualites\/?s={search_term_string}\"},\"query-input\":\"required name=search_term_string\"}],\"inLanguage\":\"fr-FR\"},{\"@type\":\"Organization\",\"@id\":\"https:\/\/footdavant.fr\/actualites\/#organization\",\"name\":\"Foot d'avant\",\"url\":\"https:\/\/footdavant.fr\/actualites\/\",\"logo\":{\"@type\":\"ImageObject\",\"inLanguage\":\"fr-FR\",\"@id\":\"https:\/\/footdavant.fr\/actualites\/#\/schema\/logo\/image\/\",\"url\":\"https:\/\/footdavant.fr\/actualites\/wp-content\/uploads\/2023\/09\/Copy-of-FootDavant-Logo.png\",\"contentUrl\":\"https:\/\/footdavant.fr\/actualites\/wp-content\/uploads\/2023\/09\/Copy-of-FootDavant-Logo.png\",\"width\":936,\"height\":549,\"caption\":\"Foot d'avant\"},\"image\":{\"@id\":\"https:\/\/footdavant.fr\/actualites\/#\/schema\/logo\/image\/\"},\"sameAs\":[\"https:\/\/www.facebook.com\/Footdavant\/\",\"https:\/\/twitter.com\/FootdavantFr\",\"https:\/\/www.instagram.com\/footdavant.fr\/\"]},{\"@type\":\"Person\",\"@id\":\"https:\/\/footdavant.fr\/actualites\/#\/schema\/person\/bc222566d95871b37e597b3ed3ba5e1d\",\"name\":\"Cl\u00e9ment\",\"image\":{\"@type\":\"ImageObject\",\"inLanguage\":\"fr-FR\",\"@id\":\"https:\/\/footdavant.fr\/actualites\/#\/schema\/person\/image\/\",\"url\":\"https:\/\/secure.gravatar.com\/avatar\/7728b29aac2719421e1a9159b2254c44?s=96&d=mm&r=g\",\"contentUrl\":\"https:\/\/secure.gravatar.com\/avatar\/7728b29aac2719421e1a9159b2254c44?s=96&d=mm&r=g\",\"caption\":\"Cl\u00e9ment\"},\"sameAs\":[\"https:\/\/footdavant.fr\/\"]}]}<\/script>\n<!-- \/ Yoast SEO plugin. -->","yoast_head_json":{"title":"Le chef de Tottenham laisse tomber l\u2019allusion de Mauricio Pochettino alors que la nomination de Roberto De Zerbi est confirm\u00e9e","robots":{"index":"index","follow":"follow","max-snippet":"max-snippet:-1","max-image-preview":"max-image-preview:large","max-video-preview":"max-video-preview:-1"},"canonical":"https:\/\/footdavant.fr\/actualites\/le-chef-de-tottenham-laisse-tomber-lallusion-de-mauricio-pochettino-alors-que-la-nomination-de-roberto-de-zerbi-est-confirmee\/","og_locale":"fr_FR","og_type":"article","og_title":"Le chef de Tottenham laisse tomber l\u2019allusion de Mauricio Pochettino alors que la nomination de Roberto De Zerbi est confirm\u00e9e","og_description":"Tottenham Hotspur a confirm\u00e9 la nomination de Roberto De Zerbi en tant que nouveau manager pour un contrat \u00e0 long terme, et l&#39;Italien s&#39;est exprim\u00e9","og_url":"https:\/\/footdavant.fr\/actualites\/le-chef-de-tottenham-laisse-tomber-lallusion-de-mauricio-pochettino-alors-que-la-nomination-de-roberto-de-zerbi-est-confirmee\/","og_site_name":"Foot d&#039;avant","article_publisher":"https:\/\/www.facebook.com\/Footdavant\/","article_published_time":"2026-04-07T12:48:13+00:00","article_modified_time":"2026-04-07T12:48:14+00:00","og_image":[{"width":720,"height":410,"url":"https:\/\/footdavant.fr\/actualites\/wp-content\/uploads\/2026\/04\/Le-chef-de-Tottenham-laisse-tomber-lallusion-de-Mauricio-Pochettino.net2Fuploads2F20262F032Fns-photo-badge-e.webp","type":"image\/webp"}],"author":"Cl\u00e9ment","twitter_card":"summary_large_image","twitter_creator":"@FootdavantFr","twitter_site":"@FootdavantFr","twitter_misc":{"\u00c9crit par":"Cl\u00e9ment","Dur\u00e9e de lecture estim\u00e9e":"3 minutes"},"schema":{"@context":"https:\/\/schema.org","@graph":[{"@type":"Article","@id":"https:\/\/footdavant.fr\/actualites\/le-chef-de-tottenham-laisse-tomber-lallusion-de-mauricio-pochettino-alors-que-la-nomination-de-roberto-de-zerbi-est-confirmee\/#article","isPartOf":{"@id":"https:\/\/footdavant.fr\/actualites\/le-chef-de-tottenham-laisse-tomber-lallusion-de-mauricio-pochettino-alors-que-la-nomination-de-roberto-de-zerbi-est-confirmee\/"},"author":{"name":"Cl\u00e9ment","@id":"https:\/\/footdavant.fr\/actualites\/#\/schema\/person\/bc222566d95871b37e597b3ed3ba5e1d"},"headline":"Le chef de Tottenham laisse tomber l\u2019allusion de Mauricio Pochettino alors que la nomination de Roberto De Zerbi est confirm\u00e9e","datePublished":"2026-04-07T12:48:13+00:00","dateModified":"2026-04-07T12:48:14+00:00","mainEntityOfPage":{"@id":"https:\/\/footdavant.fr\/actualites\/le-chef-de-tottenham-laisse-tomber-lallusion-de-mauricio-pochettino-alors-que-la-nomination-de-roberto-de-zerbi-est-confirmee\/"},"wordCount":698,"publisher":{"@id":"https:\/\/footdavant.fr\/actualites\/#organization"},"keywords":["alors","chef","confirm\u00e9e","est","laisse","lallusion","Mauricio","nomination","Pochettino","Roberto","tomber","Tottenham","Zerbi"],"articleSection":["Premier League"],"inLanguage":"fr-FR"},{"@type":"WebPage","@id":"https:\/\/footdavant.fr\/actualites\/le-chef-de-tottenham-laisse-tomber-lallusion-de-mauricio-pochettino-alors-que-la-nomination-de-roberto-de-zerbi-est-confirmee\/","url":"https:\/\/footdavant.fr\/actualites\/le-chef-de-tottenham-laisse-tomber-lallusion-de-mauricio-pochettino-alors-que-la-nomination-de-roberto-de-zerbi-est-confirmee\/","name":"Le chef de Tottenham laisse tomber l\u2019allusion de Mauricio Pochettino alors que la nomination de Roberto De Zerbi est confirm\u00e9e","isPartOf":{"@id":"https:\/\/footdavant.fr\/actualites\/#website"},"datePublished":"2026-04-07T12:48:13+00:00","dateModified":"2026-04-07T12:48:14+00:00","breadcrumb":{"@id":"https:\/\/footdavant.fr\/actualites\/le-chef-de-tottenham-laisse-tomber-lallusion-de-mauricio-pochettino-alors-que-la-nomination-de-roberto-de-zerbi-est-confirmee\/#breadcrumb"},"inLanguage":"fr-FR","potentialAction":[{"@type":"ReadAction","target":["https:\/\/footdavant.fr\/actualites\/le-chef-de-tottenham-laisse-tomber-lallusion-de-mauricio-pochettino-alors-que-la-nomination-de-roberto-de-zerbi-est-confirmee\/"]}]},{"@type":"BreadcrumbList","@id":"https:\/\/footdavant.fr\/actualites\/le-chef-de-tottenham-laisse-tomber-lallusion-de-mauricio-pochettino-alors-que-la-nomination-de-roberto-de-zerbi-est-confirmee\/#breadcrumb","itemListElement":[{"@type":"ListItem","position":1,"name":"Accueil","item":"https:\/\/footdavant.fr\/actualites\/"},{"@type":"ListItem","position":2,"name":"Le chef de Tottenham laisse tomber l\u2019allusion de Mauricio Pochettino alors que la nomination de Roberto De Zerbi est confirm\u00e9e"}]},{"@type":"WebSite","@id":"https:\/\/footdavant.fr\/actualites\/#website","url":"https:\/\/footdavant.fr\/actualites\/","name":"Foot d'avant","description":"","publisher":{"@id":"https:\/\/footdavant.fr\/actualites\/#organization"},"potentialAction":[{"@type":"SearchAction","target":{"@type":"EntryPoint","urlTemplate":"https:\/\/footdavant.fr\/actualites\/?s={search_term_string}"},"query-input":"required name=search_term_string"}],"inLanguage":"fr-FR"},{"@type":"Organization","@id":"https:\/\/footdavant.fr\/actualites\/#organization","name":"Foot d'avant","url":"https:\/\/footdavant.fr\/actualites\/","logo":{"@type":"ImageObject","inLanguage":"fr-FR","@id":"https:\/\/footdavant.fr\/actualites\/#\/schema\/logo\/image\/","url":"https:\/\/footdavant.fr\/actualites\/wp-content\/uploads\/2023\/09\/Copy-of-FootDavant-Logo.png","contentUrl":"https:\/\/footdavant.fr\/actualites\/wp-content\/uploads\/2023\/09\/Copy-of-FootDavant-Logo.png","width":936,"height":549,"caption":"Foot d'avant"},"image":{"@id":"https:\/\/footdavant.fr\/actualites\/#\/schema\/logo\/image\/"},"sameAs":["https:\/\/www.facebook.com\/Footdavant\/","https:\/\/twitter.com\/FootdavantFr","https:\/\/www.instagram.com\/footdavant.fr\/"]},{"@type":"Person","@id":"https:\/\/footdavant.fr\/actualites\/#\/schema\/person\/bc222566d95871b37e597b3ed3ba5e1d","name":"Cl\u00e9ment","image":{"@type":"ImageObject","inLanguage":"fr-FR","@id":"https:\/\/footdavant.fr\/actualites\/#\/schema\/person\/image\/","url":"https:\/\/secure.gravatar.com\/avatar\/7728b29aac2719421e1a9159b2254c44?s=96&d=mm&r=g","contentUrl":"https:\/\/secure.gravatar.com\/avatar\/7728b29aac2719421e1a9159b2254c44?s=96&d=mm&r=g","caption":"Cl\u00e9ment"},"sameAs":["https:\/\/footdavant.fr\/"]}]}},"_links":{"self":[{"href":"https:\/\/footdavant.fr\/actualites\/wp-json\/wp\/v2\/posts\/36217"}],"collection":[{"href":"https:\/\/footdavant.fr\/actualites\/wp-json\/wp\/v2\/posts"}],"about":[{"href":"https:\/\/footdavant.fr\/actualites\/wp-json\/wp\/v2\/types\/post"}],"author":[{"embeddable":true,"href":"https:\/\/footdavant.fr\/actualites\/wp-json\/wp\/v2\/users\/1"}],"replies":[{"embeddable":true,"href":"https:\/\/footdavant.fr\/actualites\/wp-json\/wp\/v2\/comments?post=36217"}],"version-history":[{"count":1,"href":"https:\/\/footdavant.fr\/actualites\/wp-json\/wp\/v2\/posts\/36217\/revisions"}],"predecessor-version":[{"id":36219,"href":"https:\/\/footdavant.fr\/actualites\/wp-json\/wp\/v2\/posts\/36217\/revisions\/36219"}],"wp:featuredmedia":[{"embeddable":true,"href":"https:\/\/footdavant.fr\/actualites\/wp-json\/wp\/v2\/media\/36218"}],"wp:attachment":[{"href":"https:\/\/footdavant.fr\/actualites\/wp-json\/wp\/v2\/media?parent=36217"}],"wp:term":[{"taxonomy":"category","embeddable":true,"href":"https:\/\/footdavant.fr\/actualites\/wp-json\/wp\/v2\/categories?post=36217"},{"taxonomy":"post_tag","embeddable":true,"href":"https:\/\/footdavant.fr\/actualites\/wp-json\/wp\/v2\/tags?post=36217"}],"curies":[{"name":"wp","href":"https:\/\/api.w.org\/{rel}","templated":true}]}}