{"id":36220,"date":"2026-04-07T16:48:01","date_gmt":"2026-04-07T14:48:01","guid":{"rendered":"https:\/\/footdavant.fr\/actualites\/liverpool-avait-envisage-chevalier-avant-de-signer-mamardashvili\/"},"modified":"2026-04-07T16:48:03","modified_gmt":"2026-04-07T14:48:03","slug":"liverpool-avait-envisage-chevalier-avant-de-signer-mamardashvili","status":"publish","type":"post","link":"https:\/\/footdavant.fr\/actualites\/liverpool-avait-envisage-chevalier-avant-de-signer-mamardashvili\/","title":{"rendered":"Liverpool avait envisag\u00e9 Chevalier avant de signer Mamardashvili"},"content":{"rendered":"<p><\/p>\n<div id=\"article-body\">\n<!-- Article Start --><\/p>\n<p>Un joueur du Paris Saint-Germain qui pourrait potentiellement affronter Liverpool mercredi soir aurait tr\u00e8s bien pu s&#39;aligner pour les Reds, si le destin s&#39;\u00e9tait d\u00e9roul\u00e9 diff\u00e9remment.<\/p>\n<p>La premi\u00e8re signature sign\u00e9e par Richard Hughes en tant que directeur sportif du LFC a \u00e9t\u00e9 celle de Giorgi Mamardashvili en ao\u00fbt 2024, bien que le gardien de but soit rest\u00e9 \u00e0 Valence la saison derni\u00e8re avant de rejoindre le Merseyside cet \u00e9t\u00e9.<\/p>\n<hr\/>\n<p><b><i>T\u00c9L\u00c9CHARGEZ L&#39;APPLICATION OFFICIELLE EMPIRE OF KOP POUR TOUTES LES DERNI\u00c8RES MISES \u00c0 JOUR \u2013 DIRECTEMENT SUR VOTRE T\u00c9L\u00c9PHONE\u00a0! SUR APPLE ET GOOGLE PLAY<\/i><\/b><\/p>\n<hr\/>\n<p>Le G\u00e9orgien a fait 14 apparitions jusqu&#39;\u00e0 pr\u00e9sent pour Liverpool, dont la plupart ont eu lieu l&#39;automne dernier en rempla\u00e7ant Alisson Becker, bless\u00e9, ce qu&#39;il devrait \u00e9galement faire au Parc des Princes demain soir.<\/p>\n<h2>Liverpool avait explor\u00e9 une possibilit\u00e9 pour Lucas Chevalier en 2024<\/h2>\n<p>Comme l&#39;a soulign\u00e9 Paul Joyce pour le Times, le club du Merseyside a d\u00e9pens\u00e9 29,5 millions de livres sterling pour signer Mamardashvili il y a deux \u00e9t\u00e9s alors qu&#39;il cherchait une nouvelle option de sauvegarde pour son num\u00e9ro 1 de longue date.<\/p>\n<p>Les chefs d&#39;Anfield avaient \u00e9galement explor\u00e9 les possibilit\u00e9s de transfert de Diogo Costa et <span>Lucas Chevalier \u2013 dont ce dernier jouait pour Lille \u00e0 l&#39;\u00e9poque mais a rejoint le PSG pour 48 millions d&#39;euros (41,9 millions de livres sterling) l&#39;ann\u00e9e derni\u00e8re \u2013 mais a finalement estim\u00e9 que l&#39;international g\u00e9orgien <\/span><span>repr\u00e9sentait une meilleure valeur.<\/span><\/p>\n<p>De plus, le stock de Mamardashvili \u00e9tait assez \u00e9lev\u00e9 gr\u00e2ce \u00e0 de magnifiques performances pour son pays lors de ses d\u00e9buts dans un tournoi majeur \u00e0 l&#39;Euro 2024, lorsqu&#39;il a atteint les huiti\u00e8mes de finale.<\/p>\n<\/p>\n<h2>Liverpool a-t-il fait le bon choix cet \u00e9t\u00e9-l\u00e0 ?<\/h2>\n<p>Chevalier a affront\u00e9 Liverpool en Ligue des champions la saison derni\u00e8re lorsque Lille a \u00e9t\u00e9 battu 2-1 \u00e0 Anfield, m\u00eame s&#39;il devra peut-\u00eatre se contenter d&#39;une place sur le banc demain soir, apr\u00e8s avoir perdu sa place de titulaire au PSG au profit de Matvey Safonov.<\/p>\n<p>Avec lui et Mamardashvili dans leur premi\u00e8re ann\u00e9e dans leurs clubs respectifs, il vaut la peine de regarder leurs statistiques de la campagne jusqu&#39;\u00e0 pr\u00e9sent pour d\u00e9terminer qui a \u00e9t\u00e9 le meilleur des deux.<\/p>\n<table style=\"border-collapse: collapse; width: 79.0753%;\">\n<tbody>\n<tr>\n<td style=\"width: 33.3333%; text-align: center;\"><\/td>\n<td style=\"width: 22.4558%; text-align: center;\"><\/td>\n<td style=\"width: 23.2873%; text-align: center;\"><\/td>\n<\/tr>\n<tr>\n<td style=\"width: 33.3333%; text-align: center;\">Jeux jou\u00e9s<\/td>\n<td style=\"width: 22.4558%; text-align: center;\">26<\/td>\n<td style=\"width: 23.2873%; text-align: center;\">14<\/td>\n<\/tr>\n<tr>\n<td style=\"width: 33.3333%; text-align: center;\">Minutes jou\u00e9es<\/td>\n<td style=\"width: 22.4558%; text-align: center;\">2 340<\/td>\n<td style=\"width: 23.2873%; text-align: center;\">1\u00a0204<\/td>\n<\/tr>\n<tr>\n<td style=\"width: 33.3333%; text-align: center;\">Buts encaiss\u00e9s (total)<\/td>\n<td style=\"width: 22.4558%; text-align: center;\">28<\/td>\n<td style=\"width: 23.2873%; text-align: center;\">24<\/td>\n<\/tr>\n<tr>\n<td style=\"width: 33.3333%; text-align: center;\">Minutes par but encaiss\u00e9<\/td>\n<td style=\"width: 22.4558%; text-align: center;\">83.57<\/td>\n<td style=\"width: 23.2873%; text-align: center;\">50.17<\/td>\n<\/tr>\n<tr>\n<td style=\"width: 33.3333%; text-align: center;\">Draps propres<\/td>\n<td style=\"width: 22.4558%; text-align: center;\">10<\/td>\n<td style=\"width: 23.2873%; text-align: center;\">3<\/td>\n<\/tr>\n<\/tbody>\n<\/table>\n<p>Les chiffres sont plus favorables au Fran\u00e7ais, mais cela ne veut pas dire que les Reds ont eu compl\u00e8tement tort d&#39;opter pour le gardien g\u00e9orgien, surtout lorsqu&#39;ils l&#39;ont sign\u00e9 pour moins que ce que le PSG a d\u00e9pens\u00e9 pour Chevalier.<\/p>\n<p>Le num\u00e9ro 25 de Liverpool a go\u00fbt\u00e9 \u00e0 la d\u00e9faite beaucoup plus souvent qu&#39;\u00e0 la victoire \u00e0 Anfield jusqu&#39;\u00e0 pr\u00e9sent, mais il a \u00e9galement eu quelques moments \u00e0 savourer pour l&#39;\u00e9quipe d&#39;Arne Slot, comme l&#39;arr\u00eat \u00e9poustouflant qu&#39;il a r\u00e9alis\u00e9 contre Matty Cash lors de notre victoire 2-0 contre Aston Villa en novembre.<\/p>\n<p>Esp\u00e9rons que Mamardashvili r\u00e9alisera une performance vedette \u00e0 Paris mercredi soir et soulignera en outre que le LFC a pris la bonne d\u00e9cision pour lui assurer un transfert en 2024.<\/p>\n<p><!-- Article End -->\t\t\t\t<\/div>\n","protected":false},"excerpt":{"rendered":"<p>Un joueur du Paris Saint-Germain qui pourrait potentiellement affronter Liverpool mercredi soir aurait tr\u00e8s bien pu s&#39;aligner pour les Reds, si le destin s&#39;\u00e9tait d\u00e9roul\u00e9<\/p>\n","protected":false},"author":1,"featured_media":36221,"comment_status":"closed","ping_status":"","sticky":false,"template":"","format":"standard","meta":{"footnotes":""},"categories":[3],"tags":[2448,491,2890,496,53,6231,774],"yoast_head":"<!-- This site is optimized with the Yoast SEO plugin v21.0 - https:\/\/yoast.com\/wordpress\/plugins\/seo\/ -->\n<title>Liverpool avait envisag\u00e9 Chevalier avant de signer Mamardashvili<\/title>\n<meta name=\"robots\" content=\"index, follow, max-snippet:-1, max-image-preview:large, max-video-preview:-1\" \/>\n<link rel=\"canonical\" href=\"https:\/\/footdavant.fr\/actualites\/liverpool-avait-envisage-chevalier-avant-de-signer-mamardashvili\/\" \/>\n<meta property=\"og:locale\" content=\"fr_FR\" \/>\n<meta property=\"og:type\" content=\"article\" \/>\n<meta property=\"og:title\" content=\"Liverpool avait envisag\u00e9 Chevalier avant de signer Mamardashvili\" \/>\n<meta property=\"og:description\" content=\"Un joueur du Paris Saint-Germain qui pourrait potentiellement affronter Liverpool mercredi soir aurait tr\u00e8s bien pu s&#039;aligner pour les Reds, si le destin s&#039;\u00e9tait d\u00e9roul\u00e9\" \/>\n<meta property=\"og:url\" content=\"https:\/\/footdavant.fr\/actualites\/liverpool-avait-envisage-chevalier-avant-de-signer-mamardashvili\/\" \/>\n<meta property=\"og:site_name\" content=\"Foot d&#039;avant\" \/>\n<meta property=\"article:publisher\" content=\"https:\/\/www.facebook.com\/Footdavant\/\" \/>\n<meta property=\"article:published_time\" content=\"2026-04-07T14:48:01+00:00\" \/>\n<meta property=\"article:modified_time\" content=\"2026-04-07T14:48:03+00:00\" \/>\n<meta property=\"og:image\" content=\"https:\/\/footdavant.fr\/actualites\/wp-content\/uploads\/2026\/04\/Liverpool-avait-envisage-Chevalier-avant-de-signer-Mamardashvili.jpg\" \/>\n\t<meta property=\"og:image:width\" content=\"1434\" \/>\n\t<meta property=\"og:image:height\" content=\"803\" \/>\n\t<meta property=\"og:image:type\" content=\"image\/jpeg\" \/>\n<meta name=\"author\" content=\"Cl\u00e9ment\" \/>\n<meta name=\"twitter:card\" content=\"summary_large_image\" \/>\n<meta name=\"twitter:creator\" content=\"@FootdavantFr\" \/>\n<meta name=\"twitter:site\" content=\"@FootdavantFr\" \/>\n<meta name=\"twitter:label1\" content=\"\u00c9crit par\" \/>\n\t<meta name=\"twitter:data1\" content=\"Cl\u00e9ment\" \/>\n\t<meta name=\"twitter:label2\" content=\"Dur\u00e9e de lecture estim\u00e9e\" \/>\n\t<meta name=\"twitter:data2\" content=\"3 minutes\" \/>\n<script type=\"application\/ld+json\" class=\"yoast-schema-graph\">{\"@context\":\"https:\/\/schema.org\",\"@graph\":[{\"@type\":\"Article\",\"@id\":\"https:\/\/footdavant.fr\/actualites\/liverpool-avait-envisage-chevalier-avant-de-signer-mamardashvili\/#article\",\"isPartOf\":{\"@id\":\"https:\/\/footdavant.fr\/actualites\/liverpool-avait-envisage-chevalier-avant-de-signer-mamardashvili\/\"},\"author\":{\"name\":\"Cl\u00e9ment\",\"@id\":\"https:\/\/footdavant.fr\/actualites\/#\/schema\/person\/bc222566d95871b37e597b3ed3ba5e1d\"},\"headline\":\"Liverpool avait envisag\u00e9 Chevalier avant de signer Mamardashvili\",\"datePublished\":\"2026-04-07T14:48:01+00:00\",\"dateModified\":\"2026-04-07T14:48:03+00:00\",\"mainEntityOfPage\":{\"@id\":\"https:\/\/footdavant.fr\/actualites\/liverpool-avait-envisage-chevalier-avant-de-signer-mamardashvili\/\"},\"wordCount\":548,\"publisher\":{\"@id\":\"https:\/\/footdavant.fr\/actualites\/#organization\"},\"keywords\":[\"avait\",\"avant\",\"chevalier\",\"envisage\",\"Liverpool\",\"Mamardashvili\",\"signer\"],\"articleSection\":[\"Football\"],\"inLanguage\":\"fr-FR\"},{\"@type\":\"WebPage\",\"@id\":\"https:\/\/footdavant.fr\/actualites\/liverpool-avait-envisage-chevalier-avant-de-signer-mamardashvili\/\",\"url\":\"https:\/\/footdavant.fr\/actualites\/liverpool-avait-envisage-chevalier-avant-de-signer-mamardashvili\/\",\"name\":\"Liverpool avait envisag\u00e9 Chevalier avant de signer Mamardashvili\",\"isPartOf\":{\"@id\":\"https:\/\/footdavant.fr\/actualites\/#website\"},\"datePublished\":\"2026-04-07T14:48:01+00:00\",\"dateModified\":\"2026-04-07T14:48:03+00:00\",\"breadcrumb\":{\"@id\":\"https:\/\/footdavant.fr\/actualites\/liverpool-avait-envisage-chevalier-avant-de-signer-mamardashvili\/#breadcrumb\"},\"inLanguage\":\"fr-FR\",\"potentialAction\":[{\"@type\":\"ReadAction\",\"target\":[\"https:\/\/footdavant.fr\/actualites\/liverpool-avait-envisage-chevalier-avant-de-signer-mamardashvili\/\"]}]},{\"@type\":\"BreadcrumbList\",\"@id\":\"https:\/\/footdavant.fr\/actualites\/liverpool-avait-envisage-chevalier-avant-de-signer-mamardashvili\/#breadcrumb\",\"itemListElement\":[{\"@type\":\"ListItem\",\"position\":1,\"name\":\"Accueil\",\"item\":\"https:\/\/footdavant.fr\/actualites\/\"},{\"@type\":\"ListItem\",\"position\":2,\"name\":\"Liverpool avait envisag\u00e9 Chevalier avant de signer Mamardashvili\"}]},{\"@type\":\"WebSite\",\"@id\":\"https:\/\/footdavant.fr\/actualites\/#website\",\"url\":\"https:\/\/footdavant.fr\/actualites\/\",\"name\":\"Foot d'avant\",\"description\":\"\",\"publisher\":{\"@id\":\"https:\/\/footdavant.fr\/actualites\/#organization\"},\"potentialAction\":[{\"@type\":\"SearchAction\",\"target\":{\"@type\":\"EntryPoint\",\"urlTemplate\":\"https:\/\/footdavant.fr\/actualites\/?s={search_term_string}\"},\"query-input\":\"required name=search_term_string\"}],\"inLanguage\":\"fr-FR\"},{\"@type\":\"Organization\",\"@id\":\"https:\/\/footdavant.fr\/actualites\/#organization\",\"name\":\"Foot d'avant\",\"url\":\"https:\/\/footdavant.fr\/actualites\/\",\"logo\":{\"@type\":\"ImageObject\",\"inLanguage\":\"fr-FR\",\"@id\":\"https:\/\/footdavant.fr\/actualites\/#\/schema\/logo\/image\/\",\"url\":\"https:\/\/footdavant.fr\/actualites\/wp-content\/uploads\/2023\/09\/Copy-of-FootDavant-Logo.png\",\"contentUrl\":\"https:\/\/footdavant.fr\/actualites\/wp-content\/uploads\/2023\/09\/Copy-of-FootDavant-Logo.png\",\"width\":936,\"height\":549,\"caption\":\"Foot d'avant\"},\"image\":{\"@id\":\"https:\/\/footdavant.fr\/actualites\/#\/schema\/logo\/image\/\"},\"sameAs\":[\"https:\/\/www.facebook.com\/Footdavant\/\",\"https:\/\/twitter.com\/FootdavantFr\",\"https:\/\/www.instagram.com\/footdavant.fr\/\"]},{\"@type\":\"Person\",\"@id\":\"https:\/\/footdavant.fr\/actualites\/#\/schema\/person\/bc222566d95871b37e597b3ed3ba5e1d\",\"name\":\"Cl\u00e9ment\",\"image\":{\"@type\":\"ImageObject\",\"inLanguage\":\"fr-FR\",\"@id\":\"https:\/\/footdavant.fr\/actualites\/#\/schema\/person\/image\/\",\"url\":\"https:\/\/secure.gravatar.com\/avatar\/7728b29aac2719421e1a9159b2254c44?s=96&d=mm&r=g\",\"contentUrl\":\"https:\/\/secure.gravatar.com\/avatar\/7728b29aac2719421e1a9159b2254c44?s=96&d=mm&r=g\",\"caption\":\"Cl\u00e9ment\"},\"sameAs\":[\"https:\/\/footdavant.fr\/\"]}]}<\/script>\n<!-- \/ Yoast SEO plugin. -->","yoast_head_json":{"title":"Liverpool avait envisag\u00e9 Chevalier avant de signer Mamardashvili","robots":{"index":"index","follow":"follow","max-snippet":"max-snippet:-1","max-image-preview":"max-image-preview:large","max-video-preview":"max-video-preview:-1"},"canonical":"https:\/\/footdavant.fr\/actualites\/liverpool-avait-envisage-chevalier-avant-de-signer-mamardashvili\/","og_locale":"fr_FR","og_type":"article","og_title":"Liverpool avait envisag\u00e9 Chevalier avant de signer Mamardashvili","og_description":"Un joueur du Paris Saint-Germain qui pourrait potentiellement affronter Liverpool mercredi soir aurait tr\u00e8s bien pu s&#39;aligner pour les Reds, si le destin s&#39;\u00e9tait d\u00e9roul\u00e9","og_url":"https:\/\/footdavant.fr\/actualites\/liverpool-avait-envisage-chevalier-avant-de-signer-mamardashvili\/","og_site_name":"Foot d&#039;avant","article_publisher":"https:\/\/www.facebook.com\/Footdavant\/","article_published_time":"2026-04-07T14:48:01+00:00","article_modified_time":"2026-04-07T14:48:03+00:00","og_image":[{"width":1434,"height":803,"url":"https:\/\/footdavant.fr\/actualites\/wp-content\/uploads\/2026\/04\/Liverpool-avait-envisage-Chevalier-avant-de-signer-Mamardashvili.jpg","type":"image\/jpeg"}],"author":"Cl\u00e9ment","twitter_card":"summary_large_image","twitter_creator":"@FootdavantFr","twitter_site":"@FootdavantFr","twitter_misc":{"\u00c9crit par":"Cl\u00e9ment","Dur\u00e9e de lecture estim\u00e9e":"3 minutes"},"schema":{"@context":"https:\/\/schema.org","@graph":[{"@type":"Article","@id":"https:\/\/footdavant.fr\/actualites\/liverpool-avait-envisage-chevalier-avant-de-signer-mamardashvili\/#article","isPartOf":{"@id":"https:\/\/footdavant.fr\/actualites\/liverpool-avait-envisage-chevalier-avant-de-signer-mamardashvili\/"},"author":{"name":"Cl\u00e9ment","@id":"https:\/\/footdavant.fr\/actualites\/#\/schema\/person\/bc222566d95871b37e597b3ed3ba5e1d"},"headline":"Liverpool avait envisag\u00e9 Chevalier avant de signer Mamardashvili","datePublished":"2026-04-07T14:48:01+00:00","dateModified":"2026-04-07T14:48:03+00:00","mainEntityOfPage":{"@id":"https:\/\/footdavant.fr\/actualites\/liverpool-avait-envisage-chevalier-avant-de-signer-mamardashvili\/"},"wordCount":548,"publisher":{"@id":"https:\/\/footdavant.fr\/actualites\/#organization"},"keywords":["avait","avant","chevalier","envisage","Liverpool","Mamardashvili","signer"],"articleSection":["Football"],"inLanguage":"fr-FR"},{"@type":"WebPage","@id":"https:\/\/footdavant.fr\/actualites\/liverpool-avait-envisage-chevalier-avant-de-signer-mamardashvili\/","url":"https:\/\/footdavant.fr\/actualites\/liverpool-avait-envisage-chevalier-avant-de-signer-mamardashvili\/","name":"Liverpool avait envisag\u00e9 Chevalier avant de signer Mamardashvili","isPartOf":{"@id":"https:\/\/footdavant.fr\/actualites\/#website"},"datePublished":"2026-04-07T14:48:01+00:00","dateModified":"2026-04-07T14:48:03+00:00","breadcrumb":{"@id":"https:\/\/footdavant.fr\/actualites\/liverpool-avait-envisage-chevalier-avant-de-signer-mamardashvili\/#breadcrumb"},"inLanguage":"fr-FR","potentialAction":[{"@type":"ReadAction","target":["https:\/\/footdavant.fr\/actualites\/liverpool-avait-envisage-chevalier-avant-de-signer-mamardashvili\/"]}]},{"@type":"BreadcrumbList","@id":"https:\/\/footdavant.fr\/actualites\/liverpool-avait-envisage-chevalier-avant-de-signer-mamardashvili\/#breadcrumb","itemListElement":[{"@type":"ListItem","position":1,"name":"Accueil","item":"https:\/\/footdavant.fr\/actualites\/"},{"@type":"ListItem","position":2,"name":"Liverpool avait envisag\u00e9 Chevalier avant de signer Mamardashvili"}]},{"@type":"WebSite","@id":"https:\/\/footdavant.fr\/actualites\/#website","url":"https:\/\/footdavant.fr\/actualites\/","name":"Foot d'avant","description":"","publisher":{"@id":"https:\/\/footdavant.fr\/actualites\/#organization"},"potentialAction":[{"@type":"SearchAction","target":{"@type":"EntryPoint","urlTemplate":"https:\/\/footdavant.fr\/actualites\/?s={search_term_string}"},"query-input":"required name=search_term_string"}],"inLanguage":"fr-FR"},{"@type":"Organization","@id":"https:\/\/footdavant.fr\/actualites\/#organization","name":"Foot d'avant","url":"https:\/\/footdavant.fr\/actualites\/","logo":{"@type":"ImageObject","inLanguage":"fr-FR","@id":"https:\/\/footdavant.fr\/actualites\/#\/schema\/logo\/image\/","url":"https:\/\/footdavant.fr\/actualites\/wp-content\/uploads\/2023\/09\/Copy-of-FootDavant-Logo.png","contentUrl":"https:\/\/footdavant.fr\/actualites\/wp-content\/uploads\/2023\/09\/Copy-of-FootDavant-Logo.png","width":936,"height":549,"caption":"Foot d'avant"},"image":{"@id":"https:\/\/footdavant.fr\/actualites\/#\/schema\/logo\/image\/"},"sameAs":["https:\/\/www.facebook.com\/Footdavant\/","https:\/\/twitter.com\/FootdavantFr","https:\/\/www.instagram.com\/footdavant.fr\/"]},{"@type":"Person","@id":"https:\/\/footdavant.fr\/actualites\/#\/schema\/person\/bc222566d95871b37e597b3ed3ba5e1d","name":"Cl\u00e9ment","image":{"@type":"ImageObject","inLanguage":"fr-FR","@id":"https:\/\/footdavant.fr\/actualites\/#\/schema\/person\/image\/","url":"https:\/\/secure.gravatar.com\/avatar\/7728b29aac2719421e1a9159b2254c44?s=96&d=mm&r=g","contentUrl":"https:\/\/secure.gravatar.com\/avatar\/7728b29aac2719421e1a9159b2254c44?s=96&d=mm&r=g","caption":"Cl\u00e9ment"},"sameAs":["https:\/\/footdavant.fr\/"]}]}},"_links":{"self":[{"href":"https:\/\/footdavant.fr\/actualites\/wp-json\/wp\/v2\/posts\/36220"}],"collection":[{"href":"https:\/\/footdavant.fr\/actualites\/wp-json\/wp\/v2\/posts"}],"about":[{"href":"https:\/\/footdavant.fr\/actualites\/wp-json\/wp\/v2\/types\/post"}],"author":[{"embeddable":true,"href":"https:\/\/footdavant.fr\/actualites\/wp-json\/wp\/v2\/users\/1"}],"replies":[{"embeddable":true,"href":"https:\/\/footdavant.fr\/actualites\/wp-json\/wp\/v2\/comments?post=36220"}],"version-history":[{"count":1,"href":"https:\/\/footdavant.fr\/actualites\/wp-json\/wp\/v2\/posts\/36220\/revisions"}],"predecessor-version":[{"id":36222,"href":"https:\/\/footdavant.fr\/actualites\/wp-json\/wp\/v2\/posts\/36220\/revisions\/36222"}],"wp:featuredmedia":[{"embeddable":true,"href":"https:\/\/footdavant.fr\/actualites\/wp-json\/wp\/v2\/media\/36221"}],"wp:attachment":[{"href":"https:\/\/footdavant.fr\/actualites\/wp-json\/wp\/v2\/media?parent=36220"}],"wp:term":[{"taxonomy":"category","embeddable":true,"href":"https:\/\/footdavant.fr\/actualites\/wp-json\/wp\/v2\/categories?post=36220"},{"taxonomy":"post_tag","embeddable":true,"href":"https:\/\/footdavant.fr\/actualites\/wp-json\/wp\/v2\/tags?post=36220"}],"curies":[{"name":"wp","href":"https:\/\/api.w.org\/{rel}","templated":true}]}}