{"id":36223,"date":"2026-04-07T20:48:06","date_gmt":"2026-04-07T18:48:06","guid":{"rendered":"https:\/\/footdavant.fr\/actualites\/real-madrid-contre-bayern-munich-commentaires-mises-a-jour-buts-et-statistiques\/"},"modified":"2026-04-07T20:48:08","modified_gmt":"2026-04-07T18:48:08","slug":"real-madrid-contre-bayern-munich-commentaires-mises-a-jour-buts-et-statistiques","status":"publish","type":"post","link":"https:\/\/footdavant.fr\/actualites\/real-madrid-contre-bayern-munich-commentaires-mises-a-jour-buts-et-statistiques\/","title":{"rendered":"Real Madrid contre Bayern Munich : commentaires, mises \u00e0 jour, buts et statistiques"},"content":{"rendered":"<p>Le Real Madrid accueille ce soir le Bayern Munich en Ligue des champions. Suivez toute l&#39;action du Santiago Bernabeu avec nos commentaires en direct&#8230;<\/p>\n<div>\n<p><opta-widget widget=\"opta_stream\" competition=\"4oogyu6o156iphvdvphwpck10\" season=\"2mr0u0l78k2gdsm79q56tb2fo\" match=\"9vufgb7gp2kyxzv8ftvwcesyc\" template=\"normal\" show_match_header=\"true\" show_date=\"false\" date_format=\"dddd D MMMM YYYY\" narrow_date_format=\"DD\/MM\/YY\" show_team_formation=\"true\" team_naming=\"full\" player_naming=\"full\" show_competition_name=\"true\" competition_naming=\"full\" show_referee=\"true\" show_venue=\"true\" show_attendance=\"true\" show_shootouts=\"true\" breakpoints=\"400\" fixed_height_content=\"700\" sport=\"football\"\/><\/p>\n<p>Le Real Madrid esp\u00e8re rebondir apr\u00e8s un week-end d\u00e9cevant au niveau national en reprenant sa campagne de Ligue des Champions contre le Bayern Munich ce soir.<\/p>\n<p>Les espoirs de Madrid de remporter la Liga ont subi un coup dur samedi lorsqu&#39;ils ont perdu 2-1 au Real Majorque \u2013 Vedat Muriqi remportant le vainqueur pour les h\u00f4tes dans le temps additionnel \u2013 tandis que Barcelone s&#39;est impos\u00e9 2-1 \u00e0 l&#39;Atletico Madrid plus tard dans la journ\u00e9e.<\/p>\n<p>Les Catalans ont sept points d&#39;avance \u00e0 huit journ\u00e9es de la fin et sont grands favoris pour conserver leur couronne.<\/p>\n<p>Madrid aura d\u00e9sesp\u00e9r\u00e9ment besoin de se racheter en Europe et d&#39;ajouter \u00e0 son record de 15 titres de Coupe d&#39;Europe\/Ligue des Champions. Mais pour acc\u00e9der aux quarts de finale, ils devront vaincre l&#39;\u00e9quipe conqu\u00e9rante du Bayern de Vincent Kompany.<\/p>\n<p>Le m\u00eame apr\u00e8s-midi, Madrid a succomb\u00e9 \u00e0 un dernier but \u00e0 Majorque, le Bayern a marqu\u00e9 deux fois dans le temps additionnel pour s&#39;imposer 3-2 \u00e0 Fribourg et conserver son avantage de neuf points en t\u00eate de la Bundesliga.<\/p>\n<p>Le Bayern n&#39;a perdu qu&#39;un seul de ses 28 matchs de haut niveau cette saison.<\/p>\n<figure class=\"wp-block-image size-large\"><picture fetchpriority=\"high\" decoding=\"async\" class=\"wp-image-96347\"><source type=\"image\/webp\" data-lazy- \/><img fetchpriority=\"high\" decoding=\"async\" width=\"1024\" height=\"660\" src=\"https:\/\/footdavant.fr\/actualites\/wp-content\/uploads\/2026\/04\/Real-Madrid-contre-Bayern-Munich-commentaires-mises-a-jour.jpg\" alt=\"Harry Kane et Alphonso Davies, buteurs du Bayern Munich\"  \/>\n<\/picture>\n<\/figure>\n<h2 class=\"wp-block-heading\"><span id=\"Where_to_watch_Madrid_v_Bayern_TV_channel_live_online_streams\">O\u00f9 regarder Madrid contre Bayern : cha\u00eene de t\u00e9l\u00e9vision, diffusions en direct en ligne<\/span><\/h2>\n<p>Le coup d&#39;envoi mardi aura lieu \u00e0 20h00 BST (15h00 HE \/ 12h00 PT). La couverture t\u00e9l\u00e9vis\u00e9e en direct au Royaume-Uni est assur\u00e9e sur TNT Sports 1.<\/p>\n<p>Le streaming est sur l&#39;application HBO Max. TNT Sports co\u00fbte 30,99 \u00a3 par mois et est disponible sur une vaste gamme d&#39;appareils, notamment les t\u00e9l\u00e9viseurs intelligents et les consoles de jeux.<\/p>\n<h2 class=\"wp-block-heading\"><span id=\"Real_Madrid_v_Bayern_Munich_stats\">Statistiques Real Madrid &#8211; Bayern Munich<\/span><\/h2>\n<ul class=\"wp-block-list\">\n<li>Aucune \u00e9quipe ne s&#39;est rencontr\u00e9e aussi souvent en comp\u00e9tition europ\u00e9enne que ces clubs (29 matches)<\/li>\n<li>Madrid est invaincu lors de ses neuf derniers matches europ\u00e9ens face au Bayern (7 victoires, 2 nuls) et a remport\u00e9 les trois pr\u00e9c\u00e9dents quarts de finale entre les clubs de la comp\u00e9tition.<\/li>\n<li>Ils ont gagn\u00e9 (113) et perdu (113) le plus grand nombre de plaqu\u00e9s de toutes les \u00e9quipes de la Ligue des champions 2025\/26.<\/li>\n<li>Mbapp\u00e9 (13 ans) est le meilleur buteur de la Ligue des champions cette saison, aucun autre joueur encore dans la comp\u00e9tition ne faisant mieux que le total de 10 buts de Kane.<\/li>\n<li>Aucune \u00e9quipe n&#39;a re\u00e7u plus d&#39;avertissements dans la comp\u00e9tition cette saison que Madrid (27), qui a re\u00e7u trois avertissements de plus que toute autre \u00e9quipe impliqu\u00e9e.<\/li>\n<li>Le Bayern a le meilleur bilan de la Ligue des Champions cette saison (9 victoires, 1 d\u00e9faite) et a en moyenne le plus de buts par match (32 en 10 matches).<\/li>\n<li>Ils ont marqu\u00e9 le plus de buts dans la surface de toutes les \u00e9quipes (29), marquant deux fois \u00e0 distance.<\/li>\n<li>Parmi les \u00e9quipes en quarts de finale, seul le Paris Saint-Germain (91,3 %) a une pr\u00e9cision de passe sup\u00e9rieure \u00e0 celle du Bayern (90,3 %).<\/li>\n<li>Vitinha du PSG est le seul joueur encore en comp\u00e9tition \u00e0 avoir tent\u00e9 (846) et compl\u00e9t\u00e9 (813) plus de passes que Pavlovic.<\/li>\n<li>Vinicius Junior et Michael Olise du Bayern ont chacun fourni deux passes d\u00e9cisives de plus en Ligue des champions en 2025\/26 (7) que tout autre joueur.<\/li>\n<\/ul><\/div>\n","protected":false},"excerpt":{"rendered":"<p>Le Real Madrid accueille ce soir le Bayern Munich en Ligue des champions. Suivez toute l&#39;action du Santiago Bernabeu avec nos commentaires en direct&#8230; Le<\/p>\n","protected":false},"author":1,"featured_media":36224,"comment_status":"closed","ping_status":"","sticky":false,"template":"","format":"standard","meta":{"footnotes":""},"categories":[3],"tags":[340,200,716,20,328,303,2836,341,302,4115],"yoast_head":"<!-- This site is optimized with the Yoast SEO plugin v21.0 - https:\/\/yoast.com\/wordpress\/plugins\/seo\/ -->\n<title>Real Madrid contre Bayern Munich : commentaires, mises \u00e0 jour, buts et statistiques<\/title>\n<meta name=\"robots\" content=\"index, follow, max-snippet:-1, max-image-preview:large, max-video-preview:-1\" \/>\n<link rel=\"canonical\" href=\"https:\/\/footdavant.fr\/actualites\/real-madrid-contre-bayern-munich-commentaires-mises-a-jour-buts-et-statistiques\/\" \/>\n<meta property=\"og:locale\" content=\"fr_FR\" \/>\n<meta property=\"og:type\" content=\"article\" \/>\n<meta property=\"og:title\" content=\"Real Madrid contre Bayern Munich : commentaires, mises \u00e0 jour, buts et statistiques\" \/>\n<meta property=\"og:description\" content=\"Le Real Madrid accueille ce soir le Bayern Munich en Ligue des champions. Suivez toute l&#039;action du Santiago Bernabeu avec nos commentaires en direct&#8230; Le\" \/>\n<meta property=\"og:url\" content=\"https:\/\/footdavant.fr\/actualites\/real-madrid-contre-bayern-munich-commentaires-mises-a-jour-buts-et-statistiques\/\" \/>\n<meta property=\"og:site_name\" content=\"Foot d&#039;avant\" \/>\n<meta property=\"article:publisher\" content=\"https:\/\/www.facebook.com\/Footdavant\/\" \/>\n<meta property=\"article:published_time\" content=\"2026-04-07T18:48:06+00:00\" \/>\n<meta property=\"article:modified_time\" content=\"2026-04-07T18:48:08+00:00\" \/>\n<meta property=\"og:image\" content=\"https:\/\/footdavant.fr\/actualites\/wp-content\/uploads\/2026\/04\/1775587687_Real-Madrid-contre-Bayern-Munich-commentaires-mises-a-jour.jpg\" \/>\n\t<meta property=\"og:image:width\" content=\"1200\" \/>\n\t<meta property=\"og:image:height\" content=\"800\" \/>\n\t<meta property=\"og:image:type\" content=\"image\/jpeg\" \/>\n<meta name=\"author\" content=\"Cl\u00e9ment\" \/>\n<meta name=\"twitter:card\" content=\"summary_large_image\" \/>\n<meta name=\"twitter:creator\" content=\"@FootdavantFr\" \/>\n<meta name=\"twitter:site\" content=\"@FootdavantFr\" \/>\n<meta name=\"twitter:label1\" content=\"\u00c9crit par\" \/>\n\t<meta name=\"twitter:data1\" content=\"Cl\u00e9ment\" \/>\n\t<meta name=\"twitter:label2\" content=\"Dur\u00e9e de lecture estim\u00e9e\" \/>\n\t<meta name=\"twitter:data2\" content=\"3 minutes\" \/>\n<script type=\"application\/ld+json\" class=\"yoast-schema-graph\">{\"@context\":\"https:\/\/schema.org\",\"@graph\":[{\"@type\":\"Article\",\"@id\":\"https:\/\/footdavant.fr\/actualites\/real-madrid-contre-bayern-munich-commentaires-mises-a-jour-buts-et-statistiques\/#article\",\"isPartOf\":{\"@id\":\"https:\/\/footdavant.fr\/actualites\/real-madrid-contre-bayern-munich-commentaires-mises-a-jour-buts-et-statistiques\/\"},\"author\":{\"name\":\"Cl\u00e9ment\",\"@id\":\"https:\/\/footdavant.fr\/actualites\/#\/schema\/person\/bc222566d95871b37e597b3ed3ba5e1d\"},\"headline\":\"Real Madrid contre Bayern Munich : commentaires, mises \u00e0 jour, buts et statistiques\",\"datePublished\":\"2026-04-07T18:48:06+00:00\",\"dateModified\":\"2026-04-07T18:48:08+00:00\",\"mainEntityOfPage\":{\"@id\":\"https:\/\/footdavant.fr\/actualites\/real-madrid-contre-bayern-munich-commentaires-mises-a-jour-buts-et-statistiques\/\"},\"wordCount\":573,\"publisher\":{\"@id\":\"https:\/\/footdavant.fr\/actualites\/#organization\"},\"keywords\":[\"Bayern\",\"buts\",\"commentaires\",\"contre\",\"jour\",\"Madrid\",\"Mises\",\"Munich\",\"Real\",\"statistiques\"],\"articleSection\":[\"Football\"],\"inLanguage\":\"fr-FR\"},{\"@type\":\"WebPage\",\"@id\":\"https:\/\/footdavant.fr\/actualites\/real-madrid-contre-bayern-munich-commentaires-mises-a-jour-buts-et-statistiques\/\",\"url\":\"https:\/\/footdavant.fr\/actualites\/real-madrid-contre-bayern-munich-commentaires-mises-a-jour-buts-et-statistiques\/\",\"name\":\"Real Madrid contre Bayern Munich : commentaires, mises \u00e0 jour, buts et statistiques\",\"isPartOf\":{\"@id\":\"https:\/\/footdavant.fr\/actualites\/#website\"},\"datePublished\":\"2026-04-07T18:48:06+00:00\",\"dateModified\":\"2026-04-07T18:48:08+00:00\",\"breadcrumb\":{\"@id\":\"https:\/\/footdavant.fr\/actualites\/real-madrid-contre-bayern-munich-commentaires-mises-a-jour-buts-et-statistiques\/#breadcrumb\"},\"inLanguage\":\"fr-FR\",\"potentialAction\":[{\"@type\":\"ReadAction\",\"target\":[\"https:\/\/footdavant.fr\/actualites\/real-madrid-contre-bayern-munich-commentaires-mises-a-jour-buts-et-statistiques\/\"]}]},{\"@type\":\"BreadcrumbList\",\"@id\":\"https:\/\/footdavant.fr\/actualites\/real-madrid-contre-bayern-munich-commentaires-mises-a-jour-buts-et-statistiques\/#breadcrumb\",\"itemListElement\":[{\"@type\":\"ListItem\",\"position\":1,\"name\":\"Accueil\",\"item\":\"https:\/\/footdavant.fr\/actualites\/\"},{\"@type\":\"ListItem\",\"position\":2,\"name\":\"Real Madrid contre Bayern Munich : commentaires, mises \u00e0 jour, buts et statistiques\"}]},{\"@type\":\"WebSite\",\"@id\":\"https:\/\/footdavant.fr\/actualites\/#website\",\"url\":\"https:\/\/footdavant.fr\/actualites\/\",\"name\":\"Foot d'avant\",\"description\":\"\",\"publisher\":{\"@id\":\"https:\/\/footdavant.fr\/actualites\/#organization\"},\"potentialAction\":[{\"@type\":\"SearchAction\",\"target\":{\"@type\":\"EntryPoint\",\"urlTemplate\":\"https:\/\/footdavant.fr\/actualites\/?s={search_term_string}\"},\"query-input\":\"required name=search_term_string\"}],\"inLanguage\":\"fr-FR\"},{\"@type\":\"Organization\",\"@id\":\"https:\/\/footdavant.fr\/actualites\/#organization\",\"name\":\"Foot d'avant\",\"url\":\"https:\/\/footdavant.fr\/actualites\/\",\"logo\":{\"@type\":\"ImageObject\",\"inLanguage\":\"fr-FR\",\"@id\":\"https:\/\/footdavant.fr\/actualites\/#\/schema\/logo\/image\/\",\"url\":\"https:\/\/footdavant.fr\/actualites\/wp-content\/uploads\/2023\/09\/Copy-of-FootDavant-Logo.png\",\"contentUrl\":\"https:\/\/footdavant.fr\/actualites\/wp-content\/uploads\/2023\/09\/Copy-of-FootDavant-Logo.png\",\"width\":936,\"height\":549,\"caption\":\"Foot d'avant\"},\"image\":{\"@id\":\"https:\/\/footdavant.fr\/actualites\/#\/schema\/logo\/image\/\"},\"sameAs\":[\"https:\/\/www.facebook.com\/Footdavant\/\",\"https:\/\/twitter.com\/FootdavantFr\",\"https:\/\/www.instagram.com\/footdavant.fr\/\"]},{\"@type\":\"Person\",\"@id\":\"https:\/\/footdavant.fr\/actualites\/#\/schema\/person\/bc222566d95871b37e597b3ed3ba5e1d\",\"name\":\"Cl\u00e9ment\",\"image\":{\"@type\":\"ImageObject\",\"inLanguage\":\"fr-FR\",\"@id\":\"https:\/\/footdavant.fr\/actualites\/#\/schema\/person\/image\/\",\"url\":\"https:\/\/secure.gravatar.com\/avatar\/7728b29aac2719421e1a9159b2254c44?s=96&d=mm&r=g\",\"contentUrl\":\"https:\/\/secure.gravatar.com\/avatar\/7728b29aac2719421e1a9159b2254c44?s=96&d=mm&r=g\",\"caption\":\"Cl\u00e9ment\"},\"sameAs\":[\"https:\/\/footdavant.fr\/\"]}]}<\/script>\n<!-- \/ Yoast SEO plugin. -->","yoast_head_json":{"title":"Real Madrid contre Bayern Munich : commentaires, mises \u00e0 jour, buts et statistiques","robots":{"index":"index","follow":"follow","max-snippet":"max-snippet:-1","max-image-preview":"max-image-preview:large","max-video-preview":"max-video-preview:-1"},"canonical":"https:\/\/footdavant.fr\/actualites\/real-madrid-contre-bayern-munich-commentaires-mises-a-jour-buts-et-statistiques\/","og_locale":"fr_FR","og_type":"article","og_title":"Real Madrid contre Bayern Munich : commentaires, mises \u00e0 jour, buts et statistiques","og_description":"Le Real Madrid accueille ce soir le Bayern Munich en Ligue des champions. Suivez toute l&#39;action du Santiago Bernabeu avec nos commentaires en direct&#8230; Le","og_url":"https:\/\/footdavant.fr\/actualites\/real-madrid-contre-bayern-munich-commentaires-mises-a-jour-buts-et-statistiques\/","og_site_name":"Foot d&#039;avant","article_publisher":"https:\/\/www.facebook.com\/Footdavant\/","article_published_time":"2026-04-07T18:48:06+00:00","article_modified_time":"2026-04-07T18:48:08+00:00","og_image":[{"width":1200,"height":800,"url":"https:\/\/footdavant.fr\/actualites\/wp-content\/uploads\/2026\/04\/1775587687_Real-Madrid-contre-Bayern-Munich-commentaires-mises-a-jour.jpg","type":"image\/jpeg"}],"author":"Cl\u00e9ment","twitter_card":"summary_large_image","twitter_creator":"@FootdavantFr","twitter_site":"@FootdavantFr","twitter_misc":{"\u00c9crit par":"Cl\u00e9ment","Dur\u00e9e de lecture estim\u00e9e":"3 minutes"},"schema":{"@context":"https:\/\/schema.org","@graph":[{"@type":"Article","@id":"https:\/\/footdavant.fr\/actualites\/real-madrid-contre-bayern-munich-commentaires-mises-a-jour-buts-et-statistiques\/#article","isPartOf":{"@id":"https:\/\/footdavant.fr\/actualites\/real-madrid-contre-bayern-munich-commentaires-mises-a-jour-buts-et-statistiques\/"},"author":{"name":"Cl\u00e9ment","@id":"https:\/\/footdavant.fr\/actualites\/#\/schema\/person\/bc222566d95871b37e597b3ed3ba5e1d"},"headline":"Real Madrid contre Bayern Munich : commentaires, mises \u00e0 jour, buts et statistiques","datePublished":"2026-04-07T18:48:06+00:00","dateModified":"2026-04-07T18:48:08+00:00","mainEntityOfPage":{"@id":"https:\/\/footdavant.fr\/actualites\/real-madrid-contre-bayern-munich-commentaires-mises-a-jour-buts-et-statistiques\/"},"wordCount":573,"publisher":{"@id":"https:\/\/footdavant.fr\/actualites\/#organization"},"keywords":["Bayern","buts","commentaires","contre","jour","Madrid","Mises","Munich","Real","statistiques"],"articleSection":["Football"],"inLanguage":"fr-FR"},{"@type":"WebPage","@id":"https:\/\/footdavant.fr\/actualites\/real-madrid-contre-bayern-munich-commentaires-mises-a-jour-buts-et-statistiques\/","url":"https:\/\/footdavant.fr\/actualites\/real-madrid-contre-bayern-munich-commentaires-mises-a-jour-buts-et-statistiques\/","name":"Real Madrid contre Bayern Munich : commentaires, mises \u00e0 jour, buts et statistiques","isPartOf":{"@id":"https:\/\/footdavant.fr\/actualites\/#website"},"datePublished":"2026-04-07T18:48:06+00:00","dateModified":"2026-04-07T18:48:08+00:00","breadcrumb":{"@id":"https:\/\/footdavant.fr\/actualites\/real-madrid-contre-bayern-munich-commentaires-mises-a-jour-buts-et-statistiques\/#breadcrumb"},"inLanguage":"fr-FR","potentialAction":[{"@type":"ReadAction","target":["https:\/\/footdavant.fr\/actualites\/real-madrid-contre-bayern-munich-commentaires-mises-a-jour-buts-et-statistiques\/"]}]},{"@type":"BreadcrumbList","@id":"https:\/\/footdavant.fr\/actualites\/real-madrid-contre-bayern-munich-commentaires-mises-a-jour-buts-et-statistiques\/#breadcrumb","itemListElement":[{"@type":"ListItem","position":1,"name":"Accueil","item":"https:\/\/footdavant.fr\/actualites\/"},{"@type":"ListItem","position":2,"name":"Real Madrid contre Bayern Munich : commentaires, mises \u00e0 jour, buts et statistiques"}]},{"@type":"WebSite","@id":"https:\/\/footdavant.fr\/actualites\/#website","url":"https:\/\/footdavant.fr\/actualites\/","name":"Foot d'avant","description":"","publisher":{"@id":"https:\/\/footdavant.fr\/actualites\/#organization"},"potentialAction":[{"@type":"SearchAction","target":{"@type":"EntryPoint","urlTemplate":"https:\/\/footdavant.fr\/actualites\/?s={search_term_string}"},"query-input":"required name=search_term_string"}],"inLanguage":"fr-FR"},{"@type":"Organization","@id":"https:\/\/footdavant.fr\/actualites\/#organization","name":"Foot d'avant","url":"https:\/\/footdavant.fr\/actualites\/","logo":{"@type":"ImageObject","inLanguage":"fr-FR","@id":"https:\/\/footdavant.fr\/actualites\/#\/schema\/logo\/image\/","url":"https:\/\/footdavant.fr\/actualites\/wp-content\/uploads\/2023\/09\/Copy-of-FootDavant-Logo.png","contentUrl":"https:\/\/footdavant.fr\/actualites\/wp-content\/uploads\/2023\/09\/Copy-of-FootDavant-Logo.png","width":936,"height":549,"caption":"Foot d'avant"},"image":{"@id":"https:\/\/footdavant.fr\/actualites\/#\/schema\/logo\/image\/"},"sameAs":["https:\/\/www.facebook.com\/Footdavant\/","https:\/\/twitter.com\/FootdavantFr","https:\/\/www.instagram.com\/footdavant.fr\/"]},{"@type":"Person","@id":"https:\/\/footdavant.fr\/actualites\/#\/schema\/person\/bc222566d95871b37e597b3ed3ba5e1d","name":"Cl\u00e9ment","image":{"@type":"ImageObject","inLanguage":"fr-FR","@id":"https:\/\/footdavant.fr\/actualites\/#\/schema\/person\/image\/","url":"https:\/\/secure.gravatar.com\/avatar\/7728b29aac2719421e1a9159b2254c44?s=96&d=mm&r=g","contentUrl":"https:\/\/secure.gravatar.com\/avatar\/7728b29aac2719421e1a9159b2254c44?s=96&d=mm&r=g","caption":"Cl\u00e9ment"},"sameAs":["https:\/\/footdavant.fr\/"]}]}},"_links":{"self":[{"href":"https:\/\/footdavant.fr\/actualites\/wp-json\/wp\/v2\/posts\/36223"}],"collection":[{"href":"https:\/\/footdavant.fr\/actualites\/wp-json\/wp\/v2\/posts"}],"about":[{"href":"https:\/\/footdavant.fr\/actualites\/wp-json\/wp\/v2\/types\/post"}],"author":[{"embeddable":true,"href":"https:\/\/footdavant.fr\/actualites\/wp-json\/wp\/v2\/users\/1"}],"replies":[{"embeddable":true,"href":"https:\/\/footdavant.fr\/actualites\/wp-json\/wp\/v2\/comments?post=36223"}],"version-history":[{"count":1,"href":"https:\/\/footdavant.fr\/actualites\/wp-json\/wp\/v2\/posts\/36223\/revisions"}],"predecessor-version":[{"id":36225,"href":"https:\/\/footdavant.fr\/actualites\/wp-json\/wp\/v2\/posts\/36223\/revisions\/36225"}],"wp:featuredmedia":[{"embeddable":true,"href":"https:\/\/footdavant.fr\/actualites\/wp-json\/wp\/v2\/media\/36224"}],"wp:attachment":[{"href":"https:\/\/footdavant.fr\/actualites\/wp-json\/wp\/v2\/media?parent=36223"}],"wp:term":[{"taxonomy":"category","embeddable":true,"href":"https:\/\/footdavant.fr\/actualites\/wp-json\/wp\/v2\/categories?post=36223"},{"taxonomy":"post_tag","embeddable":true,"href":"https:\/\/footdavant.fr\/actualites\/wp-json\/wp\/v2\/tags?post=36223"}],"curies":[{"name":"wp","href":"https:\/\/api.w.org\/{rel}","templated":true}]}}