{"id":36226,"date":"2026-04-07T22:48:19","date_gmt":"2026-04-07T20:48:19","guid":{"rendered":"https:\/\/footdavant.fr\/actualites\/avenir-denzo-fernandez-a-chelsea-la-position-de-capitaine-de-liam-rosenior-revelee-au-milieu-dune-interdiction-de-deux-matches\/"},"modified":"2026-04-07T22:48:20","modified_gmt":"2026-04-07T20:48:20","slug":"avenir-denzo-fernandez-a-chelsea-la-position-de-capitaine-de-liam-rosenior-revelee-au-milieu-dune-interdiction-de-deux-matches","status":"publish","type":"post","link":"https:\/\/footdavant.fr\/actualites\/avenir-denzo-fernandez-a-chelsea-la-position-de-capitaine-de-liam-rosenior-revelee-au-milieu-dune-interdiction-de-deux-matches\/","title":{"rendered":"Avenir d&#39;Enzo Fernandez \u00e0 Chelsea: la position de capitaine de Liam Rosenior \u00ab r\u00e9v\u00e9l\u00e9e \u00bb au milieu d&#39;une interdiction de deux matches"},"content":{"rendered":"<div itemprop=\"articleBody\">\n<p>Chelsea serait ouvert \u00e0 ce qu&#39;Enzo Fernandez soit \u00e0 nouveau capitaine avant la fin de la saison.<\/p>\n<p>En l&#39;absence de Reece James, on a l&#39;impression que le vainqueur de la Coupe du monde est le vice-skipper des Blues.<\/p>\n<p>Cependant, bien que l&#39;international argentin ait re\u00e7u le brassard \u00e0 plusieurs reprises cette saison, une interdiction de club de deux matches a mis cette responsabilit\u00e9 en doute.<\/p>\n<p>L&#39;entra\u00eeneur-chef Liam Rosenior et la hi\u00e9rarchie de Chelsea estiment que Fernandez a \u00ab franchi une ligne \u00bb avec ses commentaires concernant un futur transfert \u00e0 Madrid, le Real Madrid \u00e9tant li\u00e9 \u00e0 sa signature avant et apr\u00e8s ses commentaires lors de la tr\u00eave internationale de mars.<\/p>\n<p>En plus d&#39;avoir rat\u00e9 la victoire 7-0 de samedi contre Port Vale en quarts de finale de la FA Cup, Fernandez ne participera pas non plus \u00e0 la rencontre de Premier League dimanche contre Manchester City.<\/p>\n<div>\n<div>\n<p>\u00a9 Iconsport \/ Abaca<\/p>\n<\/div>\n<\/div>\n<h2>Chelsea ouvert d&#39;esprit au poste de capitaine de Fernandez<\/h2>\n<p>Selon The Guardian, Fernandez restera en lice pour prendre le brassard de capitaine plus tard dans la saison.<\/p>\n<p>Le rapport affirme que le joueur de 25 ans fait partie du groupe de direction du club, plut\u00f4t que d&#39;\u00eatre sp\u00e9cifiquement consid\u00e9r\u00e9 comme l&#39;adjoint de James.<\/p>\n<p>En tant que tel, Chelsea n\u2019a aucune d\u00e9cision \u00e0 prendre en la mati\u00e8re, Moises Caicedo \u00e9tant en lice pour \u00eatre capitaine contre Man City ce week-end.<\/p>\n<p>Chelsea esp\u00e8re que Fernandez pourra r\u00e9int\u00e9grer l&#39;\u00e9quipe en toute transparence.<\/p>\n<p>Ceci malgr\u00e9 le fait que son agent Javier Pastore ait affirm\u00e9 que la punition de deux matchs inflig\u00e9e \u00e0 Fernandez \u00e9tait \u00ab injuste \u00bb.<\/p>\n<div>\n<div><img decoding=\"async\" data-img-id=\"158635\" class=\"lazy\" loading=\"lazy\" src=\"https:\/\/footdavant.fr\/actualites\/wp-content\/uploads\/2026\/04\/1775594899_590_Avenir-d39Enzo-Fernandez-a-Chelsea-la-position-de-capitaine-de.webp\"\/><\/p>\n<p>\u00a9 Iconsport \/ SPP Sport Photo de presse. \/Alay Live News\/ActionPlus<\/p>\n<\/div>\n<\/div>\n<h2>La bonne position de Chelsea ?<\/h2>\n<p>Bien que Fernandez soit apparemment ouvert \u00e0 un transfert au Real Madrid cet \u00e9t\u00e9, c&#39;est loin d&#39;\u00eatre une certitude car la valorisation de Chelsea est d&#39;au moins 100 millions de livres sterling.<\/p>\n<p>Par cons\u00e9quent, la hi\u00e9rarchie du club doit trouver un terrain d&#39;entente avec la situation o\u00f9 Fernandez a encore six ans sur son contrat et o\u00f9 des mesures positives doivent encore \u00eatre prises en ce qui concerne un renouvellement.<\/p>\n<p>James et Cole Palmer ayant r\u00e9cemment sign\u00e9 des conditions am\u00e9lior\u00e9es, la dur\u00e9e de son mandat actuel pourrait \u00eatre jug\u00e9e sans importance par Fernandez et Pastore, qui pourraient estimer qu&#39;une augmentation de salaire est imp\u00e9rative.<\/p>\n<p>\u00c0 court terme, Chelsea a besoin que Fernandez revienne dans l\u2019\u00e9quipe motiv\u00e9e pour assurer sa qualification pour la Ligue des champions ou, \u00e0 tout le moins, pour une comp\u00e9tition europ\u00e9enne.<\/p>\n<\/div>\n","protected":false},"excerpt":{"rendered":"<p>Chelsea serait ouvert \u00e0 ce qu&#39;Enzo Fernandez soit \u00e0 nouveau capitaine avant la fin de la saison. En l&#39;absence de Reece James, on a l&#39;impression<\/p>\n","protected":false},"author":1,"featured_media":36227,"comment_status":"closed","ping_status":"","sticky":false,"template":"","format":"standard","meta":{"footnotes":""},"categories":[5],"tags":[2212,141,171,4631,4222,857,2599,6082,5457,3395,441,2283,4750,10942],"yoast_head":"<!-- This site is optimized with the Yoast SEO plugin v21.0 - https:\/\/yoast.com\/wordpress\/plugins\/seo\/ -->\n<title>Avenir d&#039;Enzo Fernandez \u00e0 Chelsea: la position de capitaine de Liam Rosenior \u00ab r\u00e9v\u00e9l\u00e9e \u00bb au milieu d&#039;une interdiction de deux matches<\/title>\n<meta name=\"robots\" content=\"index, follow, max-snippet:-1, max-image-preview:large, max-video-preview:-1\" \/>\n<link rel=\"canonical\" href=\"https:\/\/footdavant.fr\/actualites\/avenir-denzo-fernandez-a-chelsea-la-position-de-capitaine-de-liam-rosenior-revelee-au-milieu-dune-interdiction-de-deux-matches\/\" \/>\n<meta property=\"og:locale\" content=\"fr_FR\" \/>\n<meta property=\"og:type\" content=\"article\" \/>\n<meta property=\"og:title\" content=\"Avenir d&#039;Enzo Fernandez \u00e0 Chelsea: la position de capitaine de Liam Rosenior \u00ab r\u00e9v\u00e9l\u00e9e \u00bb au milieu d&#039;une interdiction de deux matches\" \/>\n<meta property=\"og:description\" content=\"Chelsea serait ouvert \u00e0 ce qu&#039;Enzo Fernandez soit \u00e0 nouveau capitaine avant la fin de la saison. En l&#039;absence de Reece James, on a l&#039;impression\" \/>\n<meta property=\"og:url\" content=\"https:\/\/footdavant.fr\/actualites\/avenir-denzo-fernandez-a-chelsea-la-position-de-capitaine-de-liam-rosenior-revelee-au-milieu-dune-interdiction-de-deux-matches\/\" \/>\n<meta property=\"og:site_name\" content=\"Foot d&#039;avant\" \/>\n<meta property=\"article:publisher\" content=\"https:\/\/www.facebook.com\/Footdavant\/\" \/>\n<meta property=\"article:published_time\" content=\"2026-04-07T20:48:19+00:00\" \/>\n<meta property=\"article:modified_time\" content=\"2026-04-07T20:48:20+00:00\" \/>\n<meta property=\"og:image\" content=\"https:\/\/footdavant.fr\/actualites\/wp-content\/uploads\/2026\/04\/Avenir-d39Enzo-Fernandez-a-Chelsea-la-position-de-capitaine-de.net2Fuploads2F20262F042Farne-slot-mo-sal.webp\" \/>\n\t<meta property=\"og:image:width\" content=\"720\" \/>\n\t<meta property=\"og:image:height\" content=\"410\" \/>\n\t<meta property=\"og:image:type\" content=\"image\/webp\" \/>\n<meta name=\"author\" content=\"Cl\u00e9ment\" \/>\n<meta name=\"twitter:card\" content=\"summary_large_image\" \/>\n<meta name=\"twitter:creator\" content=\"@FootdavantFr\" \/>\n<meta name=\"twitter:site\" content=\"@FootdavantFr\" \/>\n<meta name=\"twitter:label1\" content=\"\u00c9crit par\" \/>\n\t<meta name=\"twitter:data1\" content=\"Cl\u00e9ment\" \/>\n\t<meta name=\"twitter:label2\" content=\"Dur\u00e9e de lecture estim\u00e9e\" \/>\n\t<meta name=\"twitter:data2\" content=\"2 minutes\" \/>\n<script type=\"application\/ld+json\" class=\"yoast-schema-graph\">{\"@context\":\"https:\/\/schema.org\",\"@graph\":[{\"@type\":\"Article\",\"@id\":\"https:\/\/footdavant.fr\/actualites\/avenir-denzo-fernandez-a-chelsea-la-position-de-capitaine-de-liam-rosenior-revelee-au-milieu-dune-interdiction-de-deux-matches\/#article\",\"isPartOf\":{\"@id\":\"https:\/\/footdavant.fr\/actualites\/avenir-denzo-fernandez-a-chelsea-la-position-de-capitaine-de-liam-rosenior-revelee-au-milieu-dune-interdiction-de-deux-matches\/\"},\"author\":{\"name\":\"Cl\u00e9ment\",\"@id\":\"https:\/\/footdavant.fr\/actualites\/#\/schema\/person\/bc222566d95871b37e597b3ed3ba5e1d\"},\"headline\":\"Avenir d&#39;Enzo Fernandez \u00e0 Chelsea: la position de capitaine de Liam Rosenior \u00ab r\u00e9v\u00e9l\u00e9e \u00bb au milieu d&#39;une interdiction de deux matches\",\"datePublished\":\"2026-04-07T20:48:19+00:00\",\"dateModified\":\"2026-04-07T20:48:20+00:00\",\"mainEntityOfPage\":{\"@id\":\"https:\/\/footdavant.fr\/actualites\/avenir-denzo-fernandez-a-chelsea-la-position-de-capitaine-de-liam-rosenior-revelee-au-milieu-dune-interdiction-de-deux-matches\/\"},\"wordCount\":460,\"publisher\":{\"@id\":\"https:\/\/footdavant.fr\/actualites\/#organization\"},\"keywords\":[\"avenir\",\"capitaine\",\"Chelsea\",\"d39Enzo\",\"d39une\",\"deux\",\"Fernandez\",\"interdiction\",\"Liam\",\"matches\",\"milieu\",\"position\",\"r\u00e9v\u00e9l\u00e9e\",\"Rosenior\"],\"articleSection\":[\"Premier League\"],\"inLanguage\":\"fr-FR\"},{\"@type\":\"WebPage\",\"@id\":\"https:\/\/footdavant.fr\/actualites\/avenir-denzo-fernandez-a-chelsea-la-position-de-capitaine-de-liam-rosenior-revelee-au-milieu-dune-interdiction-de-deux-matches\/\",\"url\":\"https:\/\/footdavant.fr\/actualites\/avenir-denzo-fernandez-a-chelsea-la-position-de-capitaine-de-liam-rosenior-revelee-au-milieu-dune-interdiction-de-deux-matches\/\",\"name\":\"Avenir d&#39;Enzo Fernandez \u00e0 Chelsea: la position de capitaine de Liam Rosenior \u00ab r\u00e9v\u00e9l\u00e9e \u00bb au milieu d&#39;une interdiction de deux matches\",\"isPartOf\":{\"@id\":\"https:\/\/footdavant.fr\/actualites\/#website\"},\"datePublished\":\"2026-04-07T20:48:19+00:00\",\"dateModified\":\"2026-04-07T20:48:20+00:00\",\"breadcrumb\":{\"@id\":\"https:\/\/footdavant.fr\/actualites\/avenir-denzo-fernandez-a-chelsea-la-position-de-capitaine-de-liam-rosenior-revelee-au-milieu-dune-interdiction-de-deux-matches\/#breadcrumb\"},\"inLanguage\":\"fr-FR\",\"potentialAction\":[{\"@type\":\"ReadAction\",\"target\":[\"https:\/\/footdavant.fr\/actualites\/avenir-denzo-fernandez-a-chelsea-la-position-de-capitaine-de-liam-rosenior-revelee-au-milieu-dune-interdiction-de-deux-matches\/\"]}]},{\"@type\":\"BreadcrumbList\",\"@id\":\"https:\/\/footdavant.fr\/actualites\/avenir-denzo-fernandez-a-chelsea-la-position-de-capitaine-de-liam-rosenior-revelee-au-milieu-dune-interdiction-de-deux-matches\/#breadcrumb\",\"itemListElement\":[{\"@type\":\"ListItem\",\"position\":1,\"name\":\"Accueil\",\"item\":\"https:\/\/footdavant.fr\/actualites\/\"},{\"@type\":\"ListItem\",\"position\":2,\"name\":\"Avenir d&#39;Enzo Fernandez \u00e0 Chelsea: la position de capitaine de Liam Rosenior \u00ab r\u00e9v\u00e9l\u00e9e \u00bb au milieu d&#39;une interdiction de deux matches\"}]},{\"@type\":\"WebSite\",\"@id\":\"https:\/\/footdavant.fr\/actualites\/#website\",\"url\":\"https:\/\/footdavant.fr\/actualites\/\",\"name\":\"Foot d'avant\",\"description\":\"\",\"publisher\":{\"@id\":\"https:\/\/footdavant.fr\/actualites\/#organization\"},\"potentialAction\":[{\"@type\":\"SearchAction\",\"target\":{\"@type\":\"EntryPoint\",\"urlTemplate\":\"https:\/\/footdavant.fr\/actualites\/?s={search_term_string}\"},\"query-input\":\"required name=search_term_string\"}],\"inLanguage\":\"fr-FR\"},{\"@type\":\"Organization\",\"@id\":\"https:\/\/footdavant.fr\/actualites\/#organization\",\"name\":\"Foot d'avant\",\"url\":\"https:\/\/footdavant.fr\/actualites\/\",\"logo\":{\"@type\":\"ImageObject\",\"inLanguage\":\"fr-FR\",\"@id\":\"https:\/\/footdavant.fr\/actualites\/#\/schema\/logo\/image\/\",\"url\":\"https:\/\/footdavant.fr\/actualites\/wp-content\/uploads\/2023\/09\/Copy-of-FootDavant-Logo.png\",\"contentUrl\":\"https:\/\/footdavant.fr\/actualites\/wp-content\/uploads\/2023\/09\/Copy-of-FootDavant-Logo.png\",\"width\":936,\"height\":549,\"caption\":\"Foot d'avant\"},\"image\":{\"@id\":\"https:\/\/footdavant.fr\/actualites\/#\/schema\/logo\/image\/\"},\"sameAs\":[\"https:\/\/www.facebook.com\/Footdavant\/\",\"https:\/\/twitter.com\/FootdavantFr\",\"https:\/\/www.instagram.com\/footdavant.fr\/\"]},{\"@type\":\"Person\",\"@id\":\"https:\/\/footdavant.fr\/actualites\/#\/schema\/person\/bc222566d95871b37e597b3ed3ba5e1d\",\"name\":\"Cl\u00e9ment\",\"image\":{\"@type\":\"ImageObject\",\"inLanguage\":\"fr-FR\",\"@id\":\"https:\/\/footdavant.fr\/actualites\/#\/schema\/person\/image\/\",\"url\":\"https:\/\/secure.gravatar.com\/avatar\/7728b29aac2719421e1a9159b2254c44?s=96&d=mm&r=g\",\"contentUrl\":\"https:\/\/secure.gravatar.com\/avatar\/7728b29aac2719421e1a9159b2254c44?s=96&d=mm&r=g\",\"caption\":\"Cl\u00e9ment\"},\"sameAs\":[\"https:\/\/footdavant.fr\/\"]}]}<\/script>\n<!-- \/ Yoast SEO plugin. -->","yoast_head_json":{"title":"Avenir d&#39;Enzo Fernandez \u00e0 Chelsea: la position de capitaine de Liam Rosenior \u00ab r\u00e9v\u00e9l\u00e9e \u00bb au milieu d&#39;une interdiction de deux matches","robots":{"index":"index","follow":"follow","max-snippet":"max-snippet:-1","max-image-preview":"max-image-preview:large","max-video-preview":"max-video-preview:-1"},"canonical":"https:\/\/footdavant.fr\/actualites\/avenir-denzo-fernandez-a-chelsea-la-position-de-capitaine-de-liam-rosenior-revelee-au-milieu-dune-interdiction-de-deux-matches\/","og_locale":"fr_FR","og_type":"article","og_title":"Avenir d&#39;Enzo Fernandez \u00e0 Chelsea: la position de capitaine de Liam Rosenior \u00ab r\u00e9v\u00e9l\u00e9e \u00bb au milieu d&#39;une interdiction de deux matches","og_description":"Chelsea serait ouvert \u00e0 ce qu&#39;Enzo Fernandez soit \u00e0 nouveau capitaine avant la fin de la saison. En l&#39;absence de Reece James, on a l&#39;impression","og_url":"https:\/\/footdavant.fr\/actualites\/avenir-denzo-fernandez-a-chelsea-la-position-de-capitaine-de-liam-rosenior-revelee-au-milieu-dune-interdiction-de-deux-matches\/","og_site_name":"Foot d&#039;avant","article_publisher":"https:\/\/www.facebook.com\/Footdavant\/","article_published_time":"2026-04-07T20:48:19+00:00","article_modified_time":"2026-04-07T20:48:20+00:00","og_image":[{"width":720,"height":410,"url":"https:\/\/footdavant.fr\/actualites\/wp-content\/uploads\/2026\/04\/Avenir-d39Enzo-Fernandez-a-Chelsea-la-position-de-capitaine-de.net2Fuploads2F20262F042Farne-slot-mo-sal.webp","type":"image\/webp"}],"author":"Cl\u00e9ment","twitter_card":"summary_large_image","twitter_creator":"@FootdavantFr","twitter_site":"@FootdavantFr","twitter_misc":{"\u00c9crit par":"Cl\u00e9ment","Dur\u00e9e de lecture estim\u00e9e":"2 minutes"},"schema":{"@context":"https:\/\/schema.org","@graph":[{"@type":"Article","@id":"https:\/\/footdavant.fr\/actualites\/avenir-denzo-fernandez-a-chelsea-la-position-de-capitaine-de-liam-rosenior-revelee-au-milieu-dune-interdiction-de-deux-matches\/#article","isPartOf":{"@id":"https:\/\/footdavant.fr\/actualites\/avenir-denzo-fernandez-a-chelsea-la-position-de-capitaine-de-liam-rosenior-revelee-au-milieu-dune-interdiction-de-deux-matches\/"},"author":{"name":"Cl\u00e9ment","@id":"https:\/\/footdavant.fr\/actualites\/#\/schema\/person\/bc222566d95871b37e597b3ed3ba5e1d"},"headline":"Avenir d&#39;Enzo Fernandez \u00e0 Chelsea: la position de capitaine de Liam Rosenior \u00ab r\u00e9v\u00e9l\u00e9e \u00bb au milieu d&#39;une interdiction de deux matches","datePublished":"2026-04-07T20:48:19+00:00","dateModified":"2026-04-07T20:48:20+00:00","mainEntityOfPage":{"@id":"https:\/\/footdavant.fr\/actualites\/avenir-denzo-fernandez-a-chelsea-la-position-de-capitaine-de-liam-rosenior-revelee-au-milieu-dune-interdiction-de-deux-matches\/"},"wordCount":460,"publisher":{"@id":"https:\/\/footdavant.fr\/actualites\/#organization"},"keywords":["avenir","capitaine","Chelsea","d39Enzo","d39une","deux","Fernandez","interdiction","Liam","matches","milieu","position","r\u00e9v\u00e9l\u00e9e","Rosenior"],"articleSection":["Premier League"],"inLanguage":"fr-FR"},{"@type":"WebPage","@id":"https:\/\/footdavant.fr\/actualites\/avenir-denzo-fernandez-a-chelsea-la-position-de-capitaine-de-liam-rosenior-revelee-au-milieu-dune-interdiction-de-deux-matches\/","url":"https:\/\/footdavant.fr\/actualites\/avenir-denzo-fernandez-a-chelsea-la-position-de-capitaine-de-liam-rosenior-revelee-au-milieu-dune-interdiction-de-deux-matches\/","name":"Avenir d&#39;Enzo Fernandez \u00e0 Chelsea: la position de capitaine de Liam Rosenior \u00ab r\u00e9v\u00e9l\u00e9e \u00bb au milieu d&#39;une interdiction de deux matches","isPartOf":{"@id":"https:\/\/footdavant.fr\/actualites\/#website"},"datePublished":"2026-04-07T20:48:19+00:00","dateModified":"2026-04-07T20:48:20+00:00","breadcrumb":{"@id":"https:\/\/footdavant.fr\/actualites\/avenir-denzo-fernandez-a-chelsea-la-position-de-capitaine-de-liam-rosenior-revelee-au-milieu-dune-interdiction-de-deux-matches\/#breadcrumb"},"inLanguage":"fr-FR","potentialAction":[{"@type":"ReadAction","target":["https:\/\/footdavant.fr\/actualites\/avenir-denzo-fernandez-a-chelsea-la-position-de-capitaine-de-liam-rosenior-revelee-au-milieu-dune-interdiction-de-deux-matches\/"]}]},{"@type":"BreadcrumbList","@id":"https:\/\/footdavant.fr\/actualites\/avenir-denzo-fernandez-a-chelsea-la-position-de-capitaine-de-liam-rosenior-revelee-au-milieu-dune-interdiction-de-deux-matches\/#breadcrumb","itemListElement":[{"@type":"ListItem","position":1,"name":"Accueil","item":"https:\/\/footdavant.fr\/actualites\/"},{"@type":"ListItem","position":2,"name":"Avenir d&#39;Enzo Fernandez \u00e0 Chelsea: la position de capitaine de Liam Rosenior \u00ab r\u00e9v\u00e9l\u00e9e \u00bb au milieu d&#39;une interdiction de deux matches"}]},{"@type":"WebSite","@id":"https:\/\/footdavant.fr\/actualites\/#website","url":"https:\/\/footdavant.fr\/actualites\/","name":"Foot d'avant","description":"","publisher":{"@id":"https:\/\/footdavant.fr\/actualites\/#organization"},"potentialAction":[{"@type":"SearchAction","target":{"@type":"EntryPoint","urlTemplate":"https:\/\/footdavant.fr\/actualites\/?s={search_term_string}"},"query-input":"required name=search_term_string"}],"inLanguage":"fr-FR"},{"@type":"Organization","@id":"https:\/\/footdavant.fr\/actualites\/#organization","name":"Foot d'avant","url":"https:\/\/footdavant.fr\/actualites\/","logo":{"@type":"ImageObject","inLanguage":"fr-FR","@id":"https:\/\/footdavant.fr\/actualites\/#\/schema\/logo\/image\/","url":"https:\/\/footdavant.fr\/actualites\/wp-content\/uploads\/2023\/09\/Copy-of-FootDavant-Logo.png","contentUrl":"https:\/\/footdavant.fr\/actualites\/wp-content\/uploads\/2023\/09\/Copy-of-FootDavant-Logo.png","width":936,"height":549,"caption":"Foot d'avant"},"image":{"@id":"https:\/\/footdavant.fr\/actualites\/#\/schema\/logo\/image\/"},"sameAs":["https:\/\/www.facebook.com\/Footdavant\/","https:\/\/twitter.com\/FootdavantFr","https:\/\/www.instagram.com\/footdavant.fr\/"]},{"@type":"Person","@id":"https:\/\/footdavant.fr\/actualites\/#\/schema\/person\/bc222566d95871b37e597b3ed3ba5e1d","name":"Cl\u00e9ment","image":{"@type":"ImageObject","inLanguage":"fr-FR","@id":"https:\/\/footdavant.fr\/actualites\/#\/schema\/person\/image\/","url":"https:\/\/secure.gravatar.com\/avatar\/7728b29aac2719421e1a9159b2254c44?s=96&d=mm&r=g","contentUrl":"https:\/\/secure.gravatar.com\/avatar\/7728b29aac2719421e1a9159b2254c44?s=96&d=mm&r=g","caption":"Cl\u00e9ment"},"sameAs":["https:\/\/footdavant.fr\/"]}]}},"_links":{"self":[{"href":"https:\/\/footdavant.fr\/actualites\/wp-json\/wp\/v2\/posts\/36226"}],"collection":[{"href":"https:\/\/footdavant.fr\/actualites\/wp-json\/wp\/v2\/posts"}],"about":[{"href":"https:\/\/footdavant.fr\/actualites\/wp-json\/wp\/v2\/types\/post"}],"author":[{"embeddable":true,"href":"https:\/\/footdavant.fr\/actualites\/wp-json\/wp\/v2\/users\/1"}],"replies":[{"embeddable":true,"href":"https:\/\/footdavant.fr\/actualites\/wp-json\/wp\/v2\/comments?post=36226"}],"version-history":[{"count":1,"href":"https:\/\/footdavant.fr\/actualites\/wp-json\/wp\/v2\/posts\/36226\/revisions"}],"predecessor-version":[{"id":36228,"href":"https:\/\/footdavant.fr\/actualites\/wp-json\/wp\/v2\/posts\/36226\/revisions\/36228"}],"wp:featuredmedia":[{"embeddable":true,"href":"https:\/\/footdavant.fr\/actualites\/wp-json\/wp\/v2\/media\/36227"}],"wp:attachment":[{"href":"https:\/\/footdavant.fr\/actualites\/wp-json\/wp\/v2\/media?parent=36226"}],"wp:term":[{"taxonomy":"category","embeddable":true,"href":"https:\/\/footdavant.fr\/actualites\/wp-json\/wp\/v2\/categories?post=36226"},{"taxonomy":"post_tag","embeddable":true,"href":"https:\/\/footdavant.fr\/actualites\/wp-json\/wp\/v2\/tags?post=36226"}],"curies":[{"name":"wp","href":"https:\/\/api.w.org\/{rel}","templated":true}]}}