{"id":36229,"date":"2026-04-08T00:48:05","date_gmt":"2026-04-07T22:48:05","guid":{"rendered":"https:\/\/footdavant.fr\/actualites\/notes-des-joueurs-manchester-united-u21-2-4-real-madrid-castilla\/"},"modified":"2026-04-08T00:48:07","modified_gmt":"2026-04-07T22:48:07","slug":"notes-des-joueurs-manchester-united-u21-2-4-real-madrid-castilla","status":"publish","type":"post","link":"https:\/\/footdavant.fr\/actualites\/notes-des-joueurs-manchester-united-u21-2-4-real-madrid-castilla\/","title":{"rendered":"Notes des joueurs : Manchester United U21 2-4 Real Madrid Castilla \u2013"},"content":{"rendered":"<div id=\"penci-post-entry-inner\">\n<p>\t\t\t<i class=\"penci-post-countview-number-check\" style=\"display:none\">1<\/i><\/p>\n<p><!--Article Start--><br \/>Les moins de 21 ans de Manchester United ont perdu une avance de deux buts en \u00e9tant \u00e9limin\u00e9s de la Coupe internationale de Premier League par le Real Madrid Castilla en quarts de finale apr\u00e8s un drame en prolongation.<\/p>\n<p>Voici nos notes de joueurs pour le match. Vous pouvez lire un rapport de match d\u00e9taill\u00e9 ici.<\/p>\n<p>(Un score de six se situe dans la moyenne.)<\/p>\n<h5>Notes<\/h5>\n<p>  \u2013 6 \u2013 A r\u00e9alis\u00e9 un bon arr\u00eat sur coup franc, mais n&#39;a pas pu faire grand-chose pour les buts du Real car ils avaient eu le temps et l&#39;espace pour choisir leur place dans la surface.<\/p>\n<p>  \u2013 5 \u2013 Il menait une bataille perdue d&#39;avance car il recevait peu d&#39;aide de Lacey pour couvrir Manu Serrano, qui avan\u00e7ait \u00e0 chaque occasion depuis l&#39;arri\u00e8re gauche. En cons\u00e9quence, Jackson a \u00e9t\u00e9 expos\u00e9 et s&#39;est souvent retrouv\u00e9 \u00e0 chasser les ombres, le premier but du Real Madrid \u00e9tant tomb\u00e9 de son c\u00f4t\u00e9.<\/p>\n<p>  \u2013 6,5 \u2013 Le plus compos\u00e9 de la ligne arri\u00e8re, il a bien d\u00e9fendu la surface et n&#39;a pas eu peur de se lancer dans un d\u00e9fi et de sortir de l&#39;arri\u00e8re.<\/p>\n<p>  \u2013 5,5 \u2013 Il \u00e9tait correct sur le plan a\u00e9rien, mais sa passe en retrait errante a conduit au premier but du Real Madrid avant qu&#39;il ne soit contraint de quitter le terrain sur blessure au d\u00e9but de la seconde p\u00e9riode.<\/p>\n<p>  \u2013 7 \u2013 Encore une d\u00e9monstration impressionnante de Kukonki. Il \u00e9tait fort dans le d\u00e9fi et encore meilleur dans la possession. Il a utilis\u00e9 sa force pour r\u00e9sister aux d\u00e9fis et descendre sur l&#39;aile gauche, mais il aurait pu \u00eatre un peu plus rapide pour r\u00e9agir au long changement de jeu et couper le centre pour le deuxi\u00e8me but du Real.<\/p>\n<p>  \u2013 6 \u2013 A obtenu la passe d\u00e9cisive pour le premier but de United avec un coup habile sur Moorhouse. A eu une bonne demi-heure d&#39;ouverture, r\u00e9cup\u00e9rant le ballon au milieu de terrain avec beaucoup d&#39;\u00e9nergie et se liant bien avec son fr\u00e8re, mais s&#39;est effondr\u00e9 en seconde p\u00e9riode alors qu&#39;il avan\u00e7ait plus profond\u00e9ment en l&#39;absence de McCormack.<\/p>\n<p>\u2013 7 \u2013 Son importance a \u00e9t\u00e9 mieux illustr\u00e9e par la domination du Real lors de son d\u00e9part en seconde p\u00e9riode. Assis devant la ligne arri\u00e8re, il a \u00e9pong\u00e9 le bord de la surface et s&#39;est avanc\u00e9 pour couper toutes les passes \u00e0 travers les lignes, une de ces occasions menant au but de Moorhouse. Le Real Madrid a pris le contr\u00f4le du milieu de terrain d\u00e8s sa sortie.<\/p>\n<p>  \u2013 5,5 \u2013 A marqu\u00e9 le deuxi\u00e8me but de United sur penalty et a r\u00e9alis\u00e9 quelques touches intelligentes mais n&#39;en a pas fait assez en attaque. Il a eu quelques occasions en contre mais a trop souvent ralenti le jeu, ce qui a fait \u00e9chouer les occasions, et sa puissance offensive n&#39;a pas compens\u00e9 son manque de couverture d\u00e9fensive.<\/p>\n<p>\u2013 7 \u2013 Une belle premi\u00e8re mi-temps, il a men\u00e9 la presse de United qui a fait peur \u00e0 l&#39;opposition. Il a provoqu\u00e9 un certain nombre de revirements en haut du terrain dont United n&#39;a finalement pas pu profiter et n&#39;a pas eu de chance de ne pas repartir avec une passe d\u00e9cisive. Il s&#39;est d\u00e9plac\u00e9 plus profond\u00e9ment au milieu de terrain en seconde p\u00e9riode, ce qui l&#39;a rendu moins efficace.<\/p>\n<p>  \u2013 8 \u2013 Son but fantastique ouvre le score alors qu&#39;il fait irruption et s&#39;\u00e9crase dans les filets. Il repr\u00e9sentait un danger \u00e0 chaque fois qu&#39;il touchait le ballon, s&#39;\u00e9lan\u00e7ant dans l&#39;espace gr\u00e2ce au Real Madrid, qui le retirait en arri\u00e8re lorsqu&#39;il r\u00e9cup\u00e9rait le ballon.<\/p>\n<p>  \u2013 6 \u2013 Tr\u00e8s bon avec le ballon, il a r\u00e9alis\u00e9 une course intelligente pour ouvrir l&#39;espace \u00e0 Moorhouse sur le premier but de United puis son pressing a valu le penalty pour le deuxi\u00e8me. Cependant, son jeu avec possession ne correspondait pas \u00e0 celui de son travail hors possession. Un m\u00e9lange de mauvaise prise de d\u00e9cision et d\u2019ex\u00e9cution a vu un certain nombre d\u2019occasions g\u00e2ch\u00e9es dans la nuit.<\/p>\n<h5>Substituts<\/h5>\n<p>\u2013 5 \u2013 N&#39;a pas \u00e9t\u00e9 assez fort dans le d\u00e9fi et a permis de r\u00e9aliser trop de tirs francs aux abords de la surface.<\/p>\n<p>  \u2013 6,5 \u2013 Semblait une menace en sortie de banc, son rythme \u00e9tant la principale source d&#39;attaque de United en fin de match, mais il n&#39;a jamais trouv\u00e9 la touche finale.<\/p>\n<p>  \u2013 6 \u2013 Ajout d&#39;un peu plus de structure au milieu de terrain mais sans jamais vraiment ma\u00eetriser le match.<\/p>\n<p>\u2013 6 \u2013 A \u00e9t\u00e9 introduit \u00e0 la dixi\u00e8me place, o\u00f9 il semblait perdu avant de sortir, o\u00f9 il s&#39;est am\u00e9lior\u00e9 avec quelques courses fulgurantes, mais n&#39;a repris vie que lors de contre-attaques.<\/p>\n<p>  \u2013 5,5 \u2013 N&#39;a pas vraiment r\u00e9ussi \u00e0 avoir un impact en sortie de banc et a inscrit par inadvertance son troisi\u00e8me but.<\/p>\n<p>\u2013 5,5 \u2013 Il a manqu\u00e9 de possession et a g\u00e2ch\u00e9 quelques occasions offensives en fin de match avec des passes capricieuses.<\/p>\n<\/p>\n<hr\/>\n<p>The Peoples Person est l&#39;un des principaux sites d&#39;information de Man United au monde depuis plus d&#39;une d\u00e9cennie. Suivez-nous sur Bluesky\u00a0: @peoplesperson.bsky.social<\/p>\n<p>\n<!--Article End--><\/p>\n<p><!-- CONTENT END 2 --><\/p><\/div>\n","protected":false},"excerpt":{"rendered":"<p>1 Les moins de 21 ans de Manchester United ont perdu une avance de deux buts en \u00e9tant \u00e9limin\u00e9s de la Coupe internationale de Premier<\/p>\n","protected":false},"author":1,"featured_media":36230,"comment_status":"closed","ping_status":"","sticky":false,"template":"","format":"standard","meta":{"footnotes":""},"categories":[3],"tags":[11807,12,220,303,11,2823,302,4014,13],"yoast_head":"<!-- This site is optimized with the Yoast SEO plugin v21.0 - https:\/\/yoast.com\/wordpress\/plugins\/seo\/ -->\n<title>Notes des joueurs : Manchester United U21 2-4 Real Madrid Castilla \u2013<\/title>\n<meta name=\"robots\" content=\"index, follow, max-snippet:-1, max-image-preview:large, max-video-preview:-1\" \/>\n<link rel=\"canonical\" href=\"https:\/\/footdavant.fr\/actualites\/notes-des-joueurs-manchester-united-u21-2-4-real-madrid-castilla\/\" \/>\n<meta property=\"og:locale\" content=\"fr_FR\" \/>\n<meta property=\"og:type\" content=\"article\" \/>\n<meta property=\"og:title\" content=\"Notes des joueurs : Manchester United U21 2-4 Real Madrid Castilla \u2013\" \/>\n<meta property=\"og:description\" content=\"1 Les moins de 21 ans de Manchester United ont perdu une avance de deux buts en \u00e9tant \u00e9limin\u00e9s de la Coupe internationale de Premier\" \/>\n<meta property=\"og:url\" content=\"https:\/\/footdavant.fr\/actualites\/notes-des-joueurs-manchester-united-u21-2-4-real-madrid-castilla\/\" \/>\n<meta property=\"og:site_name\" content=\"Foot d&#039;avant\" \/>\n<meta property=\"article:publisher\" content=\"https:\/\/www.facebook.com\/Footdavant\/\" \/>\n<meta property=\"article:published_time\" content=\"2026-04-07T22:48:05+00:00\" \/>\n<meta property=\"article:modified_time\" content=\"2026-04-07T22:48:07+00:00\" \/>\n<meta property=\"og:image\" content=\"https:\/\/footdavant.fr\/actualites\/wp-content\/uploads\/2026\/04\/Notes-des-joueurs-Manchester-United-U21-2-4-Real-Madrid.jpg\" \/>\n\t<meta property=\"og:image:width\" content=\"1599\" \/>\n\t<meta property=\"og:image:height\" content=\"700\" \/>\n\t<meta property=\"og:image:type\" content=\"image\/jpeg\" \/>\n<meta name=\"author\" content=\"Cl\u00e9ment\" \/>\n<meta name=\"twitter:card\" content=\"summary_large_image\" \/>\n<meta name=\"twitter:creator\" content=\"@FootdavantFr\" \/>\n<meta name=\"twitter:site\" content=\"@FootdavantFr\" \/>\n<meta name=\"twitter:label1\" content=\"\u00c9crit par\" \/>\n\t<meta name=\"twitter:data1\" content=\"Cl\u00e9ment\" \/>\n\t<meta name=\"twitter:label2\" content=\"Dur\u00e9e de lecture estim\u00e9e\" \/>\n\t<meta name=\"twitter:data2\" content=\"4 minutes\" \/>\n<script type=\"application\/ld+json\" class=\"yoast-schema-graph\">{\"@context\":\"https:\/\/schema.org\",\"@graph\":[{\"@type\":\"Article\",\"@id\":\"https:\/\/footdavant.fr\/actualites\/notes-des-joueurs-manchester-united-u21-2-4-real-madrid-castilla\/#article\",\"isPartOf\":{\"@id\":\"https:\/\/footdavant.fr\/actualites\/notes-des-joueurs-manchester-united-u21-2-4-real-madrid-castilla\/\"},\"author\":{\"name\":\"Cl\u00e9ment\",\"@id\":\"https:\/\/footdavant.fr\/actualites\/#\/schema\/person\/bc222566d95871b37e597b3ed3ba5e1d\"},\"headline\":\"Notes des joueurs : Manchester United U21 2-4 Real Madrid Castilla \u2013\",\"datePublished\":\"2026-04-07T22:48:05+00:00\",\"dateModified\":\"2026-04-07T22:48:07+00:00\",\"mainEntityOfPage\":{\"@id\":\"https:\/\/footdavant.fr\/actualites\/notes-des-joueurs-manchester-united-u21-2-4-real-madrid-castilla\/\"},\"wordCount\":897,\"publisher\":{\"@id\":\"https:\/\/footdavant.fr\/actualites\/#organization\"},\"keywords\":[\"Castilla\",\"des\",\"joueurs\",\"Madrid\",\"Manchester\",\"Notes\",\"Real\",\"U21\",\"United\"],\"articleSection\":[\"Football\"],\"inLanguage\":\"fr-FR\"},{\"@type\":\"WebPage\",\"@id\":\"https:\/\/footdavant.fr\/actualites\/notes-des-joueurs-manchester-united-u21-2-4-real-madrid-castilla\/\",\"url\":\"https:\/\/footdavant.fr\/actualites\/notes-des-joueurs-manchester-united-u21-2-4-real-madrid-castilla\/\",\"name\":\"Notes des joueurs : Manchester United U21 2-4 Real Madrid Castilla \u2013\",\"isPartOf\":{\"@id\":\"https:\/\/footdavant.fr\/actualites\/#website\"},\"datePublished\":\"2026-04-07T22:48:05+00:00\",\"dateModified\":\"2026-04-07T22:48:07+00:00\",\"breadcrumb\":{\"@id\":\"https:\/\/footdavant.fr\/actualites\/notes-des-joueurs-manchester-united-u21-2-4-real-madrid-castilla\/#breadcrumb\"},\"inLanguage\":\"fr-FR\",\"potentialAction\":[{\"@type\":\"ReadAction\",\"target\":[\"https:\/\/footdavant.fr\/actualites\/notes-des-joueurs-manchester-united-u21-2-4-real-madrid-castilla\/\"]}]},{\"@type\":\"BreadcrumbList\",\"@id\":\"https:\/\/footdavant.fr\/actualites\/notes-des-joueurs-manchester-united-u21-2-4-real-madrid-castilla\/#breadcrumb\",\"itemListElement\":[{\"@type\":\"ListItem\",\"position\":1,\"name\":\"Accueil\",\"item\":\"https:\/\/footdavant.fr\/actualites\/\"},{\"@type\":\"ListItem\",\"position\":2,\"name\":\"Notes des joueurs : Manchester United U21 2-4 Real Madrid Castilla \u2013\"}]},{\"@type\":\"WebSite\",\"@id\":\"https:\/\/footdavant.fr\/actualites\/#website\",\"url\":\"https:\/\/footdavant.fr\/actualites\/\",\"name\":\"Foot d'avant\",\"description\":\"\",\"publisher\":{\"@id\":\"https:\/\/footdavant.fr\/actualites\/#organization\"},\"potentialAction\":[{\"@type\":\"SearchAction\",\"target\":{\"@type\":\"EntryPoint\",\"urlTemplate\":\"https:\/\/footdavant.fr\/actualites\/?s={search_term_string}\"},\"query-input\":\"required name=search_term_string\"}],\"inLanguage\":\"fr-FR\"},{\"@type\":\"Organization\",\"@id\":\"https:\/\/footdavant.fr\/actualites\/#organization\",\"name\":\"Foot d'avant\",\"url\":\"https:\/\/footdavant.fr\/actualites\/\",\"logo\":{\"@type\":\"ImageObject\",\"inLanguage\":\"fr-FR\",\"@id\":\"https:\/\/footdavant.fr\/actualites\/#\/schema\/logo\/image\/\",\"url\":\"https:\/\/footdavant.fr\/actualites\/wp-content\/uploads\/2023\/09\/Copy-of-FootDavant-Logo.png\",\"contentUrl\":\"https:\/\/footdavant.fr\/actualites\/wp-content\/uploads\/2023\/09\/Copy-of-FootDavant-Logo.png\",\"width\":936,\"height\":549,\"caption\":\"Foot d'avant\"},\"image\":{\"@id\":\"https:\/\/footdavant.fr\/actualites\/#\/schema\/logo\/image\/\"},\"sameAs\":[\"https:\/\/www.facebook.com\/Footdavant\/\",\"https:\/\/twitter.com\/FootdavantFr\",\"https:\/\/www.instagram.com\/footdavant.fr\/\"]},{\"@type\":\"Person\",\"@id\":\"https:\/\/footdavant.fr\/actualites\/#\/schema\/person\/bc222566d95871b37e597b3ed3ba5e1d\",\"name\":\"Cl\u00e9ment\",\"image\":{\"@type\":\"ImageObject\",\"inLanguage\":\"fr-FR\",\"@id\":\"https:\/\/footdavant.fr\/actualites\/#\/schema\/person\/image\/\",\"url\":\"https:\/\/secure.gravatar.com\/avatar\/7728b29aac2719421e1a9159b2254c44?s=96&d=mm&r=g\",\"contentUrl\":\"https:\/\/secure.gravatar.com\/avatar\/7728b29aac2719421e1a9159b2254c44?s=96&d=mm&r=g\",\"caption\":\"Cl\u00e9ment\"},\"sameAs\":[\"https:\/\/footdavant.fr\/\"]}]}<\/script>\n<!-- \/ Yoast SEO plugin. -->","yoast_head_json":{"title":"Notes des joueurs : Manchester United U21 2-4 Real Madrid Castilla \u2013","robots":{"index":"index","follow":"follow","max-snippet":"max-snippet:-1","max-image-preview":"max-image-preview:large","max-video-preview":"max-video-preview:-1"},"canonical":"https:\/\/footdavant.fr\/actualites\/notes-des-joueurs-manchester-united-u21-2-4-real-madrid-castilla\/","og_locale":"fr_FR","og_type":"article","og_title":"Notes des joueurs : Manchester United U21 2-4 Real Madrid Castilla \u2013","og_description":"1 Les moins de 21 ans de Manchester United ont perdu une avance de deux buts en \u00e9tant \u00e9limin\u00e9s de la Coupe internationale de Premier","og_url":"https:\/\/footdavant.fr\/actualites\/notes-des-joueurs-manchester-united-u21-2-4-real-madrid-castilla\/","og_site_name":"Foot d&#039;avant","article_publisher":"https:\/\/www.facebook.com\/Footdavant\/","article_published_time":"2026-04-07T22:48:05+00:00","article_modified_time":"2026-04-07T22:48:07+00:00","og_image":[{"width":1599,"height":700,"url":"https:\/\/footdavant.fr\/actualites\/wp-content\/uploads\/2026\/04\/Notes-des-joueurs-Manchester-United-U21-2-4-Real-Madrid.jpg","type":"image\/jpeg"}],"author":"Cl\u00e9ment","twitter_card":"summary_large_image","twitter_creator":"@FootdavantFr","twitter_site":"@FootdavantFr","twitter_misc":{"\u00c9crit par":"Cl\u00e9ment","Dur\u00e9e de lecture estim\u00e9e":"4 minutes"},"schema":{"@context":"https:\/\/schema.org","@graph":[{"@type":"Article","@id":"https:\/\/footdavant.fr\/actualites\/notes-des-joueurs-manchester-united-u21-2-4-real-madrid-castilla\/#article","isPartOf":{"@id":"https:\/\/footdavant.fr\/actualites\/notes-des-joueurs-manchester-united-u21-2-4-real-madrid-castilla\/"},"author":{"name":"Cl\u00e9ment","@id":"https:\/\/footdavant.fr\/actualites\/#\/schema\/person\/bc222566d95871b37e597b3ed3ba5e1d"},"headline":"Notes des joueurs : Manchester United U21 2-4 Real Madrid Castilla \u2013","datePublished":"2026-04-07T22:48:05+00:00","dateModified":"2026-04-07T22:48:07+00:00","mainEntityOfPage":{"@id":"https:\/\/footdavant.fr\/actualites\/notes-des-joueurs-manchester-united-u21-2-4-real-madrid-castilla\/"},"wordCount":897,"publisher":{"@id":"https:\/\/footdavant.fr\/actualites\/#organization"},"keywords":["Castilla","des","joueurs","Madrid","Manchester","Notes","Real","U21","United"],"articleSection":["Football"],"inLanguage":"fr-FR"},{"@type":"WebPage","@id":"https:\/\/footdavant.fr\/actualites\/notes-des-joueurs-manchester-united-u21-2-4-real-madrid-castilla\/","url":"https:\/\/footdavant.fr\/actualites\/notes-des-joueurs-manchester-united-u21-2-4-real-madrid-castilla\/","name":"Notes des joueurs : Manchester United U21 2-4 Real Madrid Castilla \u2013","isPartOf":{"@id":"https:\/\/footdavant.fr\/actualites\/#website"},"datePublished":"2026-04-07T22:48:05+00:00","dateModified":"2026-04-07T22:48:07+00:00","breadcrumb":{"@id":"https:\/\/footdavant.fr\/actualites\/notes-des-joueurs-manchester-united-u21-2-4-real-madrid-castilla\/#breadcrumb"},"inLanguage":"fr-FR","potentialAction":[{"@type":"ReadAction","target":["https:\/\/footdavant.fr\/actualites\/notes-des-joueurs-manchester-united-u21-2-4-real-madrid-castilla\/"]}]},{"@type":"BreadcrumbList","@id":"https:\/\/footdavant.fr\/actualites\/notes-des-joueurs-manchester-united-u21-2-4-real-madrid-castilla\/#breadcrumb","itemListElement":[{"@type":"ListItem","position":1,"name":"Accueil","item":"https:\/\/footdavant.fr\/actualites\/"},{"@type":"ListItem","position":2,"name":"Notes des joueurs : Manchester United U21 2-4 Real Madrid Castilla \u2013"}]},{"@type":"WebSite","@id":"https:\/\/footdavant.fr\/actualites\/#website","url":"https:\/\/footdavant.fr\/actualites\/","name":"Foot d'avant","description":"","publisher":{"@id":"https:\/\/footdavant.fr\/actualites\/#organization"},"potentialAction":[{"@type":"SearchAction","target":{"@type":"EntryPoint","urlTemplate":"https:\/\/footdavant.fr\/actualites\/?s={search_term_string}"},"query-input":"required name=search_term_string"}],"inLanguage":"fr-FR"},{"@type":"Organization","@id":"https:\/\/footdavant.fr\/actualites\/#organization","name":"Foot d'avant","url":"https:\/\/footdavant.fr\/actualites\/","logo":{"@type":"ImageObject","inLanguage":"fr-FR","@id":"https:\/\/footdavant.fr\/actualites\/#\/schema\/logo\/image\/","url":"https:\/\/footdavant.fr\/actualites\/wp-content\/uploads\/2023\/09\/Copy-of-FootDavant-Logo.png","contentUrl":"https:\/\/footdavant.fr\/actualites\/wp-content\/uploads\/2023\/09\/Copy-of-FootDavant-Logo.png","width":936,"height":549,"caption":"Foot d'avant"},"image":{"@id":"https:\/\/footdavant.fr\/actualites\/#\/schema\/logo\/image\/"},"sameAs":["https:\/\/www.facebook.com\/Footdavant\/","https:\/\/twitter.com\/FootdavantFr","https:\/\/www.instagram.com\/footdavant.fr\/"]},{"@type":"Person","@id":"https:\/\/footdavant.fr\/actualites\/#\/schema\/person\/bc222566d95871b37e597b3ed3ba5e1d","name":"Cl\u00e9ment","image":{"@type":"ImageObject","inLanguage":"fr-FR","@id":"https:\/\/footdavant.fr\/actualites\/#\/schema\/person\/image\/","url":"https:\/\/secure.gravatar.com\/avatar\/7728b29aac2719421e1a9159b2254c44?s=96&d=mm&r=g","contentUrl":"https:\/\/secure.gravatar.com\/avatar\/7728b29aac2719421e1a9159b2254c44?s=96&d=mm&r=g","caption":"Cl\u00e9ment"},"sameAs":["https:\/\/footdavant.fr\/"]}]}},"_links":{"self":[{"href":"https:\/\/footdavant.fr\/actualites\/wp-json\/wp\/v2\/posts\/36229"}],"collection":[{"href":"https:\/\/footdavant.fr\/actualites\/wp-json\/wp\/v2\/posts"}],"about":[{"href":"https:\/\/footdavant.fr\/actualites\/wp-json\/wp\/v2\/types\/post"}],"author":[{"embeddable":true,"href":"https:\/\/footdavant.fr\/actualites\/wp-json\/wp\/v2\/users\/1"}],"replies":[{"embeddable":true,"href":"https:\/\/footdavant.fr\/actualites\/wp-json\/wp\/v2\/comments?post=36229"}],"version-history":[{"count":1,"href":"https:\/\/footdavant.fr\/actualites\/wp-json\/wp\/v2\/posts\/36229\/revisions"}],"predecessor-version":[{"id":36231,"href":"https:\/\/footdavant.fr\/actualites\/wp-json\/wp\/v2\/posts\/36229\/revisions\/36231"}],"wp:featuredmedia":[{"embeddable":true,"href":"https:\/\/footdavant.fr\/actualites\/wp-json\/wp\/v2\/media\/36230"}],"wp:attachment":[{"href":"https:\/\/footdavant.fr\/actualites\/wp-json\/wp\/v2\/media?parent=36229"}],"wp:term":[{"taxonomy":"category","embeddable":true,"href":"https:\/\/footdavant.fr\/actualites\/wp-json\/wp\/v2\/categories?post=36229"},{"taxonomy":"post_tag","embeddable":true,"href":"https:\/\/footdavant.fr\/actualites\/wp-json\/wp\/v2\/tags?post=36229"}],"curies":[{"name":"wp","href":"https:\/\/api.w.org\/{rel}","templated":true}]}}