{"id":36232,"date":"2026-04-08T02:48:10","date_gmt":"2026-04-08T00:48:10","guid":{"rendered":"https:\/\/footdavant.fr\/actualites\/composition-de-crystal-palace-contre-fiorentina-xi-prevu-pour-les-quarts-de-finale-de-la-conference-league\/"},"modified":"2026-04-08T02:48:14","modified_gmt":"2026-04-08T00:48:14","slug":"composition-de-crystal-palace-contre-fiorentina-xi-prevu-pour-les-quarts-de-finale-de-la-conference-league","status":"publish","type":"post","link":"https:\/\/footdavant.fr\/actualites\/composition-de-crystal-palace-contre-fiorentina-xi-prevu-pour-les-quarts-de-finale-de-la-conference-league\/","title":{"rendered":"Composition de Crystal Palace contre Fiorentina\u00a0: XI pr\u00e9vu pour les quarts de finale de la Conference League"},"content":{"rendered":"<div itemprop=\"articleBody\">\n<p><meta charset=\"UTF-8\"\/>Les nerfs seront \u00e0 leur comble lorsque Crystal Palace affrontera la Fiorentina, sp\u00e9cialiste \u00e9ternelle des huiti\u00e8mes de finale, lors du match aller de l&#39;UEFA Conference League \u00e0 Selhurst Park jeudi soir.<\/p>\n<p><meta charset=\"UTF-8\"\/>Avec la tr\u00eave internationale et les matches de FA Cup interrompant leur calendrier, Oliver Glasner devrait accueillir de nouveau plusieurs joueurs cl\u00e9s pour cette rencontre cruciale.<\/p>\n<p><meta charset=\"UTF-8\"\/>Jorgen Strand Larsen est suspendu apr\u00e8s avoir accumul\u00e9 des cartons jaunes, tandis qu&#39;Eddie Nketiah et Cheick Doucoure resteront probablement absents en raison d&#39;une blessure. <\/p>\n<p>Larsen a re\u00e7u son troisi\u00e8me avertissement dans la comp\u00e9tition lors du match retour de la victoire 2-1 contre l&#39;AEK Larnaca, ce qui signifie que Jean-Philippe Mateta devrait mener la ligne.<\/p>\n<p><meta charset=\"UTF-8\"\/>Pendant la tr\u00eave internationale, Adam Wharton a re\u00e7u un coup alors qu&#39;il repr\u00e9sentait l&#39;Angleterre lors de son match nul 1-1 contre l&#39;\u00e9quipe nationale de l&#39;Uruguay et a ensuite rat\u00e9 le choc contre le Japon. <\/p>\n<p><meta charset=\"UTF-8\"\/>Thomas Tuchel a confirm\u00e9 plus tard qu&#39;il s&#39;agissait d&#39;un probl\u00e8me mineur et que le milieu de terrain devrait revenir apr\u00e8s la pause prolong\u00e9e.<\/p>\n<p><meta charset=\"UTF-8\"\/>Dean Henderson a \u00e9galement rat\u00e9 les deux derniers matches de Palace pour cause de maladie, mais devrait \u00eatre apte \u00e0 d\u00e9buter, rempla\u00e7ant Walter Benitez entre les poteaux apr\u00e8s plus de trois semaines sans comp\u00e9tition.<\/p>\n<p><meta charset=\"UTF-8\"\/>En d\u00e9fense, Chris Richards, Maxence Lacroix et Jaydee Canvot devraient conserver leur place, et mis \u00e0 part l&#39;inclusion de Henderson et Mateta, peu de changements sont attendus.<\/p>\n<p>Composition de d\u00e9part possible de Crystal Palace : Henderson ; Richards, Lacroix, Canvot; Johnson, Wharton, Kamada, Mitchell, Sarr, Mateta, Guessand <\/p>\n<\/p>\n<\/div>\n","protected":false},"excerpt":{"rendered":"<p>Les nerfs seront \u00e0 leur comble lorsque Crystal Palace affrontera la Fiorentina, sp\u00e9cialiste \u00e9ternelle des huiti\u00e8mes de finale, lors du match aller de l&#39;UEFA Conference<\/p>\n","protected":false},"author":1,"featured_media":36233,"comment_status":"closed","ping_status":"","sticky":false,"template":"","format":"standard","meta":{"footnotes":""},"categories":[5],"tags":[2291,1531,20,1008,897,4809,202,93,815,51,3924,3966],"yoast_head":"<!-- This site is optimized with the Yoast SEO plugin v21.0 - https:\/\/yoast.com\/wordpress\/plugins\/seo\/ -->\n<title>Composition de Crystal Palace contre Fiorentina\u00a0: XI pr\u00e9vu pour les quarts de finale de la Conference League<\/title>\n<meta name=\"robots\" content=\"index, follow, max-snippet:-1, max-image-preview:large, max-video-preview:-1\" \/>\n<link rel=\"canonical\" href=\"https:\/\/footdavant.fr\/actualites\/composition-de-crystal-palace-contre-fiorentina-xi-prevu-pour-les-quarts-de-finale-de-la-conference-league\/\" \/>\n<meta property=\"og:locale\" content=\"fr_FR\" \/>\n<meta property=\"og:type\" content=\"article\" \/>\n<meta property=\"og:title\" content=\"Composition de Crystal Palace contre Fiorentina\u00a0: XI pr\u00e9vu pour les quarts de finale de la Conference League\" \/>\n<meta property=\"og:description\" content=\"Les nerfs seront \u00e0 leur comble lorsque Crystal Palace affrontera la Fiorentina, sp\u00e9cialiste \u00e9ternelle des huiti\u00e8mes de finale, lors du match aller de l&#039;UEFA Conference\" \/>\n<meta property=\"og:url\" content=\"https:\/\/footdavant.fr\/actualites\/composition-de-crystal-palace-contre-fiorentina-xi-prevu-pour-les-quarts-de-finale-de-la-conference-league\/\" \/>\n<meta property=\"og:site_name\" content=\"Foot d&#039;avant\" \/>\n<meta property=\"article:publisher\" content=\"https:\/\/www.facebook.com\/Footdavant\/\" \/>\n<meta property=\"article:published_time\" content=\"2026-04-08T00:48:10+00:00\" \/>\n<meta property=\"article:modified_time\" content=\"2026-04-08T00:48:14+00:00\" \/>\n<meta property=\"og:image\" content=\"https:\/\/footdavant.fr\/actualites\/wp-content\/uploads\/2026\/04\/Composition-de-Crystal-Palace-contre-Fiorentina-XI-prevu-pour-les.net2Fuploads2F20252F122Fsportsphoto-dean.webp\" \/>\n\t<meta property=\"og:image:width\" content=\"720\" \/>\n\t<meta property=\"og:image:height\" content=\"410\" \/>\n\t<meta property=\"og:image:type\" content=\"image\/webp\" \/>\n<meta name=\"author\" content=\"Cl\u00e9ment\" \/>\n<meta name=\"twitter:card\" content=\"summary_large_image\" \/>\n<meta name=\"twitter:creator\" content=\"@FootdavantFr\" \/>\n<meta name=\"twitter:site\" content=\"@FootdavantFr\" \/>\n<meta name=\"twitter:label1\" content=\"\u00c9crit par\" \/>\n\t<meta name=\"twitter:data1\" content=\"Cl\u00e9ment\" \/>\n\t<meta name=\"twitter:label2\" content=\"Dur\u00e9e de lecture estim\u00e9e\" \/>\n\t<meta name=\"twitter:data2\" content=\"1 minute\" \/>\n<script type=\"application\/ld+json\" class=\"yoast-schema-graph\">{\"@context\":\"https:\/\/schema.org\",\"@graph\":[{\"@type\":\"Article\",\"@id\":\"https:\/\/footdavant.fr\/actualites\/composition-de-crystal-palace-contre-fiorentina-xi-prevu-pour-les-quarts-de-finale-de-la-conference-league\/#article\",\"isPartOf\":{\"@id\":\"https:\/\/footdavant.fr\/actualites\/composition-de-crystal-palace-contre-fiorentina-xi-prevu-pour-les-quarts-de-finale-de-la-conference-league\/\"},\"author\":{\"name\":\"Cl\u00e9ment\",\"@id\":\"https:\/\/footdavant.fr\/actualites\/#\/schema\/person\/bc222566d95871b37e597b3ed3ba5e1d\"},\"headline\":\"Composition de Crystal Palace contre Fiorentina\u00a0: XI pr\u00e9vu pour les quarts de finale de la Conference League\",\"datePublished\":\"2026-04-08T00:48:10+00:00\",\"dateModified\":\"2026-04-08T00:48:14+00:00\",\"mainEntityOfPage\":{\"@id\":\"https:\/\/footdavant.fr\/actualites\/composition-de-crystal-palace-contre-fiorentina-xi-prevu-pour-les-quarts-de-finale-de-la-conference-league\/\"},\"wordCount\":293,\"publisher\":{\"@id\":\"https:\/\/footdavant.fr\/actualites\/#organization\"},\"keywords\":[\"composition\",\"conf\u00e9rence\",\"contre\",\"Crystal\",\"finale\",\"Fiorentina\",\"League\",\"les\",\"Palace\",\"pour\",\"pr\u00e9vu\",\"quarts\"],\"articleSection\":[\"Premier League\"],\"inLanguage\":\"fr-FR\"},{\"@type\":\"WebPage\",\"@id\":\"https:\/\/footdavant.fr\/actualites\/composition-de-crystal-palace-contre-fiorentina-xi-prevu-pour-les-quarts-de-finale-de-la-conference-league\/\",\"url\":\"https:\/\/footdavant.fr\/actualites\/composition-de-crystal-palace-contre-fiorentina-xi-prevu-pour-les-quarts-de-finale-de-la-conference-league\/\",\"name\":\"Composition de Crystal Palace contre Fiorentina\u00a0: XI pr\u00e9vu pour les quarts de finale de la Conference League\",\"isPartOf\":{\"@id\":\"https:\/\/footdavant.fr\/actualites\/#website\"},\"datePublished\":\"2026-04-08T00:48:10+00:00\",\"dateModified\":\"2026-04-08T00:48:14+00:00\",\"breadcrumb\":{\"@id\":\"https:\/\/footdavant.fr\/actualites\/composition-de-crystal-palace-contre-fiorentina-xi-prevu-pour-les-quarts-de-finale-de-la-conference-league\/#breadcrumb\"},\"inLanguage\":\"fr-FR\",\"potentialAction\":[{\"@type\":\"ReadAction\",\"target\":[\"https:\/\/footdavant.fr\/actualites\/composition-de-crystal-palace-contre-fiorentina-xi-prevu-pour-les-quarts-de-finale-de-la-conference-league\/\"]}]},{\"@type\":\"BreadcrumbList\",\"@id\":\"https:\/\/footdavant.fr\/actualites\/composition-de-crystal-palace-contre-fiorentina-xi-prevu-pour-les-quarts-de-finale-de-la-conference-league\/#breadcrumb\",\"itemListElement\":[{\"@type\":\"ListItem\",\"position\":1,\"name\":\"Accueil\",\"item\":\"https:\/\/footdavant.fr\/actualites\/\"},{\"@type\":\"ListItem\",\"position\":2,\"name\":\"Composition de Crystal Palace contre Fiorentina\u00a0: XI pr\u00e9vu pour les quarts de finale de la Conference League\"}]},{\"@type\":\"WebSite\",\"@id\":\"https:\/\/footdavant.fr\/actualites\/#website\",\"url\":\"https:\/\/footdavant.fr\/actualites\/\",\"name\":\"Foot d'avant\",\"description\":\"\",\"publisher\":{\"@id\":\"https:\/\/footdavant.fr\/actualites\/#organization\"},\"potentialAction\":[{\"@type\":\"SearchAction\",\"target\":{\"@type\":\"EntryPoint\",\"urlTemplate\":\"https:\/\/footdavant.fr\/actualites\/?s={search_term_string}\"},\"query-input\":\"required name=search_term_string\"}],\"inLanguage\":\"fr-FR\"},{\"@type\":\"Organization\",\"@id\":\"https:\/\/footdavant.fr\/actualites\/#organization\",\"name\":\"Foot d'avant\",\"url\":\"https:\/\/footdavant.fr\/actualites\/\",\"logo\":{\"@type\":\"ImageObject\",\"inLanguage\":\"fr-FR\",\"@id\":\"https:\/\/footdavant.fr\/actualites\/#\/schema\/logo\/image\/\",\"url\":\"https:\/\/footdavant.fr\/actualites\/wp-content\/uploads\/2023\/09\/Copy-of-FootDavant-Logo.png\",\"contentUrl\":\"https:\/\/footdavant.fr\/actualites\/wp-content\/uploads\/2023\/09\/Copy-of-FootDavant-Logo.png\",\"width\":936,\"height\":549,\"caption\":\"Foot d'avant\"},\"image\":{\"@id\":\"https:\/\/footdavant.fr\/actualites\/#\/schema\/logo\/image\/\"},\"sameAs\":[\"https:\/\/www.facebook.com\/Footdavant\/\",\"https:\/\/twitter.com\/FootdavantFr\",\"https:\/\/www.instagram.com\/footdavant.fr\/\"]},{\"@type\":\"Person\",\"@id\":\"https:\/\/footdavant.fr\/actualites\/#\/schema\/person\/bc222566d95871b37e597b3ed3ba5e1d\",\"name\":\"Cl\u00e9ment\",\"image\":{\"@type\":\"ImageObject\",\"inLanguage\":\"fr-FR\",\"@id\":\"https:\/\/footdavant.fr\/actualites\/#\/schema\/person\/image\/\",\"url\":\"https:\/\/secure.gravatar.com\/avatar\/7728b29aac2719421e1a9159b2254c44?s=96&d=mm&r=g\",\"contentUrl\":\"https:\/\/secure.gravatar.com\/avatar\/7728b29aac2719421e1a9159b2254c44?s=96&d=mm&r=g\",\"caption\":\"Cl\u00e9ment\"},\"sameAs\":[\"https:\/\/footdavant.fr\/\"]}]}<\/script>\n<!-- \/ Yoast SEO plugin. -->","yoast_head_json":{"title":"Composition de Crystal Palace contre Fiorentina\u00a0: XI pr\u00e9vu pour les quarts de finale de la Conference League","robots":{"index":"index","follow":"follow","max-snippet":"max-snippet:-1","max-image-preview":"max-image-preview:large","max-video-preview":"max-video-preview:-1"},"canonical":"https:\/\/footdavant.fr\/actualites\/composition-de-crystal-palace-contre-fiorentina-xi-prevu-pour-les-quarts-de-finale-de-la-conference-league\/","og_locale":"fr_FR","og_type":"article","og_title":"Composition de Crystal Palace contre Fiorentina\u00a0: XI pr\u00e9vu pour les quarts de finale de la Conference League","og_description":"Les nerfs seront \u00e0 leur comble lorsque Crystal Palace affrontera la Fiorentina, sp\u00e9cialiste \u00e9ternelle des huiti\u00e8mes de finale, lors du match aller de l&#39;UEFA Conference","og_url":"https:\/\/footdavant.fr\/actualites\/composition-de-crystal-palace-contre-fiorentina-xi-prevu-pour-les-quarts-de-finale-de-la-conference-league\/","og_site_name":"Foot d&#039;avant","article_publisher":"https:\/\/www.facebook.com\/Footdavant\/","article_published_time":"2026-04-08T00:48:10+00:00","article_modified_time":"2026-04-08T00:48:14+00:00","og_image":[{"width":720,"height":410,"url":"https:\/\/footdavant.fr\/actualites\/wp-content\/uploads\/2026\/04\/Composition-de-Crystal-Palace-contre-Fiorentina-XI-prevu-pour-les.net2Fuploads2F20252F122Fsportsphoto-dean.webp","type":"image\/webp"}],"author":"Cl\u00e9ment","twitter_card":"summary_large_image","twitter_creator":"@FootdavantFr","twitter_site":"@FootdavantFr","twitter_misc":{"\u00c9crit par":"Cl\u00e9ment","Dur\u00e9e de lecture estim\u00e9e":"1 minute"},"schema":{"@context":"https:\/\/schema.org","@graph":[{"@type":"Article","@id":"https:\/\/footdavant.fr\/actualites\/composition-de-crystal-palace-contre-fiorentina-xi-prevu-pour-les-quarts-de-finale-de-la-conference-league\/#article","isPartOf":{"@id":"https:\/\/footdavant.fr\/actualites\/composition-de-crystal-palace-contre-fiorentina-xi-prevu-pour-les-quarts-de-finale-de-la-conference-league\/"},"author":{"name":"Cl\u00e9ment","@id":"https:\/\/footdavant.fr\/actualites\/#\/schema\/person\/bc222566d95871b37e597b3ed3ba5e1d"},"headline":"Composition de Crystal Palace contre Fiorentina\u00a0: XI pr\u00e9vu pour les quarts de finale de la Conference League","datePublished":"2026-04-08T00:48:10+00:00","dateModified":"2026-04-08T00:48:14+00:00","mainEntityOfPage":{"@id":"https:\/\/footdavant.fr\/actualites\/composition-de-crystal-palace-contre-fiorentina-xi-prevu-pour-les-quarts-de-finale-de-la-conference-league\/"},"wordCount":293,"publisher":{"@id":"https:\/\/footdavant.fr\/actualites\/#organization"},"keywords":["composition","conf\u00e9rence","contre","Crystal","finale","Fiorentina","League","les","Palace","pour","pr\u00e9vu","quarts"],"articleSection":["Premier League"],"inLanguage":"fr-FR"},{"@type":"WebPage","@id":"https:\/\/footdavant.fr\/actualites\/composition-de-crystal-palace-contre-fiorentina-xi-prevu-pour-les-quarts-de-finale-de-la-conference-league\/","url":"https:\/\/footdavant.fr\/actualites\/composition-de-crystal-palace-contre-fiorentina-xi-prevu-pour-les-quarts-de-finale-de-la-conference-league\/","name":"Composition de Crystal Palace contre Fiorentina\u00a0: XI pr\u00e9vu pour les quarts de finale de la Conference League","isPartOf":{"@id":"https:\/\/footdavant.fr\/actualites\/#website"},"datePublished":"2026-04-08T00:48:10+00:00","dateModified":"2026-04-08T00:48:14+00:00","breadcrumb":{"@id":"https:\/\/footdavant.fr\/actualites\/composition-de-crystal-palace-contre-fiorentina-xi-prevu-pour-les-quarts-de-finale-de-la-conference-league\/#breadcrumb"},"inLanguage":"fr-FR","potentialAction":[{"@type":"ReadAction","target":["https:\/\/footdavant.fr\/actualites\/composition-de-crystal-palace-contre-fiorentina-xi-prevu-pour-les-quarts-de-finale-de-la-conference-league\/"]}]},{"@type":"BreadcrumbList","@id":"https:\/\/footdavant.fr\/actualites\/composition-de-crystal-palace-contre-fiorentina-xi-prevu-pour-les-quarts-de-finale-de-la-conference-league\/#breadcrumb","itemListElement":[{"@type":"ListItem","position":1,"name":"Accueil","item":"https:\/\/footdavant.fr\/actualites\/"},{"@type":"ListItem","position":2,"name":"Composition de Crystal Palace contre Fiorentina\u00a0: XI pr\u00e9vu pour les quarts de finale de la Conference League"}]},{"@type":"WebSite","@id":"https:\/\/footdavant.fr\/actualites\/#website","url":"https:\/\/footdavant.fr\/actualites\/","name":"Foot d'avant","description":"","publisher":{"@id":"https:\/\/footdavant.fr\/actualites\/#organization"},"potentialAction":[{"@type":"SearchAction","target":{"@type":"EntryPoint","urlTemplate":"https:\/\/footdavant.fr\/actualites\/?s={search_term_string}"},"query-input":"required name=search_term_string"}],"inLanguage":"fr-FR"},{"@type":"Organization","@id":"https:\/\/footdavant.fr\/actualites\/#organization","name":"Foot d'avant","url":"https:\/\/footdavant.fr\/actualites\/","logo":{"@type":"ImageObject","inLanguage":"fr-FR","@id":"https:\/\/footdavant.fr\/actualites\/#\/schema\/logo\/image\/","url":"https:\/\/footdavant.fr\/actualites\/wp-content\/uploads\/2023\/09\/Copy-of-FootDavant-Logo.png","contentUrl":"https:\/\/footdavant.fr\/actualites\/wp-content\/uploads\/2023\/09\/Copy-of-FootDavant-Logo.png","width":936,"height":549,"caption":"Foot d'avant"},"image":{"@id":"https:\/\/footdavant.fr\/actualites\/#\/schema\/logo\/image\/"},"sameAs":["https:\/\/www.facebook.com\/Footdavant\/","https:\/\/twitter.com\/FootdavantFr","https:\/\/www.instagram.com\/footdavant.fr\/"]},{"@type":"Person","@id":"https:\/\/footdavant.fr\/actualites\/#\/schema\/person\/bc222566d95871b37e597b3ed3ba5e1d","name":"Cl\u00e9ment","image":{"@type":"ImageObject","inLanguage":"fr-FR","@id":"https:\/\/footdavant.fr\/actualites\/#\/schema\/person\/image\/","url":"https:\/\/secure.gravatar.com\/avatar\/7728b29aac2719421e1a9159b2254c44?s=96&d=mm&r=g","contentUrl":"https:\/\/secure.gravatar.com\/avatar\/7728b29aac2719421e1a9159b2254c44?s=96&d=mm&r=g","caption":"Cl\u00e9ment"},"sameAs":["https:\/\/footdavant.fr\/"]}]}},"_links":{"self":[{"href":"https:\/\/footdavant.fr\/actualites\/wp-json\/wp\/v2\/posts\/36232"}],"collection":[{"href":"https:\/\/footdavant.fr\/actualites\/wp-json\/wp\/v2\/posts"}],"about":[{"href":"https:\/\/footdavant.fr\/actualites\/wp-json\/wp\/v2\/types\/post"}],"author":[{"embeddable":true,"href":"https:\/\/footdavant.fr\/actualites\/wp-json\/wp\/v2\/users\/1"}],"replies":[{"embeddable":true,"href":"https:\/\/footdavant.fr\/actualites\/wp-json\/wp\/v2\/comments?post=36232"}],"version-history":[{"count":1,"href":"https:\/\/footdavant.fr\/actualites\/wp-json\/wp\/v2\/posts\/36232\/revisions"}],"predecessor-version":[{"id":36234,"href":"https:\/\/footdavant.fr\/actualites\/wp-json\/wp\/v2\/posts\/36232\/revisions\/36234"}],"wp:featuredmedia":[{"embeddable":true,"href":"https:\/\/footdavant.fr\/actualites\/wp-json\/wp\/v2\/media\/36233"}],"wp:attachment":[{"href":"https:\/\/footdavant.fr\/actualites\/wp-json\/wp\/v2\/media?parent=36232"}],"wp:term":[{"taxonomy":"category","embeddable":true,"href":"https:\/\/footdavant.fr\/actualites\/wp-json\/wp\/v2\/categories?post=36232"},{"taxonomy":"post_tag","embeddable":true,"href":"https:\/\/footdavant.fr\/actualites\/wp-json\/wp\/v2\/tags?post=36232"}],"curies":[{"name":"wp","href":"https:\/\/api.w.org\/{rel}","templated":true}]}}