{"id":36238,"date":"2026-04-08T06:48:31","date_gmt":"2026-04-08T04:48:31","guid":{"rendered":"https:\/\/footdavant.fr\/actualites\/liverpool-annonce-une-equipe-de-21-joueurs-pour-le-choc-de-la-ligue-des-champions-du-psg-alors-que-la-decision-dalexander-isak-est-prise\/"},"modified":"2026-04-08T06:48:33","modified_gmt":"2026-04-08T04:48:33","slug":"liverpool-annonce-une-equipe-de-21-joueurs-pour-le-choc-de-la-ligue-des-champions-du-psg-alors-que-la-decision-dalexander-isak-est-prise","status":"publish","type":"post","link":"https:\/\/footdavant.fr\/actualites\/liverpool-annonce-une-equipe-de-21-joueurs-pour-le-choc-de-la-ligue-des-champions-du-psg-alors-que-la-decision-dalexander-isak-est-prise\/","title":{"rendered":"Liverpool annonce une \u00e9quipe de 21 joueurs pour le choc de la Ligue des champions du PSG alors que la d\u00e9cision d&#39;Alexander Isak est prise"},"content":{"rendered":"<div itemprop=\"articleBody\">\n<p>Liverpool a confirm\u00e9 une \u00e9quipe itin\u00e9rante de 21 joueurs pour son affrontement de Ligue des champions contre le Paris Saint-Germain mercredi soir, et Alexander Isak a fait le voyage.<\/p>\n<p>L&#39;attaquant de 125 millions de livres sterling est maintenant de retour \u00e0 l&#39;entra\u00eenement complet apr\u00e8s s&#39;\u00eatre remis d&#39;une horrible blessure \u00e0 la jambe et \u00e0 la cheville, qu&#39;il a subie lors du triomphe de la Premier League en d\u00e9cembre contre Tottenham Hotspur.<\/p>\n<p>Isak devait \u00eatre en lice pour le quart de finale de la FA Cup samedi contre Manchester City, mais l&#39;international su\u00e9dois n&#39;a pas fait partie de l&#39;\u00e9quipe pour cette d\u00e9faite 4-0.<\/p>\n<p>Les Reds ont d\u00e9cid\u00e9 que le voyage \u00e0 l&#39;Etihad arrivait un peu trop t\u00f4t pour qu&#39;Isak revienne, mais l&#39;ancien joueur de Newcastle United a de nouveau \u00e9t\u00e9 vu de bonne humeur sur les terrains de Kirkby lors de la s\u00e9ance d&#39;entra\u00eenement de lundi. <\/p>\n<p>Isak a d\u00e9sormais ostensiblement de formidables chances de retour imminent, puisqu&#39;il a fait le d\u00e9placement dans la capitale fran\u00e7aise avec 20 de ses co\u00e9quipiers.<\/p>\n<h2>Alexander Isak nomm\u00e9 dans l&#39;\u00e9quipe de Liverpool pour le choc contre le PSG<\/h2>\n<link href=\"https:\/\/fonts.googleapis.com\/css2?family=Open+Sans:wght@400;600;700&amp;display=swap\" rel=\"stylesheet\"\/>\n<section aria-labelledby=\"tipster-title\" class=\"box-tipster\">&#13;<br \/>\n&#13;<br \/>\n&#13;<\/p>\n<div class=\"box-tipster-content\">\n<p>Gardiens de but : Mamardashvili, Woodman, Misciur<\/p>\n<p>D\u00e9fenseurs : Van Dijk, Konate, Kerkez, Frimpong, Gomez, Robertson<\/p>\n<p>Milieu de terrain : Mac Allister, Gravenberch, Jones, Szoboszlai, Nyoni<\/p>\n<p>Attaquants : Salah, Chiesa, Wirtz, Ngumoha, Gakpo, Isak, Ekitike<\/p>\n<\/div>\n<p>&#13;<br \/>\n<\/section>\n<p>Comme pr\u00e9vu, Mohamed Salah, Federico Chiesa et Jeremie Frimpong ont \u00e9galement \u00e9t\u00e9 inclus dans l&#39;\u00e9quipe, s&#39;\u00e9tant \u00e9galement remis de leurs blessures pour participer \u00e0 la d\u00e9faite de la FA Cup.<\/p>\n<p>Cependant, Alisson Becker reste \u00e0 l&#39;\u00e9cart en raison de sa blessure non pr\u00e9cis\u00e9e, donc Giorgi Mamardashvili, Freddie Woodman et Kornel Misciur, 18 ans, composent le d\u00e9partement des gardiens de but.<\/p>\n<p>Misciur est l&#39;un des trois dipl\u00f4m\u00e9s de l&#39;acad\u00e9mie \u00e0 faire le d\u00e9placement au Parc des Princes pour le match aller, rejoignant ses camarades adolescents Trey Nyoni et Rio Ngumoha lors du s\u00e9jour \u00e0 Paris.<\/p>\n<p>Le reste de l&#39;\u00e9quipe itin\u00e9rante de Liverpool est comme pr\u00e9vu, mais trois des joueurs seniors de Slot rateront le match retour \u00e0 Anfield s&#39;ils re\u00e7oivent un carton jaune mercredi.<\/p>\n<h2>Dans quelle forme est le PSG avant le choc de Liverpool ?<\/h2>\n<div>\n<div>\n<p>\u00a9 Iconsport \/ Sandra Ruhaut\/Icon Sport<\/p>\n<\/div>\n<\/div>\n<p>Liverpool manque quatre soldats bless\u00e9s, \u00e0 savoir Alisson, Giovanni Leoni, Conor Bradley et Wataru Endo, tandis que le PSG devrait se retrouver sans trois joueurs pour le match en milieu de semaine.<\/p>\n<p>L&#39;attaquant Bradley Barcola est de retour \u00e0 l&#39;entra\u00eenement complet suite \u00e0 une blessure \u00e0 la cheville, mais l&#39;entra\u00eeneur-chef Luis Enrique a confirm\u00e9 que le match aller arriverait un peu trop t\u00f4t pour le Fran\u00e7ais.<\/p>\n<p>Le pivot du milieu de terrain Fabian Ruiz est \u00e9galement hors de comp\u00e9tition alors qu&#39;il se remet d&#39;un probl\u00e8me au genou, et l&#39;attaquant adolescent Quentin Ndjantou est \u00e9galement dans la salle de soins.<\/p>\n<p>Cependant, Senny Mayulu &#8211; l&#39;un des buteurs du PSG lors de sa victoire 3-0 en huiti\u00e8mes de finale retour \u00e0 Chelsea &#8211; s&#39;est remis d&#39;une blessure au mollet et devrait \u00eatre impliqu\u00e9.<\/p>\n<p>Liverpool se rend au Parc des Princes en tant qu&#39;opprim\u00e9, mais un ancien gardien des Reds a expliqu\u00e9 comment l&#39;\u00e9quipe de Slot peut prendre le dessus sur les champions d&#39;Europe.<\/p>\n<\/div>\n","protected":false},"excerpt":{"rendered":"<p>Liverpool a confirm\u00e9 une \u00e9quipe itin\u00e9rante de 21 joueurs pour son affrontement de Ligue des champions contre le Paris Saint-Germain mercredi soir, et Alexander Isak<\/p>\n","protected":false},"author":1,"featured_media":36239,"comment_status":"closed","ping_status":"","sticky":false,"template":"","format":"standard","meta":{"footnotes":""},"categories":[5],"tags":[318,1641,31,332,6029,497,12,28,217,42,220,30,53,51,5541,1656,92],"yoast_head":"<!-- This site is optimized with the Yoast SEO plugin v21.0 - https:\/\/yoast.com\/wordpress\/plugins\/seo\/ -->\n<title>Liverpool annonce une \u00e9quipe de 21 joueurs pour le choc de la Ligue des champions du PSG alors que la d\u00e9cision d&#039;Alexander Isak est prise<\/title>\n<meta name=\"robots\" content=\"index, follow, max-snippet:-1, max-image-preview:large, max-video-preview:-1\" \/>\n<link rel=\"canonical\" href=\"https:\/\/footdavant.fr\/actualites\/liverpool-annonce-une-equipe-de-21-joueurs-pour-le-choc-de-la-ligue-des-champions-du-psg-alors-que-la-decision-dalexander-isak-est-prise\/\" \/>\n<meta property=\"og:locale\" content=\"fr_FR\" \/>\n<meta property=\"og:type\" content=\"article\" \/>\n<meta property=\"og:title\" content=\"Liverpool annonce une \u00e9quipe de 21 joueurs pour le choc de la Ligue des champions du PSG alors que la d\u00e9cision d&#039;Alexander Isak est prise\" \/>\n<meta property=\"og:description\" content=\"Liverpool a confirm\u00e9 une \u00e9quipe itin\u00e9rante de 21 joueurs pour son affrontement de Ligue des champions contre le Paris Saint-Germain mercredi soir, et Alexander Isak\" \/>\n<meta property=\"og:url\" content=\"https:\/\/footdavant.fr\/actualites\/liverpool-annonce-une-equipe-de-21-joueurs-pour-le-choc-de-la-ligue-des-champions-du-psg-alors-que-la-decision-dalexander-isak-est-prise\/\" \/>\n<meta property=\"og:site_name\" content=\"Foot d&#039;avant\" \/>\n<meta property=\"article:publisher\" content=\"https:\/\/www.facebook.com\/Footdavant\/\" \/>\n<meta property=\"article:published_time\" content=\"2026-04-08T04:48:31+00:00\" \/>\n<meta property=\"article:modified_time\" content=\"2026-04-08T04:48:33+00:00\" \/>\n<meta property=\"og:image\" content=\"https:\/\/footdavant.fr\/actualites\/wp-content\/uploads\/2026\/04\/Liverpool-annonce-une-equipe-de-21-joueurs-pour-le-choc.net2Fuploads2F20252F112Fimago1068601313.webp\" \/>\n\t<meta property=\"og:image:width\" content=\"720\" \/>\n\t<meta property=\"og:image:height\" content=\"410\" \/>\n\t<meta property=\"og:image:type\" content=\"image\/webp\" \/>\n<meta name=\"author\" content=\"Cl\u00e9ment\" \/>\n<meta name=\"twitter:card\" content=\"summary_large_image\" \/>\n<meta name=\"twitter:creator\" content=\"@FootdavantFr\" \/>\n<meta name=\"twitter:site\" content=\"@FootdavantFr\" \/>\n<meta name=\"twitter:label1\" content=\"\u00c9crit par\" \/>\n\t<meta name=\"twitter:data1\" content=\"Cl\u00e9ment\" \/>\n\t<meta name=\"twitter:label2\" content=\"Dur\u00e9e de lecture estim\u00e9e\" \/>\n\t<meta name=\"twitter:data2\" content=\"3 minutes\" \/>\n<script type=\"application\/ld+json\" class=\"yoast-schema-graph\">{\"@context\":\"https:\/\/schema.org\",\"@graph\":[{\"@type\":\"Article\",\"@id\":\"https:\/\/footdavant.fr\/actualites\/liverpool-annonce-une-equipe-de-21-joueurs-pour-le-choc-de-la-ligue-des-champions-du-psg-alors-que-la-decision-dalexander-isak-est-prise\/#article\",\"isPartOf\":{\"@id\":\"https:\/\/footdavant.fr\/actualites\/liverpool-annonce-une-equipe-de-21-joueurs-pour-le-choc-de-la-ligue-des-champions-du-psg-alors-que-la-decision-dalexander-isak-est-prise\/\"},\"author\":{\"name\":\"Cl\u00e9ment\",\"@id\":\"https:\/\/footdavant.fr\/actualites\/#\/schema\/person\/bc222566d95871b37e597b3ed3ba5e1d\"},\"headline\":\"Liverpool annonce une \u00e9quipe de 21 joueurs pour le choc de la Ligue des champions du PSG alors que la d\u00e9cision d&#39;Alexander Isak est prise\",\"datePublished\":\"2026-04-08T04:48:31+00:00\",\"dateModified\":\"2026-04-08T04:48:33+00:00\",\"mainEntityOfPage\":{\"@id\":\"https:\/\/footdavant.fr\/actualites\/liverpool-annonce-une-equipe-de-21-joueurs-pour-le-choc-de-la-ligue-des-champions-du-psg-alors-que-la-decision-dalexander-isak-est-prise\/\"},\"wordCount\":590,\"publisher\":{\"@id\":\"https:\/\/footdavant.fr\/actualites\/#organization\"},\"keywords\":[\"alors\",\"annonce\",\"champions\",\"choc\",\"d39Alexander\",\"d\u00e9cision\",\"des\",\"\u00c9quipe\",\"est\",\"Isak\",\"joueurs\",\"Ligue\",\"Liverpool\",\"pour\",\"prise\",\"PSG\",\"une\"],\"articleSection\":[\"Premier League\"],\"inLanguage\":\"fr-FR\"},{\"@type\":\"WebPage\",\"@id\":\"https:\/\/footdavant.fr\/actualites\/liverpool-annonce-une-equipe-de-21-joueurs-pour-le-choc-de-la-ligue-des-champions-du-psg-alors-que-la-decision-dalexander-isak-est-prise\/\",\"url\":\"https:\/\/footdavant.fr\/actualites\/liverpool-annonce-une-equipe-de-21-joueurs-pour-le-choc-de-la-ligue-des-champions-du-psg-alors-que-la-decision-dalexander-isak-est-prise\/\",\"name\":\"Liverpool annonce une \u00e9quipe de 21 joueurs pour le choc de la Ligue des champions du PSG alors que la d\u00e9cision d&#39;Alexander Isak est prise\",\"isPartOf\":{\"@id\":\"https:\/\/footdavant.fr\/actualites\/#website\"},\"datePublished\":\"2026-04-08T04:48:31+00:00\",\"dateModified\":\"2026-04-08T04:48:33+00:00\",\"breadcrumb\":{\"@id\":\"https:\/\/footdavant.fr\/actualites\/liverpool-annonce-une-equipe-de-21-joueurs-pour-le-choc-de-la-ligue-des-champions-du-psg-alors-que-la-decision-dalexander-isak-est-prise\/#breadcrumb\"},\"inLanguage\":\"fr-FR\",\"potentialAction\":[{\"@type\":\"ReadAction\",\"target\":[\"https:\/\/footdavant.fr\/actualites\/liverpool-annonce-une-equipe-de-21-joueurs-pour-le-choc-de-la-ligue-des-champions-du-psg-alors-que-la-decision-dalexander-isak-est-prise\/\"]}]},{\"@type\":\"BreadcrumbList\",\"@id\":\"https:\/\/footdavant.fr\/actualites\/liverpool-annonce-une-equipe-de-21-joueurs-pour-le-choc-de-la-ligue-des-champions-du-psg-alors-que-la-decision-dalexander-isak-est-prise\/#breadcrumb\",\"itemListElement\":[{\"@type\":\"ListItem\",\"position\":1,\"name\":\"Accueil\",\"item\":\"https:\/\/footdavant.fr\/actualites\/\"},{\"@type\":\"ListItem\",\"position\":2,\"name\":\"Liverpool annonce une \u00e9quipe de 21 joueurs pour le choc de la Ligue des champions du PSG alors que la d\u00e9cision d&#39;Alexander Isak est prise\"}]},{\"@type\":\"WebSite\",\"@id\":\"https:\/\/footdavant.fr\/actualites\/#website\",\"url\":\"https:\/\/footdavant.fr\/actualites\/\",\"name\":\"Foot d'avant\",\"description\":\"\",\"publisher\":{\"@id\":\"https:\/\/footdavant.fr\/actualites\/#organization\"},\"potentialAction\":[{\"@type\":\"SearchAction\",\"target\":{\"@type\":\"EntryPoint\",\"urlTemplate\":\"https:\/\/footdavant.fr\/actualites\/?s={search_term_string}\"},\"query-input\":\"required name=search_term_string\"}],\"inLanguage\":\"fr-FR\"},{\"@type\":\"Organization\",\"@id\":\"https:\/\/footdavant.fr\/actualites\/#organization\",\"name\":\"Foot d'avant\",\"url\":\"https:\/\/footdavant.fr\/actualites\/\",\"logo\":{\"@type\":\"ImageObject\",\"inLanguage\":\"fr-FR\",\"@id\":\"https:\/\/footdavant.fr\/actualites\/#\/schema\/logo\/image\/\",\"url\":\"https:\/\/footdavant.fr\/actualites\/wp-content\/uploads\/2023\/09\/Copy-of-FootDavant-Logo.png\",\"contentUrl\":\"https:\/\/footdavant.fr\/actualites\/wp-content\/uploads\/2023\/09\/Copy-of-FootDavant-Logo.png\",\"width\":936,\"height\":549,\"caption\":\"Foot d'avant\"},\"image\":{\"@id\":\"https:\/\/footdavant.fr\/actualites\/#\/schema\/logo\/image\/\"},\"sameAs\":[\"https:\/\/www.facebook.com\/Footdavant\/\",\"https:\/\/twitter.com\/FootdavantFr\",\"https:\/\/www.instagram.com\/footdavant.fr\/\"]},{\"@type\":\"Person\",\"@id\":\"https:\/\/footdavant.fr\/actualites\/#\/schema\/person\/bc222566d95871b37e597b3ed3ba5e1d\",\"name\":\"Cl\u00e9ment\",\"image\":{\"@type\":\"ImageObject\",\"inLanguage\":\"fr-FR\",\"@id\":\"https:\/\/footdavant.fr\/actualites\/#\/schema\/person\/image\/\",\"url\":\"https:\/\/secure.gravatar.com\/avatar\/7728b29aac2719421e1a9159b2254c44?s=96&d=mm&r=g\",\"contentUrl\":\"https:\/\/secure.gravatar.com\/avatar\/7728b29aac2719421e1a9159b2254c44?s=96&d=mm&r=g\",\"caption\":\"Cl\u00e9ment\"},\"sameAs\":[\"https:\/\/footdavant.fr\/\"]}]}<\/script>\n<!-- \/ Yoast SEO plugin. -->","yoast_head_json":{"title":"Liverpool annonce une \u00e9quipe de 21 joueurs pour le choc de la Ligue des champions du PSG alors que la d\u00e9cision d&#39;Alexander Isak est prise","robots":{"index":"index","follow":"follow","max-snippet":"max-snippet:-1","max-image-preview":"max-image-preview:large","max-video-preview":"max-video-preview:-1"},"canonical":"https:\/\/footdavant.fr\/actualites\/liverpool-annonce-une-equipe-de-21-joueurs-pour-le-choc-de-la-ligue-des-champions-du-psg-alors-que-la-decision-dalexander-isak-est-prise\/","og_locale":"fr_FR","og_type":"article","og_title":"Liverpool annonce une \u00e9quipe de 21 joueurs pour le choc de la Ligue des champions du PSG alors que la d\u00e9cision d&#39;Alexander Isak est prise","og_description":"Liverpool a confirm\u00e9 une \u00e9quipe itin\u00e9rante de 21 joueurs pour son affrontement de Ligue des champions contre le Paris Saint-Germain mercredi soir, et Alexander Isak","og_url":"https:\/\/footdavant.fr\/actualites\/liverpool-annonce-une-equipe-de-21-joueurs-pour-le-choc-de-la-ligue-des-champions-du-psg-alors-que-la-decision-dalexander-isak-est-prise\/","og_site_name":"Foot d&#039;avant","article_publisher":"https:\/\/www.facebook.com\/Footdavant\/","article_published_time":"2026-04-08T04:48:31+00:00","article_modified_time":"2026-04-08T04:48:33+00:00","og_image":[{"width":720,"height":410,"url":"https:\/\/footdavant.fr\/actualites\/wp-content\/uploads\/2026\/04\/Liverpool-annonce-une-equipe-de-21-joueurs-pour-le-choc.net2Fuploads2F20252F112Fimago1068601313.webp","type":"image\/webp"}],"author":"Cl\u00e9ment","twitter_card":"summary_large_image","twitter_creator":"@FootdavantFr","twitter_site":"@FootdavantFr","twitter_misc":{"\u00c9crit par":"Cl\u00e9ment","Dur\u00e9e de lecture estim\u00e9e":"3 minutes"},"schema":{"@context":"https:\/\/schema.org","@graph":[{"@type":"Article","@id":"https:\/\/footdavant.fr\/actualites\/liverpool-annonce-une-equipe-de-21-joueurs-pour-le-choc-de-la-ligue-des-champions-du-psg-alors-que-la-decision-dalexander-isak-est-prise\/#article","isPartOf":{"@id":"https:\/\/footdavant.fr\/actualites\/liverpool-annonce-une-equipe-de-21-joueurs-pour-le-choc-de-la-ligue-des-champions-du-psg-alors-que-la-decision-dalexander-isak-est-prise\/"},"author":{"name":"Cl\u00e9ment","@id":"https:\/\/footdavant.fr\/actualites\/#\/schema\/person\/bc222566d95871b37e597b3ed3ba5e1d"},"headline":"Liverpool annonce une \u00e9quipe de 21 joueurs pour le choc de la Ligue des champions du PSG alors que la d\u00e9cision d&#39;Alexander Isak est prise","datePublished":"2026-04-08T04:48:31+00:00","dateModified":"2026-04-08T04:48:33+00:00","mainEntityOfPage":{"@id":"https:\/\/footdavant.fr\/actualites\/liverpool-annonce-une-equipe-de-21-joueurs-pour-le-choc-de-la-ligue-des-champions-du-psg-alors-que-la-decision-dalexander-isak-est-prise\/"},"wordCount":590,"publisher":{"@id":"https:\/\/footdavant.fr\/actualites\/#organization"},"keywords":["alors","annonce","champions","choc","d39Alexander","d\u00e9cision","des","\u00c9quipe","est","Isak","joueurs","Ligue","Liverpool","pour","prise","PSG","une"],"articleSection":["Premier League"],"inLanguage":"fr-FR"},{"@type":"WebPage","@id":"https:\/\/footdavant.fr\/actualites\/liverpool-annonce-une-equipe-de-21-joueurs-pour-le-choc-de-la-ligue-des-champions-du-psg-alors-que-la-decision-dalexander-isak-est-prise\/","url":"https:\/\/footdavant.fr\/actualites\/liverpool-annonce-une-equipe-de-21-joueurs-pour-le-choc-de-la-ligue-des-champions-du-psg-alors-que-la-decision-dalexander-isak-est-prise\/","name":"Liverpool annonce une \u00e9quipe de 21 joueurs pour le choc de la Ligue des champions du PSG alors que la d\u00e9cision d&#39;Alexander Isak est prise","isPartOf":{"@id":"https:\/\/footdavant.fr\/actualites\/#website"},"datePublished":"2026-04-08T04:48:31+00:00","dateModified":"2026-04-08T04:48:33+00:00","breadcrumb":{"@id":"https:\/\/footdavant.fr\/actualites\/liverpool-annonce-une-equipe-de-21-joueurs-pour-le-choc-de-la-ligue-des-champions-du-psg-alors-que-la-decision-dalexander-isak-est-prise\/#breadcrumb"},"inLanguage":"fr-FR","potentialAction":[{"@type":"ReadAction","target":["https:\/\/footdavant.fr\/actualites\/liverpool-annonce-une-equipe-de-21-joueurs-pour-le-choc-de-la-ligue-des-champions-du-psg-alors-que-la-decision-dalexander-isak-est-prise\/"]}]},{"@type":"BreadcrumbList","@id":"https:\/\/footdavant.fr\/actualites\/liverpool-annonce-une-equipe-de-21-joueurs-pour-le-choc-de-la-ligue-des-champions-du-psg-alors-que-la-decision-dalexander-isak-est-prise\/#breadcrumb","itemListElement":[{"@type":"ListItem","position":1,"name":"Accueil","item":"https:\/\/footdavant.fr\/actualites\/"},{"@type":"ListItem","position":2,"name":"Liverpool annonce une \u00e9quipe de 21 joueurs pour le choc de la Ligue des champions du PSG alors que la d\u00e9cision d&#39;Alexander Isak est prise"}]},{"@type":"WebSite","@id":"https:\/\/footdavant.fr\/actualites\/#website","url":"https:\/\/footdavant.fr\/actualites\/","name":"Foot d'avant","description":"","publisher":{"@id":"https:\/\/footdavant.fr\/actualites\/#organization"},"potentialAction":[{"@type":"SearchAction","target":{"@type":"EntryPoint","urlTemplate":"https:\/\/footdavant.fr\/actualites\/?s={search_term_string}"},"query-input":"required name=search_term_string"}],"inLanguage":"fr-FR"},{"@type":"Organization","@id":"https:\/\/footdavant.fr\/actualites\/#organization","name":"Foot d'avant","url":"https:\/\/footdavant.fr\/actualites\/","logo":{"@type":"ImageObject","inLanguage":"fr-FR","@id":"https:\/\/footdavant.fr\/actualites\/#\/schema\/logo\/image\/","url":"https:\/\/footdavant.fr\/actualites\/wp-content\/uploads\/2023\/09\/Copy-of-FootDavant-Logo.png","contentUrl":"https:\/\/footdavant.fr\/actualites\/wp-content\/uploads\/2023\/09\/Copy-of-FootDavant-Logo.png","width":936,"height":549,"caption":"Foot d'avant"},"image":{"@id":"https:\/\/footdavant.fr\/actualites\/#\/schema\/logo\/image\/"},"sameAs":["https:\/\/www.facebook.com\/Footdavant\/","https:\/\/twitter.com\/FootdavantFr","https:\/\/www.instagram.com\/footdavant.fr\/"]},{"@type":"Person","@id":"https:\/\/footdavant.fr\/actualites\/#\/schema\/person\/bc222566d95871b37e597b3ed3ba5e1d","name":"Cl\u00e9ment","image":{"@type":"ImageObject","inLanguage":"fr-FR","@id":"https:\/\/footdavant.fr\/actualites\/#\/schema\/person\/image\/","url":"https:\/\/secure.gravatar.com\/avatar\/7728b29aac2719421e1a9159b2254c44?s=96&d=mm&r=g","contentUrl":"https:\/\/secure.gravatar.com\/avatar\/7728b29aac2719421e1a9159b2254c44?s=96&d=mm&r=g","caption":"Cl\u00e9ment"},"sameAs":["https:\/\/footdavant.fr\/"]}]}},"_links":{"self":[{"href":"https:\/\/footdavant.fr\/actualites\/wp-json\/wp\/v2\/posts\/36238"}],"collection":[{"href":"https:\/\/footdavant.fr\/actualites\/wp-json\/wp\/v2\/posts"}],"about":[{"href":"https:\/\/footdavant.fr\/actualites\/wp-json\/wp\/v2\/types\/post"}],"author":[{"embeddable":true,"href":"https:\/\/footdavant.fr\/actualites\/wp-json\/wp\/v2\/users\/1"}],"replies":[{"embeddable":true,"href":"https:\/\/footdavant.fr\/actualites\/wp-json\/wp\/v2\/comments?post=36238"}],"version-history":[{"count":1,"href":"https:\/\/footdavant.fr\/actualites\/wp-json\/wp\/v2\/posts\/36238\/revisions"}],"predecessor-version":[{"id":36240,"href":"https:\/\/footdavant.fr\/actualites\/wp-json\/wp\/v2\/posts\/36238\/revisions\/36240"}],"wp:featuredmedia":[{"embeddable":true,"href":"https:\/\/footdavant.fr\/actualites\/wp-json\/wp\/v2\/media\/36239"}],"wp:attachment":[{"href":"https:\/\/footdavant.fr\/actualites\/wp-json\/wp\/v2\/media?parent=36238"}],"wp:term":[{"taxonomy":"category","embeddable":true,"href":"https:\/\/footdavant.fr\/actualites\/wp-json\/wp\/v2\/categories?post=36238"},{"taxonomy":"post_tag","embeddable":true,"href":"https:\/\/footdavant.fr\/actualites\/wp-json\/wp\/v2\/tags?post=36238"}],"curies":[{"name":"wp","href":"https:\/\/api.w.org\/{rel}","templated":true}]}}