{"id":36241,"date":"2026-04-08T08:48:23","date_gmt":"2026-04-08T06:48:23","guid":{"rendered":"https:\/\/footdavant.fr\/actualites\/wirtz-envoie-un-avertissement-severe-aux-coequipiers-du-lfc-avant-le-choc-contre-le-psg\/"},"modified":"2026-04-08T08:48:25","modified_gmt":"2026-04-08T06:48:25","slug":"wirtz-envoie-un-avertissement-severe-aux-coequipiers-du-lfc-avant-le-choc-contre-le-psg","status":"publish","type":"post","link":"https:\/\/footdavant.fr\/actualites\/wirtz-envoie-un-avertissement-severe-aux-coequipiers-du-lfc-avant-le-choc-contre-le-psg\/","title":{"rendered":"Wirtz envoie un avertissement s\u00e9v\u00e8re aux co\u00e9quipiers du LFC avant le choc contre le PSG"},"content":{"rendered":"<div id=\"article-body\">\n<!-- Article Start --><\/p>\n<p>Florian Wirtz a envoy\u00e9 un s\u00e9v\u00e8re avertissement \u00e0 ses co\u00e9quipiers de Liverpool avant le choc de demain soir avec le PSG.<\/p>\n<p>Les Reds se d\u00e9placent pour affronter les champions d&#39;Europe, bless\u00e9s apr\u00e8s une d\u00e9faite 4-0 contre Manchester City en FA Cup samedi.<\/p>\n<p>Les hommes d&#39;Arne Slot sont conscients qu&#39;une performance similaire les verra une fois de plus punis par l&#39;\u00e9quipe fran\u00e7aise \u2013 et Wirtz a admis que les Merseysiders n&#39;avaient \u00ab\u00a0aucune chance\u00a0\u00bb s&#39;ils ne faisaient pas deux choses en particulier \u00e0 Paris (dans des commentaires relay\u00e9s par James Pearce de The Athletic sur X).<\/p>\n<blockquote class=\"twitter-lazy tweet-txt lazyload\" data-width=\"500\" data-dnt=\"true\">\n<p lang=\"en\" dir=\"ltr\">Wirtz \u00e0 propos de la mentalit\u00e9 : \u00ab\u00a0Nous avons besoin de 90 minutes d&#39;\u00e9nergie et d&#39;engagement total, sinon nous n&#39;aurons aucune chance. Dans les moments difficiles, si nous conc\u00e9dons, nous devons nous serrer les coudes.\u00a0\u00bb<\/p>\n<p>\u2013James Pearce (@JamesPearceLFC) <a rel=\"nofollow\" href=\"https:\/\/twitter.com\/JamesPearceLFC\/status\/2041571589326504186?ref_src=twsrc%5Etfw\">7 avril 2026<\/a><\/p>\n<\/blockquote>\n<p>Le PSG poss\u00e8de autant de qualit\u00e9 sur tout le terrain que Manchester City ce week-end, sinon plus, nous sommes donc partis pour un type de match tr\u00e8s similaire.<\/p>\n<p>Il est tr\u00e8s clair que Liverpool doit s&#39;am\u00e9liorer dans tous les aspects de ses performances.<\/p>\n<p>Les joueurs ont besoin de qualit\u00e9 avec le ballon, de beaucoup plus de mouvement et d&#39;avoir la faim et l&#39;intensit\u00e9 dont nous avons si souvent \u00e9t\u00e9 t\u00e9moins la saison derni\u00e8re lorsque nous avons \u00e9t\u00e9 sacr\u00e9s champions de Premier League.<\/p>\n<h2>Il est temps pour Wirtz d\u2019agir<\/h2>\n<figure class=\"wp-caption alignnone\"><picture><source type=\"image\/webp\" data- data-><\/source><\/picture><\/figure>\n<p>Ce n&#39;est pas la faute de l&#39;international allemand s&#39;il a \u00e9t\u00e9 sign\u00e9 pour plus de 100 millions de livres sterling \u2013 mais le prix \u00e9lev\u00e9 s&#39;accompagne d&#39;attentes accrues.<\/p>\n<p>Il a montr\u00e9 jusqu&#39;\u00e0 pr\u00e9sent un aper\u00e7u de ce qu&#39;il est vraiment, mais il y a aussi eu des matchs o\u00f9 il a \u00e9t\u00e9 inexistant.<\/p>\n<p>La grande sc\u00e8ne est celle o\u00f9 notre num\u00e9ro 7 peut vraiment briller et il n&#39;y a pas de meilleur moment pour s&#39;annoncer que les quarts de finale de la Ligue des Champions lorsque votre \u00e9quipe traverse une p\u00e9riode difficile.<\/p>\n<p>La qualit\u00e9 qu&#39;il poss\u00e8de est ind\u00e9niable, mais nous n&#39;avons pas encore compris pourquoi Richard Hughes and Co. \u00e9tait pr\u00eat \u00e0 se ruiner pour ses services cet \u00e9t\u00e9.<\/p>\n<p>Jusqu&#39;\u00e0 pr\u00e9sent cette saison, l&#39;ancien joueur du Bayer Leverkusen compte six buts et neuf passes d\u00e9cisives (toutes comp\u00e9titions confondues), mais il aura h\u00e2te d&#39;augmenter ces chiffres contre l&#39;\u00e9quipe fran\u00e7aise demain.<\/p>\n<p><!-- Article End -->\t\t\t\t<\/div>\n<p><script async src=\"https:\/\/platform.twitter.com\/widgets.js\" charset=\"utf-8\"><\/script><\/p>\n","protected":false},"excerpt":{"rendered":"<p>Florian Wirtz a envoy\u00e9 un s\u00e9v\u00e8re avertissement \u00e0 ses co\u00e9quipiers de Liverpool avant le choc de demain soir avec le PSG. Les Reds se d\u00e9placent<\/p>\n","protected":false},"author":1,"featured_media":36242,"comment_status":"closed","ping_status":"","sticky":false,"template":"","format":"standard","meta":{"footnotes":""},"categories":[3],"tags":[305,491,3258,332,2681,20,677,204,1656,6616,719],"yoast_head":"<!-- This site is optimized with the Yoast SEO plugin v21.0 - https:\/\/yoast.com\/wordpress\/plugins\/seo\/ -->\n<title>Wirtz envoie un avertissement s\u00e9v\u00e8re aux co\u00e9quipiers du LFC avant le choc contre le PSG<\/title>\n<meta name=\"robots\" content=\"index, follow, max-snippet:-1, max-image-preview:large, max-video-preview:-1\" \/>\n<link rel=\"canonical\" href=\"https:\/\/footdavant.fr\/actualites\/wirtz-envoie-un-avertissement-severe-aux-coequipiers-du-lfc-avant-le-choc-contre-le-psg\/\" \/>\n<meta property=\"og:locale\" content=\"fr_FR\" \/>\n<meta property=\"og:type\" content=\"article\" \/>\n<meta property=\"og:title\" content=\"Wirtz envoie un avertissement s\u00e9v\u00e8re aux co\u00e9quipiers du LFC avant le choc contre le PSG\" \/>\n<meta property=\"og:description\" content=\"Florian Wirtz a envoy\u00e9 un s\u00e9v\u00e8re avertissement \u00e0 ses co\u00e9quipiers de Liverpool avant le choc de demain soir avec le PSG. Les Reds se d\u00e9placent\" \/>\n<meta property=\"og:url\" content=\"https:\/\/footdavant.fr\/actualites\/wirtz-envoie-un-avertissement-severe-aux-coequipiers-du-lfc-avant-le-choc-contre-le-psg\/\" \/>\n<meta property=\"og:site_name\" content=\"Foot d&#039;avant\" \/>\n<meta property=\"article:publisher\" content=\"https:\/\/www.facebook.com\/Footdavant\/\" \/>\n<meta property=\"article:published_time\" content=\"2026-04-08T06:48:23+00:00\" \/>\n<meta property=\"article:modified_time\" content=\"2026-04-08T06:48:25+00:00\" \/>\n<meta property=\"og:image\" content=\"https:\/\/footdavant.fr\/actualites\/wp-content\/uploads\/2026\/04\/1775630904_Wirtz-envoie-un-avertissement-severe-aux-coequipiers-du-LFC-avant.jpg\" \/>\n\t<meta property=\"og:image:width\" content=\"1120\" \/>\n\t<meta property=\"og:image:height\" content=\"634\" \/>\n\t<meta property=\"og:image:type\" content=\"image\/jpeg\" \/>\n<meta name=\"author\" content=\"Cl\u00e9ment\" \/>\n<meta name=\"twitter:card\" content=\"summary_large_image\" \/>\n<meta name=\"twitter:creator\" content=\"@FootdavantFr\" \/>\n<meta name=\"twitter:site\" content=\"@FootdavantFr\" \/>\n<meta name=\"twitter:label1\" content=\"\u00c9crit par\" \/>\n\t<meta name=\"twitter:data1\" content=\"Cl\u00e9ment\" \/>\n\t<meta name=\"twitter:label2\" content=\"Dur\u00e9e de lecture estim\u00e9e\" \/>\n\t<meta name=\"twitter:data2\" content=\"2 minutes\" \/>\n<script type=\"application\/ld+json\" class=\"yoast-schema-graph\">{\"@context\":\"https:\/\/schema.org\",\"@graph\":[{\"@type\":\"Article\",\"@id\":\"https:\/\/footdavant.fr\/actualites\/wirtz-envoie-un-avertissement-severe-aux-coequipiers-du-lfc-avant-le-choc-contre-le-psg\/#article\",\"isPartOf\":{\"@id\":\"https:\/\/footdavant.fr\/actualites\/wirtz-envoie-un-avertissement-severe-aux-coequipiers-du-lfc-avant-le-choc-contre-le-psg\/\"},\"author\":{\"name\":\"Cl\u00e9ment\",\"@id\":\"https:\/\/footdavant.fr\/actualites\/#\/schema\/person\/bc222566d95871b37e597b3ed3ba5e1d\"},\"headline\":\"Wirtz envoie un avertissement s\u00e9v\u00e8re aux co\u00e9quipiers du LFC avant le choc contre le PSG\",\"datePublished\":\"2026-04-08T06:48:23+00:00\",\"dateModified\":\"2026-04-08T06:48:25+00:00\",\"mainEntityOfPage\":{\"@id\":\"https:\/\/footdavant.fr\/actualites\/wirtz-envoie-un-avertissement-severe-aux-coequipiers-du-lfc-avant-le-choc-contre-le-psg\/\"},\"wordCount\":434,\"publisher\":{\"@id\":\"https:\/\/footdavant.fr\/actualites\/#organization\"},\"keywords\":[\"aux\",\"avant\",\"avertissement\",\"choc\",\"co\u00e9quipiers\",\"contre\",\"envoie\",\"LFC\",\"PSG\",\"s\u00e9v\u00e8re\",\"Wirtz\"],\"articleSection\":[\"Football\"],\"inLanguage\":\"fr-FR\"},{\"@type\":\"WebPage\",\"@id\":\"https:\/\/footdavant.fr\/actualites\/wirtz-envoie-un-avertissement-severe-aux-coequipiers-du-lfc-avant-le-choc-contre-le-psg\/\",\"url\":\"https:\/\/footdavant.fr\/actualites\/wirtz-envoie-un-avertissement-severe-aux-coequipiers-du-lfc-avant-le-choc-contre-le-psg\/\",\"name\":\"Wirtz envoie un avertissement s\u00e9v\u00e8re aux co\u00e9quipiers du LFC avant le choc contre le PSG\",\"isPartOf\":{\"@id\":\"https:\/\/footdavant.fr\/actualites\/#website\"},\"datePublished\":\"2026-04-08T06:48:23+00:00\",\"dateModified\":\"2026-04-08T06:48:25+00:00\",\"breadcrumb\":{\"@id\":\"https:\/\/footdavant.fr\/actualites\/wirtz-envoie-un-avertissement-severe-aux-coequipiers-du-lfc-avant-le-choc-contre-le-psg\/#breadcrumb\"},\"inLanguage\":\"fr-FR\",\"potentialAction\":[{\"@type\":\"ReadAction\",\"target\":[\"https:\/\/footdavant.fr\/actualites\/wirtz-envoie-un-avertissement-severe-aux-coequipiers-du-lfc-avant-le-choc-contre-le-psg\/\"]}]},{\"@type\":\"BreadcrumbList\",\"@id\":\"https:\/\/footdavant.fr\/actualites\/wirtz-envoie-un-avertissement-severe-aux-coequipiers-du-lfc-avant-le-choc-contre-le-psg\/#breadcrumb\",\"itemListElement\":[{\"@type\":\"ListItem\",\"position\":1,\"name\":\"Accueil\",\"item\":\"https:\/\/footdavant.fr\/actualites\/\"},{\"@type\":\"ListItem\",\"position\":2,\"name\":\"Wirtz envoie un avertissement s\u00e9v\u00e8re aux co\u00e9quipiers du LFC avant le choc contre le PSG\"}]},{\"@type\":\"WebSite\",\"@id\":\"https:\/\/footdavant.fr\/actualites\/#website\",\"url\":\"https:\/\/footdavant.fr\/actualites\/\",\"name\":\"Foot d'avant\",\"description\":\"\",\"publisher\":{\"@id\":\"https:\/\/footdavant.fr\/actualites\/#organization\"},\"potentialAction\":[{\"@type\":\"SearchAction\",\"target\":{\"@type\":\"EntryPoint\",\"urlTemplate\":\"https:\/\/footdavant.fr\/actualites\/?s={search_term_string}\"},\"query-input\":\"required name=search_term_string\"}],\"inLanguage\":\"fr-FR\"},{\"@type\":\"Organization\",\"@id\":\"https:\/\/footdavant.fr\/actualites\/#organization\",\"name\":\"Foot d'avant\",\"url\":\"https:\/\/footdavant.fr\/actualites\/\",\"logo\":{\"@type\":\"ImageObject\",\"inLanguage\":\"fr-FR\",\"@id\":\"https:\/\/footdavant.fr\/actualites\/#\/schema\/logo\/image\/\",\"url\":\"https:\/\/footdavant.fr\/actualites\/wp-content\/uploads\/2023\/09\/Copy-of-FootDavant-Logo.png\",\"contentUrl\":\"https:\/\/footdavant.fr\/actualites\/wp-content\/uploads\/2023\/09\/Copy-of-FootDavant-Logo.png\",\"width\":936,\"height\":549,\"caption\":\"Foot d'avant\"},\"image\":{\"@id\":\"https:\/\/footdavant.fr\/actualites\/#\/schema\/logo\/image\/\"},\"sameAs\":[\"https:\/\/www.facebook.com\/Footdavant\/\",\"https:\/\/twitter.com\/FootdavantFr\",\"https:\/\/www.instagram.com\/footdavant.fr\/\"]},{\"@type\":\"Person\",\"@id\":\"https:\/\/footdavant.fr\/actualites\/#\/schema\/person\/bc222566d95871b37e597b3ed3ba5e1d\",\"name\":\"Cl\u00e9ment\",\"image\":{\"@type\":\"ImageObject\",\"inLanguage\":\"fr-FR\",\"@id\":\"https:\/\/footdavant.fr\/actualites\/#\/schema\/person\/image\/\",\"url\":\"https:\/\/secure.gravatar.com\/avatar\/7728b29aac2719421e1a9159b2254c44?s=96&d=mm&r=g\",\"contentUrl\":\"https:\/\/secure.gravatar.com\/avatar\/7728b29aac2719421e1a9159b2254c44?s=96&d=mm&r=g\",\"caption\":\"Cl\u00e9ment\"},\"sameAs\":[\"https:\/\/footdavant.fr\/\"]}]}<\/script>\n<!-- \/ Yoast SEO plugin. -->","yoast_head_json":{"title":"Wirtz envoie un avertissement s\u00e9v\u00e8re aux co\u00e9quipiers du LFC avant le choc contre le PSG","robots":{"index":"index","follow":"follow","max-snippet":"max-snippet:-1","max-image-preview":"max-image-preview:large","max-video-preview":"max-video-preview:-1"},"canonical":"https:\/\/footdavant.fr\/actualites\/wirtz-envoie-un-avertissement-severe-aux-coequipiers-du-lfc-avant-le-choc-contre-le-psg\/","og_locale":"fr_FR","og_type":"article","og_title":"Wirtz envoie un avertissement s\u00e9v\u00e8re aux co\u00e9quipiers du LFC avant le choc contre le PSG","og_description":"Florian Wirtz a envoy\u00e9 un s\u00e9v\u00e8re avertissement \u00e0 ses co\u00e9quipiers de Liverpool avant le choc de demain soir avec le PSG. Les Reds se d\u00e9placent","og_url":"https:\/\/footdavant.fr\/actualites\/wirtz-envoie-un-avertissement-severe-aux-coequipiers-du-lfc-avant-le-choc-contre-le-psg\/","og_site_name":"Foot d&#039;avant","article_publisher":"https:\/\/www.facebook.com\/Footdavant\/","article_published_time":"2026-04-08T06:48:23+00:00","article_modified_time":"2026-04-08T06:48:25+00:00","og_image":[{"width":1120,"height":634,"url":"https:\/\/footdavant.fr\/actualites\/wp-content\/uploads\/2026\/04\/1775630904_Wirtz-envoie-un-avertissement-severe-aux-coequipiers-du-LFC-avant.jpg","type":"image\/jpeg"}],"author":"Cl\u00e9ment","twitter_card":"summary_large_image","twitter_creator":"@FootdavantFr","twitter_site":"@FootdavantFr","twitter_misc":{"\u00c9crit par":"Cl\u00e9ment","Dur\u00e9e de lecture estim\u00e9e":"2 minutes"},"schema":{"@context":"https:\/\/schema.org","@graph":[{"@type":"Article","@id":"https:\/\/footdavant.fr\/actualites\/wirtz-envoie-un-avertissement-severe-aux-coequipiers-du-lfc-avant-le-choc-contre-le-psg\/#article","isPartOf":{"@id":"https:\/\/footdavant.fr\/actualites\/wirtz-envoie-un-avertissement-severe-aux-coequipiers-du-lfc-avant-le-choc-contre-le-psg\/"},"author":{"name":"Cl\u00e9ment","@id":"https:\/\/footdavant.fr\/actualites\/#\/schema\/person\/bc222566d95871b37e597b3ed3ba5e1d"},"headline":"Wirtz envoie un avertissement s\u00e9v\u00e8re aux co\u00e9quipiers du LFC avant le choc contre le PSG","datePublished":"2026-04-08T06:48:23+00:00","dateModified":"2026-04-08T06:48:25+00:00","mainEntityOfPage":{"@id":"https:\/\/footdavant.fr\/actualites\/wirtz-envoie-un-avertissement-severe-aux-coequipiers-du-lfc-avant-le-choc-contre-le-psg\/"},"wordCount":434,"publisher":{"@id":"https:\/\/footdavant.fr\/actualites\/#organization"},"keywords":["aux","avant","avertissement","choc","co\u00e9quipiers","contre","envoie","LFC","PSG","s\u00e9v\u00e8re","Wirtz"],"articleSection":["Football"],"inLanguage":"fr-FR"},{"@type":"WebPage","@id":"https:\/\/footdavant.fr\/actualites\/wirtz-envoie-un-avertissement-severe-aux-coequipiers-du-lfc-avant-le-choc-contre-le-psg\/","url":"https:\/\/footdavant.fr\/actualites\/wirtz-envoie-un-avertissement-severe-aux-coequipiers-du-lfc-avant-le-choc-contre-le-psg\/","name":"Wirtz envoie un avertissement s\u00e9v\u00e8re aux co\u00e9quipiers du LFC avant le choc contre le PSG","isPartOf":{"@id":"https:\/\/footdavant.fr\/actualites\/#website"},"datePublished":"2026-04-08T06:48:23+00:00","dateModified":"2026-04-08T06:48:25+00:00","breadcrumb":{"@id":"https:\/\/footdavant.fr\/actualites\/wirtz-envoie-un-avertissement-severe-aux-coequipiers-du-lfc-avant-le-choc-contre-le-psg\/#breadcrumb"},"inLanguage":"fr-FR","potentialAction":[{"@type":"ReadAction","target":["https:\/\/footdavant.fr\/actualites\/wirtz-envoie-un-avertissement-severe-aux-coequipiers-du-lfc-avant-le-choc-contre-le-psg\/"]}]},{"@type":"BreadcrumbList","@id":"https:\/\/footdavant.fr\/actualites\/wirtz-envoie-un-avertissement-severe-aux-coequipiers-du-lfc-avant-le-choc-contre-le-psg\/#breadcrumb","itemListElement":[{"@type":"ListItem","position":1,"name":"Accueil","item":"https:\/\/footdavant.fr\/actualites\/"},{"@type":"ListItem","position":2,"name":"Wirtz envoie un avertissement s\u00e9v\u00e8re aux co\u00e9quipiers du LFC avant le choc contre le PSG"}]},{"@type":"WebSite","@id":"https:\/\/footdavant.fr\/actualites\/#website","url":"https:\/\/footdavant.fr\/actualites\/","name":"Foot d'avant","description":"","publisher":{"@id":"https:\/\/footdavant.fr\/actualites\/#organization"},"potentialAction":[{"@type":"SearchAction","target":{"@type":"EntryPoint","urlTemplate":"https:\/\/footdavant.fr\/actualites\/?s={search_term_string}"},"query-input":"required name=search_term_string"}],"inLanguage":"fr-FR"},{"@type":"Organization","@id":"https:\/\/footdavant.fr\/actualites\/#organization","name":"Foot d'avant","url":"https:\/\/footdavant.fr\/actualites\/","logo":{"@type":"ImageObject","inLanguage":"fr-FR","@id":"https:\/\/footdavant.fr\/actualites\/#\/schema\/logo\/image\/","url":"https:\/\/footdavant.fr\/actualites\/wp-content\/uploads\/2023\/09\/Copy-of-FootDavant-Logo.png","contentUrl":"https:\/\/footdavant.fr\/actualites\/wp-content\/uploads\/2023\/09\/Copy-of-FootDavant-Logo.png","width":936,"height":549,"caption":"Foot d'avant"},"image":{"@id":"https:\/\/footdavant.fr\/actualites\/#\/schema\/logo\/image\/"},"sameAs":["https:\/\/www.facebook.com\/Footdavant\/","https:\/\/twitter.com\/FootdavantFr","https:\/\/www.instagram.com\/footdavant.fr\/"]},{"@type":"Person","@id":"https:\/\/footdavant.fr\/actualites\/#\/schema\/person\/bc222566d95871b37e597b3ed3ba5e1d","name":"Cl\u00e9ment","image":{"@type":"ImageObject","inLanguage":"fr-FR","@id":"https:\/\/footdavant.fr\/actualites\/#\/schema\/person\/image\/","url":"https:\/\/secure.gravatar.com\/avatar\/7728b29aac2719421e1a9159b2254c44?s=96&d=mm&r=g","contentUrl":"https:\/\/secure.gravatar.com\/avatar\/7728b29aac2719421e1a9159b2254c44?s=96&d=mm&r=g","caption":"Cl\u00e9ment"},"sameAs":["https:\/\/footdavant.fr\/"]}]}},"_links":{"self":[{"href":"https:\/\/footdavant.fr\/actualites\/wp-json\/wp\/v2\/posts\/36241"}],"collection":[{"href":"https:\/\/footdavant.fr\/actualites\/wp-json\/wp\/v2\/posts"}],"about":[{"href":"https:\/\/footdavant.fr\/actualites\/wp-json\/wp\/v2\/types\/post"}],"author":[{"embeddable":true,"href":"https:\/\/footdavant.fr\/actualites\/wp-json\/wp\/v2\/users\/1"}],"replies":[{"embeddable":true,"href":"https:\/\/footdavant.fr\/actualites\/wp-json\/wp\/v2\/comments?post=36241"}],"version-history":[{"count":1,"href":"https:\/\/footdavant.fr\/actualites\/wp-json\/wp\/v2\/posts\/36241\/revisions"}],"predecessor-version":[{"id":36243,"href":"https:\/\/footdavant.fr\/actualites\/wp-json\/wp\/v2\/posts\/36241\/revisions\/36243"}],"wp:featuredmedia":[{"embeddable":true,"href":"https:\/\/footdavant.fr\/actualites\/wp-json\/wp\/v2\/media\/36242"}],"wp:attachment":[{"href":"https:\/\/footdavant.fr\/actualites\/wp-json\/wp\/v2\/media?parent=36241"}],"wp:term":[{"taxonomy":"category","embeddable":true,"href":"https:\/\/footdavant.fr\/actualites\/wp-json\/wp\/v2\/categories?post=36241"},{"taxonomy":"post_tag","embeddable":true,"href":"https:\/\/footdavant.fr\/actualites\/wp-json\/wp\/v2\/tags?post=36241"}],"curies":[{"name":"wp","href":"https:\/\/api.w.org\/{rel}","templated":true}]}}