{"id":36247,"date":"2026-04-08T12:48:13","date_gmt":"2026-04-08T10:48:13","guid":{"rendered":"https:\/\/footdavant.fr\/actualites\/kane-exhorte-le-bayern-a-faire-de-meme-la-semaine-prochaine-alors-quarbeloa-dit-que-neuer-etait-mvp\/"},"modified":"2026-04-08T12:48:15","modified_gmt":"2026-04-08T10:48:15","slug":"kane-exhorte-le-bayern-a-faire-de-meme-la-semaine-prochaine-alors-quarbeloa-dit-que-neuer-etait-mvp","status":"publish","type":"post","link":"https:\/\/footdavant.fr\/actualites\/kane-exhorte-le-bayern-a-faire-de-meme-la-semaine-prochaine-alors-quarbeloa-dit-que-neuer-etait-mvp\/","title":{"rendered":"Kane exhorte le Bayern \u00e0 \u00ab\u00a0faire de m\u00eame la semaine prochaine\u00a0\u00bb alors qu&#39;Arbeloa dit que Neuer \u00e9tait \u00ab\u00a0MVP\u00a0\u00bb"},"content":{"rendered":"<div>\n<p>Harry Kane a exhort\u00e9 le Bayern Munich \u00e0 r\u00e9p\u00e9ter la m\u00eame performance lors du match retour des quarts de finale de la Ligue des champions la semaine prochaine apr\u00e8s avoir battu le Real Madrid 2-1 au Bernabeu.<\/p>\n<p>Le Bayern prend une l\u00e9g\u00e8re avance \u00e0 l&#39;Allianz Arena apr\u00e8s avoir battu un quart de finale aller palpitant qui a vu Kane marquer le but d\u00e9cisif. <\/p>\n<p>L&#39;attaquant anglais a doubl\u00e9 son avance 20 secondes apr\u00e8s le d\u00e9but de la seconde p\u00e9riode apr\u00e8s le premier match de Luis Diaz et a domin\u00e9 pendant une grande partie du match, mais le Real Madrid s&#39;est ressaisi et a marqu\u00e9 un but gr\u00e2ce \u00e0 Kylian Mbappe pour maintenir l&#39;\u00e9galit\u00e9 en vie.<\/p>\n<p>Et m\u00eame si les visiteurs ont \u00e9t\u00e9 les meilleurs pendant une grande partie du match, Manuel Neuer a d\u00fb apporter une \u00e9norme contribution au match, r\u00e9alisant neuf arr\u00eats devant les h\u00f4tes \u00e0 plusieurs reprises.<\/p>\n<figure class=\"wp-block-embed is-type-rich is-provider-twitter wp-block-embed-twitter\">\n<div class=\"wp-block-embed__wrapper\">\n<blockquote class=\"twitter-tweet\" data-width=\"500\" data-dnt=\"true\">\n<p lang=\"en\" dir=\"ltr\">Harry Kane marque moins de 20 secondes apr\u00e8s le d\u00e9but de la seconde p\u00e9riode et le Bayern double son avance \ud83e\udd2f<\/p>\n<p>\ud83d\udcfa Diffusez avec TNT Sports sur HBO Max <a rel=\"nofollow\" href=\"https:\/\/t.co\/wZNhzPcZau\" rel=\"nofollow\">pic.twitter.com\/wZNhzPcZau<\/a><\/p>\n<p>\u2013 Football sur TNT Sports (@footballontnt) <a rel=\"nofollow\" href=\"https:\/\/twitter.com\/footballontnt\/status\/2041608776399122863?ref_src=twsrc%5Etfw\" rel=\"nofollow noopener\">7 avril 2026<\/a><\/p><\/blockquote>\n<\/div>\n<\/figure>\n<p>Kane a d\u00e9clar\u00e9 \u00e0 TNT Sports : \u00ab Tout le battage m\u00e9diatique autour de \u00e7a, venir \u00e0 Madrid et essayer d&#39;obtenir un r\u00e9sultat, c&#39;est toujours une chose difficile \u00e0 faire. <\/p>\n<p>\u00ab\u00a0Nous avons eu de bonnes occasions, c&#39;est \u00e0 eux aussi. Nous pouvons \u00eatre tr\u00e8s heureux de cette victoire et la remporter la semaine prochaine.<\/p>\n<figure class=\"wp-block-image size-large\"><picture decoding=\"async\" class=\"wp-image-181744\"><source type=\"image\/webp\"  \/><\/picture>\n<\/figure>\n<p>\u00ab\u00a0Nous avons v\u00e9cu de tr\u00e8s bons moments ensemble. Nous sommes maintenant dans les affaires de fin de saison. Plus vous jouez et vous entra\u00eenez ensemble, les sentiments deviennent encore plus forts. <\/p>\n<p>\u00ab Nous nous sentons toujours dangereux, nous avons toujours l\u2019impression que nous pouvons marquer des buts \u00e0 coup s\u00fbr.<\/p>\n<p>\u00ab\u00a0Nous sommes en bonne position, nous devons rester concentr\u00e9s. Il ne reste plus qu&#39;\u00e0 r\u00e9cup\u00e9rer et la semaine prochaine, il sera temps d&#39;essayer de faire de m\u00eame.\u00a0\u00bb<\/p>\n<h2 class=\"wp-block-heading\">Arbeloa : Neuer \u00e9tait MVP<\/h2>\n<p>L&#39;int\u00e9rimaire du Real Madrid, Alvaro Arbeloa, a soulign\u00e9 la prestation charg\u00e9e de Neuer \u2013 qui lui a valu le titre de joueur du match \u2013 pour sugg\u00e9rer que son \u00e9quipe a mieux jou\u00e9 ce soir-l\u00e0 et a insist\u00e9 sur le fait que le match nul \u00e9tait encore \u00e0 jouer.<\/p>\n<figure class=\"wp-block-embed is-type-rich is-provider-twitter wp-block-embed-twitter\"\/>\n<p>Il a d\u00e9clar\u00e9 \u00e0 TNT Sports : \u00ab Je pense [Manuel] Neuer \u00e9tait MVP. <\/p>\n<p>\u00ab\u00a0Nous avons eu tellement d&#39;occasions de marquer plus de buts, mais nous ne l&#39;avons pas fait. Mais nous sommes toujours en vie et nous esp\u00e9rons pouvoir gagner en Allemagne.<\/p>\n<p>\u00ab\u00a0Nous perdons deux ballons et ils marquent deux buts donc nous ne pouvons pas perdre ce type de ballons parce que leurs joueurs sont si rapides et si rapides et ont tellement de qualit\u00e9.\u00a0\u00bb<\/p>\n<\/p><\/div>\n<p><script async src=\"https:\/\/platform.twitter.com\/widgets.js\" charset=\"utf-8\"><\/script><\/p>\n","protected":false},"excerpt":{"rendered":"<p>Harry Kane a exhort\u00e9 le Bayern Munich \u00e0 r\u00e9p\u00e9ter la m\u00eame performance lors du match retour des quarts de finale de la Ligue des champions<\/p>\n","protected":false},"author":1,"featured_media":36248,"comment_status":"closed","ping_status":"","sticky":false,"template":"","format":"standard","meta":{"footnotes":""},"categories":[3],"tags":[318,340,125,1502,136,1423,862,1816,3420,6734,1202,11809,29],"yoast_head":"<!-- This site is optimized with the Yoast SEO plugin v21.0 - https:\/\/yoast.com\/wordpress\/plugins\/seo\/ -->\n<title>Kane exhorte le Bayern \u00e0 &quot;faire de m\u00eame la semaine prochaine&quot; alors qu&#039;Arbeloa dit que Neuer \u00e9tait &quot;MVP&quot;<\/title>\n<meta name=\"robots\" content=\"index, follow, max-snippet:-1, max-image-preview:large, max-video-preview:-1\" \/>\n<link rel=\"canonical\" href=\"https:\/\/footdavant.fr\/actualites\/kane-exhorte-le-bayern-a-faire-de-meme-la-semaine-prochaine-alors-quarbeloa-dit-que-neuer-etait-mvp\/\" \/>\n<meta property=\"og:locale\" content=\"fr_FR\" \/>\n<meta property=\"og:type\" content=\"article\" \/>\n<meta property=\"og:title\" content=\"Kane exhorte le Bayern \u00e0 &quot;faire de m\u00eame la semaine prochaine&quot; alors qu&#039;Arbeloa dit que Neuer \u00e9tait &quot;MVP&quot;\" \/>\n<meta property=\"og:description\" content=\"Harry Kane a exhort\u00e9 le Bayern Munich \u00e0 r\u00e9p\u00e9ter la m\u00eame performance lors du match retour des quarts de finale de la Ligue des champions\" \/>\n<meta property=\"og:url\" content=\"https:\/\/footdavant.fr\/actualites\/kane-exhorte-le-bayern-a-faire-de-meme-la-semaine-prochaine-alors-quarbeloa-dit-que-neuer-etait-mvp\/\" \/>\n<meta property=\"og:site_name\" content=\"Foot d&#039;avant\" \/>\n<meta property=\"article:publisher\" content=\"https:\/\/www.facebook.com\/Footdavant\/\" \/>\n<meta property=\"article:published_time\" content=\"2026-04-08T10:48:13+00:00\" \/>\n<meta property=\"article:modified_time\" content=\"2026-04-08T10:48:15+00:00\" \/>\n<meta property=\"og:image\" content=\"https:\/\/footdavant.fr\/actualites\/wp-content\/uploads\/2026\/04\/1775645294_Kane-exhorte-le-Bayern-a-faire-de-meme-la-semaine.jpg\" \/>\n\t<meta property=\"og:image:width\" content=\"1200\" \/>\n\t<meta property=\"og:image:height\" content=\"800\" \/>\n\t<meta property=\"og:image:type\" content=\"image\/jpeg\" \/>\n<meta name=\"author\" content=\"Cl\u00e9ment\" \/>\n<meta name=\"twitter:card\" content=\"summary_large_image\" \/>\n<meta name=\"twitter:creator\" content=\"@FootdavantFr\" \/>\n<meta name=\"twitter:site\" content=\"@FootdavantFr\" \/>\n<meta name=\"twitter:label1\" content=\"\u00c9crit par\" \/>\n\t<meta name=\"twitter:data1\" content=\"Cl\u00e9ment\" \/>\n\t<meta name=\"twitter:label2\" content=\"Dur\u00e9e de lecture estim\u00e9e\" \/>\n\t<meta name=\"twitter:data2\" content=\"2 minutes\" \/>\n<script type=\"application\/ld+json\" class=\"yoast-schema-graph\">{\"@context\":\"https:\/\/schema.org\",\"@graph\":[{\"@type\":\"Article\",\"@id\":\"https:\/\/footdavant.fr\/actualites\/kane-exhorte-le-bayern-a-faire-de-meme-la-semaine-prochaine-alors-quarbeloa-dit-que-neuer-etait-mvp\/#article\",\"isPartOf\":{\"@id\":\"https:\/\/footdavant.fr\/actualites\/kane-exhorte-le-bayern-a-faire-de-meme-la-semaine-prochaine-alors-quarbeloa-dit-que-neuer-etait-mvp\/\"},\"author\":{\"name\":\"Cl\u00e9ment\",\"@id\":\"https:\/\/footdavant.fr\/actualites\/#\/schema\/person\/bc222566d95871b37e597b3ed3ba5e1d\"},\"headline\":\"Kane exhorte le Bayern \u00e0 \u00ab\u00a0faire de m\u00eame la semaine prochaine\u00a0\u00bb alors qu&#39;Arbeloa dit que Neuer \u00e9tait \u00ab\u00a0MVP\u00a0\u00bb\",\"datePublished\":\"2026-04-08T10:48:13+00:00\",\"dateModified\":\"2026-04-08T10:48:15+00:00\",\"mainEntityOfPage\":{\"@id\":\"https:\/\/footdavant.fr\/actualites\/kane-exhorte-le-bayern-a-faire-de-meme-la-semaine-prochaine-alors-quarbeloa-dit-que-neuer-etait-mvp\/\"},\"wordCount\":494,\"publisher\":{\"@id\":\"https:\/\/footdavant.fr\/actualites\/#organization\"},\"keywords\":[\"alors\",\"Bayern\",\"dit\",\"\u00e9tait\",\"exhorte\",\"faire\",\"Kane\",\"m\u00eame\",\"MVP\",\"Neuer\",\"prochaine\",\"qu39Arbeloa\",\"semaine\"],\"articleSection\":[\"Football\"],\"inLanguage\":\"fr-FR\"},{\"@type\":\"WebPage\",\"@id\":\"https:\/\/footdavant.fr\/actualites\/kane-exhorte-le-bayern-a-faire-de-meme-la-semaine-prochaine-alors-quarbeloa-dit-que-neuer-etait-mvp\/\",\"url\":\"https:\/\/footdavant.fr\/actualites\/kane-exhorte-le-bayern-a-faire-de-meme-la-semaine-prochaine-alors-quarbeloa-dit-que-neuer-etait-mvp\/\",\"name\":\"Kane exhorte le Bayern \u00e0 \\\"faire de m\u00eame la semaine prochaine\\\" alors qu&#39;Arbeloa dit que Neuer \u00e9tait \\\"MVP\\\"\",\"isPartOf\":{\"@id\":\"https:\/\/footdavant.fr\/actualites\/#website\"},\"datePublished\":\"2026-04-08T10:48:13+00:00\",\"dateModified\":\"2026-04-08T10:48:15+00:00\",\"breadcrumb\":{\"@id\":\"https:\/\/footdavant.fr\/actualites\/kane-exhorte-le-bayern-a-faire-de-meme-la-semaine-prochaine-alors-quarbeloa-dit-que-neuer-etait-mvp\/#breadcrumb\"},\"inLanguage\":\"fr-FR\",\"potentialAction\":[{\"@type\":\"ReadAction\",\"target\":[\"https:\/\/footdavant.fr\/actualites\/kane-exhorte-le-bayern-a-faire-de-meme-la-semaine-prochaine-alors-quarbeloa-dit-que-neuer-etait-mvp\/\"]}]},{\"@type\":\"BreadcrumbList\",\"@id\":\"https:\/\/footdavant.fr\/actualites\/kane-exhorte-le-bayern-a-faire-de-meme-la-semaine-prochaine-alors-quarbeloa-dit-que-neuer-etait-mvp\/#breadcrumb\",\"itemListElement\":[{\"@type\":\"ListItem\",\"position\":1,\"name\":\"Accueil\",\"item\":\"https:\/\/footdavant.fr\/actualites\/\"},{\"@type\":\"ListItem\",\"position\":2,\"name\":\"Kane exhorte le Bayern \u00e0 \u00ab\u00a0faire de m\u00eame la semaine prochaine\u00a0\u00bb alors qu&#39;Arbeloa dit que Neuer \u00e9tait \u00ab\u00a0MVP\u00a0\u00bb\"}]},{\"@type\":\"WebSite\",\"@id\":\"https:\/\/footdavant.fr\/actualites\/#website\",\"url\":\"https:\/\/footdavant.fr\/actualites\/\",\"name\":\"Foot d'avant\",\"description\":\"\",\"publisher\":{\"@id\":\"https:\/\/footdavant.fr\/actualites\/#organization\"},\"potentialAction\":[{\"@type\":\"SearchAction\",\"target\":{\"@type\":\"EntryPoint\",\"urlTemplate\":\"https:\/\/footdavant.fr\/actualites\/?s={search_term_string}\"},\"query-input\":\"required name=search_term_string\"}],\"inLanguage\":\"fr-FR\"},{\"@type\":\"Organization\",\"@id\":\"https:\/\/footdavant.fr\/actualites\/#organization\",\"name\":\"Foot d'avant\",\"url\":\"https:\/\/footdavant.fr\/actualites\/\",\"logo\":{\"@type\":\"ImageObject\",\"inLanguage\":\"fr-FR\",\"@id\":\"https:\/\/footdavant.fr\/actualites\/#\/schema\/logo\/image\/\",\"url\":\"https:\/\/footdavant.fr\/actualites\/wp-content\/uploads\/2023\/09\/Copy-of-FootDavant-Logo.png\",\"contentUrl\":\"https:\/\/footdavant.fr\/actualites\/wp-content\/uploads\/2023\/09\/Copy-of-FootDavant-Logo.png\",\"width\":936,\"height\":549,\"caption\":\"Foot d'avant\"},\"image\":{\"@id\":\"https:\/\/footdavant.fr\/actualites\/#\/schema\/logo\/image\/\"},\"sameAs\":[\"https:\/\/www.facebook.com\/Footdavant\/\",\"https:\/\/twitter.com\/FootdavantFr\",\"https:\/\/www.instagram.com\/footdavant.fr\/\"]},{\"@type\":\"Person\",\"@id\":\"https:\/\/footdavant.fr\/actualites\/#\/schema\/person\/bc222566d95871b37e597b3ed3ba5e1d\",\"name\":\"Cl\u00e9ment\",\"image\":{\"@type\":\"ImageObject\",\"inLanguage\":\"fr-FR\",\"@id\":\"https:\/\/footdavant.fr\/actualites\/#\/schema\/person\/image\/\",\"url\":\"https:\/\/secure.gravatar.com\/avatar\/7728b29aac2719421e1a9159b2254c44?s=96&d=mm&r=g\",\"contentUrl\":\"https:\/\/secure.gravatar.com\/avatar\/7728b29aac2719421e1a9159b2254c44?s=96&d=mm&r=g\",\"caption\":\"Cl\u00e9ment\"},\"sameAs\":[\"https:\/\/footdavant.fr\/\"]}]}<\/script>\n<!-- \/ Yoast SEO plugin. -->","yoast_head_json":{"title":"Kane exhorte le Bayern \u00e0 \"faire de m\u00eame la semaine prochaine\" alors qu&#39;Arbeloa dit que Neuer \u00e9tait \"MVP\"","robots":{"index":"index","follow":"follow","max-snippet":"max-snippet:-1","max-image-preview":"max-image-preview:large","max-video-preview":"max-video-preview:-1"},"canonical":"https:\/\/footdavant.fr\/actualites\/kane-exhorte-le-bayern-a-faire-de-meme-la-semaine-prochaine-alors-quarbeloa-dit-que-neuer-etait-mvp\/","og_locale":"fr_FR","og_type":"article","og_title":"Kane exhorte le Bayern \u00e0 \"faire de m\u00eame la semaine prochaine\" alors qu&#39;Arbeloa dit que Neuer \u00e9tait \"MVP\"","og_description":"Harry Kane a exhort\u00e9 le Bayern Munich \u00e0 r\u00e9p\u00e9ter la m\u00eame performance lors du match retour des quarts de finale de la Ligue des champions","og_url":"https:\/\/footdavant.fr\/actualites\/kane-exhorte-le-bayern-a-faire-de-meme-la-semaine-prochaine-alors-quarbeloa-dit-que-neuer-etait-mvp\/","og_site_name":"Foot d&#039;avant","article_publisher":"https:\/\/www.facebook.com\/Footdavant\/","article_published_time":"2026-04-08T10:48:13+00:00","article_modified_time":"2026-04-08T10:48:15+00:00","og_image":[{"width":1200,"height":800,"url":"https:\/\/footdavant.fr\/actualites\/wp-content\/uploads\/2026\/04\/1775645294_Kane-exhorte-le-Bayern-a-faire-de-meme-la-semaine.jpg","type":"image\/jpeg"}],"author":"Cl\u00e9ment","twitter_card":"summary_large_image","twitter_creator":"@FootdavantFr","twitter_site":"@FootdavantFr","twitter_misc":{"\u00c9crit par":"Cl\u00e9ment","Dur\u00e9e de lecture estim\u00e9e":"2 minutes"},"schema":{"@context":"https:\/\/schema.org","@graph":[{"@type":"Article","@id":"https:\/\/footdavant.fr\/actualites\/kane-exhorte-le-bayern-a-faire-de-meme-la-semaine-prochaine-alors-quarbeloa-dit-que-neuer-etait-mvp\/#article","isPartOf":{"@id":"https:\/\/footdavant.fr\/actualites\/kane-exhorte-le-bayern-a-faire-de-meme-la-semaine-prochaine-alors-quarbeloa-dit-que-neuer-etait-mvp\/"},"author":{"name":"Cl\u00e9ment","@id":"https:\/\/footdavant.fr\/actualites\/#\/schema\/person\/bc222566d95871b37e597b3ed3ba5e1d"},"headline":"Kane exhorte le Bayern \u00e0 \u00ab\u00a0faire de m\u00eame la semaine prochaine\u00a0\u00bb alors qu&#39;Arbeloa dit que Neuer \u00e9tait \u00ab\u00a0MVP\u00a0\u00bb","datePublished":"2026-04-08T10:48:13+00:00","dateModified":"2026-04-08T10:48:15+00:00","mainEntityOfPage":{"@id":"https:\/\/footdavant.fr\/actualites\/kane-exhorte-le-bayern-a-faire-de-meme-la-semaine-prochaine-alors-quarbeloa-dit-que-neuer-etait-mvp\/"},"wordCount":494,"publisher":{"@id":"https:\/\/footdavant.fr\/actualites\/#organization"},"keywords":["alors","Bayern","dit","\u00e9tait","exhorte","faire","Kane","m\u00eame","MVP","Neuer","prochaine","qu39Arbeloa","semaine"],"articleSection":["Football"],"inLanguage":"fr-FR"},{"@type":"WebPage","@id":"https:\/\/footdavant.fr\/actualites\/kane-exhorte-le-bayern-a-faire-de-meme-la-semaine-prochaine-alors-quarbeloa-dit-que-neuer-etait-mvp\/","url":"https:\/\/footdavant.fr\/actualites\/kane-exhorte-le-bayern-a-faire-de-meme-la-semaine-prochaine-alors-quarbeloa-dit-que-neuer-etait-mvp\/","name":"Kane exhorte le Bayern \u00e0 \"faire de m\u00eame la semaine prochaine\" alors qu&#39;Arbeloa dit que Neuer \u00e9tait \"MVP\"","isPartOf":{"@id":"https:\/\/footdavant.fr\/actualites\/#website"},"datePublished":"2026-04-08T10:48:13+00:00","dateModified":"2026-04-08T10:48:15+00:00","breadcrumb":{"@id":"https:\/\/footdavant.fr\/actualites\/kane-exhorte-le-bayern-a-faire-de-meme-la-semaine-prochaine-alors-quarbeloa-dit-que-neuer-etait-mvp\/#breadcrumb"},"inLanguage":"fr-FR","potentialAction":[{"@type":"ReadAction","target":["https:\/\/footdavant.fr\/actualites\/kane-exhorte-le-bayern-a-faire-de-meme-la-semaine-prochaine-alors-quarbeloa-dit-que-neuer-etait-mvp\/"]}]},{"@type":"BreadcrumbList","@id":"https:\/\/footdavant.fr\/actualites\/kane-exhorte-le-bayern-a-faire-de-meme-la-semaine-prochaine-alors-quarbeloa-dit-que-neuer-etait-mvp\/#breadcrumb","itemListElement":[{"@type":"ListItem","position":1,"name":"Accueil","item":"https:\/\/footdavant.fr\/actualites\/"},{"@type":"ListItem","position":2,"name":"Kane exhorte le Bayern \u00e0 \u00ab\u00a0faire de m\u00eame la semaine prochaine\u00a0\u00bb alors qu&#39;Arbeloa dit que Neuer \u00e9tait \u00ab\u00a0MVP\u00a0\u00bb"}]},{"@type":"WebSite","@id":"https:\/\/footdavant.fr\/actualites\/#website","url":"https:\/\/footdavant.fr\/actualites\/","name":"Foot d'avant","description":"","publisher":{"@id":"https:\/\/footdavant.fr\/actualites\/#organization"},"potentialAction":[{"@type":"SearchAction","target":{"@type":"EntryPoint","urlTemplate":"https:\/\/footdavant.fr\/actualites\/?s={search_term_string}"},"query-input":"required name=search_term_string"}],"inLanguage":"fr-FR"},{"@type":"Organization","@id":"https:\/\/footdavant.fr\/actualites\/#organization","name":"Foot d'avant","url":"https:\/\/footdavant.fr\/actualites\/","logo":{"@type":"ImageObject","inLanguage":"fr-FR","@id":"https:\/\/footdavant.fr\/actualites\/#\/schema\/logo\/image\/","url":"https:\/\/footdavant.fr\/actualites\/wp-content\/uploads\/2023\/09\/Copy-of-FootDavant-Logo.png","contentUrl":"https:\/\/footdavant.fr\/actualites\/wp-content\/uploads\/2023\/09\/Copy-of-FootDavant-Logo.png","width":936,"height":549,"caption":"Foot d'avant"},"image":{"@id":"https:\/\/footdavant.fr\/actualites\/#\/schema\/logo\/image\/"},"sameAs":["https:\/\/www.facebook.com\/Footdavant\/","https:\/\/twitter.com\/FootdavantFr","https:\/\/www.instagram.com\/footdavant.fr\/"]},{"@type":"Person","@id":"https:\/\/footdavant.fr\/actualites\/#\/schema\/person\/bc222566d95871b37e597b3ed3ba5e1d","name":"Cl\u00e9ment","image":{"@type":"ImageObject","inLanguage":"fr-FR","@id":"https:\/\/footdavant.fr\/actualites\/#\/schema\/person\/image\/","url":"https:\/\/secure.gravatar.com\/avatar\/7728b29aac2719421e1a9159b2254c44?s=96&d=mm&r=g","contentUrl":"https:\/\/secure.gravatar.com\/avatar\/7728b29aac2719421e1a9159b2254c44?s=96&d=mm&r=g","caption":"Cl\u00e9ment"},"sameAs":["https:\/\/footdavant.fr\/"]}]}},"_links":{"self":[{"href":"https:\/\/footdavant.fr\/actualites\/wp-json\/wp\/v2\/posts\/36247"}],"collection":[{"href":"https:\/\/footdavant.fr\/actualites\/wp-json\/wp\/v2\/posts"}],"about":[{"href":"https:\/\/footdavant.fr\/actualites\/wp-json\/wp\/v2\/types\/post"}],"author":[{"embeddable":true,"href":"https:\/\/footdavant.fr\/actualites\/wp-json\/wp\/v2\/users\/1"}],"replies":[{"embeddable":true,"href":"https:\/\/footdavant.fr\/actualites\/wp-json\/wp\/v2\/comments?post=36247"}],"version-history":[{"count":1,"href":"https:\/\/footdavant.fr\/actualites\/wp-json\/wp\/v2\/posts\/36247\/revisions"}],"predecessor-version":[{"id":36249,"href":"https:\/\/footdavant.fr\/actualites\/wp-json\/wp\/v2\/posts\/36247\/revisions\/36249"}],"wp:featuredmedia":[{"embeddable":true,"href":"https:\/\/footdavant.fr\/actualites\/wp-json\/wp\/v2\/media\/36248"}],"wp:attachment":[{"href":"https:\/\/footdavant.fr\/actualites\/wp-json\/wp\/v2\/media?parent=36247"}],"wp:term":[{"taxonomy":"category","embeddable":true,"href":"https:\/\/footdavant.fr\/actualites\/wp-json\/wp\/v2\/categories?post=36247"},{"taxonomy":"post_tag","embeddable":true,"href":"https:\/\/footdavant.fr\/actualites\/wp-json\/wp\/v2\/tags?post=36247"}],"curies":[{"name":"wp","href":"https:\/\/api.w.org\/{rel}","templated":true}]}}