{"id":36250,"date":"2026-04-08T14:48:11","date_gmt":"2026-04-08T12:48:11","guid":{"rendered":"https:\/\/footdavant.fr\/actualites\/nouvelles-du-transfert-des-wolves-marshall-munetsi-donne-une-indication-claire-sur-lavenir-quil-voit-apres-le-pret-du-paris-fc\/"},"modified":"2026-04-08T14:48:13","modified_gmt":"2026-04-08T12:48:13","slug":"nouvelles-du-transfert-des-wolves-marshall-munetsi-donne-une-indication-claire-sur-lavenir-quil-voit-apres-le-pret-du-paris-fc","status":"publish","type":"post","link":"https:\/\/footdavant.fr\/actualites\/nouvelles-du-transfert-des-wolves-marshall-munetsi-donne-une-indication-claire-sur-lavenir-quil-voit-apres-le-pret-du-paris-fc\/","title":{"rendered":"Nouvelles du transfert des Wolves : Marshall Munetsi donne une indication claire sur l&#39;avenir qu&#39;il voit apr\u00e8s le pr\u00eat du Paris FC"},"content":{"rendered":"<div itemprop=\"articleBody\">\n<p>Le milieu de terrain des Wolverhampton Wanderers, Marshall Munetsi, a laiss\u00e9 entendre qu&#39;il \u00e9tait int\u00e9ress\u00e9 par un transfert permanent au Paris FC.<\/p>\n<p>Depuis son arriv\u00e9e \u00e0 Molineux en f\u00e9vrier 2025, l&#39;international zimbabw\u00e9en a divis\u00e9 les opinions, bien qu&#39;il ait jou\u00e9 un r\u00f4le cl\u00e9 dans la s\u00e9quence de victoires historiques du club en Premier League sous Vitor Pereira la saison derni\u00e8re.<\/p>\n<p>Bless\u00e9 pendant une grande partie de la p\u00e9riode d&#39;ouverture de Rob Edward, Munetsi a \u00e9t\u00e9 autoris\u00e9 \u00e0 rejoindre le Paris FC en pr\u00eat pour le reste de la saison 2025-2026.<\/p>\n<p>Le joueur de 29 ans s&#39;est depuis r\u00e9v\u00e9l\u00e9 \u00eatre l&#39;une des stars de la Ligue 1 au cours des deux derniers mois et demi, marquant quatre buts en sept titularisations et quatre sorties en tant que rempla\u00e7ant dans la division.<\/p>\n<p>Le Paris FC occupe d\u00e9sormais neuf points d&#39;avance sur les trois derniers \u00e0 six matches de la fin, le dernier but de Munetsi contre Lorient maintient le club en lice pour la premi\u00e8re moiti\u00e9 du classement de Ligue 1.<\/p>\n<div>\n<div>\n<p>\u00a9 Imago\/Zuma Press Wire<\/p>\n<\/div>\n<\/div>\n<h2>Munetsi s&#39;exprime sur les Wolves et l&#39;avenir du Paris FC<\/h2>\n<p>Comme cit\u00e9 par Get Football News France, Munetsi a reconnu qu&#39;il \u00e9tait attir\u00e9 par toute opportunit\u00e9 de rester \u00e0 Paris.<\/p>\n<p>Il a d\u00e9clar\u00e9 : \u00ab\u00a0Je me sens bien ici aux c\u00f4t\u00e9s de certains joueurs que je connais. Nous nous entendons bien et cela se voit sur le terrain. Vous ne pouvez pas acheter cette atmosph\u00e8re ; elle est l\u00e0 ou elle n&#39;est pas l\u00e0.<\/p>\n<p>\u00ab\u00a0Je suis venu pour six mois et je suis concentr\u00e9 sur les six matchs restants. Nous verrons quelles discussions auront lieu \u00e0 la fin de la saison.<\/p>\n<p>\u00ab\u00a0Il y a un beau projet ici. Ma famille aime \u00e7a ici \u00e0 Paris. Mes deux gar\u00e7ons sont n\u00e9s en France. C&#39;est aussi un peu mon pays.\u00a0\u00bb<\/p>\n<div>\n<div><img decoding=\"async\" data-img-id=\"155494\" class=\"lazy\" loading=\"lazy\" src=\"https:\/\/footdavant.fr\/actualites\/wp-content\/uploads\/2026\/01\/1768150081_243_Nouvelles-du-transfert-des-Wolves-Leeds-verifie-comme-admirateur-de.webp\"\/><\/p>\n<p>\u00a9 Imago \/ Focus Images<\/p>\n<\/div>\n<\/div>\n<h2>Les loups sont de plus en plus susceptibles de vendre Munetsi<\/h2>\n<p>Lorsque les Wolves et le Paris FC ont tenu des n\u00e9gociations en janvier, aucune clause d&#39;achat n&#39;\u00e9tait incluse dans l&#39;accord final.<\/p>\n<p>De plus, on peut se demander si le Paris FC paierait 16 millions de livres sterling \u2013 les frais que les Wolves ont pay\u00e9s pour Munetsi \u2013 pour un joueur qui aura 30 ans en juin.<\/p>\n<p>N\u00e9anmoins, les Wolves pourraient \u00eatre pr\u00eats \u00e0 r\u00e9duire leurs pertes sur Munetsi s&#39;il ne figure pas dans les plans \u00e0 long terme d&#39;Edwards.<\/p>\n<p>L&#39;affinit\u00e9 de Munetsi avec la Ligue 1 sera \u00e9galement prise en compte. Malgr\u00e9 sa valeur potentielle pour les Wolves, Munetsi compte 25 buts et 15 passes d\u00e9cisives en 159 apparitions dans l&#39;\u00e9lite fran\u00e7aise.<\/p>\n<p>Ayant v\u00e9cu auparavant \u00e0 l&#39;est de Paris, \u00e0 Reims, Munetsi pourrait avoir envie d&#39;un retour permanent dans un environnement familier.<\/p>\n<\/div>\n","protected":false},"excerpt":{"rendered":"<p>Le milieu de terrain des Wolverhampton Wanderers, Marshall Munetsi, a laiss\u00e9 entendre qu&#39;il \u00e9tait int\u00e9ress\u00e9 par un transfert permanent au Paris FC. Depuis son arriv\u00e9e<\/p>\n","protected":false},"author":1,"featured_media":36251,"comment_status":"closed","ping_status":"","sticky":false,"template":"","format":"standard","meta":{"footnotes":""},"categories":[5],"tags":[25,4855,12,672,11811,4309,7961,11810,461,100,165,4290,103,700,92,2099,1454],"yoast_head":"<!-- This site is optimized with the Yoast SEO plugin v21.0 - https:\/\/yoast.com\/wordpress\/plugins\/seo\/ -->\n<title>Nouvelles du transfert des Wolves : Marshall Munetsi donne une indication claire sur l&#039;avenir qu&#039;il voit apr\u00e8s le pr\u00eat du Paris FC<\/title>\n<meta name=\"robots\" content=\"index, follow, max-snippet:-1, max-image-preview:large, max-video-preview:-1\" \/>\n<link rel=\"canonical\" href=\"https:\/\/footdavant.fr\/actualites\/nouvelles-du-transfert-des-wolves-marshall-munetsi-donne-une-indication-claire-sur-lavenir-quil-voit-apres-le-pret-du-paris-fc\/\" \/>\n<meta property=\"og:locale\" content=\"fr_FR\" \/>\n<meta property=\"og:type\" content=\"article\" \/>\n<meta property=\"og:title\" content=\"Nouvelles du transfert des Wolves : Marshall Munetsi donne une indication claire sur l&#039;avenir qu&#039;il voit apr\u00e8s le pr\u00eat du Paris FC\" \/>\n<meta property=\"og:description\" content=\"Le milieu de terrain des Wolverhampton Wanderers, Marshall Munetsi, a laiss\u00e9 entendre qu&#039;il \u00e9tait int\u00e9ress\u00e9 par un transfert permanent au Paris FC. Depuis son arriv\u00e9e\" \/>\n<meta property=\"og:url\" content=\"https:\/\/footdavant.fr\/actualites\/nouvelles-du-transfert-des-wolves-marshall-munetsi-donne-une-indication-claire-sur-lavenir-quil-voit-apres-le-pret-du-paris-fc\/\" \/>\n<meta property=\"og:site_name\" content=\"Foot d&#039;avant\" \/>\n<meta property=\"article:publisher\" content=\"https:\/\/www.facebook.com\/Footdavant\/\" \/>\n<meta property=\"article:published_time\" content=\"2026-04-08T12:48:11+00:00\" \/>\n<meta property=\"article:modified_time\" content=\"2026-04-08T12:48:13+00:00\" \/>\n<meta property=\"og:image\" content=\"https:\/\/footdavant.fr\/actualites\/wp-content\/uploads\/2026\/04\/Nouvelles-du-transfert-des-Wolves-Marshall-Munetsi-donne-une.net2Fuploads2F20252F122Fimago1067105908.webp\" \/>\n\t<meta property=\"og:image:width\" content=\"720\" \/>\n\t<meta property=\"og:image:height\" content=\"410\" \/>\n\t<meta property=\"og:image:type\" content=\"image\/webp\" \/>\n<meta name=\"author\" content=\"Cl\u00e9ment\" \/>\n<meta name=\"twitter:card\" content=\"summary_large_image\" \/>\n<meta name=\"twitter:creator\" content=\"@FootdavantFr\" \/>\n<meta name=\"twitter:site\" content=\"@FootdavantFr\" \/>\n<meta name=\"twitter:label1\" content=\"\u00c9crit par\" \/>\n\t<meta name=\"twitter:data1\" content=\"Cl\u00e9ment\" \/>\n\t<meta name=\"twitter:label2\" content=\"Dur\u00e9e de lecture estim\u00e9e\" \/>\n\t<meta name=\"twitter:data2\" content=\"2 minutes\" \/>\n<script type=\"application\/ld+json\" class=\"yoast-schema-graph\">{\"@context\":\"https:\/\/schema.org\",\"@graph\":[{\"@type\":\"Article\",\"@id\":\"https:\/\/footdavant.fr\/actualites\/nouvelles-du-transfert-des-wolves-marshall-munetsi-donne-une-indication-claire-sur-lavenir-quil-voit-apres-le-pret-du-paris-fc\/#article\",\"isPartOf\":{\"@id\":\"https:\/\/footdavant.fr\/actualites\/nouvelles-du-transfert-des-wolves-marshall-munetsi-donne-une-indication-claire-sur-lavenir-quil-voit-apres-le-pret-du-paris-fc\/\"},\"author\":{\"name\":\"Cl\u00e9ment\",\"@id\":\"https:\/\/footdavant.fr\/actualites\/#\/schema\/person\/bc222566d95871b37e597b3ed3ba5e1d\"},\"headline\":\"Nouvelles du transfert des Wolves : Marshall Munetsi donne une indication claire sur l&#39;avenir qu&#39;il voit apr\u00e8s le pr\u00eat du Paris FC\",\"datePublished\":\"2026-04-08T12:48:11+00:00\",\"dateModified\":\"2026-04-08T12:48:13+00:00\",\"mainEntityOfPage\":{\"@id\":\"https:\/\/footdavant.fr\/actualites\/nouvelles-du-transfert-des-wolves-marshall-munetsi-donne-une-indication-claire-sur-lavenir-quil-voit-apres-le-pret-du-paris-fc\/\"},\"wordCount\":498,\"publisher\":{\"@id\":\"https:\/\/footdavant.fr\/actualites\/#organization\"},\"keywords\":[\"apr\u00e8s\",\"claire\",\"des\",\"donne\",\"indication\",\"l39avenir\",\"Marshall\",\"Munetsi\",\"Nouvelles\",\"paris\",\"pr\u00eat\",\"qu39il\",\"sur\",\"transfert\",\"une\",\"voit\",\"Wolves\"],\"articleSection\":[\"Premier League\"],\"inLanguage\":\"fr-FR\"},{\"@type\":\"WebPage\",\"@id\":\"https:\/\/footdavant.fr\/actualites\/nouvelles-du-transfert-des-wolves-marshall-munetsi-donne-une-indication-claire-sur-lavenir-quil-voit-apres-le-pret-du-paris-fc\/\",\"url\":\"https:\/\/footdavant.fr\/actualites\/nouvelles-du-transfert-des-wolves-marshall-munetsi-donne-une-indication-claire-sur-lavenir-quil-voit-apres-le-pret-du-paris-fc\/\",\"name\":\"Nouvelles du transfert des Wolves : Marshall Munetsi donne une indication claire sur l&#39;avenir qu&#39;il voit apr\u00e8s le pr\u00eat du Paris FC\",\"isPartOf\":{\"@id\":\"https:\/\/footdavant.fr\/actualites\/#website\"},\"datePublished\":\"2026-04-08T12:48:11+00:00\",\"dateModified\":\"2026-04-08T12:48:13+00:00\",\"breadcrumb\":{\"@id\":\"https:\/\/footdavant.fr\/actualites\/nouvelles-du-transfert-des-wolves-marshall-munetsi-donne-une-indication-claire-sur-lavenir-quil-voit-apres-le-pret-du-paris-fc\/#breadcrumb\"},\"inLanguage\":\"fr-FR\",\"potentialAction\":[{\"@type\":\"ReadAction\",\"target\":[\"https:\/\/footdavant.fr\/actualites\/nouvelles-du-transfert-des-wolves-marshall-munetsi-donne-une-indication-claire-sur-lavenir-quil-voit-apres-le-pret-du-paris-fc\/\"]}]},{\"@type\":\"BreadcrumbList\",\"@id\":\"https:\/\/footdavant.fr\/actualites\/nouvelles-du-transfert-des-wolves-marshall-munetsi-donne-une-indication-claire-sur-lavenir-quil-voit-apres-le-pret-du-paris-fc\/#breadcrumb\",\"itemListElement\":[{\"@type\":\"ListItem\",\"position\":1,\"name\":\"Accueil\",\"item\":\"https:\/\/footdavant.fr\/actualites\/\"},{\"@type\":\"ListItem\",\"position\":2,\"name\":\"Nouvelles du transfert des Wolves : Marshall Munetsi donne une indication claire sur l&#39;avenir qu&#39;il voit apr\u00e8s le pr\u00eat du Paris FC\"}]},{\"@type\":\"WebSite\",\"@id\":\"https:\/\/footdavant.fr\/actualites\/#website\",\"url\":\"https:\/\/footdavant.fr\/actualites\/\",\"name\":\"Foot d'avant\",\"description\":\"\",\"publisher\":{\"@id\":\"https:\/\/footdavant.fr\/actualites\/#organization\"},\"potentialAction\":[{\"@type\":\"SearchAction\",\"target\":{\"@type\":\"EntryPoint\",\"urlTemplate\":\"https:\/\/footdavant.fr\/actualites\/?s={search_term_string}\"},\"query-input\":\"required name=search_term_string\"}],\"inLanguage\":\"fr-FR\"},{\"@type\":\"Organization\",\"@id\":\"https:\/\/footdavant.fr\/actualites\/#organization\",\"name\":\"Foot d'avant\",\"url\":\"https:\/\/footdavant.fr\/actualites\/\",\"logo\":{\"@type\":\"ImageObject\",\"inLanguage\":\"fr-FR\",\"@id\":\"https:\/\/footdavant.fr\/actualites\/#\/schema\/logo\/image\/\",\"url\":\"https:\/\/footdavant.fr\/actualites\/wp-content\/uploads\/2023\/09\/Copy-of-FootDavant-Logo.png\",\"contentUrl\":\"https:\/\/footdavant.fr\/actualites\/wp-content\/uploads\/2023\/09\/Copy-of-FootDavant-Logo.png\",\"width\":936,\"height\":549,\"caption\":\"Foot d'avant\"},\"image\":{\"@id\":\"https:\/\/footdavant.fr\/actualites\/#\/schema\/logo\/image\/\"},\"sameAs\":[\"https:\/\/www.facebook.com\/Footdavant\/\",\"https:\/\/twitter.com\/FootdavantFr\",\"https:\/\/www.instagram.com\/footdavant.fr\/\"]},{\"@type\":\"Person\",\"@id\":\"https:\/\/footdavant.fr\/actualites\/#\/schema\/person\/bc222566d95871b37e597b3ed3ba5e1d\",\"name\":\"Cl\u00e9ment\",\"image\":{\"@type\":\"ImageObject\",\"inLanguage\":\"fr-FR\",\"@id\":\"https:\/\/footdavant.fr\/actualites\/#\/schema\/person\/image\/\",\"url\":\"https:\/\/secure.gravatar.com\/avatar\/7728b29aac2719421e1a9159b2254c44?s=96&d=mm&r=g\",\"contentUrl\":\"https:\/\/secure.gravatar.com\/avatar\/7728b29aac2719421e1a9159b2254c44?s=96&d=mm&r=g\",\"caption\":\"Cl\u00e9ment\"},\"sameAs\":[\"https:\/\/footdavant.fr\/\"]}]}<\/script>\n<!-- \/ Yoast SEO plugin. -->","yoast_head_json":{"title":"Nouvelles du transfert des Wolves : Marshall Munetsi donne une indication claire sur l&#39;avenir qu&#39;il voit apr\u00e8s le pr\u00eat du Paris FC","robots":{"index":"index","follow":"follow","max-snippet":"max-snippet:-1","max-image-preview":"max-image-preview:large","max-video-preview":"max-video-preview:-1"},"canonical":"https:\/\/footdavant.fr\/actualites\/nouvelles-du-transfert-des-wolves-marshall-munetsi-donne-une-indication-claire-sur-lavenir-quil-voit-apres-le-pret-du-paris-fc\/","og_locale":"fr_FR","og_type":"article","og_title":"Nouvelles du transfert des Wolves : Marshall Munetsi donne une indication claire sur l&#39;avenir qu&#39;il voit apr\u00e8s le pr\u00eat du Paris FC","og_description":"Le milieu de terrain des Wolverhampton Wanderers, Marshall Munetsi, a laiss\u00e9 entendre qu&#39;il \u00e9tait int\u00e9ress\u00e9 par un transfert permanent au Paris FC. Depuis son arriv\u00e9e","og_url":"https:\/\/footdavant.fr\/actualites\/nouvelles-du-transfert-des-wolves-marshall-munetsi-donne-une-indication-claire-sur-lavenir-quil-voit-apres-le-pret-du-paris-fc\/","og_site_name":"Foot d&#039;avant","article_publisher":"https:\/\/www.facebook.com\/Footdavant\/","article_published_time":"2026-04-08T12:48:11+00:00","article_modified_time":"2026-04-08T12:48:13+00:00","og_image":[{"width":720,"height":410,"url":"https:\/\/footdavant.fr\/actualites\/wp-content\/uploads\/2026\/04\/Nouvelles-du-transfert-des-Wolves-Marshall-Munetsi-donne-une.net2Fuploads2F20252F122Fimago1067105908.webp","type":"image\/webp"}],"author":"Cl\u00e9ment","twitter_card":"summary_large_image","twitter_creator":"@FootdavantFr","twitter_site":"@FootdavantFr","twitter_misc":{"\u00c9crit par":"Cl\u00e9ment","Dur\u00e9e de lecture estim\u00e9e":"2 minutes"},"schema":{"@context":"https:\/\/schema.org","@graph":[{"@type":"Article","@id":"https:\/\/footdavant.fr\/actualites\/nouvelles-du-transfert-des-wolves-marshall-munetsi-donne-une-indication-claire-sur-lavenir-quil-voit-apres-le-pret-du-paris-fc\/#article","isPartOf":{"@id":"https:\/\/footdavant.fr\/actualites\/nouvelles-du-transfert-des-wolves-marshall-munetsi-donne-une-indication-claire-sur-lavenir-quil-voit-apres-le-pret-du-paris-fc\/"},"author":{"name":"Cl\u00e9ment","@id":"https:\/\/footdavant.fr\/actualites\/#\/schema\/person\/bc222566d95871b37e597b3ed3ba5e1d"},"headline":"Nouvelles du transfert des Wolves : Marshall Munetsi donne une indication claire sur l&#39;avenir qu&#39;il voit apr\u00e8s le pr\u00eat du Paris FC","datePublished":"2026-04-08T12:48:11+00:00","dateModified":"2026-04-08T12:48:13+00:00","mainEntityOfPage":{"@id":"https:\/\/footdavant.fr\/actualites\/nouvelles-du-transfert-des-wolves-marshall-munetsi-donne-une-indication-claire-sur-lavenir-quil-voit-apres-le-pret-du-paris-fc\/"},"wordCount":498,"publisher":{"@id":"https:\/\/footdavant.fr\/actualites\/#organization"},"keywords":["apr\u00e8s","claire","des","donne","indication","l39avenir","Marshall","Munetsi","Nouvelles","paris","pr\u00eat","qu39il","sur","transfert","une","voit","Wolves"],"articleSection":["Premier League"],"inLanguage":"fr-FR"},{"@type":"WebPage","@id":"https:\/\/footdavant.fr\/actualites\/nouvelles-du-transfert-des-wolves-marshall-munetsi-donne-une-indication-claire-sur-lavenir-quil-voit-apres-le-pret-du-paris-fc\/","url":"https:\/\/footdavant.fr\/actualites\/nouvelles-du-transfert-des-wolves-marshall-munetsi-donne-une-indication-claire-sur-lavenir-quil-voit-apres-le-pret-du-paris-fc\/","name":"Nouvelles du transfert des Wolves : Marshall Munetsi donne une indication claire sur l&#39;avenir qu&#39;il voit apr\u00e8s le pr\u00eat du Paris FC","isPartOf":{"@id":"https:\/\/footdavant.fr\/actualites\/#website"},"datePublished":"2026-04-08T12:48:11+00:00","dateModified":"2026-04-08T12:48:13+00:00","breadcrumb":{"@id":"https:\/\/footdavant.fr\/actualites\/nouvelles-du-transfert-des-wolves-marshall-munetsi-donne-une-indication-claire-sur-lavenir-quil-voit-apres-le-pret-du-paris-fc\/#breadcrumb"},"inLanguage":"fr-FR","potentialAction":[{"@type":"ReadAction","target":["https:\/\/footdavant.fr\/actualites\/nouvelles-du-transfert-des-wolves-marshall-munetsi-donne-une-indication-claire-sur-lavenir-quil-voit-apres-le-pret-du-paris-fc\/"]}]},{"@type":"BreadcrumbList","@id":"https:\/\/footdavant.fr\/actualites\/nouvelles-du-transfert-des-wolves-marshall-munetsi-donne-une-indication-claire-sur-lavenir-quil-voit-apres-le-pret-du-paris-fc\/#breadcrumb","itemListElement":[{"@type":"ListItem","position":1,"name":"Accueil","item":"https:\/\/footdavant.fr\/actualites\/"},{"@type":"ListItem","position":2,"name":"Nouvelles du transfert des Wolves : Marshall Munetsi donne une indication claire sur l&#39;avenir qu&#39;il voit apr\u00e8s le pr\u00eat du Paris FC"}]},{"@type":"WebSite","@id":"https:\/\/footdavant.fr\/actualites\/#website","url":"https:\/\/footdavant.fr\/actualites\/","name":"Foot d'avant","description":"","publisher":{"@id":"https:\/\/footdavant.fr\/actualites\/#organization"},"potentialAction":[{"@type":"SearchAction","target":{"@type":"EntryPoint","urlTemplate":"https:\/\/footdavant.fr\/actualites\/?s={search_term_string}"},"query-input":"required name=search_term_string"}],"inLanguage":"fr-FR"},{"@type":"Organization","@id":"https:\/\/footdavant.fr\/actualites\/#organization","name":"Foot d'avant","url":"https:\/\/footdavant.fr\/actualites\/","logo":{"@type":"ImageObject","inLanguage":"fr-FR","@id":"https:\/\/footdavant.fr\/actualites\/#\/schema\/logo\/image\/","url":"https:\/\/footdavant.fr\/actualites\/wp-content\/uploads\/2023\/09\/Copy-of-FootDavant-Logo.png","contentUrl":"https:\/\/footdavant.fr\/actualites\/wp-content\/uploads\/2023\/09\/Copy-of-FootDavant-Logo.png","width":936,"height":549,"caption":"Foot d'avant"},"image":{"@id":"https:\/\/footdavant.fr\/actualites\/#\/schema\/logo\/image\/"},"sameAs":["https:\/\/www.facebook.com\/Footdavant\/","https:\/\/twitter.com\/FootdavantFr","https:\/\/www.instagram.com\/footdavant.fr\/"]},{"@type":"Person","@id":"https:\/\/footdavant.fr\/actualites\/#\/schema\/person\/bc222566d95871b37e597b3ed3ba5e1d","name":"Cl\u00e9ment","image":{"@type":"ImageObject","inLanguage":"fr-FR","@id":"https:\/\/footdavant.fr\/actualites\/#\/schema\/person\/image\/","url":"https:\/\/secure.gravatar.com\/avatar\/7728b29aac2719421e1a9159b2254c44?s=96&d=mm&r=g","contentUrl":"https:\/\/secure.gravatar.com\/avatar\/7728b29aac2719421e1a9159b2254c44?s=96&d=mm&r=g","caption":"Cl\u00e9ment"},"sameAs":["https:\/\/footdavant.fr\/"]}]}},"_links":{"self":[{"href":"https:\/\/footdavant.fr\/actualites\/wp-json\/wp\/v2\/posts\/36250"}],"collection":[{"href":"https:\/\/footdavant.fr\/actualites\/wp-json\/wp\/v2\/posts"}],"about":[{"href":"https:\/\/footdavant.fr\/actualites\/wp-json\/wp\/v2\/types\/post"}],"author":[{"embeddable":true,"href":"https:\/\/footdavant.fr\/actualites\/wp-json\/wp\/v2\/users\/1"}],"replies":[{"embeddable":true,"href":"https:\/\/footdavant.fr\/actualites\/wp-json\/wp\/v2\/comments?post=36250"}],"version-history":[{"count":1,"href":"https:\/\/footdavant.fr\/actualites\/wp-json\/wp\/v2\/posts\/36250\/revisions"}],"predecessor-version":[{"id":36252,"href":"https:\/\/footdavant.fr\/actualites\/wp-json\/wp\/v2\/posts\/36250\/revisions\/36252"}],"wp:featuredmedia":[{"embeddable":true,"href":"https:\/\/footdavant.fr\/actualites\/wp-json\/wp\/v2\/media\/36251"}],"wp:attachment":[{"href":"https:\/\/footdavant.fr\/actualites\/wp-json\/wp\/v2\/media?parent=36250"}],"wp:term":[{"taxonomy":"category","embeddable":true,"href":"https:\/\/footdavant.fr\/actualites\/wp-json\/wp\/v2\/categories?post=36250"},{"taxonomy":"post_tag","embeddable":true,"href":"https:\/\/footdavant.fr\/actualites\/wp-json\/wp\/v2\/tags?post=36250"}],"curies":[{"name":"wp","href":"https:\/\/api.w.org\/{rel}","templated":true}]}}