{"id":36253,"date":"2026-04-08T16:48:10","date_gmt":"2026-04-08T14:48:10","guid":{"rendered":"https:\/\/footdavant.fr\/actualites\/steve-holland-fixe-un-objectif-exigeant-pour-man-united-avant-le-debut-de-la-saison\/"},"modified":"2026-04-08T16:48:11","modified_gmt":"2026-04-08T14:48:11","slug":"steve-holland-fixe-un-objectif-exigeant-pour-man-united-avant-le-debut-de-la-saison","status":"publish","type":"post","link":"https:\/\/footdavant.fr\/actualites\/steve-holland-fixe-un-objectif-exigeant-pour-man-united-avant-le-debut-de-la-saison\/","title":{"rendered":"Steve Holland fixe un objectif exigeant pour Man United avant le d\u00e9but de la saison \u2013"},"content":{"rendered":"<div id=\"penci-post-entry-inner\">\n<p>\t\t\t<i class=\"penci-post-countview-number-check\" style=\"display:none\">1<\/i><\/p>\n<p><!--Article Start--><br \/>L&#39;entra\u00eeneur de Manchester United, Steve Holland, a lanc\u00e9 un d\u00e9fi audacieux aux joueurs alors que l&#39;\u00e9quipe entre dans la fin de la saison.<\/p>\n<h3>La Ligue des Champions vous attend<\/h3>\n<p>United est fermement sur la bonne voie pour terminer parmi les places de la Ligue des Champions et assurer un retour sensationnel dans la comp\u00e9tition la plus prestigieuse d&#39;Europe.<\/p>\n<p>Les Diables Rouges ont franchi un cap depuis que Michael Carrick a \u00e9t\u00e9 nomm\u00e9 pour remplacer Ruben Amorim en d\u00e9cembre de l&#39;ann\u00e9e derni\u00e8re. Carrick a pris en charge 10 matchs, en remportant sept, en faisant deux nuls et en perdant un. \u00c0 l&#39;heure actuelle, United occupe la troisi\u00e8me place du classement de la Premier League, un point au-dessus d&#39;Aston Villa et six \u00e0 la d\u00e9rive de Manchester City, deuxi\u00e8me.<\/p>\n<p>Avec sept matchs \u00e0 jouer, United a tout entre ses mains pour continuer et atteindre son objectif principal de la campagne.<\/p>\n<p>Cependant, s&#39;adressant aux m\u00e9dias du club lors du camp d&#39;entra\u00eenement en cours \u00e0 Dublin, Holland a mis les joueurs au d\u00e9fi de se battre pour la position la plus \u00e9lev\u00e9e possible, au lieu de se contenter de simplement terminer dans le top quatre.<\/p>\n<p>Arsenal est peut-\u00eatre hors de vue au sommet, mais revenir et peut-\u00eatre d\u00e9passer City est une r\u00e9elle chance. Il semble que ce soit l&#39;objectif de Holland.<\/p>\n<h3>Un d\u00e9fi ambitieux<\/h3>\n<p>Lorsqu&#39;on lui a demand\u00e9 comment s&#39;\u00e9tait d\u00e9roul\u00e9e la premi\u00e8re s\u00e9ance d&#39;entra\u00eenement \u00e0 Dublin, Holland a r\u00e9pondu : \u00ab\u00a0Vraiment bien. C&#39;est agr\u00e9able d&#39;\u00eatre \u00e0 nouveau ensemble, apr\u00e8s avoir pass\u00e9 quelques semaines avec tous les joueurs \u00e0 l&#39;ext\u00e9rieur et repr\u00e9sentant leurs diff\u00e9rents pays. Nous avons un match important \u00e0 disputer, il est donc important de r\u00e9unir \u00e0 nouveau le groupe et de vraiment se concentrer l\u00e0-dessus.\u00a0\u00bb<\/p>\n<p>\u00ab\u00a0Aujourd&#39;hui s&#39;est d\u00e9roul\u00e9 comme on pouvait s&#39;y attendre, une premi\u00e8re journ\u00e9e normale et ils sont tr\u00e8s excit\u00e9s de se retrouver en compagnie l&#39;un de l&#39;autre et la s\u00e9ance d&#39;entra\u00eenement s&#39;est bien d\u00e9roul\u00e9e.\u00a0\u00bb<\/p>\n<p>Concernant les installations, il a r\u00e9pondu : \u00ab\u00a0C&#39;est excellent, les installations h\u00f4teli\u00e8res, et avoir le terrain si proche et le gymnase\u2026 nous sommes ici pour travailler, donc c&#39;est absolument parfait pour ce dont nous avons besoin.\u00a0\u00bb<\/p>\n<p>L&#39;ancien entra\u00eeneur de Chelsea et de l&#39;Angleterre a poursuivi : \u00ab\u00a0Notre dernier match, Bournemouth contre Leeds, est un record de Premier League, je pense, en termes de temps entre les matchs. L&#39;\u00e9cart a donc \u00e9t\u00e9 aussi grand que possible. Je pense que nous avons senti qu&#39;il \u00e9tait important de r\u00e9unir \u00e0 nouveau tout le groupe et de vraiment se concentrer sur une bonne fin de saison.\u00a0\u00bb<\/p>\n<p>\u00ab\u00a0Je pense que c&#39;est vraiment le lieu id\u00e9al pour \u00e7a.\u00a0\u00bb<\/p>\n<p>Concernant la promotion du football en Ligue des Champions, Holland a not\u00e9 : \u00ab\u00a0Oui. Je pense que le langage que nous devrions utiliser en tant que club est de terminer aussi pr\u00e8s que possible du sommet. Je ne sais pas dans quelle mesure cela est possible, mais cela doit toujours \u00eatre le d\u00e9fi : se rapprocher le plus possible du sommet.\u00a0\u00bb<\/p>\n<p>\u00ab\u00a0Nous parlons davantage aux joueurs de la n\u00e9cessit\u00e9 de gagner nos matches, plut\u00f4t que de trop penser \u00e0 ce qui se passe en bas. Mais oui, \u00e9tant donn\u00e9 le contexte, finir aux places de la Ligue des Champions serait une bonne situation pour nous, mais je pense que nous devrions toujours chercher plus que cela.\u00a0\u00bb<\/p>\n<p>United sera le prochain en action le 13 avril lorsqu&#39;il accueillera Leeds United \u00e0 Old Trafford.<\/p>\n<\/p>\n<hr\/>\n<p>The Peoples Person est l&#39;un des principaux sites d&#39;information de Man United au monde depuis plus d&#39;une d\u00e9cennie. Suivez-nous sur Bluesky\u00a0: @peoplesperson.bsky.social<\/p>\n<p><!-- CONTENT END 2 --><\/p><\/div>\n","protected":false},"excerpt":{"rendered":"<p>1 L&#39;entra\u00eeneur de Manchester United, Steve Holland, a lanc\u00e9 un d\u00e9fi audacieux aux joueurs alors que l&#39;\u00e9quipe entre dans la fin de la saison. La<\/p>\n","protected":false},"author":1,"featured_media":36254,"comment_status":"closed","ping_status":"","sticky":false,"template":"","format":"standard","meta":{"footnotes":""},"categories":[3],"tags":[491,481,11812,113,8157,24,1681,51,482,1895,13],"yoast_head":"<!-- This site is optimized with the Yoast SEO plugin v21.0 - https:\/\/yoast.com\/wordpress\/plugins\/seo\/ -->\n<title>Steve Holland fixe un objectif exigeant pour Man United avant le d\u00e9but de la saison \u2013<\/title>\n<meta name=\"robots\" content=\"index, follow, max-snippet:-1, max-image-preview:large, max-video-preview:-1\" \/>\n<link rel=\"canonical\" href=\"https:\/\/footdavant.fr\/actualites\/steve-holland-fixe-un-objectif-exigeant-pour-man-united-avant-le-debut-de-la-saison\/\" \/>\n<meta property=\"og:locale\" content=\"fr_FR\" \/>\n<meta property=\"og:type\" content=\"article\" \/>\n<meta property=\"og:title\" content=\"Steve Holland fixe un objectif exigeant pour Man United avant le d\u00e9but de la saison \u2013\" \/>\n<meta property=\"og:description\" content=\"1 L&#039;entra\u00eeneur de Manchester United, Steve Holland, a lanc\u00e9 un d\u00e9fi audacieux aux joueurs alors que l&#039;\u00e9quipe entre dans la fin de la saison. La\" \/>\n<meta property=\"og:url\" content=\"https:\/\/footdavant.fr\/actualites\/steve-holland-fixe-un-objectif-exigeant-pour-man-united-avant-le-debut-de-la-saison\/\" \/>\n<meta property=\"og:site_name\" content=\"Foot d&#039;avant\" \/>\n<meta property=\"article:publisher\" content=\"https:\/\/www.facebook.com\/Footdavant\/\" \/>\n<meta property=\"article:published_time\" content=\"2026-04-08T14:48:10+00:00\" \/>\n<meta property=\"article:modified_time\" content=\"2026-04-08T14:48:11+00:00\" \/>\n<meta property=\"og:image\" content=\"https:\/\/footdavant.fr\/actualites\/wp-content\/uploads\/2026\/04\/Steve-Holland-fixe-un-objectif-exigeant-pour-Man-United-avant.jpg\" \/>\n\t<meta property=\"og:image:width\" content=\"1600\" \/>\n\t<meta property=\"og:image:height\" content=\"700\" \/>\n\t<meta property=\"og:image:type\" content=\"image\/jpeg\" \/>\n<meta name=\"author\" content=\"Cl\u00e9ment\" \/>\n<meta name=\"twitter:card\" content=\"summary_large_image\" \/>\n<meta name=\"twitter:creator\" content=\"@FootdavantFr\" \/>\n<meta name=\"twitter:site\" content=\"@FootdavantFr\" \/>\n<meta name=\"twitter:label1\" content=\"\u00c9crit par\" \/>\n\t<meta name=\"twitter:data1\" content=\"Cl\u00e9ment\" \/>\n\t<meta name=\"twitter:label2\" content=\"Dur\u00e9e de lecture estim\u00e9e\" \/>\n\t<meta name=\"twitter:data2\" content=\"3 minutes\" \/>\n<script type=\"application\/ld+json\" class=\"yoast-schema-graph\">{\"@context\":\"https:\/\/schema.org\",\"@graph\":[{\"@type\":\"Article\",\"@id\":\"https:\/\/footdavant.fr\/actualites\/steve-holland-fixe-un-objectif-exigeant-pour-man-united-avant-le-debut-de-la-saison\/#article\",\"isPartOf\":{\"@id\":\"https:\/\/footdavant.fr\/actualites\/steve-holland-fixe-un-objectif-exigeant-pour-man-united-avant-le-debut-de-la-saison\/\"},\"author\":{\"name\":\"Cl\u00e9ment\",\"@id\":\"https:\/\/footdavant.fr\/actualites\/#\/schema\/person\/bc222566d95871b37e597b3ed3ba5e1d\"},\"headline\":\"Steve Holland fixe un objectif exigeant pour Man United avant le d\u00e9but de la saison \u2013\",\"datePublished\":\"2026-04-08T14:48:10+00:00\",\"dateModified\":\"2026-04-08T14:48:11+00:00\",\"mainEntityOfPage\":{\"@id\":\"https:\/\/footdavant.fr\/actualites\/steve-holland-fixe-un-objectif-exigeant-pour-man-united-avant-le-debut-de-la-saison\/\"},\"wordCount\":665,\"publisher\":{\"@id\":\"https:\/\/footdavant.fr\/actualites\/#organization\"},\"keywords\":[\"avant\",\"d\u00e9but\",\"exigeant\",\"fixe\",\"Holland\",\"Man\",\"objectif\",\"pour\",\"saison\",\"Steve\",\"United\"],\"articleSection\":[\"Football\"],\"inLanguage\":\"fr-FR\"},{\"@type\":\"WebPage\",\"@id\":\"https:\/\/footdavant.fr\/actualites\/steve-holland-fixe-un-objectif-exigeant-pour-man-united-avant-le-debut-de-la-saison\/\",\"url\":\"https:\/\/footdavant.fr\/actualites\/steve-holland-fixe-un-objectif-exigeant-pour-man-united-avant-le-debut-de-la-saison\/\",\"name\":\"Steve Holland fixe un objectif exigeant pour Man United avant le d\u00e9but de la saison \u2013\",\"isPartOf\":{\"@id\":\"https:\/\/footdavant.fr\/actualites\/#website\"},\"datePublished\":\"2026-04-08T14:48:10+00:00\",\"dateModified\":\"2026-04-08T14:48:11+00:00\",\"breadcrumb\":{\"@id\":\"https:\/\/footdavant.fr\/actualites\/steve-holland-fixe-un-objectif-exigeant-pour-man-united-avant-le-debut-de-la-saison\/#breadcrumb\"},\"inLanguage\":\"fr-FR\",\"potentialAction\":[{\"@type\":\"ReadAction\",\"target\":[\"https:\/\/footdavant.fr\/actualites\/steve-holland-fixe-un-objectif-exigeant-pour-man-united-avant-le-debut-de-la-saison\/\"]}]},{\"@type\":\"BreadcrumbList\",\"@id\":\"https:\/\/footdavant.fr\/actualites\/steve-holland-fixe-un-objectif-exigeant-pour-man-united-avant-le-debut-de-la-saison\/#breadcrumb\",\"itemListElement\":[{\"@type\":\"ListItem\",\"position\":1,\"name\":\"Accueil\",\"item\":\"https:\/\/footdavant.fr\/actualites\/\"},{\"@type\":\"ListItem\",\"position\":2,\"name\":\"Steve Holland fixe un objectif exigeant pour Man United avant le d\u00e9but de la saison \u2013\"}]},{\"@type\":\"WebSite\",\"@id\":\"https:\/\/footdavant.fr\/actualites\/#website\",\"url\":\"https:\/\/footdavant.fr\/actualites\/\",\"name\":\"Foot d'avant\",\"description\":\"\",\"publisher\":{\"@id\":\"https:\/\/footdavant.fr\/actualites\/#organization\"},\"potentialAction\":[{\"@type\":\"SearchAction\",\"target\":{\"@type\":\"EntryPoint\",\"urlTemplate\":\"https:\/\/footdavant.fr\/actualites\/?s={search_term_string}\"},\"query-input\":\"required name=search_term_string\"}],\"inLanguage\":\"fr-FR\"},{\"@type\":\"Organization\",\"@id\":\"https:\/\/footdavant.fr\/actualites\/#organization\",\"name\":\"Foot d'avant\",\"url\":\"https:\/\/footdavant.fr\/actualites\/\",\"logo\":{\"@type\":\"ImageObject\",\"inLanguage\":\"fr-FR\",\"@id\":\"https:\/\/footdavant.fr\/actualites\/#\/schema\/logo\/image\/\",\"url\":\"https:\/\/footdavant.fr\/actualites\/wp-content\/uploads\/2023\/09\/Copy-of-FootDavant-Logo.png\",\"contentUrl\":\"https:\/\/footdavant.fr\/actualites\/wp-content\/uploads\/2023\/09\/Copy-of-FootDavant-Logo.png\",\"width\":936,\"height\":549,\"caption\":\"Foot d'avant\"},\"image\":{\"@id\":\"https:\/\/footdavant.fr\/actualites\/#\/schema\/logo\/image\/\"},\"sameAs\":[\"https:\/\/www.facebook.com\/Footdavant\/\",\"https:\/\/twitter.com\/FootdavantFr\",\"https:\/\/www.instagram.com\/footdavant.fr\/\"]},{\"@type\":\"Person\",\"@id\":\"https:\/\/footdavant.fr\/actualites\/#\/schema\/person\/bc222566d95871b37e597b3ed3ba5e1d\",\"name\":\"Cl\u00e9ment\",\"image\":{\"@type\":\"ImageObject\",\"inLanguage\":\"fr-FR\",\"@id\":\"https:\/\/footdavant.fr\/actualites\/#\/schema\/person\/image\/\",\"url\":\"https:\/\/secure.gravatar.com\/avatar\/7728b29aac2719421e1a9159b2254c44?s=96&d=mm&r=g\",\"contentUrl\":\"https:\/\/secure.gravatar.com\/avatar\/7728b29aac2719421e1a9159b2254c44?s=96&d=mm&r=g\",\"caption\":\"Cl\u00e9ment\"},\"sameAs\":[\"https:\/\/footdavant.fr\/\"]}]}<\/script>\n<!-- \/ Yoast SEO plugin. -->","yoast_head_json":{"title":"Steve Holland fixe un objectif exigeant pour Man United avant le d\u00e9but de la saison \u2013","robots":{"index":"index","follow":"follow","max-snippet":"max-snippet:-1","max-image-preview":"max-image-preview:large","max-video-preview":"max-video-preview:-1"},"canonical":"https:\/\/footdavant.fr\/actualites\/steve-holland-fixe-un-objectif-exigeant-pour-man-united-avant-le-debut-de-la-saison\/","og_locale":"fr_FR","og_type":"article","og_title":"Steve Holland fixe un objectif exigeant pour Man United avant le d\u00e9but de la saison \u2013","og_description":"1 L&#39;entra\u00eeneur de Manchester United, Steve Holland, a lanc\u00e9 un d\u00e9fi audacieux aux joueurs alors que l&#39;\u00e9quipe entre dans la fin de la saison. La","og_url":"https:\/\/footdavant.fr\/actualites\/steve-holland-fixe-un-objectif-exigeant-pour-man-united-avant-le-debut-de-la-saison\/","og_site_name":"Foot d&#039;avant","article_publisher":"https:\/\/www.facebook.com\/Footdavant\/","article_published_time":"2026-04-08T14:48:10+00:00","article_modified_time":"2026-04-08T14:48:11+00:00","og_image":[{"width":1600,"height":700,"url":"https:\/\/footdavant.fr\/actualites\/wp-content\/uploads\/2026\/04\/Steve-Holland-fixe-un-objectif-exigeant-pour-Man-United-avant.jpg","type":"image\/jpeg"}],"author":"Cl\u00e9ment","twitter_card":"summary_large_image","twitter_creator":"@FootdavantFr","twitter_site":"@FootdavantFr","twitter_misc":{"\u00c9crit par":"Cl\u00e9ment","Dur\u00e9e de lecture estim\u00e9e":"3 minutes"},"schema":{"@context":"https:\/\/schema.org","@graph":[{"@type":"Article","@id":"https:\/\/footdavant.fr\/actualites\/steve-holland-fixe-un-objectif-exigeant-pour-man-united-avant-le-debut-de-la-saison\/#article","isPartOf":{"@id":"https:\/\/footdavant.fr\/actualites\/steve-holland-fixe-un-objectif-exigeant-pour-man-united-avant-le-debut-de-la-saison\/"},"author":{"name":"Cl\u00e9ment","@id":"https:\/\/footdavant.fr\/actualites\/#\/schema\/person\/bc222566d95871b37e597b3ed3ba5e1d"},"headline":"Steve Holland fixe un objectif exigeant pour Man United avant le d\u00e9but de la saison \u2013","datePublished":"2026-04-08T14:48:10+00:00","dateModified":"2026-04-08T14:48:11+00:00","mainEntityOfPage":{"@id":"https:\/\/footdavant.fr\/actualites\/steve-holland-fixe-un-objectif-exigeant-pour-man-united-avant-le-debut-de-la-saison\/"},"wordCount":665,"publisher":{"@id":"https:\/\/footdavant.fr\/actualites\/#organization"},"keywords":["avant","d\u00e9but","exigeant","fixe","Holland","Man","objectif","pour","saison","Steve","United"],"articleSection":["Football"],"inLanguage":"fr-FR"},{"@type":"WebPage","@id":"https:\/\/footdavant.fr\/actualites\/steve-holland-fixe-un-objectif-exigeant-pour-man-united-avant-le-debut-de-la-saison\/","url":"https:\/\/footdavant.fr\/actualites\/steve-holland-fixe-un-objectif-exigeant-pour-man-united-avant-le-debut-de-la-saison\/","name":"Steve Holland fixe un objectif exigeant pour Man United avant le d\u00e9but de la saison \u2013","isPartOf":{"@id":"https:\/\/footdavant.fr\/actualites\/#website"},"datePublished":"2026-04-08T14:48:10+00:00","dateModified":"2026-04-08T14:48:11+00:00","breadcrumb":{"@id":"https:\/\/footdavant.fr\/actualites\/steve-holland-fixe-un-objectif-exigeant-pour-man-united-avant-le-debut-de-la-saison\/#breadcrumb"},"inLanguage":"fr-FR","potentialAction":[{"@type":"ReadAction","target":["https:\/\/footdavant.fr\/actualites\/steve-holland-fixe-un-objectif-exigeant-pour-man-united-avant-le-debut-de-la-saison\/"]}]},{"@type":"BreadcrumbList","@id":"https:\/\/footdavant.fr\/actualites\/steve-holland-fixe-un-objectif-exigeant-pour-man-united-avant-le-debut-de-la-saison\/#breadcrumb","itemListElement":[{"@type":"ListItem","position":1,"name":"Accueil","item":"https:\/\/footdavant.fr\/actualites\/"},{"@type":"ListItem","position":2,"name":"Steve Holland fixe un objectif exigeant pour Man United avant le d\u00e9but de la saison \u2013"}]},{"@type":"WebSite","@id":"https:\/\/footdavant.fr\/actualites\/#website","url":"https:\/\/footdavant.fr\/actualites\/","name":"Foot d'avant","description":"","publisher":{"@id":"https:\/\/footdavant.fr\/actualites\/#organization"},"potentialAction":[{"@type":"SearchAction","target":{"@type":"EntryPoint","urlTemplate":"https:\/\/footdavant.fr\/actualites\/?s={search_term_string}"},"query-input":"required name=search_term_string"}],"inLanguage":"fr-FR"},{"@type":"Organization","@id":"https:\/\/footdavant.fr\/actualites\/#organization","name":"Foot d'avant","url":"https:\/\/footdavant.fr\/actualites\/","logo":{"@type":"ImageObject","inLanguage":"fr-FR","@id":"https:\/\/footdavant.fr\/actualites\/#\/schema\/logo\/image\/","url":"https:\/\/footdavant.fr\/actualites\/wp-content\/uploads\/2023\/09\/Copy-of-FootDavant-Logo.png","contentUrl":"https:\/\/footdavant.fr\/actualites\/wp-content\/uploads\/2023\/09\/Copy-of-FootDavant-Logo.png","width":936,"height":549,"caption":"Foot d'avant"},"image":{"@id":"https:\/\/footdavant.fr\/actualites\/#\/schema\/logo\/image\/"},"sameAs":["https:\/\/www.facebook.com\/Footdavant\/","https:\/\/twitter.com\/FootdavantFr","https:\/\/www.instagram.com\/footdavant.fr\/"]},{"@type":"Person","@id":"https:\/\/footdavant.fr\/actualites\/#\/schema\/person\/bc222566d95871b37e597b3ed3ba5e1d","name":"Cl\u00e9ment","image":{"@type":"ImageObject","inLanguage":"fr-FR","@id":"https:\/\/footdavant.fr\/actualites\/#\/schema\/person\/image\/","url":"https:\/\/secure.gravatar.com\/avatar\/7728b29aac2719421e1a9159b2254c44?s=96&d=mm&r=g","contentUrl":"https:\/\/secure.gravatar.com\/avatar\/7728b29aac2719421e1a9159b2254c44?s=96&d=mm&r=g","caption":"Cl\u00e9ment"},"sameAs":["https:\/\/footdavant.fr\/"]}]}},"_links":{"self":[{"href":"https:\/\/footdavant.fr\/actualites\/wp-json\/wp\/v2\/posts\/36253"}],"collection":[{"href":"https:\/\/footdavant.fr\/actualites\/wp-json\/wp\/v2\/posts"}],"about":[{"href":"https:\/\/footdavant.fr\/actualites\/wp-json\/wp\/v2\/types\/post"}],"author":[{"embeddable":true,"href":"https:\/\/footdavant.fr\/actualites\/wp-json\/wp\/v2\/users\/1"}],"replies":[{"embeddable":true,"href":"https:\/\/footdavant.fr\/actualites\/wp-json\/wp\/v2\/comments?post=36253"}],"version-history":[{"count":1,"href":"https:\/\/footdavant.fr\/actualites\/wp-json\/wp\/v2\/posts\/36253\/revisions"}],"predecessor-version":[{"id":36255,"href":"https:\/\/footdavant.fr\/actualites\/wp-json\/wp\/v2\/posts\/36253\/revisions\/36255"}],"wp:featuredmedia":[{"embeddable":true,"href":"https:\/\/footdavant.fr\/actualites\/wp-json\/wp\/v2\/media\/36254"}],"wp:attachment":[{"href":"https:\/\/footdavant.fr\/actualites\/wp-json\/wp\/v2\/media?parent=36253"}],"wp:term":[{"taxonomy":"category","embeddable":true,"href":"https:\/\/footdavant.fr\/actualites\/wp-json\/wp\/v2\/categories?post=36253"},{"taxonomy":"post_tag","embeddable":true,"href":"https:\/\/footdavant.fr\/actualites\/wp-json\/wp\/v2\/tags?post=36253"}],"curies":[{"name":"wp","href":"https:\/\/api.w.org\/{rel}","templated":true}]}}