{"id":36277,"date":"2026-04-09T08:48:13","date_gmt":"2026-04-09T06:48:13","guid":{"rendered":"https:\/\/footdavant.fr\/actualites\/a-quoi-sert-le-var\/"},"modified":"2026-04-09T08:48:15","modified_gmt":"2026-04-09T06:48:15","slug":"a-quoi-sert-le-var","status":"publish","type":"post","link":"https:\/\/footdavant.fr\/actualites\/a-quoi-sert-le-var\/","title":{"rendered":"\u00ab\u00a0A quoi sert le VAR\u00a0?\u00a0\u00bb"},"content":{"rendered":"<div>\n<p>L&#39;entra\u00eeneur de Barcelone, Hansi Flick, \u00e9tait furieux que son \u00e9quipe n&#39;ait pas obtenu de penalty alors qu&#39;elle perdait 2-0 contre l&#39;Atletico Madrid en Ligue des champions.<\/p>\n<p>Le d\u00e9fenseur Pau Cubarsi a \u00e9t\u00e9 expuls\u00e9 \u00e0 la 44e minute pour avoir fait tr\u00e9bucher Giuliano Simeone, Julian Alvarez marquant un beau coup franc pour donner l&#39;avantage \u00e0 l&#39;Atletico.<\/p>\n<p>Le Bar\u00e7a \u00e9tait excellent avec 10 hommes et aurait d\u00fb \u00e9galiser avant qu&#39;Alexander Sorloth ne fasse une seconde vol\u00e9e.<\/p>\n<p>Et Flick a estim\u00e9 que son \u00e9quipe aurait d\u00fb avoir un penalty lorsque le d\u00e9fenseur de l&#39;Atletico Marc Pubill a bizarrement r\u00e9cup\u00e9r\u00e9 le ballon lorsque le gardien Juan Musso le lui a pass\u00e9.<\/p>\n<p>Au lieu de cela, l\u2019arbitre a autoris\u00e9 la reprise du coup de pied de but.<\/p>\n<p>\u00ab\u00a0Je ne sais pas pourquoi VAR n&#39;est pas intervenu\u00a0\u00bb, a d\u00e9clar\u00e9 Flick.<\/p>\n<p>\u00ab\u00a0L&#39;arbitre est allemand, et je pense que c&#39;est incroyable. Nous faisons tous des erreurs, mais \u00e0 quoi sert le VAR ?<\/p>\n<p>\u00ab\u00a0Je ne comprends pas. Cela aurait d\u00fb \u00eatre un penalty, un deuxi\u00e8me carton jaune et un rouge. C&#39;est inacceptable.\u00a0\u00bb<\/p>\n<figure class=\"wp-block-embed is-type-rich is-provider-twitter wp-block-embed-twitter\">\n<div class=\"wp-block-embed__wrapper\">\n<blockquote class=\"twitter-tweet\" data-width=\"500\" data-dnt=\"true\">\n<p lang=\"en\" dir=\"ltr\">\u00ab\u00a0Ils m\u00e9ritaient un carton rouge\u2026 c&#39;est clair.\u00a0\u00bb \ud83d\ude24<\/p>\n<p>L&#39;entra\u00eeneur de Barcelone, Hansi Flick, pensait que Marc Pubill de l&#39;Atl\u00e9tico aurait d\u00fb recevoir un carton rouge apr\u00e8s l&#39;incident de manipulation dans la surface \ud83d\udde3\ufe0f <a rel=\"nofollow\" href=\"https:\/\/t.co\/nGI5aevn73\" rel=\"nofollow\">pic.twitter.com\/nGI5aevn73<\/a><\/p>\n<p>\u2013 CBS Sports Golazo \u26bd\ufe0f (@CBSSportsGolazo) <a rel=\"nofollow\" href=\"https:\/\/twitter.com\/CBSSportsGolazo\/status\/2041991597869416538?ref_src=twsrc%5Etfw\" rel=\"nofollow noopener\">8 avril 2026<\/a><\/p><\/blockquote>\n<\/div>\n<\/figure>\n<p>Barcelone a tent\u00e9 de se rallier apr\u00e8s la pause, mais a eu du mal \u00e0 briser l&#39;Atletico, qui s&#39;en est tenu rigidement \u00e0 son plan de jeu disciplin\u00e9. Les visiteurs ont doubl\u00e9 leur avance \u00e0 la 70e minute lorsque Matteo Ruggeri \u2060 s&#39;est associ\u00e9 au rempla\u00e7ant Sorloth pour terminer cliniquement.<\/p>\n<p>L&#39;Atletico a confortablement vu les derni\u00e8res minutes pour prendre un avantage d\u00e9cisif lors du match retour. C&#39;\u00e9tait leur premi\u00e8re victoire au Camp Nou depuis 20 ans et une premi\u00e8re l\u00e0-bas sous Diego Simeone.<\/p>\n<p>\u00ab\u00a0Bien s\u00fbr, nous avons perdu 0-2, mais nous avons eu de tr\u00e8s bonnes occasions et ils ont tr\u00e8s bien jou\u00e9\u00a0\u00bb, a d\u00e9clar\u00e9 Flick. \u00ab Nous n&#39;allons pas abandonner.<\/p>\n<p>\u00ab\u00a0Nous croyons en nous car nous avons tr\u00e8s bien jou\u00e9 en deuxi\u00e8me mi-temps avec un joueur de moins. Ils ont \u00e9galement tr\u00e8s bien jou\u00e9, ils ont de la qualit\u00e9 devant. La v\u00e9rit\u00e9 est que ce n&#39;\u00e9tait pas facile de d\u00e9fendre contre eux, mais nous avons eu des chances de gagner ce match.\u00a0\u00bb<\/p>\n<figure class=\"wp-block-embed is-type-rich is-provider-twitter wp-block-embed-twitter\"\/>\n<p>Simeone, qui a emmen\u00e9 l&#39;Atletico \u00e0 deux reprises en finale de la Ligue des champions, a f\u00e9licit\u00e9 son \u00e9quipe mais a d\u00e9clar\u00e9 que le travail n&#39;\u00e9tait pas termin\u00e9.<\/p>\n<p>\u00ab\u00a0Je suis rarement heureux ; je trouve toujours quelque chose qui m&#39;emp\u00eache d&#39;appr\u00e9cier ce que nous faisons\u00a0\u00bb, a d\u00e9clar\u00e9 Simeone.<\/p>\n<p>\u00ab\u00a0Je me mets \u00e0 leur place et je sais \u00e0 quel point il est difficile de jouer ici. L&#39;\u00e9quipe a explor\u00e9 toutes les pistes, en se concentrant sur l&#39;esprit de d\u00e9cision, qui nous manque parfois, mais aujourd&#39;hui nous avons \u00e9t\u00e9 100% cliniques.<\/p>\n<p>\u00ab\u00a0Nous n&#39;avions jamais gagn\u00e9 sur ce terrain auparavant. C&#39;est tr\u00e8s difficile de jouer contre une \u00e9quipe qui joue sans doute le meilleur football d&#39;Europe, avec le PSG et le Bayern.<\/p>\n<p>\u00ab\u00a0Je pourrais vous raconter mille histoires de matchs o\u00f9 nous avons tir\u00e9 30 fois et n&#39;avons pas marqu\u00e9. Le football est merveilleux parce que la finition clinique est la cl\u00e9. Nous avons \u00e9t\u00e9 extr\u00eamement cliniques certains soirs, et d&#39;autres non.\u00a0\u00bb<\/p>\n<\/p><\/div>\n<p><script async src=\"https:\/\/platform.twitter.com\/widgets.js\" charset=\"utf-8\"><\/script><\/p>\n","protected":false},"excerpt":{"rendered":"<p>L&#39;entra\u00eeneur de Barcelone, Hansi Flick, \u00e9tait furieux que son \u00e9quipe n&#39;ait pas obtenu de penalty alors qu&#39;elle perdait 2-0 contre l&#39;Atletico Madrid en Ligue des<\/p>\n","protected":false},"author":1,"featured_media":36278,"comment_status":"closed","ping_status":"","sticky":false,"template":"","format":"standard","meta":{"footnotes":""},"categories":[3],"tags":[1563,11818,748],"yoast_head":"<!-- This site is optimized with the Yoast SEO plugin v21.0 - https:\/\/yoast.com\/wordpress\/plugins\/seo\/ -->\n<title>\u00ab\u00a0A quoi sert le VAR\u00a0?\u00a0\u00bb<\/title>\n<meta name=\"robots\" content=\"index, follow, max-snippet:-1, max-image-preview:large, max-video-preview:-1\" \/>\n<link rel=\"canonical\" href=\"https:\/\/footdavant.fr\/actualites\/a-quoi-sert-le-var\/\" \/>\n<meta property=\"og:locale\" content=\"fr_FR\" \/>\n<meta property=\"og:type\" content=\"article\" \/>\n<meta property=\"og:title\" content=\"\u00ab\u00a0A quoi sert le VAR\u00a0?\u00a0\u00bb\" \/>\n<meta property=\"og:description\" content=\"L&#039;entra\u00eeneur de Barcelone, Hansi Flick, \u00e9tait furieux que son \u00e9quipe n&#039;ait pas obtenu de penalty alors qu&#039;elle perdait 2-0 contre l&#039;Atletico Madrid en Ligue des\" \/>\n<meta property=\"og:url\" content=\"https:\/\/footdavant.fr\/actualites\/a-quoi-sert-le-var\/\" \/>\n<meta property=\"og:site_name\" content=\"Foot d&#039;avant\" \/>\n<meta property=\"article:publisher\" content=\"https:\/\/www.facebook.com\/Footdavant\/\" \/>\n<meta property=\"article:published_time\" content=\"2026-04-09T06:48:13+00:00\" \/>\n<meta property=\"article:modified_time\" content=\"2026-04-09T06:48:15+00:00\" \/>\n<meta property=\"og:image\" content=\"https:\/\/footdavant.fr\/actualites\/wp-content\/uploads\/2026\/04\/A-quoi-sert-le-VAR.jpg\" \/>\n\t<meta property=\"og:image:width\" content=\"1200\" \/>\n\t<meta property=\"og:image:height\" content=\"675\" \/>\n\t<meta property=\"og:image:type\" content=\"image\/jpeg\" \/>\n<meta name=\"author\" content=\"Cl\u00e9ment\" \/>\n<meta name=\"twitter:card\" content=\"summary_large_image\" \/>\n<meta name=\"twitter:creator\" content=\"@FootdavantFr\" \/>\n<meta name=\"twitter:site\" content=\"@FootdavantFr\" \/>\n<meta name=\"twitter:label1\" content=\"\u00c9crit par\" \/>\n\t<meta name=\"twitter:data1\" content=\"Cl\u00e9ment\" \/>\n\t<meta name=\"twitter:label2\" content=\"Dur\u00e9e de lecture estim\u00e9e\" \/>\n\t<meta name=\"twitter:data2\" content=\"3 minutes\" \/>\n<script type=\"application\/ld+json\" class=\"yoast-schema-graph\">{\"@context\":\"https:\/\/schema.org\",\"@graph\":[{\"@type\":\"Article\",\"@id\":\"https:\/\/footdavant.fr\/actualites\/a-quoi-sert-le-var\/#article\",\"isPartOf\":{\"@id\":\"https:\/\/footdavant.fr\/actualites\/a-quoi-sert-le-var\/\"},\"author\":{\"name\":\"Cl\u00e9ment\",\"@id\":\"https:\/\/footdavant.fr\/actualites\/#\/schema\/person\/bc222566d95871b37e597b3ed3ba5e1d\"},\"headline\":\"\u00ab\u00a0A quoi sert le VAR\u00a0?\u00a0\u00bb\",\"datePublished\":\"2026-04-09T06:48:13+00:00\",\"dateModified\":\"2026-04-09T06:48:15+00:00\",\"mainEntityOfPage\":{\"@id\":\"https:\/\/footdavant.fr\/actualites\/a-quoi-sert-le-var\/\"},\"wordCount\":600,\"publisher\":{\"@id\":\"https:\/\/footdavant.fr\/actualites\/#organization\"},\"keywords\":[\"quoi\",\"sert\",\"VAR\"],\"articleSection\":[\"Football\"],\"inLanguage\":\"fr-FR\"},{\"@type\":\"WebPage\",\"@id\":\"https:\/\/footdavant.fr\/actualites\/a-quoi-sert-le-var\/\",\"url\":\"https:\/\/footdavant.fr\/actualites\/a-quoi-sert-le-var\/\",\"name\":\"\u00ab\u00a0A quoi sert le VAR\u00a0?\u00a0\u00bb\",\"isPartOf\":{\"@id\":\"https:\/\/footdavant.fr\/actualites\/#website\"},\"datePublished\":\"2026-04-09T06:48:13+00:00\",\"dateModified\":\"2026-04-09T06:48:15+00:00\",\"breadcrumb\":{\"@id\":\"https:\/\/footdavant.fr\/actualites\/a-quoi-sert-le-var\/#breadcrumb\"},\"inLanguage\":\"fr-FR\",\"potentialAction\":[{\"@type\":\"ReadAction\",\"target\":[\"https:\/\/footdavant.fr\/actualites\/a-quoi-sert-le-var\/\"]}]},{\"@type\":\"BreadcrumbList\",\"@id\":\"https:\/\/footdavant.fr\/actualites\/a-quoi-sert-le-var\/#breadcrumb\",\"itemListElement\":[{\"@type\":\"ListItem\",\"position\":1,\"name\":\"Accueil\",\"item\":\"https:\/\/footdavant.fr\/actualites\/\"},{\"@type\":\"ListItem\",\"position\":2,\"name\":\"\u00ab\u00a0A quoi sert le VAR\u00a0?\u00a0\u00bb\"}]},{\"@type\":\"WebSite\",\"@id\":\"https:\/\/footdavant.fr\/actualites\/#website\",\"url\":\"https:\/\/footdavant.fr\/actualites\/\",\"name\":\"Foot d'avant\",\"description\":\"\",\"publisher\":{\"@id\":\"https:\/\/footdavant.fr\/actualites\/#organization\"},\"potentialAction\":[{\"@type\":\"SearchAction\",\"target\":{\"@type\":\"EntryPoint\",\"urlTemplate\":\"https:\/\/footdavant.fr\/actualites\/?s={search_term_string}\"},\"query-input\":\"required name=search_term_string\"}],\"inLanguage\":\"fr-FR\"},{\"@type\":\"Organization\",\"@id\":\"https:\/\/footdavant.fr\/actualites\/#organization\",\"name\":\"Foot d'avant\",\"url\":\"https:\/\/footdavant.fr\/actualites\/\",\"logo\":{\"@type\":\"ImageObject\",\"inLanguage\":\"fr-FR\",\"@id\":\"https:\/\/footdavant.fr\/actualites\/#\/schema\/logo\/image\/\",\"url\":\"https:\/\/footdavant.fr\/actualites\/wp-content\/uploads\/2023\/09\/Copy-of-FootDavant-Logo.png\",\"contentUrl\":\"https:\/\/footdavant.fr\/actualites\/wp-content\/uploads\/2023\/09\/Copy-of-FootDavant-Logo.png\",\"width\":936,\"height\":549,\"caption\":\"Foot d'avant\"},\"image\":{\"@id\":\"https:\/\/footdavant.fr\/actualites\/#\/schema\/logo\/image\/\"},\"sameAs\":[\"https:\/\/www.facebook.com\/Footdavant\/\",\"https:\/\/twitter.com\/FootdavantFr\",\"https:\/\/www.instagram.com\/footdavant.fr\/\"]},{\"@type\":\"Person\",\"@id\":\"https:\/\/footdavant.fr\/actualites\/#\/schema\/person\/bc222566d95871b37e597b3ed3ba5e1d\",\"name\":\"Cl\u00e9ment\",\"image\":{\"@type\":\"ImageObject\",\"inLanguage\":\"fr-FR\",\"@id\":\"https:\/\/footdavant.fr\/actualites\/#\/schema\/person\/image\/\",\"url\":\"https:\/\/secure.gravatar.com\/avatar\/7728b29aac2719421e1a9159b2254c44?s=96&d=mm&r=g\",\"contentUrl\":\"https:\/\/secure.gravatar.com\/avatar\/7728b29aac2719421e1a9159b2254c44?s=96&d=mm&r=g\",\"caption\":\"Cl\u00e9ment\"},\"sameAs\":[\"https:\/\/footdavant.fr\/\"]}]}<\/script>\n<!-- \/ Yoast SEO plugin. -->","yoast_head_json":{"title":"\u00ab\u00a0A quoi sert le VAR\u00a0?\u00a0\u00bb","robots":{"index":"index","follow":"follow","max-snippet":"max-snippet:-1","max-image-preview":"max-image-preview:large","max-video-preview":"max-video-preview:-1"},"canonical":"https:\/\/footdavant.fr\/actualites\/a-quoi-sert-le-var\/","og_locale":"fr_FR","og_type":"article","og_title":"\u00ab\u00a0A quoi sert le VAR\u00a0?\u00a0\u00bb","og_description":"L&#39;entra\u00eeneur de Barcelone, Hansi Flick, \u00e9tait furieux que son \u00e9quipe n&#39;ait pas obtenu de penalty alors qu&#39;elle perdait 2-0 contre l&#39;Atletico Madrid en Ligue des","og_url":"https:\/\/footdavant.fr\/actualites\/a-quoi-sert-le-var\/","og_site_name":"Foot d&#039;avant","article_publisher":"https:\/\/www.facebook.com\/Footdavant\/","article_published_time":"2026-04-09T06:48:13+00:00","article_modified_time":"2026-04-09T06:48:15+00:00","og_image":[{"width":1200,"height":675,"url":"https:\/\/footdavant.fr\/actualites\/wp-content\/uploads\/2026\/04\/A-quoi-sert-le-VAR.jpg","type":"image\/jpeg"}],"author":"Cl\u00e9ment","twitter_card":"summary_large_image","twitter_creator":"@FootdavantFr","twitter_site":"@FootdavantFr","twitter_misc":{"\u00c9crit par":"Cl\u00e9ment","Dur\u00e9e de lecture estim\u00e9e":"3 minutes"},"schema":{"@context":"https:\/\/schema.org","@graph":[{"@type":"Article","@id":"https:\/\/footdavant.fr\/actualites\/a-quoi-sert-le-var\/#article","isPartOf":{"@id":"https:\/\/footdavant.fr\/actualites\/a-quoi-sert-le-var\/"},"author":{"name":"Cl\u00e9ment","@id":"https:\/\/footdavant.fr\/actualites\/#\/schema\/person\/bc222566d95871b37e597b3ed3ba5e1d"},"headline":"\u00ab\u00a0A quoi sert le VAR\u00a0?\u00a0\u00bb","datePublished":"2026-04-09T06:48:13+00:00","dateModified":"2026-04-09T06:48:15+00:00","mainEntityOfPage":{"@id":"https:\/\/footdavant.fr\/actualites\/a-quoi-sert-le-var\/"},"wordCount":600,"publisher":{"@id":"https:\/\/footdavant.fr\/actualites\/#organization"},"keywords":["quoi","sert","VAR"],"articleSection":["Football"],"inLanguage":"fr-FR"},{"@type":"WebPage","@id":"https:\/\/footdavant.fr\/actualites\/a-quoi-sert-le-var\/","url":"https:\/\/footdavant.fr\/actualites\/a-quoi-sert-le-var\/","name":"\u00ab\u00a0A quoi sert le VAR\u00a0?\u00a0\u00bb","isPartOf":{"@id":"https:\/\/footdavant.fr\/actualites\/#website"},"datePublished":"2026-04-09T06:48:13+00:00","dateModified":"2026-04-09T06:48:15+00:00","breadcrumb":{"@id":"https:\/\/footdavant.fr\/actualites\/a-quoi-sert-le-var\/#breadcrumb"},"inLanguage":"fr-FR","potentialAction":[{"@type":"ReadAction","target":["https:\/\/footdavant.fr\/actualites\/a-quoi-sert-le-var\/"]}]},{"@type":"BreadcrumbList","@id":"https:\/\/footdavant.fr\/actualites\/a-quoi-sert-le-var\/#breadcrumb","itemListElement":[{"@type":"ListItem","position":1,"name":"Accueil","item":"https:\/\/footdavant.fr\/actualites\/"},{"@type":"ListItem","position":2,"name":"\u00ab\u00a0A quoi sert le VAR\u00a0?\u00a0\u00bb"}]},{"@type":"WebSite","@id":"https:\/\/footdavant.fr\/actualites\/#website","url":"https:\/\/footdavant.fr\/actualites\/","name":"Foot d'avant","description":"","publisher":{"@id":"https:\/\/footdavant.fr\/actualites\/#organization"},"potentialAction":[{"@type":"SearchAction","target":{"@type":"EntryPoint","urlTemplate":"https:\/\/footdavant.fr\/actualites\/?s={search_term_string}"},"query-input":"required name=search_term_string"}],"inLanguage":"fr-FR"},{"@type":"Organization","@id":"https:\/\/footdavant.fr\/actualites\/#organization","name":"Foot d'avant","url":"https:\/\/footdavant.fr\/actualites\/","logo":{"@type":"ImageObject","inLanguage":"fr-FR","@id":"https:\/\/footdavant.fr\/actualites\/#\/schema\/logo\/image\/","url":"https:\/\/footdavant.fr\/actualites\/wp-content\/uploads\/2023\/09\/Copy-of-FootDavant-Logo.png","contentUrl":"https:\/\/footdavant.fr\/actualites\/wp-content\/uploads\/2023\/09\/Copy-of-FootDavant-Logo.png","width":936,"height":549,"caption":"Foot d'avant"},"image":{"@id":"https:\/\/footdavant.fr\/actualites\/#\/schema\/logo\/image\/"},"sameAs":["https:\/\/www.facebook.com\/Footdavant\/","https:\/\/twitter.com\/FootdavantFr","https:\/\/www.instagram.com\/footdavant.fr\/"]},{"@type":"Person","@id":"https:\/\/footdavant.fr\/actualites\/#\/schema\/person\/bc222566d95871b37e597b3ed3ba5e1d","name":"Cl\u00e9ment","image":{"@type":"ImageObject","inLanguage":"fr-FR","@id":"https:\/\/footdavant.fr\/actualites\/#\/schema\/person\/image\/","url":"https:\/\/secure.gravatar.com\/avatar\/7728b29aac2719421e1a9159b2254c44?s=96&d=mm&r=g","contentUrl":"https:\/\/secure.gravatar.com\/avatar\/7728b29aac2719421e1a9159b2254c44?s=96&d=mm&r=g","caption":"Cl\u00e9ment"},"sameAs":["https:\/\/footdavant.fr\/"]}]}},"_links":{"self":[{"href":"https:\/\/footdavant.fr\/actualites\/wp-json\/wp\/v2\/posts\/36277"}],"collection":[{"href":"https:\/\/footdavant.fr\/actualites\/wp-json\/wp\/v2\/posts"}],"about":[{"href":"https:\/\/footdavant.fr\/actualites\/wp-json\/wp\/v2\/types\/post"}],"author":[{"embeddable":true,"href":"https:\/\/footdavant.fr\/actualites\/wp-json\/wp\/v2\/users\/1"}],"replies":[{"embeddable":true,"href":"https:\/\/footdavant.fr\/actualites\/wp-json\/wp\/v2\/comments?post=36277"}],"version-history":[{"count":1,"href":"https:\/\/footdavant.fr\/actualites\/wp-json\/wp\/v2\/posts\/36277\/revisions"}],"predecessor-version":[{"id":36279,"href":"https:\/\/footdavant.fr\/actualites\/wp-json\/wp\/v2\/posts\/36277\/revisions\/36279"}],"wp:featuredmedia":[{"embeddable":true,"href":"https:\/\/footdavant.fr\/actualites\/wp-json\/wp\/v2\/media\/36278"}],"wp:attachment":[{"href":"https:\/\/footdavant.fr\/actualites\/wp-json\/wp\/v2\/media?parent=36277"}],"wp:term":[{"taxonomy":"category","embeddable":true,"href":"https:\/\/footdavant.fr\/actualites\/wp-json\/wp\/v2\/categories?post=36277"},{"taxonomy":"post_tag","embeddable":true,"href":"https:\/\/footdavant.fr\/actualites\/wp-json\/wp\/v2\/tags?post=36277"}],"curies":[{"name":"wp","href":"https:\/\/api.w.org\/{rel}","templated":true}]}}