{"id":36296,"date":"2026-04-09T22:48:07","date_gmt":"2026-04-09T20:48:07","guid":{"rendered":"https:\/\/footdavant.fr\/actualites\/nouvelles-du-transfert-de-liverpool-les-reds-tiennent-des-pourparlers-avec-un-objectif-estival-de-milieu-de-terrain-de-55-millions-de-livres-sterling-fortement-lie-a-man-utd\/"},"modified":"2026-04-09T22:48:10","modified_gmt":"2026-04-09T20:48:10","slug":"nouvelles-du-transfert-de-liverpool-les-reds-tiennent-des-pourparlers-avec-un-objectif-estival-de-milieu-de-terrain-de-55-millions-de-livres-sterling-fortement-lie-a-man-utd","status":"publish","type":"post","link":"https:\/\/footdavant.fr\/actualites\/nouvelles-du-transfert-de-liverpool-les-reds-tiennent-des-pourparlers-avec-un-objectif-estival-de-milieu-de-terrain-de-55-millions-de-livres-sterling-fortement-lie-a-man-utd\/","title":{"rendered":"Nouvelles du transfert de Liverpool: les Reds tiennent des \u00ab pourparlers \u00bb avec un objectif estival de milieu de terrain de 55 millions de livres sterling fortement li\u00e9 \u00e0 Man Utd"},"content":{"rendered":"<div id=\"\">&#13;<\/p>\n<p data-end=\"258\" data-start=\"108\">Liverpool pr\u00e9pare d\u00e9j\u00e0 le terrain pour un \u00e9t\u00e9 charg\u00e9, les renforts au milieu de terrain apparaissant d\u00e9sormais comme une priorit\u00e9 avant un \u00e9ventuel rafra\u00eechissement de l\u2019\u00e9quipe.<\/p>\n<p>&#13;<br \/>\n&#13;<\/p>\n<p data-end=\"400\" data-start=\"260\">L&#39;incertitude autour des joueurs cl\u00e9s et la forme fluctuante au milieu du parc ont incit\u00e9 le club \u00e0 explorer des options plus jeunes et \u00e0 fort potentiel.<\/p>\n<p>&#13;<br \/>\n&#13;<\/p>\n<p data-end=\"516\" data-start=\"402\">Aujourd\u2019hui, un talent \u00e9mergent de la Premier League est d\u00e9sormais au centre de l\u2019attention, suscitant l\u2019int\u00e9r\u00eat de plusieurs rivaux de haut niveau.<\/p>\n<p>&#13;<br \/>\n&#13;<\/p>\n<h2 data-end=\"516\" data-start=\"402\">Liverpool s\u2019entretient avec Mateus Fernandes, cible de Man Utd<\/h2>\n<p>&#13;<br \/>\n&#13;<\/p>\n<div>\n<div>\n<p>\u00a9 Iconsport \/ PA Images<\/p>\n<\/div>\n<\/div>\n<p>&#13;<br \/>\n&#13;<\/p>\n<p data-end=\"780\" data-start=\"586\">Les rapports sugg\u00e8rent que Liverpool a eu des \u00ab discussions \u00bb initiales sur un transfert potentiel de Mateus Fernandes, avec une \u00ab r\u00e9union \u00bb ayant lieu via ses repr\u00e9sentants \u00e0 Gestifute.<\/p>\n<p>&#13;<br \/>\n&#13;<\/p>\n<p data-end=\"946\" data-start=\"782\">Le joueur de 21 ans, actuellement impressionnant \u00e0 West Ham United, est devenu l&#39;un des jeunes milieux de terrain les plus excitants de la ligue cette saison.<\/p>\n<p>&#13;<br \/>\n&#13;<\/p>\n<p data-end=\"1228\" data-start=\"948\">Les Reds seraient les plus int\u00e9ress\u00e9s \u00e0 ce stade, ayant d\u00e9j\u00e0 sond\u00e9 les conditions d\u2019un \u00e9ventuel accord. Pendant ce temps, Manchester United a \u00e9galement \u00e9t\u00e9 fortement li\u00e9 \u00e0 une d\u00e9cision de la star des Irons.<\/p>\n<p>&#13;<br \/>\n&#13;<\/p>\n<p data-end=\"1419\" data-start=\"1230\">D&#39;autres clubs, dont Arsenal et Manchester City, gardent un \u0153il sur Fernandes, soulignant la concurrence croissante pour sa signature.<\/p>\n<p>&#13;<br \/>\n&#13;<\/p>\n<h2 data-end=\"1419\" data-start=\"1230\">Le prix demand\u00e9 par Mateus Fernandes r\u00e9v\u00e9l\u00e9 au milieu de l\u2019int\u00e9r\u00eat de Liverpool et de Man Utd<\/h2>\n<p>&#13;<br \/>\n&#13;<\/p>\n<div>\n<div><img decoding=\"async\" data-img-id=\"159036\" class=\"lazy\" loading=\"lazy\" src=\"https:\/\/footdavant.fr\/actualites\/wp-content\/uploads\/2026\/04\/1775767686_500_Nouvelles-du-transfert-de-Liverpool-les-Reds-tiennent-des.webp\"\/><\/p>\n<p>\u00a9 Iconsport \/ PA Images<\/p>\n<\/div>\n<\/div>\n<p>&#13;<br \/>\n&#13;<\/p>\n<p data-end=\"1682\" data-start=\"1506\">West Ham est r\u00e9ticent \u00e0 se s\u00e9parer de Mateus Fernandes, mais devrait accepter des offres de l&#39;ordre de 55 millions de livres sterling cet \u00e9t\u00e9, selon le rapport.<\/p>\n<p>&#13;<br \/>\n&#13;<\/p>\n<p data-end=\"1828\" data-start=\"1684\">Les Hammers seraient r\u00e9alistes quant \u00e0 leur situation, compte tenu notamment de l\u2019ascension rapide de Fernandes et du niveau d\u2019int\u00e9r\u00eat des clubs d\u2019\u00e9lite.<\/p>\n<p>&#13;<br \/>\n&#13;<\/p>\n<p data-end=\"1989\" data-start=\"1830\">A seulement 21 ans, le milieu de terrain portugais est consid\u00e9r\u00e9 comme un investissement \u00e0 long terme, sa valorisation refl\u00e9tant \u00e0 la fois ses performances actuelles et son potentiel futur.<\/p>\n<p>&#13;<br \/>\n&#13;<\/p>\n<h2 data-end=\"1989\" data-start=\"1830\">Qu&#39;apporterait Mateus Fernandes \u00e0 Anfield ?<\/h2>\n<p>&#13;<br \/>\n&#13;<\/p>\n<div>\n<div><img decoding=\"async\" data-img-id=\"155446\" class=\"lazy\" loading=\"lazy\" src=\"https:\/\/footdavant.fr\/actualites\/wp-content\/uploads\/2025\/12\/1765385294_130_Brighton-1-1-West-Ham-faits-saillants-homme-du-match-statistiques.webp\"\/><\/p>\n<p>\u00a9 Imago \/ Visionhaus<\/p>\n<\/div>\n<\/div>\n<p>&#13;<br \/>\n&#13;<\/p>\n<p data-end=\"2196\" data-start=\"2047\">Pour Liverpool, Fernandes pourrait repr\u00e9senter un ajout dynamique et avant-gardiste au milieu de terrain.<\/p>\n<p>&#13;<br \/>\n&#13;<\/p>\n<p data-end=\"2530\" data-start=\"2198\">\u00c9nergique, techniquement pointu et capable de diriger le jeu au milieu, Fernandes offre un m\u00e9lange de capacit\u00e9 de port de balle et de rythme de travail d\u00e9fensif qui convient au style de haute intensit\u00e9 d&#39;Arne Slot.<\/p>\n<p>&#13;<br \/>\n&#13;<\/p>\n<p data-end=\"2530\" data-start=\"2198\">Il est \u00e0 l\u2019aise pour faire progresser le ballon sous pression et a fait preuve de maturit\u00e9 au-del\u00e0 de ses ann\u00e9es dans un environnement exigeant de Premier League.<\/p>\n<p>&#13;<br \/>\n&#13;<\/p>\n<p data-end=\"2730\" data-start=\"2532\">S&#39;il existe une v\u00e9ritable incertitude autour du r\u00f4le \u00e0 long terme d&#39;Alexis Mac Allister \u00e0 Anfield, alors Fernandes pourrait constituer une alternative naturelle ou m\u00eame devenir une figure cl\u00e9 \u00e0 ses c\u00f4t\u00e9s.<\/p>\n<p>&#13;<br \/>\n&#13;<\/p>\n<p data-end=\"2971\" data-is-last-node=\"\" data-is-only-node=\"\" data-start=\"2732\">La plus grande question est de savoir s\u2019il sera une n\u00e9cessit\u00e9 cet \u00e9t\u00e9.<\/p>\n<p>&#13;<br \/>\n&#13;<\/p>\n<p data-end=\"2971\" data-is-last-node=\"\" data-is-only-node=\"\" data-start=\"2732\">Liverpool poss\u00e8de d\u00e9j\u00e0 de solides options de milieu de terrain et a sans doute de plus grands besoins en d\u00e9fense et \u00e0 l&#39;ext\u00e9rieur, mais l&#39;\u00e2ge et le plafond de Fernandes en font une opportunit\u00e9 de transfert attrayante, et qui pourrait non seulement assurer la p\u00e9rennit\u00e9 de l&#39;\u00e9quipe, mais \u00e9galement la placer devant son principal rival, United.<\/p>\n<p>&#13;\n<\/p><\/div>\n","protected":false},"excerpt":{"rendered":"<p>&#13; Liverpool pr\u00e9pare d\u00e9j\u00e0 le terrain pour un \u00e9t\u00e9 charg\u00e9, les renforts au milieu de terrain apparaissant d\u00e9sormais comme une priorit\u00e9 avant un \u00e9ventuel rafra\u00eechissement<\/p>\n","protected":false},"author":1,"featured_media":36297,"comment_status":"closed","ping_status":"","sticky":false,"template":"","format":"standard","meta":{"footnotes":""},"categories":[5],"tags":[91,12,2750,4680,93,301,53,115,24,441,114,461,1681,2077,722,116,442,4334,700,296],"yoast_head":"<!-- This site is optimized with the Yoast SEO plugin v21.0 - https:\/\/yoast.com\/wordpress\/plugins\/seo\/ -->\n<title>Nouvelles du transfert de Liverpool: les Reds tiennent des \u00ab pourparlers \u00bb avec un objectif estival de milieu de terrain de 55 millions de livres sterling fortement li\u00e9 \u00e0 Man Utd<\/title>\n<meta name=\"robots\" content=\"index, follow, max-snippet:-1, max-image-preview:large, max-video-preview:-1\" \/>\n<link rel=\"canonical\" href=\"https:\/\/footdavant.fr\/actualites\/nouvelles-du-transfert-de-liverpool-les-reds-tiennent-des-pourparlers-avec-un-objectif-estival-de-milieu-de-terrain-de-55-millions-de-livres-sterling-fortement-lie-a-man-utd\/\" \/>\n<meta property=\"og:locale\" content=\"fr_FR\" \/>\n<meta property=\"og:type\" content=\"article\" \/>\n<meta property=\"og:title\" content=\"Nouvelles du transfert de Liverpool: les Reds tiennent des \u00ab pourparlers \u00bb avec un objectif estival de milieu de terrain de 55 millions de livres sterling fortement li\u00e9 \u00e0 Man Utd\" \/>\n<meta property=\"og:description\" content=\"&#013; Liverpool pr\u00e9pare d\u00e9j\u00e0 le terrain pour un \u00e9t\u00e9 charg\u00e9, les renforts au milieu de terrain apparaissant d\u00e9sormais comme une priorit\u00e9 avant un \u00e9ventuel rafra\u00eechissement\" \/>\n<meta property=\"og:url\" content=\"https:\/\/footdavant.fr\/actualites\/nouvelles-du-transfert-de-liverpool-les-reds-tiennent-des-pourparlers-avec-un-objectif-estival-de-milieu-de-terrain-de-55-millions-de-livres-sterling-fortement-lie-a-man-utd\/\" \/>\n<meta property=\"og:site_name\" content=\"Foot d&#039;avant\" \/>\n<meta property=\"article:publisher\" content=\"https:\/\/www.facebook.com\/Footdavant\/\" \/>\n<meta property=\"article:published_time\" content=\"2026-04-09T20:48:07+00:00\" \/>\n<meta property=\"article:modified_time\" content=\"2026-04-09T20:48:10+00:00\" \/>\n<meta property=\"og:image\" content=\"https:\/\/footdavant.fr\/actualites\/wp-content\/uploads\/2026\/04\/Nouvelles-du-transfert-de-Liverpool-les-Reds-tiennent-des.net2Fuploads2F20262F042Fmateus-fernandes.webp\" \/>\n\t<meta property=\"og:image:width\" content=\"720\" \/>\n\t<meta property=\"og:image:height\" content=\"410\" \/>\n\t<meta property=\"og:image:type\" content=\"image\/webp\" \/>\n<meta name=\"author\" content=\"Cl\u00e9ment\" \/>\n<meta name=\"twitter:card\" content=\"summary_large_image\" \/>\n<meta name=\"twitter:creator\" content=\"@FootdavantFr\" \/>\n<meta name=\"twitter:site\" content=\"@FootdavantFr\" \/>\n<meta name=\"twitter:label1\" content=\"\u00c9crit par\" \/>\n\t<meta name=\"twitter:data1\" content=\"Cl\u00e9ment\" \/>\n\t<meta name=\"twitter:label2\" content=\"Dur\u00e9e de lecture estim\u00e9e\" \/>\n\t<meta name=\"twitter:data2\" content=\"3 minutes\" \/>\n<script type=\"application\/ld+json\" class=\"yoast-schema-graph\">{\"@context\":\"https:\/\/schema.org\",\"@graph\":[{\"@type\":\"Article\",\"@id\":\"https:\/\/footdavant.fr\/actualites\/nouvelles-du-transfert-de-liverpool-les-reds-tiennent-des-pourparlers-avec-un-objectif-estival-de-milieu-de-terrain-de-55-millions-de-livres-sterling-fortement-lie-a-man-utd\/#article\",\"isPartOf\":{\"@id\":\"https:\/\/footdavant.fr\/actualites\/nouvelles-du-transfert-de-liverpool-les-reds-tiennent-des-pourparlers-avec-un-objectif-estival-de-milieu-de-terrain-de-55-millions-de-livres-sterling-fortement-lie-a-man-utd\/\"},\"author\":{\"name\":\"Cl\u00e9ment\",\"@id\":\"https:\/\/footdavant.fr\/actualites\/#\/schema\/person\/bc222566d95871b37e597b3ed3ba5e1d\"},\"headline\":\"Nouvelles du transfert de Liverpool: les Reds tiennent des \u00ab pourparlers \u00bb avec un objectif estival de milieu de terrain de 55 millions de livres sterling fortement li\u00e9 \u00e0 Man Utd\",\"datePublished\":\"2026-04-09T20:48:07+00:00\",\"dateModified\":\"2026-04-09T20:48:10+00:00\",\"mainEntityOfPage\":{\"@id\":\"https:\/\/footdavant.fr\/actualites\/nouvelles-du-transfert-de-liverpool-les-reds-tiennent-des-pourparlers-avec-un-objectif-estival-de-milieu-de-terrain-de-55-millions-de-livres-sterling-fortement-lie-a-man-utd\/\"},\"wordCount\":554,\"publisher\":{\"@id\":\"https:\/\/footdavant.fr\/actualites\/#organization\"},\"keywords\":[\"avec\",\"des\",\"estival\",\"fortement\",\"les\",\"li\u00e9\",\"Liverpool\",\"livres\",\"Man\",\"milieu\",\"millions\",\"Nouvelles\",\"objectif\",\"pourparlers\",\"Reds\",\"sterling\",\"terrain\",\"tiennent\",\"transfert\",\"Utd\"],\"articleSection\":[\"Premier League\"],\"inLanguage\":\"fr-FR\"},{\"@type\":\"WebPage\",\"@id\":\"https:\/\/footdavant.fr\/actualites\/nouvelles-du-transfert-de-liverpool-les-reds-tiennent-des-pourparlers-avec-un-objectif-estival-de-milieu-de-terrain-de-55-millions-de-livres-sterling-fortement-lie-a-man-utd\/\",\"url\":\"https:\/\/footdavant.fr\/actualites\/nouvelles-du-transfert-de-liverpool-les-reds-tiennent-des-pourparlers-avec-un-objectif-estival-de-milieu-de-terrain-de-55-millions-de-livres-sterling-fortement-lie-a-man-utd\/\",\"name\":\"Nouvelles du transfert de Liverpool: les Reds tiennent des \u00ab pourparlers \u00bb avec un objectif estival de milieu de terrain de 55 millions de livres sterling fortement li\u00e9 \u00e0 Man Utd\",\"isPartOf\":{\"@id\":\"https:\/\/footdavant.fr\/actualites\/#website\"},\"datePublished\":\"2026-04-09T20:48:07+00:00\",\"dateModified\":\"2026-04-09T20:48:10+00:00\",\"breadcrumb\":{\"@id\":\"https:\/\/footdavant.fr\/actualites\/nouvelles-du-transfert-de-liverpool-les-reds-tiennent-des-pourparlers-avec-un-objectif-estival-de-milieu-de-terrain-de-55-millions-de-livres-sterling-fortement-lie-a-man-utd\/#breadcrumb\"},\"inLanguage\":\"fr-FR\",\"potentialAction\":[{\"@type\":\"ReadAction\",\"target\":[\"https:\/\/footdavant.fr\/actualites\/nouvelles-du-transfert-de-liverpool-les-reds-tiennent-des-pourparlers-avec-un-objectif-estival-de-milieu-de-terrain-de-55-millions-de-livres-sterling-fortement-lie-a-man-utd\/\"]}]},{\"@type\":\"BreadcrumbList\",\"@id\":\"https:\/\/footdavant.fr\/actualites\/nouvelles-du-transfert-de-liverpool-les-reds-tiennent-des-pourparlers-avec-un-objectif-estival-de-milieu-de-terrain-de-55-millions-de-livres-sterling-fortement-lie-a-man-utd\/#breadcrumb\",\"itemListElement\":[{\"@type\":\"ListItem\",\"position\":1,\"name\":\"Accueil\",\"item\":\"https:\/\/footdavant.fr\/actualites\/\"},{\"@type\":\"ListItem\",\"position\":2,\"name\":\"Nouvelles du transfert de Liverpool: les Reds tiennent des \u00ab pourparlers \u00bb avec un objectif estival de milieu de terrain de 55 millions de livres sterling fortement li\u00e9 \u00e0 Man Utd\"}]},{\"@type\":\"WebSite\",\"@id\":\"https:\/\/footdavant.fr\/actualites\/#website\",\"url\":\"https:\/\/footdavant.fr\/actualites\/\",\"name\":\"Foot d'avant\",\"description\":\"\",\"publisher\":{\"@id\":\"https:\/\/footdavant.fr\/actualites\/#organization\"},\"potentialAction\":[{\"@type\":\"SearchAction\",\"target\":{\"@type\":\"EntryPoint\",\"urlTemplate\":\"https:\/\/footdavant.fr\/actualites\/?s={search_term_string}\"},\"query-input\":\"required name=search_term_string\"}],\"inLanguage\":\"fr-FR\"},{\"@type\":\"Organization\",\"@id\":\"https:\/\/footdavant.fr\/actualites\/#organization\",\"name\":\"Foot d'avant\",\"url\":\"https:\/\/footdavant.fr\/actualites\/\",\"logo\":{\"@type\":\"ImageObject\",\"inLanguage\":\"fr-FR\",\"@id\":\"https:\/\/footdavant.fr\/actualites\/#\/schema\/logo\/image\/\",\"url\":\"https:\/\/footdavant.fr\/actualites\/wp-content\/uploads\/2023\/09\/Copy-of-FootDavant-Logo.png\",\"contentUrl\":\"https:\/\/footdavant.fr\/actualites\/wp-content\/uploads\/2023\/09\/Copy-of-FootDavant-Logo.png\",\"width\":936,\"height\":549,\"caption\":\"Foot d'avant\"},\"image\":{\"@id\":\"https:\/\/footdavant.fr\/actualites\/#\/schema\/logo\/image\/\"},\"sameAs\":[\"https:\/\/www.facebook.com\/Footdavant\/\",\"https:\/\/twitter.com\/FootdavantFr\",\"https:\/\/www.instagram.com\/footdavant.fr\/\"]},{\"@type\":\"Person\",\"@id\":\"https:\/\/footdavant.fr\/actualites\/#\/schema\/person\/bc222566d95871b37e597b3ed3ba5e1d\",\"name\":\"Cl\u00e9ment\",\"image\":{\"@type\":\"ImageObject\",\"inLanguage\":\"fr-FR\",\"@id\":\"https:\/\/footdavant.fr\/actualites\/#\/schema\/person\/image\/\",\"url\":\"https:\/\/secure.gravatar.com\/avatar\/7728b29aac2719421e1a9159b2254c44?s=96&d=mm&r=g\",\"contentUrl\":\"https:\/\/secure.gravatar.com\/avatar\/7728b29aac2719421e1a9159b2254c44?s=96&d=mm&r=g\",\"caption\":\"Cl\u00e9ment\"},\"sameAs\":[\"https:\/\/footdavant.fr\/\"]}]}<\/script>\n<!-- \/ Yoast SEO plugin. -->","yoast_head_json":{"title":"Nouvelles du transfert de Liverpool: les Reds tiennent des \u00ab pourparlers \u00bb avec un objectif estival de milieu de terrain de 55 millions de livres sterling fortement li\u00e9 \u00e0 Man Utd","robots":{"index":"index","follow":"follow","max-snippet":"max-snippet:-1","max-image-preview":"max-image-preview:large","max-video-preview":"max-video-preview:-1"},"canonical":"https:\/\/footdavant.fr\/actualites\/nouvelles-du-transfert-de-liverpool-les-reds-tiennent-des-pourparlers-avec-un-objectif-estival-de-milieu-de-terrain-de-55-millions-de-livres-sterling-fortement-lie-a-man-utd\/","og_locale":"fr_FR","og_type":"article","og_title":"Nouvelles du transfert de Liverpool: les Reds tiennent des \u00ab pourparlers \u00bb avec un objectif estival de milieu de terrain de 55 millions de livres sterling fortement li\u00e9 \u00e0 Man Utd","og_description":"&#13; Liverpool pr\u00e9pare d\u00e9j\u00e0 le terrain pour un \u00e9t\u00e9 charg\u00e9, les renforts au milieu de terrain apparaissant d\u00e9sormais comme une priorit\u00e9 avant un \u00e9ventuel rafra\u00eechissement","og_url":"https:\/\/footdavant.fr\/actualites\/nouvelles-du-transfert-de-liverpool-les-reds-tiennent-des-pourparlers-avec-un-objectif-estival-de-milieu-de-terrain-de-55-millions-de-livres-sterling-fortement-lie-a-man-utd\/","og_site_name":"Foot d&#039;avant","article_publisher":"https:\/\/www.facebook.com\/Footdavant\/","article_published_time":"2026-04-09T20:48:07+00:00","article_modified_time":"2026-04-09T20:48:10+00:00","og_image":[{"width":720,"height":410,"url":"https:\/\/footdavant.fr\/actualites\/wp-content\/uploads\/2026\/04\/Nouvelles-du-transfert-de-Liverpool-les-Reds-tiennent-des.net2Fuploads2F20262F042Fmateus-fernandes.webp","type":"image\/webp"}],"author":"Cl\u00e9ment","twitter_card":"summary_large_image","twitter_creator":"@FootdavantFr","twitter_site":"@FootdavantFr","twitter_misc":{"\u00c9crit par":"Cl\u00e9ment","Dur\u00e9e de lecture estim\u00e9e":"3 minutes"},"schema":{"@context":"https:\/\/schema.org","@graph":[{"@type":"Article","@id":"https:\/\/footdavant.fr\/actualites\/nouvelles-du-transfert-de-liverpool-les-reds-tiennent-des-pourparlers-avec-un-objectif-estival-de-milieu-de-terrain-de-55-millions-de-livres-sterling-fortement-lie-a-man-utd\/#article","isPartOf":{"@id":"https:\/\/footdavant.fr\/actualites\/nouvelles-du-transfert-de-liverpool-les-reds-tiennent-des-pourparlers-avec-un-objectif-estival-de-milieu-de-terrain-de-55-millions-de-livres-sterling-fortement-lie-a-man-utd\/"},"author":{"name":"Cl\u00e9ment","@id":"https:\/\/footdavant.fr\/actualites\/#\/schema\/person\/bc222566d95871b37e597b3ed3ba5e1d"},"headline":"Nouvelles du transfert de Liverpool: les Reds tiennent des \u00ab pourparlers \u00bb avec un objectif estival de milieu de terrain de 55 millions de livres sterling fortement li\u00e9 \u00e0 Man Utd","datePublished":"2026-04-09T20:48:07+00:00","dateModified":"2026-04-09T20:48:10+00:00","mainEntityOfPage":{"@id":"https:\/\/footdavant.fr\/actualites\/nouvelles-du-transfert-de-liverpool-les-reds-tiennent-des-pourparlers-avec-un-objectif-estival-de-milieu-de-terrain-de-55-millions-de-livres-sterling-fortement-lie-a-man-utd\/"},"wordCount":554,"publisher":{"@id":"https:\/\/footdavant.fr\/actualites\/#organization"},"keywords":["avec","des","estival","fortement","les","li\u00e9","Liverpool","livres","Man","milieu","millions","Nouvelles","objectif","pourparlers","Reds","sterling","terrain","tiennent","transfert","Utd"],"articleSection":["Premier League"],"inLanguage":"fr-FR"},{"@type":"WebPage","@id":"https:\/\/footdavant.fr\/actualites\/nouvelles-du-transfert-de-liverpool-les-reds-tiennent-des-pourparlers-avec-un-objectif-estival-de-milieu-de-terrain-de-55-millions-de-livres-sterling-fortement-lie-a-man-utd\/","url":"https:\/\/footdavant.fr\/actualites\/nouvelles-du-transfert-de-liverpool-les-reds-tiennent-des-pourparlers-avec-un-objectif-estival-de-milieu-de-terrain-de-55-millions-de-livres-sterling-fortement-lie-a-man-utd\/","name":"Nouvelles du transfert de Liverpool: les Reds tiennent des \u00ab pourparlers \u00bb avec un objectif estival de milieu de terrain de 55 millions de livres sterling fortement li\u00e9 \u00e0 Man Utd","isPartOf":{"@id":"https:\/\/footdavant.fr\/actualites\/#website"},"datePublished":"2026-04-09T20:48:07+00:00","dateModified":"2026-04-09T20:48:10+00:00","breadcrumb":{"@id":"https:\/\/footdavant.fr\/actualites\/nouvelles-du-transfert-de-liverpool-les-reds-tiennent-des-pourparlers-avec-un-objectif-estival-de-milieu-de-terrain-de-55-millions-de-livres-sterling-fortement-lie-a-man-utd\/#breadcrumb"},"inLanguage":"fr-FR","potentialAction":[{"@type":"ReadAction","target":["https:\/\/footdavant.fr\/actualites\/nouvelles-du-transfert-de-liverpool-les-reds-tiennent-des-pourparlers-avec-un-objectif-estival-de-milieu-de-terrain-de-55-millions-de-livres-sterling-fortement-lie-a-man-utd\/"]}]},{"@type":"BreadcrumbList","@id":"https:\/\/footdavant.fr\/actualites\/nouvelles-du-transfert-de-liverpool-les-reds-tiennent-des-pourparlers-avec-un-objectif-estival-de-milieu-de-terrain-de-55-millions-de-livres-sterling-fortement-lie-a-man-utd\/#breadcrumb","itemListElement":[{"@type":"ListItem","position":1,"name":"Accueil","item":"https:\/\/footdavant.fr\/actualites\/"},{"@type":"ListItem","position":2,"name":"Nouvelles du transfert de Liverpool: les Reds tiennent des \u00ab pourparlers \u00bb avec un objectif estival de milieu de terrain de 55 millions de livres sterling fortement li\u00e9 \u00e0 Man Utd"}]},{"@type":"WebSite","@id":"https:\/\/footdavant.fr\/actualites\/#website","url":"https:\/\/footdavant.fr\/actualites\/","name":"Foot d'avant","description":"","publisher":{"@id":"https:\/\/footdavant.fr\/actualites\/#organization"},"potentialAction":[{"@type":"SearchAction","target":{"@type":"EntryPoint","urlTemplate":"https:\/\/footdavant.fr\/actualites\/?s={search_term_string}"},"query-input":"required name=search_term_string"}],"inLanguage":"fr-FR"},{"@type":"Organization","@id":"https:\/\/footdavant.fr\/actualites\/#organization","name":"Foot d'avant","url":"https:\/\/footdavant.fr\/actualites\/","logo":{"@type":"ImageObject","inLanguage":"fr-FR","@id":"https:\/\/footdavant.fr\/actualites\/#\/schema\/logo\/image\/","url":"https:\/\/footdavant.fr\/actualites\/wp-content\/uploads\/2023\/09\/Copy-of-FootDavant-Logo.png","contentUrl":"https:\/\/footdavant.fr\/actualites\/wp-content\/uploads\/2023\/09\/Copy-of-FootDavant-Logo.png","width":936,"height":549,"caption":"Foot d'avant"},"image":{"@id":"https:\/\/footdavant.fr\/actualites\/#\/schema\/logo\/image\/"},"sameAs":["https:\/\/www.facebook.com\/Footdavant\/","https:\/\/twitter.com\/FootdavantFr","https:\/\/www.instagram.com\/footdavant.fr\/"]},{"@type":"Person","@id":"https:\/\/footdavant.fr\/actualites\/#\/schema\/person\/bc222566d95871b37e597b3ed3ba5e1d","name":"Cl\u00e9ment","image":{"@type":"ImageObject","inLanguage":"fr-FR","@id":"https:\/\/footdavant.fr\/actualites\/#\/schema\/person\/image\/","url":"https:\/\/secure.gravatar.com\/avatar\/7728b29aac2719421e1a9159b2254c44?s=96&d=mm&r=g","contentUrl":"https:\/\/secure.gravatar.com\/avatar\/7728b29aac2719421e1a9159b2254c44?s=96&d=mm&r=g","caption":"Cl\u00e9ment"},"sameAs":["https:\/\/footdavant.fr\/"]}]}},"_links":{"self":[{"href":"https:\/\/footdavant.fr\/actualites\/wp-json\/wp\/v2\/posts\/36296"}],"collection":[{"href":"https:\/\/footdavant.fr\/actualites\/wp-json\/wp\/v2\/posts"}],"about":[{"href":"https:\/\/footdavant.fr\/actualites\/wp-json\/wp\/v2\/types\/post"}],"author":[{"embeddable":true,"href":"https:\/\/footdavant.fr\/actualites\/wp-json\/wp\/v2\/users\/1"}],"replies":[{"embeddable":true,"href":"https:\/\/footdavant.fr\/actualites\/wp-json\/wp\/v2\/comments?post=36296"}],"version-history":[{"count":1,"href":"https:\/\/footdavant.fr\/actualites\/wp-json\/wp\/v2\/posts\/36296\/revisions"}],"predecessor-version":[{"id":36298,"href":"https:\/\/footdavant.fr\/actualites\/wp-json\/wp\/v2\/posts\/36296\/revisions\/36298"}],"wp:featuredmedia":[{"embeddable":true,"href":"https:\/\/footdavant.fr\/actualites\/wp-json\/wp\/v2\/media\/36297"}],"wp:attachment":[{"href":"https:\/\/footdavant.fr\/actualites\/wp-json\/wp\/v2\/media?parent=36296"}],"wp:term":[{"taxonomy":"category","embeddable":true,"href":"https:\/\/footdavant.fr\/actualites\/wp-json\/wp\/v2\/categories?post=36296"},{"taxonomy":"post_tag","embeddable":true,"href":"https:\/\/footdavant.fr\/actualites\/wp-json\/wp\/v2\/tags?post=36296"}],"curies":[{"name":"wp","href":"https:\/\/api.w.org\/{rel}","templated":true}]}}