{"id":36302,"date":"2026-04-10T02:48:21","date_gmt":"2026-04-10T00:48:21","guid":{"rendered":"https:\/\/footdavant.fr\/actualites\/harry-maguire-la-nouvelle-duree-du-contrat-les-salaires-et-les-details-cles-reveles-alors-que-man-utd-confirme-la-prolongation\/"},"modified":"2026-04-10T02:48:24","modified_gmt":"2026-04-10T00:48:24","slug":"harry-maguire-la-nouvelle-duree-du-contrat-les-salaires-et-les-details-cles-reveles-alors-que-man-utd-confirme-la-prolongation","status":"publish","type":"post","link":"https:\/\/footdavant.fr\/actualites\/harry-maguire-la-nouvelle-duree-du-contrat-les-salaires-et-les-details-cles-reveles-alors-que-man-utd-confirme-la-prolongation\/","title":{"rendered":"Harry Maguire, la nouvelle dur\u00e9e du contrat, les salaires et les d\u00e9tails cl\u00e9s r\u00e9v\u00e9l\u00e9s alors que Man Utd confirme la prolongation"},"content":{"rendered":"<div itemprop=\"articleBody\">\n<p data-end=\"240\" data-start=\"100\">Manchester United a d\u00e9cid\u00e9 d&#39;assurer l&#39;avenir de l&#39;un de ses d\u00e9fenseurs les plus exp\u00e9riment\u00e9s apr\u00e8s avoir annonc\u00e9 qu&#39;Harry Maguire avait sign\u00e9 une nouvelle prolongation de contrat \u00e0 Old Trafford.<\/p>\n<p data-end=\"379\" data-start=\"242\">Cette d\u00e9cision refl\u00e8te l&#39;accent croissant mis sur le leadership et la continuit\u00e9 au sein de l&#39;\u00e9quipe des Red Devils, alors que le club cherche \u00e0 se construire pour les saisons \u00e0 venir.<\/p>\n<p data-end=\"507\" data-start=\"381\">Cela marque \u00e9galement une d\u00e9monstration de confiance renouvel\u00e9e envers un joueur qui a fait l\u2019objet d\u2019un examen minutieux ces derniers temps, mais qui reste pourtant une figure cl\u00e9 dans les coulisses.<\/p>\n<h2>Harry Maguire signe une nouvelle prolongation de contrat avec Man Utd<\/h2>\n<div>\n<div>\n<p>\u00a9 Imago<\/p>\n<\/div>\n<\/div>\n<p data-end=\"720\" data-start=\"570\">Maguire a officiellement sign\u00e9 un nouveau contrat avec Manchester United, prolongeant son s\u00e9jour au club \u00e0 au moins huit ans.<\/p>\n<p data-end=\"881\" data-start=\"722\">Le d\u00e9fenseur central anglais, qui a rejoint les Red Devils en 2019, a disput\u00e9 266 matches et a remport\u00e9 la Coupe Carabao et la FA Cup pendant son s\u00e9jour \u00e0 Old Trafford.<\/p>\n<p data-end=\"1023\" data-start=\"883\">Sa prolongation souligne la confiance du club en son exp\u00e9rience et ses qualit\u00e9s de leader, notamment au sein d&#39;un effectif qui ne cesse d&#39;\u00e9voluer.<\/p>\n<h2>Harry Maguire, nouvelle dur\u00e9e du contrat, salaires et d\u00e9tails cl\u00e9s \u00e0 Old Trafford<\/h2>\n<div>\n<div><img decoding=\"async\" data-img-id=\"146852\" class=\"lazy\" loading=\"lazy\" src=\"https:\/\/footdavant.fr\/actualites\/wp-content\/uploads\/2026\/04\/1775782101_863_Harry-Maguire-la-nouvelle-duree-du-contrat-les-salaires-et.jpg\"\/><\/p>\n<p>\u00a9 Imago<\/p>\n<\/div>\n<\/div>\n<p data-end=\"1251\" data-start=\"1104\">Le nouvel accord maintiendra Maguire \u00e0 Old Trafford au moins jusqu&#39;en juin 2027, avec la possibilit\u00e9 d&#39;une prolongation suppl\u00e9mentaire d&#39;un an.<\/p>\n<p data-end=\"1495\" data-start=\"1253\">Bien que les chiffres officiels des salaires n&#39;aient pas \u00e9t\u00e9 divulgu\u00e9s, des rapports sugg\u00e8rent que Maguire a accept\u00e9 des conditions r\u00e9duites par rapport \u00e0 son pr\u00e9c\u00e9dent accord, qui valait environ 190 000 \u00a3 par semaine \u2013 ce compromis est consid\u00e9r\u00e9 comme essentiel pour faire avancer l&#39;accord.<\/p>\n<p data-end=\"1644\" data-start=\"1497\">La structure du contrat, combinant un engagement \u00e0 plus court terme avec une prolongation facultative, donne au joueur et au club une flexibilit\u00e9 pour aller de l&#39;avant.<\/p>\n<h2>Qu&#39;a \u00e9t\u00e9 dit sur le nouvel accord de Harry Maguire \u00e0 Man Utd ?<\/h2>\n<div>\n<div><img decoding=\"async\" data-img-id=\"154280\" class=\"lazy\" loading=\"lazy\" src=\"https:\/\/footdavant.fr\/actualites\/wp-content\/uploads\/2026\/03\/Newcastle-contre-Man-United-decisions-de-Luke-Shaw-et.webp\"\/><\/p>\n<p>\u00a9 Iconsport \/ PA Images<\/p>\n<\/div>\n<\/div>\n<p data-end=\"1910\" data-start=\"1718\">S&#39;exprimant apr\u00e8s la signature, Maguire a d\u00e9crit le fait de repr\u00e9senter les Diables Rouges comme \u00ab l&#39;honneur ultime \u00bb et a exprim\u00e9 sa fiert\u00e9 de poursuivre son voyage avec le club.<\/p>\n<p data-end=\"2043\" data-start=\"1912\">Il a \u00e9galement soulign\u00e9 \u00ab l&#39;ambition et le potentiel \u00bb de l&#39;\u00e9quipe actuelle, insistant sur le fait qu&#39;il pense que les meilleurs moments sont encore \u00e0 venir.<\/p>\n<p data-end=\"2255\" data-start=\"2045\">De son c\u00f4t\u00e9, le directeur du football Jason Wilcox a salu\u00e9 la mentalit\u00e9 et le professionnalisme de Maguire, soulignant son leadership et son exp\u00e9rience comme des atouts essentiels pour un groupe jeune et ambitieux.<\/p>\n<p data-end=\"2411\" data-is-last-node=\"\" data-is-only-node=\"\" data-start=\"2257\">Le message du joueur et du club est clair : malgr\u00e9 les hauts et les bas du pass\u00e9, Maguire reste un \u00e9l\u00e9ment important des projets de United pour l&#39;avenir.<\/p>\n<\/div>\n","protected":false},"excerpt":{"rendered":"<p>Manchester United a d\u00e9cid\u00e9 d&#39;assurer l&#39;avenir de l&#39;un de ses d\u00e9fenseurs les plus exp\u00e9riment\u00e9s apr\u00e8s avoir annonc\u00e9 qu&#39;Harry Maguire avait sign\u00e9 une nouvelle prolongation de<\/p>\n","protected":false},"author":1,"featured_media":36303,"comment_status":"closed","ping_status":"","sticky":false,"template":"","format":"standard","meta":{"footnotes":""},"categories":[5],"tags":[318,2142,40,1218,3411,1604,32,93,33,24,1850,1613,1868,6207,296],"yoast_head":"<!-- This site is optimized with the Yoast SEO plugin v21.0 - https:\/\/yoast.com\/wordpress\/plugins\/seo\/ -->\n<title>Harry Maguire, la nouvelle dur\u00e9e du contrat, les salaires et les d\u00e9tails cl\u00e9s r\u00e9v\u00e9l\u00e9s alors que Man Utd confirme la prolongation<\/title>\n<meta name=\"robots\" content=\"index, follow, max-snippet:-1, max-image-preview:large, max-video-preview:-1\" \/>\n<link rel=\"canonical\" href=\"https:\/\/footdavant.fr\/actualites\/harry-maguire-la-nouvelle-duree-du-contrat-les-salaires-et-les-details-cles-reveles-alors-que-man-utd-confirme-la-prolongation\/\" \/>\n<meta property=\"og:locale\" content=\"fr_FR\" \/>\n<meta property=\"og:type\" content=\"article\" \/>\n<meta property=\"og:title\" content=\"Harry Maguire, la nouvelle dur\u00e9e du contrat, les salaires et les d\u00e9tails cl\u00e9s r\u00e9v\u00e9l\u00e9s alors que Man Utd confirme la prolongation\" \/>\n<meta property=\"og:description\" content=\"Manchester United a d\u00e9cid\u00e9 d&#039;assurer l&#039;avenir de l&#039;un de ses d\u00e9fenseurs les plus exp\u00e9riment\u00e9s apr\u00e8s avoir annonc\u00e9 qu&#039;Harry Maguire avait sign\u00e9 une nouvelle prolongation de\" \/>\n<meta property=\"og:url\" content=\"https:\/\/footdavant.fr\/actualites\/harry-maguire-la-nouvelle-duree-du-contrat-les-salaires-et-les-details-cles-reveles-alors-que-man-utd-confirme-la-prolongation\/\" \/>\n<meta property=\"og:site_name\" content=\"Foot d&#039;avant\" \/>\n<meta property=\"article:publisher\" content=\"https:\/\/www.facebook.com\/Footdavant\/\" \/>\n<meta property=\"article:published_time\" content=\"2026-04-10T00:48:21+00:00\" \/>\n<meta property=\"article:modified_time\" content=\"2026-04-10T00:48:24+00:00\" \/>\n<meta property=\"og:image\" content=\"https:\/\/footdavant.fr\/actualites\/wp-content\/uploads\/2026\/04\/Harry-Maguire-la-nouvelle-duree-du-contrat-les-salaires-et.net2Fuploads2F20262F042Fharry-maguire-co.webp\" \/>\n\t<meta property=\"og:image:width\" content=\"720\" \/>\n\t<meta property=\"og:image:height\" content=\"410\" \/>\n\t<meta property=\"og:image:type\" content=\"image\/webp\" \/>\n<meta name=\"author\" content=\"Cl\u00e9ment\" \/>\n<meta name=\"twitter:card\" content=\"summary_large_image\" \/>\n<meta name=\"twitter:creator\" content=\"@FootdavantFr\" \/>\n<meta name=\"twitter:site\" content=\"@FootdavantFr\" \/>\n<meta name=\"twitter:label1\" content=\"\u00c9crit par\" \/>\n\t<meta name=\"twitter:data1\" content=\"Cl\u00e9ment\" \/>\n\t<meta name=\"twitter:label2\" content=\"Dur\u00e9e de lecture estim\u00e9e\" \/>\n\t<meta name=\"twitter:data2\" content=\"2 minutes\" \/>\n<script type=\"application\/ld+json\" class=\"yoast-schema-graph\">{\"@context\":\"https:\/\/schema.org\",\"@graph\":[{\"@type\":\"Article\",\"@id\":\"https:\/\/footdavant.fr\/actualites\/harry-maguire-la-nouvelle-duree-du-contrat-les-salaires-et-les-details-cles-reveles-alors-que-man-utd-confirme-la-prolongation\/#article\",\"isPartOf\":{\"@id\":\"https:\/\/footdavant.fr\/actualites\/harry-maguire-la-nouvelle-duree-du-contrat-les-salaires-et-les-details-cles-reveles-alors-que-man-utd-confirme-la-prolongation\/\"},\"author\":{\"name\":\"Cl\u00e9ment\",\"@id\":\"https:\/\/footdavant.fr\/actualites\/#\/schema\/person\/bc222566d95871b37e597b3ed3ba5e1d\"},\"headline\":\"Harry Maguire, la nouvelle dur\u00e9e du contrat, les salaires et les d\u00e9tails cl\u00e9s r\u00e9v\u00e9l\u00e9s alors que Man Utd confirme la prolongation\",\"datePublished\":\"2026-04-10T00:48:21+00:00\",\"dateModified\":\"2026-04-10T00:48:24+00:00\",\"mainEntityOfPage\":{\"@id\":\"https:\/\/footdavant.fr\/actualites\/harry-maguire-la-nouvelle-duree-du-contrat-les-salaires-et-les-details-cles-reveles-alors-que-man-utd-confirme-la-prolongation\/\"},\"wordCount\":482,\"publisher\":{\"@id\":\"https:\/\/footdavant.fr\/actualites\/#organization\"},\"keywords\":[\"alors\",\"cl\u00e9s\",\"confirme\",\"contrat\",\"d\u00e9tails\",\"dur\u00e9e\",\"Harry\",\"les\",\"Maguire\",\"Man\",\"nouvelle\",\"prolongation\",\"r\u00e9v\u00e9l\u00e9s\",\"salaires\",\"Utd\"],\"articleSection\":[\"Premier League\"],\"inLanguage\":\"fr-FR\"},{\"@type\":\"WebPage\",\"@id\":\"https:\/\/footdavant.fr\/actualites\/harry-maguire-la-nouvelle-duree-du-contrat-les-salaires-et-les-details-cles-reveles-alors-que-man-utd-confirme-la-prolongation\/\",\"url\":\"https:\/\/footdavant.fr\/actualites\/harry-maguire-la-nouvelle-duree-du-contrat-les-salaires-et-les-details-cles-reveles-alors-que-man-utd-confirme-la-prolongation\/\",\"name\":\"Harry Maguire, la nouvelle dur\u00e9e du contrat, les salaires et les d\u00e9tails cl\u00e9s r\u00e9v\u00e9l\u00e9s alors que Man Utd confirme la prolongation\",\"isPartOf\":{\"@id\":\"https:\/\/footdavant.fr\/actualites\/#website\"},\"datePublished\":\"2026-04-10T00:48:21+00:00\",\"dateModified\":\"2026-04-10T00:48:24+00:00\",\"breadcrumb\":{\"@id\":\"https:\/\/footdavant.fr\/actualites\/harry-maguire-la-nouvelle-duree-du-contrat-les-salaires-et-les-details-cles-reveles-alors-que-man-utd-confirme-la-prolongation\/#breadcrumb\"},\"inLanguage\":\"fr-FR\",\"potentialAction\":[{\"@type\":\"ReadAction\",\"target\":[\"https:\/\/footdavant.fr\/actualites\/harry-maguire-la-nouvelle-duree-du-contrat-les-salaires-et-les-details-cles-reveles-alors-que-man-utd-confirme-la-prolongation\/\"]}]},{\"@type\":\"BreadcrumbList\",\"@id\":\"https:\/\/footdavant.fr\/actualites\/harry-maguire-la-nouvelle-duree-du-contrat-les-salaires-et-les-details-cles-reveles-alors-que-man-utd-confirme-la-prolongation\/#breadcrumb\",\"itemListElement\":[{\"@type\":\"ListItem\",\"position\":1,\"name\":\"Accueil\",\"item\":\"https:\/\/footdavant.fr\/actualites\/\"},{\"@type\":\"ListItem\",\"position\":2,\"name\":\"Harry Maguire, la nouvelle dur\u00e9e du contrat, les salaires et les d\u00e9tails cl\u00e9s r\u00e9v\u00e9l\u00e9s alors que Man Utd confirme la prolongation\"}]},{\"@type\":\"WebSite\",\"@id\":\"https:\/\/footdavant.fr\/actualites\/#website\",\"url\":\"https:\/\/footdavant.fr\/actualites\/\",\"name\":\"Foot d'avant\",\"description\":\"\",\"publisher\":{\"@id\":\"https:\/\/footdavant.fr\/actualites\/#organization\"},\"potentialAction\":[{\"@type\":\"SearchAction\",\"target\":{\"@type\":\"EntryPoint\",\"urlTemplate\":\"https:\/\/footdavant.fr\/actualites\/?s={search_term_string}\"},\"query-input\":\"required name=search_term_string\"}],\"inLanguage\":\"fr-FR\"},{\"@type\":\"Organization\",\"@id\":\"https:\/\/footdavant.fr\/actualites\/#organization\",\"name\":\"Foot d'avant\",\"url\":\"https:\/\/footdavant.fr\/actualites\/\",\"logo\":{\"@type\":\"ImageObject\",\"inLanguage\":\"fr-FR\",\"@id\":\"https:\/\/footdavant.fr\/actualites\/#\/schema\/logo\/image\/\",\"url\":\"https:\/\/footdavant.fr\/actualites\/wp-content\/uploads\/2023\/09\/Copy-of-FootDavant-Logo.png\",\"contentUrl\":\"https:\/\/footdavant.fr\/actualites\/wp-content\/uploads\/2023\/09\/Copy-of-FootDavant-Logo.png\",\"width\":936,\"height\":549,\"caption\":\"Foot d'avant\"},\"image\":{\"@id\":\"https:\/\/footdavant.fr\/actualites\/#\/schema\/logo\/image\/\"},\"sameAs\":[\"https:\/\/www.facebook.com\/Footdavant\/\",\"https:\/\/twitter.com\/FootdavantFr\",\"https:\/\/www.instagram.com\/footdavant.fr\/\"]},{\"@type\":\"Person\",\"@id\":\"https:\/\/footdavant.fr\/actualites\/#\/schema\/person\/bc222566d95871b37e597b3ed3ba5e1d\",\"name\":\"Cl\u00e9ment\",\"image\":{\"@type\":\"ImageObject\",\"inLanguage\":\"fr-FR\",\"@id\":\"https:\/\/footdavant.fr\/actualites\/#\/schema\/person\/image\/\",\"url\":\"https:\/\/secure.gravatar.com\/avatar\/7728b29aac2719421e1a9159b2254c44?s=96&d=mm&r=g\",\"contentUrl\":\"https:\/\/secure.gravatar.com\/avatar\/7728b29aac2719421e1a9159b2254c44?s=96&d=mm&r=g\",\"caption\":\"Cl\u00e9ment\"},\"sameAs\":[\"https:\/\/footdavant.fr\/\"]}]}<\/script>\n<!-- \/ Yoast SEO plugin. -->","yoast_head_json":{"title":"Harry Maguire, la nouvelle dur\u00e9e du contrat, les salaires et les d\u00e9tails cl\u00e9s r\u00e9v\u00e9l\u00e9s alors que Man Utd confirme la prolongation","robots":{"index":"index","follow":"follow","max-snippet":"max-snippet:-1","max-image-preview":"max-image-preview:large","max-video-preview":"max-video-preview:-1"},"canonical":"https:\/\/footdavant.fr\/actualites\/harry-maguire-la-nouvelle-duree-du-contrat-les-salaires-et-les-details-cles-reveles-alors-que-man-utd-confirme-la-prolongation\/","og_locale":"fr_FR","og_type":"article","og_title":"Harry Maguire, la nouvelle dur\u00e9e du contrat, les salaires et les d\u00e9tails cl\u00e9s r\u00e9v\u00e9l\u00e9s alors que Man Utd confirme la prolongation","og_description":"Manchester United a d\u00e9cid\u00e9 d&#39;assurer l&#39;avenir de l&#39;un de ses d\u00e9fenseurs les plus exp\u00e9riment\u00e9s apr\u00e8s avoir annonc\u00e9 qu&#39;Harry Maguire avait sign\u00e9 une nouvelle prolongation de","og_url":"https:\/\/footdavant.fr\/actualites\/harry-maguire-la-nouvelle-duree-du-contrat-les-salaires-et-les-details-cles-reveles-alors-que-man-utd-confirme-la-prolongation\/","og_site_name":"Foot d&#039;avant","article_publisher":"https:\/\/www.facebook.com\/Footdavant\/","article_published_time":"2026-04-10T00:48:21+00:00","article_modified_time":"2026-04-10T00:48:24+00:00","og_image":[{"width":720,"height":410,"url":"https:\/\/footdavant.fr\/actualites\/wp-content\/uploads\/2026\/04\/Harry-Maguire-la-nouvelle-duree-du-contrat-les-salaires-et.net2Fuploads2F20262F042Fharry-maguire-co.webp","type":"image\/webp"}],"author":"Cl\u00e9ment","twitter_card":"summary_large_image","twitter_creator":"@FootdavantFr","twitter_site":"@FootdavantFr","twitter_misc":{"\u00c9crit par":"Cl\u00e9ment","Dur\u00e9e de lecture estim\u00e9e":"2 minutes"},"schema":{"@context":"https:\/\/schema.org","@graph":[{"@type":"Article","@id":"https:\/\/footdavant.fr\/actualites\/harry-maguire-la-nouvelle-duree-du-contrat-les-salaires-et-les-details-cles-reveles-alors-que-man-utd-confirme-la-prolongation\/#article","isPartOf":{"@id":"https:\/\/footdavant.fr\/actualites\/harry-maguire-la-nouvelle-duree-du-contrat-les-salaires-et-les-details-cles-reveles-alors-que-man-utd-confirme-la-prolongation\/"},"author":{"name":"Cl\u00e9ment","@id":"https:\/\/footdavant.fr\/actualites\/#\/schema\/person\/bc222566d95871b37e597b3ed3ba5e1d"},"headline":"Harry Maguire, la nouvelle dur\u00e9e du contrat, les salaires et les d\u00e9tails cl\u00e9s r\u00e9v\u00e9l\u00e9s alors que Man Utd confirme la prolongation","datePublished":"2026-04-10T00:48:21+00:00","dateModified":"2026-04-10T00:48:24+00:00","mainEntityOfPage":{"@id":"https:\/\/footdavant.fr\/actualites\/harry-maguire-la-nouvelle-duree-du-contrat-les-salaires-et-les-details-cles-reveles-alors-que-man-utd-confirme-la-prolongation\/"},"wordCount":482,"publisher":{"@id":"https:\/\/footdavant.fr\/actualites\/#organization"},"keywords":["alors","cl\u00e9s","confirme","contrat","d\u00e9tails","dur\u00e9e","Harry","les","Maguire","Man","nouvelle","prolongation","r\u00e9v\u00e9l\u00e9s","salaires","Utd"],"articleSection":["Premier League"],"inLanguage":"fr-FR"},{"@type":"WebPage","@id":"https:\/\/footdavant.fr\/actualites\/harry-maguire-la-nouvelle-duree-du-contrat-les-salaires-et-les-details-cles-reveles-alors-que-man-utd-confirme-la-prolongation\/","url":"https:\/\/footdavant.fr\/actualites\/harry-maguire-la-nouvelle-duree-du-contrat-les-salaires-et-les-details-cles-reveles-alors-que-man-utd-confirme-la-prolongation\/","name":"Harry Maguire, la nouvelle dur\u00e9e du contrat, les salaires et les d\u00e9tails cl\u00e9s r\u00e9v\u00e9l\u00e9s alors que Man Utd confirme la prolongation","isPartOf":{"@id":"https:\/\/footdavant.fr\/actualites\/#website"},"datePublished":"2026-04-10T00:48:21+00:00","dateModified":"2026-04-10T00:48:24+00:00","breadcrumb":{"@id":"https:\/\/footdavant.fr\/actualites\/harry-maguire-la-nouvelle-duree-du-contrat-les-salaires-et-les-details-cles-reveles-alors-que-man-utd-confirme-la-prolongation\/#breadcrumb"},"inLanguage":"fr-FR","potentialAction":[{"@type":"ReadAction","target":["https:\/\/footdavant.fr\/actualites\/harry-maguire-la-nouvelle-duree-du-contrat-les-salaires-et-les-details-cles-reveles-alors-que-man-utd-confirme-la-prolongation\/"]}]},{"@type":"BreadcrumbList","@id":"https:\/\/footdavant.fr\/actualites\/harry-maguire-la-nouvelle-duree-du-contrat-les-salaires-et-les-details-cles-reveles-alors-que-man-utd-confirme-la-prolongation\/#breadcrumb","itemListElement":[{"@type":"ListItem","position":1,"name":"Accueil","item":"https:\/\/footdavant.fr\/actualites\/"},{"@type":"ListItem","position":2,"name":"Harry Maguire, la nouvelle dur\u00e9e du contrat, les salaires et les d\u00e9tails cl\u00e9s r\u00e9v\u00e9l\u00e9s alors que Man Utd confirme la prolongation"}]},{"@type":"WebSite","@id":"https:\/\/footdavant.fr\/actualites\/#website","url":"https:\/\/footdavant.fr\/actualites\/","name":"Foot d'avant","description":"","publisher":{"@id":"https:\/\/footdavant.fr\/actualites\/#organization"},"potentialAction":[{"@type":"SearchAction","target":{"@type":"EntryPoint","urlTemplate":"https:\/\/footdavant.fr\/actualites\/?s={search_term_string}"},"query-input":"required name=search_term_string"}],"inLanguage":"fr-FR"},{"@type":"Organization","@id":"https:\/\/footdavant.fr\/actualites\/#organization","name":"Foot d'avant","url":"https:\/\/footdavant.fr\/actualites\/","logo":{"@type":"ImageObject","inLanguage":"fr-FR","@id":"https:\/\/footdavant.fr\/actualites\/#\/schema\/logo\/image\/","url":"https:\/\/footdavant.fr\/actualites\/wp-content\/uploads\/2023\/09\/Copy-of-FootDavant-Logo.png","contentUrl":"https:\/\/footdavant.fr\/actualites\/wp-content\/uploads\/2023\/09\/Copy-of-FootDavant-Logo.png","width":936,"height":549,"caption":"Foot d'avant"},"image":{"@id":"https:\/\/footdavant.fr\/actualites\/#\/schema\/logo\/image\/"},"sameAs":["https:\/\/www.facebook.com\/Footdavant\/","https:\/\/twitter.com\/FootdavantFr","https:\/\/www.instagram.com\/footdavant.fr\/"]},{"@type":"Person","@id":"https:\/\/footdavant.fr\/actualites\/#\/schema\/person\/bc222566d95871b37e597b3ed3ba5e1d","name":"Cl\u00e9ment","image":{"@type":"ImageObject","inLanguage":"fr-FR","@id":"https:\/\/footdavant.fr\/actualites\/#\/schema\/person\/image\/","url":"https:\/\/secure.gravatar.com\/avatar\/7728b29aac2719421e1a9159b2254c44?s=96&d=mm&r=g","contentUrl":"https:\/\/secure.gravatar.com\/avatar\/7728b29aac2719421e1a9159b2254c44?s=96&d=mm&r=g","caption":"Cl\u00e9ment"},"sameAs":["https:\/\/footdavant.fr\/"]}]}},"_links":{"self":[{"href":"https:\/\/footdavant.fr\/actualites\/wp-json\/wp\/v2\/posts\/36302"}],"collection":[{"href":"https:\/\/footdavant.fr\/actualites\/wp-json\/wp\/v2\/posts"}],"about":[{"href":"https:\/\/footdavant.fr\/actualites\/wp-json\/wp\/v2\/types\/post"}],"author":[{"embeddable":true,"href":"https:\/\/footdavant.fr\/actualites\/wp-json\/wp\/v2\/users\/1"}],"replies":[{"embeddable":true,"href":"https:\/\/footdavant.fr\/actualites\/wp-json\/wp\/v2\/comments?post=36302"}],"version-history":[{"count":1,"href":"https:\/\/footdavant.fr\/actualites\/wp-json\/wp\/v2\/posts\/36302\/revisions"}],"predecessor-version":[{"id":36304,"href":"https:\/\/footdavant.fr\/actualites\/wp-json\/wp\/v2\/posts\/36302\/revisions\/36304"}],"wp:featuredmedia":[{"embeddable":true,"href":"https:\/\/footdavant.fr\/actualites\/wp-json\/wp\/v2\/media\/36303"}],"wp:attachment":[{"href":"https:\/\/footdavant.fr\/actualites\/wp-json\/wp\/v2\/media?parent=36302"}],"wp:term":[{"taxonomy":"category","embeddable":true,"href":"https:\/\/footdavant.fr\/actualites\/wp-json\/wp\/v2\/categories?post=36302"},{"taxonomy":"post_tag","embeddable":true,"href":"https:\/\/footdavant.fr\/actualites\/wp-json\/wp\/v2\/tags?post=36302"}],"curies":[{"name":"wp","href":"https:\/\/api.w.org\/{rel}","templated":true}]}}