{"id":36305,"date":"2026-04-10T04:48:19","date_gmt":"2026-04-10T02:48:19","guid":{"rendered":"https:\/\/footdavant.fr\/actualites\/glasner-salue-palace-pour-la-victoire-de-la-fiorentina-et-affirme-que-les-eagles-auraient-pu-marquer-quatrieme\/"},"modified":"2026-04-10T04:48:20","modified_gmt":"2026-04-10T02:48:20","slug":"glasner-salue-palace-pour-la-victoire-de-la-fiorentina-et-affirme-que-les-eagles-auraient-pu-marquer-quatrieme","status":"publish","type":"post","link":"https:\/\/footdavant.fr\/actualites\/glasner-salue-palace-pour-la-victoire-de-la-fiorentina-et-affirme-que-les-eagles-auraient-pu-marquer-quatrieme\/","title":{"rendered":"Glasner salue Palace pour la victoire de la Fiorentina et affirme que les Eagles \u00ab\u00a0auraient pu marquer quatri\u00e8me\u00a0\u00bb"},"content":{"rendered":"<p>Crystal Palace d&#39;Oliver Glasner s&#39;est impos\u00e9 3-0 contre ses adversaires italiens jeudi.<\/p>\n<div>\n<p>Crystal Palace a produit une performance dominante au match aller pour battre la Fiorentina 3-0 \u00e0 Selhurst Park et prendre un avantage d\u00e9cisif lors du match retour des quarts de finale de la Conference League la semaine prochaine \u00e0 Florence.<\/p>\n<p>Jean-Philippe Mateta ouvrait le score sur penalty \u00e0 la 24e minute, son premier but depuis le Nouvel An, avant que Tyrick Mitchell ne double la mise sept minutes plus tard. <\/p>\n<p>Ismaila Sarr a mis le brillant dessus dans les arr\u00eats de jeu pour envoyer Palace dans le match retour avec un coussin aussi confortable que celui propos\u00e9 par la concurrence.<\/p>\n<p>Le manager Oliver Glasner s&#39;est montr\u00e9 \u00e9panoui sur ce qu&#39;il avait vu, en particulier lors de la premi\u00e8re p\u00e9riode et de la derni\u00e8re partie du match.<\/p>\n<p>\u00ab\u00a0Le plus important pour moi, c&#39;\u00e9tait la performance, en premi\u00e8re mi-temps, puis disons dans les 20 derni\u00e8res minutes\u00a0\u00bb, a d\u00e9clar\u00e9 Glasner \u00e0 TNT Sports. <\/p>\n<p>\u00ab\u00a0Une performance brillante et fantastique, une grande pression, je joue bien et j&#39;attaque toujours la surface, les ballons derri\u00e8re. Nous savions qu&#39;ils \u00e9taient tr\u00e8s compacts mais nous allions derri\u00e8re et cr\u00e9ions tellement d&#39;occasions, c&#39;\u00e9tait g\u00e9nial \u00e0 voir.\u00a0\u00bb<\/p>\n<figure class=\"wp-block-image size-large\"><picture decoding=\"async\" class=\"wp-image-182208\"><source type=\"image\/webp\" data-lazy- \/><img loading=\"lazy\" decoding=\"async\" width=\"1024\" height=\"576\" src=\"https:\/\/footdavant.fr\/actualites\/wp-content\/uploads\/2026\/04\/Glasner-salue-Palace-pour-la-victoire-de-la-Fiorentina-et.jpg\" alt=\"Les joueurs de Crystal Palace c\u00e9l\u00e8brent leur but contre la Fiorentina\"  \/>\n<\/picture>\n<\/figure>\n<h2 class=\"wp-block-heading\"><span id=\"Glasner_Frustrated_Despite_the_Result\">Glasner frustr\u00e9 malgr\u00e9 le r\u00e9sultat<\/span><\/h2>\n<p>Le r\u00e9sultat n\u2019\u00e9tait pas la seule pr\u00e9occupation de Glasner. Une p\u00e9riode en seconde p\u00e9riode o\u00f9 Palace a perdu le contr\u00f4le du jeu l&#39;a clairement irrit\u00e9, et il n&#39;a rien cach\u00e9 sur la ligne de touche ou dans son \u00e9valuation d&#39;apr\u00e8s-match.<\/p>\n<p>\u00ab\u00a0Nous avons perdu le ballon trop facilement et trop rapidement, le match \u00e9tait trop sauvage, il y avait des hauts et des bas. Quand vous menez 2-0, vous devriez avoir plus de contr\u00f4le\u00a0\u00bb, a-t-il d\u00e9clar\u00e9. <\/p>\n<p>\u00ab\u00a0Nous avons eu quatre ou cinq pertes de balle faciles et cela a donn\u00e9 de l&#39;\u00e9lan \u00e0 la Fiorentina. J&#39;\u00e9tais heureux de voir que nous n&#39;avons pas \u00e9t\u00e9 frustr\u00e9s contre une tr\u00e8s bonne \u00e9quipe d&#39;Italie, nous avons gard\u00e9 la t\u00eate haute et nous savions que nous pouvions reprendre l&#39;\u00e9lan. Au final, nous \u00e9tions tr\u00e8s proches de marquer le quatri\u00e8me but et ce fut une belle performance.\u00a0\u00bb<\/p>\n<h2 class=\"wp-block-heading\"><span id=\"Richards_Eyes_the_Final\">Richards vise la finale<\/span><\/h2>\n<p>Le d\u00e9fenseur Chris Richards s&#39;est exprim\u00e9 avec une confiance tranquille devant les cam\u00e9ras, refl\u00e9tant l&#39;ambiance dans un vestiaire de Palace qui sait qu&#39;il a un pied dans le dernier carr\u00e9.<\/p>\n<p>\u00ab\u00a0Chaque fois que vous gardez une cage inviol\u00e9e, cela aide tout le monde\u00a0\u00bb, a d\u00e9clar\u00e9 Richards. \u00ab\u00a0Les gars d&#39;en haut aident toujours l&#39;\u00e9quipe et marquer trois buts est formidable. Nous aurions pu en marquer plus.<\/p>\n<figure class=\"wp-block-embed is-type-rich is-provider-twitter wp-block-embed-twitter\">\n<div class=\"wp-block-embed__wrapper\">\n<blockquote class=\"twitter-tweet\" data-width=\"500\" data-dnt=\"true\">\n<p lang=\"en\" dir=\"ltr\">\u00ab\u00a0Le premier pas est fait, nous devons faire le deuxi\u00e8me \u00e0 Florence la semaine prochaine\u00a0\u00bb<\/p>\n<p>Oliver Glasner ne tarit pas d&#39;\u00e9loges sur son \u00e9quipe apr\u00e8s sa victoire 3-0 ce soir \ud83d\ude4c<\/p>\n<p>\ud83c\udf99\ufe0f <a rel=\"nofollow\" href=\"https:\/\/twitter.com\/OliviaBuzaglo?ref_src=twsrc%5Etfw\" rel=\"nofollow noopener\">@OliviaBuzaglo<\/a> | \ud83d\udcfa Diffusez avec TNT Sports sur HBO Max <a rel=\"nofollow\" href=\"https:\/\/t.co\/R0hIUFFOwV\" rel=\"nofollow\">pic.twitter.com\/R0hIUFFOwV<\/a><\/p>\n<p>\u2013 Football sur TNT Sports (@footballontnt) <a rel=\"nofollow\" href=\"https:\/\/twitter.com\/footballontnt\/status\/2042355799427543249?ref_src=twsrc%5Etfw\" rel=\"nofollow noopener\">9 avril 2026<\/a><\/p><\/blockquote>\n<\/div>\n<\/figure>\n<p>\u00ab\u00a0Il y avait beaucoup de jambes fatigu\u00e9es et \u00e7a s&#39;est bien pass\u00e9 vers la fin. C&#39;est amusant dans le vestiaire en ce moment. C&#39;\u00e9tait bien pour tout le monde de se retrouver apr\u00e8s la tr\u00eave internationale. C&#39;est l\u00e9ger mais nous savons que nous avons un gros match dimanche contre Newcastle et \u00e9videmment jeudi prochain.\u00a0\u00bb<\/p>\n<p>Le d\u00e9fenseur am\u00e9ricain n\u2019a pas non plus h\u00e9sit\u00e9 \u00e0 dire \u00e0 quoi ressemble l\u2019ambition au sein de l\u2019\u00e9quipe.<\/p>\n<p>\u00ab\u00a0Bien s\u00fbr, nous voulons aller en finale, mais nous comprenons qu&#39;il reste une \u00e9tape \u00e0 jouer et que nous devons faire le travail\u00a0\u00bb, a-t-il d\u00e9clar\u00e9.<\/p>\n<p>Le match retour aura lieu \u00e0 Florence jeudi prochain. Palace s&#39;y rendra avec trois buts d&#39;avance et aura envie d&#39;avoir des chances de se qualifier pour les quatre derniers.<\/p>\n<\/p><\/div>\n<p><script async src=\"https:\/\/platform.twitter.com\/widgets.js\" charset=\"utf-8\"><\/script><\/p>\n","protected":false},"excerpt":{"rendered":"<p>Crystal Palace d&#39;Oliver Glasner s&#39;est impos\u00e9 3-0 contre ses adversaires italiens jeudi. Crystal Palace a produit une performance dominante au match aller pour battre la<\/p>\n","protected":false},"author":1,"featured_media":35372,"comment_status":"closed","ping_status":"","sticky":false,"template":"","format":"standard","meta":{"footnotes":""},"categories":[3],"tags":[1115,5919,2062,4809,3830,93,1635,815,51,1620,193,26],"yoast_head":"<!-- This site is optimized with the Yoast SEO plugin v21.0 - https:\/\/yoast.com\/wordpress\/plugins\/seo\/ -->\n<title>Glasner salue Palace pour la victoire de la Fiorentina et affirme que les Eagles &quot;auraient pu marquer quatri\u00e8me&quot;<\/title>\n<meta name=\"robots\" content=\"index, follow, max-snippet:-1, max-image-preview:large, max-video-preview:-1\" \/>\n<link rel=\"canonical\" href=\"https:\/\/footdavant.fr\/actualites\/glasner-salue-palace-pour-la-victoire-de-la-fiorentina-et-affirme-que-les-eagles-auraient-pu-marquer-quatrieme\/\" \/>\n<meta property=\"og:locale\" content=\"fr_FR\" \/>\n<meta property=\"og:type\" content=\"article\" \/>\n<meta property=\"og:title\" content=\"Glasner salue Palace pour la victoire de la Fiorentina et affirme que les Eagles &quot;auraient pu marquer quatri\u00e8me&quot;\" \/>\n<meta property=\"og:description\" content=\"Crystal Palace d&#039;Oliver Glasner s&#039;est impos\u00e9 3-0 contre ses adversaires italiens jeudi. Crystal Palace a produit une performance dominante au match aller pour battre la\" \/>\n<meta property=\"og:url\" content=\"https:\/\/footdavant.fr\/actualites\/glasner-salue-palace-pour-la-victoire-de-la-fiorentina-et-affirme-que-les-eagles-auraient-pu-marquer-quatrieme\/\" \/>\n<meta property=\"og:site_name\" content=\"Foot d&#039;avant\" \/>\n<meta property=\"article:publisher\" content=\"https:\/\/www.facebook.com\/Footdavant\/\" \/>\n<meta property=\"article:published_time\" content=\"2026-04-10T02:48:19+00:00\" \/>\n<meta property=\"article:modified_time\" content=\"2026-04-10T02:48:20+00:00\" \/>\n<meta property=\"og:image\" content=\"https:\/\/footdavant.fr\/actualites\/wp-content\/uploads\/2026\/03\/Glasner-espere-une-troisieme-fois-chanceuse-alors-que-Palace-lutte.jpg\" \/>\n\t<meta property=\"og:image:width\" content=\"1200\" \/>\n\t<meta property=\"og:image:height\" content=\"675\" \/>\n\t<meta property=\"og:image:type\" content=\"image\/jpeg\" \/>\n<meta name=\"author\" content=\"Cl\u00e9ment\" \/>\n<meta name=\"twitter:card\" content=\"summary_large_image\" \/>\n<meta name=\"twitter:creator\" content=\"@FootdavantFr\" \/>\n<meta name=\"twitter:site\" content=\"@FootdavantFr\" \/>\n<meta name=\"twitter:label1\" content=\"\u00c9crit par\" \/>\n\t<meta name=\"twitter:data1\" content=\"Cl\u00e9ment\" \/>\n\t<meta name=\"twitter:label2\" content=\"Dur\u00e9e de lecture estim\u00e9e\" \/>\n\t<meta name=\"twitter:data2\" content=\"3 minutes\" \/>\n<script type=\"application\/ld+json\" class=\"yoast-schema-graph\">{\"@context\":\"https:\/\/schema.org\",\"@graph\":[{\"@type\":\"Article\",\"@id\":\"https:\/\/footdavant.fr\/actualites\/glasner-salue-palace-pour-la-victoire-de-la-fiorentina-et-affirme-que-les-eagles-auraient-pu-marquer-quatrieme\/#article\",\"isPartOf\":{\"@id\":\"https:\/\/footdavant.fr\/actualites\/glasner-salue-palace-pour-la-victoire-de-la-fiorentina-et-affirme-que-les-eagles-auraient-pu-marquer-quatrieme\/\"},\"author\":{\"name\":\"Cl\u00e9ment\",\"@id\":\"https:\/\/footdavant.fr\/actualites\/#\/schema\/person\/bc222566d95871b37e597b3ed3ba5e1d\"},\"headline\":\"Glasner salue Palace pour la victoire de la Fiorentina et affirme que les Eagles \u00ab\u00a0auraient pu marquer quatri\u00e8me\u00a0\u00bb\",\"datePublished\":\"2026-04-10T02:48:19+00:00\",\"dateModified\":\"2026-04-10T02:48:20+00:00\",\"mainEntityOfPage\":{\"@id\":\"https:\/\/footdavant.fr\/actualites\/glasner-salue-palace-pour-la-victoire-de-la-fiorentina-et-affirme-que-les-eagles-auraient-pu-marquer-quatrieme\/\"},\"wordCount\":674,\"publisher\":{\"@id\":\"https:\/\/footdavant.fr\/actualites\/#organization\"},\"keywords\":[\"affirme\",\"auraient\",\"Eagles\",\"Fiorentina\",\"Glasner\",\"les\",\"marquer\",\"Palace\",\"pour\",\"quatri\u00e8me\",\"salue\",\"victoire\"],\"articleSection\":[\"Football\"],\"inLanguage\":\"fr-FR\"},{\"@type\":\"WebPage\",\"@id\":\"https:\/\/footdavant.fr\/actualites\/glasner-salue-palace-pour-la-victoire-de-la-fiorentina-et-affirme-que-les-eagles-auraient-pu-marquer-quatrieme\/\",\"url\":\"https:\/\/footdavant.fr\/actualites\/glasner-salue-palace-pour-la-victoire-de-la-fiorentina-et-affirme-que-les-eagles-auraient-pu-marquer-quatrieme\/\",\"name\":\"Glasner salue Palace pour la victoire de la Fiorentina et affirme que les Eagles \\\"auraient pu marquer quatri\u00e8me\\\"\",\"isPartOf\":{\"@id\":\"https:\/\/footdavant.fr\/actualites\/#website\"},\"datePublished\":\"2026-04-10T02:48:19+00:00\",\"dateModified\":\"2026-04-10T02:48:20+00:00\",\"breadcrumb\":{\"@id\":\"https:\/\/footdavant.fr\/actualites\/glasner-salue-palace-pour-la-victoire-de-la-fiorentina-et-affirme-que-les-eagles-auraient-pu-marquer-quatrieme\/#breadcrumb\"},\"inLanguage\":\"fr-FR\",\"potentialAction\":[{\"@type\":\"ReadAction\",\"target\":[\"https:\/\/footdavant.fr\/actualites\/glasner-salue-palace-pour-la-victoire-de-la-fiorentina-et-affirme-que-les-eagles-auraient-pu-marquer-quatrieme\/\"]}]},{\"@type\":\"BreadcrumbList\",\"@id\":\"https:\/\/footdavant.fr\/actualites\/glasner-salue-palace-pour-la-victoire-de-la-fiorentina-et-affirme-que-les-eagles-auraient-pu-marquer-quatrieme\/#breadcrumb\",\"itemListElement\":[{\"@type\":\"ListItem\",\"position\":1,\"name\":\"Accueil\",\"item\":\"https:\/\/footdavant.fr\/actualites\/\"},{\"@type\":\"ListItem\",\"position\":2,\"name\":\"Glasner salue Palace pour la victoire de la Fiorentina et affirme que les Eagles \u00ab\u00a0auraient pu marquer quatri\u00e8me\u00a0\u00bb\"}]},{\"@type\":\"WebSite\",\"@id\":\"https:\/\/footdavant.fr\/actualites\/#website\",\"url\":\"https:\/\/footdavant.fr\/actualites\/\",\"name\":\"Foot d'avant\",\"description\":\"\",\"publisher\":{\"@id\":\"https:\/\/footdavant.fr\/actualites\/#organization\"},\"potentialAction\":[{\"@type\":\"SearchAction\",\"target\":{\"@type\":\"EntryPoint\",\"urlTemplate\":\"https:\/\/footdavant.fr\/actualites\/?s={search_term_string}\"},\"query-input\":\"required name=search_term_string\"}],\"inLanguage\":\"fr-FR\"},{\"@type\":\"Organization\",\"@id\":\"https:\/\/footdavant.fr\/actualites\/#organization\",\"name\":\"Foot d'avant\",\"url\":\"https:\/\/footdavant.fr\/actualites\/\",\"logo\":{\"@type\":\"ImageObject\",\"inLanguage\":\"fr-FR\",\"@id\":\"https:\/\/footdavant.fr\/actualites\/#\/schema\/logo\/image\/\",\"url\":\"https:\/\/footdavant.fr\/actualites\/wp-content\/uploads\/2023\/09\/Copy-of-FootDavant-Logo.png\",\"contentUrl\":\"https:\/\/footdavant.fr\/actualites\/wp-content\/uploads\/2023\/09\/Copy-of-FootDavant-Logo.png\",\"width\":936,\"height\":549,\"caption\":\"Foot d'avant\"},\"image\":{\"@id\":\"https:\/\/footdavant.fr\/actualites\/#\/schema\/logo\/image\/\"},\"sameAs\":[\"https:\/\/www.facebook.com\/Footdavant\/\",\"https:\/\/twitter.com\/FootdavantFr\",\"https:\/\/www.instagram.com\/footdavant.fr\/\"]},{\"@type\":\"Person\",\"@id\":\"https:\/\/footdavant.fr\/actualites\/#\/schema\/person\/bc222566d95871b37e597b3ed3ba5e1d\",\"name\":\"Cl\u00e9ment\",\"image\":{\"@type\":\"ImageObject\",\"inLanguage\":\"fr-FR\",\"@id\":\"https:\/\/footdavant.fr\/actualites\/#\/schema\/person\/image\/\",\"url\":\"https:\/\/secure.gravatar.com\/avatar\/7728b29aac2719421e1a9159b2254c44?s=96&d=mm&r=g\",\"contentUrl\":\"https:\/\/secure.gravatar.com\/avatar\/7728b29aac2719421e1a9159b2254c44?s=96&d=mm&r=g\",\"caption\":\"Cl\u00e9ment\"},\"sameAs\":[\"https:\/\/footdavant.fr\/\"]}]}<\/script>\n<!-- \/ Yoast SEO plugin. -->","yoast_head_json":{"title":"Glasner salue Palace pour la victoire de la Fiorentina et affirme que les Eagles \"auraient pu marquer quatri\u00e8me\"","robots":{"index":"index","follow":"follow","max-snippet":"max-snippet:-1","max-image-preview":"max-image-preview:large","max-video-preview":"max-video-preview:-1"},"canonical":"https:\/\/footdavant.fr\/actualites\/glasner-salue-palace-pour-la-victoire-de-la-fiorentina-et-affirme-que-les-eagles-auraient-pu-marquer-quatrieme\/","og_locale":"fr_FR","og_type":"article","og_title":"Glasner salue Palace pour la victoire de la Fiorentina et affirme que les Eagles \"auraient pu marquer quatri\u00e8me\"","og_description":"Crystal Palace d&#39;Oliver Glasner s&#39;est impos\u00e9 3-0 contre ses adversaires italiens jeudi. Crystal Palace a produit une performance dominante au match aller pour battre la","og_url":"https:\/\/footdavant.fr\/actualites\/glasner-salue-palace-pour-la-victoire-de-la-fiorentina-et-affirme-que-les-eagles-auraient-pu-marquer-quatrieme\/","og_site_name":"Foot d&#039;avant","article_publisher":"https:\/\/www.facebook.com\/Footdavant\/","article_published_time":"2026-04-10T02:48:19+00:00","article_modified_time":"2026-04-10T02:48:20+00:00","og_image":[{"width":1200,"height":675,"url":"https:\/\/footdavant.fr\/actualites\/wp-content\/uploads\/2026\/03\/Glasner-espere-une-troisieme-fois-chanceuse-alors-que-Palace-lutte.jpg","type":"image\/jpeg"}],"author":"Cl\u00e9ment","twitter_card":"summary_large_image","twitter_creator":"@FootdavantFr","twitter_site":"@FootdavantFr","twitter_misc":{"\u00c9crit par":"Cl\u00e9ment","Dur\u00e9e de lecture estim\u00e9e":"3 minutes"},"schema":{"@context":"https:\/\/schema.org","@graph":[{"@type":"Article","@id":"https:\/\/footdavant.fr\/actualites\/glasner-salue-palace-pour-la-victoire-de-la-fiorentina-et-affirme-que-les-eagles-auraient-pu-marquer-quatrieme\/#article","isPartOf":{"@id":"https:\/\/footdavant.fr\/actualites\/glasner-salue-palace-pour-la-victoire-de-la-fiorentina-et-affirme-que-les-eagles-auraient-pu-marquer-quatrieme\/"},"author":{"name":"Cl\u00e9ment","@id":"https:\/\/footdavant.fr\/actualites\/#\/schema\/person\/bc222566d95871b37e597b3ed3ba5e1d"},"headline":"Glasner salue Palace pour la victoire de la Fiorentina et affirme que les Eagles \u00ab\u00a0auraient pu marquer quatri\u00e8me\u00a0\u00bb","datePublished":"2026-04-10T02:48:19+00:00","dateModified":"2026-04-10T02:48:20+00:00","mainEntityOfPage":{"@id":"https:\/\/footdavant.fr\/actualites\/glasner-salue-palace-pour-la-victoire-de-la-fiorentina-et-affirme-que-les-eagles-auraient-pu-marquer-quatrieme\/"},"wordCount":674,"publisher":{"@id":"https:\/\/footdavant.fr\/actualites\/#organization"},"keywords":["affirme","auraient","Eagles","Fiorentina","Glasner","les","marquer","Palace","pour","quatri\u00e8me","salue","victoire"],"articleSection":["Football"],"inLanguage":"fr-FR"},{"@type":"WebPage","@id":"https:\/\/footdavant.fr\/actualites\/glasner-salue-palace-pour-la-victoire-de-la-fiorentina-et-affirme-que-les-eagles-auraient-pu-marquer-quatrieme\/","url":"https:\/\/footdavant.fr\/actualites\/glasner-salue-palace-pour-la-victoire-de-la-fiorentina-et-affirme-que-les-eagles-auraient-pu-marquer-quatrieme\/","name":"Glasner salue Palace pour la victoire de la Fiorentina et affirme que les Eagles \"auraient pu marquer quatri\u00e8me\"","isPartOf":{"@id":"https:\/\/footdavant.fr\/actualites\/#website"},"datePublished":"2026-04-10T02:48:19+00:00","dateModified":"2026-04-10T02:48:20+00:00","breadcrumb":{"@id":"https:\/\/footdavant.fr\/actualites\/glasner-salue-palace-pour-la-victoire-de-la-fiorentina-et-affirme-que-les-eagles-auraient-pu-marquer-quatrieme\/#breadcrumb"},"inLanguage":"fr-FR","potentialAction":[{"@type":"ReadAction","target":["https:\/\/footdavant.fr\/actualites\/glasner-salue-palace-pour-la-victoire-de-la-fiorentina-et-affirme-que-les-eagles-auraient-pu-marquer-quatrieme\/"]}]},{"@type":"BreadcrumbList","@id":"https:\/\/footdavant.fr\/actualites\/glasner-salue-palace-pour-la-victoire-de-la-fiorentina-et-affirme-que-les-eagles-auraient-pu-marquer-quatrieme\/#breadcrumb","itemListElement":[{"@type":"ListItem","position":1,"name":"Accueil","item":"https:\/\/footdavant.fr\/actualites\/"},{"@type":"ListItem","position":2,"name":"Glasner salue Palace pour la victoire de la Fiorentina et affirme que les Eagles \u00ab\u00a0auraient pu marquer quatri\u00e8me\u00a0\u00bb"}]},{"@type":"WebSite","@id":"https:\/\/footdavant.fr\/actualites\/#website","url":"https:\/\/footdavant.fr\/actualites\/","name":"Foot d'avant","description":"","publisher":{"@id":"https:\/\/footdavant.fr\/actualites\/#organization"},"potentialAction":[{"@type":"SearchAction","target":{"@type":"EntryPoint","urlTemplate":"https:\/\/footdavant.fr\/actualites\/?s={search_term_string}"},"query-input":"required name=search_term_string"}],"inLanguage":"fr-FR"},{"@type":"Organization","@id":"https:\/\/footdavant.fr\/actualites\/#organization","name":"Foot d'avant","url":"https:\/\/footdavant.fr\/actualites\/","logo":{"@type":"ImageObject","inLanguage":"fr-FR","@id":"https:\/\/footdavant.fr\/actualites\/#\/schema\/logo\/image\/","url":"https:\/\/footdavant.fr\/actualites\/wp-content\/uploads\/2023\/09\/Copy-of-FootDavant-Logo.png","contentUrl":"https:\/\/footdavant.fr\/actualites\/wp-content\/uploads\/2023\/09\/Copy-of-FootDavant-Logo.png","width":936,"height":549,"caption":"Foot d'avant"},"image":{"@id":"https:\/\/footdavant.fr\/actualites\/#\/schema\/logo\/image\/"},"sameAs":["https:\/\/www.facebook.com\/Footdavant\/","https:\/\/twitter.com\/FootdavantFr","https:\/\/www.instagram.com\/footdavant.fr\/"]},{"@type":"Person","@id":"https:\/\/footdavant.fr\/actualites\/#\/schema\/person\/bc222566d95871b37e597b3ed3ba5e1d","name":"Cl\u00e9ment","image":{"@type":"ImageObject","inLanguage":"fr-FR","@id":"https:\/\/footdavant.fr\/actualites\/#\/schema\/person\/image\/","url":"https:\/\/secure.gravatar.com\/avatar\/7728b29aac2719421e1a9159b2254c44?s=96&d=mm&r=g","contentUrl":"https:\/\/secure.gravatar.com\/avatar\/7728b29aac2719421e1a9159b2254c44?s=96&d=mm&r=g","caption":"Cl\u00e9ment"},"sameAs":["https:\/\/footdavant.fr\/"]}]}},"_links":{"self":[{"href":"https:\/\/footdavant.fr\/actualites\/wp-json\/wp\/v2\/posts\/36305"}],"collection":[{"href":"https:\/\/footdavant.fr\/actualites\/wp-json\/wp\/v2\/posts"}],"about":[{"href":"https:\/\/footdavant.fr\/actualites\/wp-json\/wp\/v2\/types\/post"}],"author":[{"embeddable":true,"href":"https:\/\/footdavant.fr\/actualites\/wp-json\/wp\/v2\/users\/1"}],"replies":[{"embeddable":true,"href":"https:\/\/footdavant.fr\/actualites\/wp-json\/wp\/v2\/comments?post=36305"}],"version-history":[{"count":1,"href":"https:\/\/footdavant.fr\/actualites\/wp-json\/wp\/v2\/posts\/36305\/revisions"}],"predecessor-version":[{"id":36306,"href":"https:\/\/footdavant.fr\/actualites\/wp-json\/wp\/v2\/posts\/36305\/revisions\/36306"}],"wp:featuredmedia":[{"embeddable":true,"href":"https:\/\/footdavant.fr\/actualites\/wp-json\/wp\/v2\/media\/35372"}],"wp:attachment":[{"href":"https:\/\/footdavant.fr\/actualites\/wp-json\/wp\/v2\/media?parent=36305"}],"wp:term":[{"taxonomy":"category","embeddable":true,"href":"https:\/\/footdavant.fr\/actualites\/wp-json\/wp\/v2\/categories?post=36305"},{"taxonomy":"post_tag","embeddable":true,"href":"https:\/\/footdavant.fr\/actualites\/wp-json\/wp\/v2\/tags?post=36305"}],"curies":[{"name":"wp","href":"https:\/\/api.w.org\/{rel}","templated":true}]}}