{"id":36307,"date":"2026-04-10T06:48:37","date_gmt":"2026-04-10T04:48:37","guid":{"rendered":"https:\/\/footdavant.fr\/actualites\/composition-daston-villa-contre-bologne-xi-prevu-pour-les-quarts-de-finale-de-la-ligue-europa\/"},"modified":"2026-04-10T06:48:39","modified_gmt":"2026-04-10T04:48:39","slug":"composition-daston-villa-contre-bologne-xi-prevu-pour-les-quarts-de-finale-de-la-ligue-europa","status":"publish","type":"post","link":"https:\/\/footdavant.fr\/actualites\/composition-daston-villa-contre-bologne-xi-prevu-pour-les-quarts-de-finale-de-la-ligue-europa\/","title":{"rendered":"Composition d&#39;Aston Villa contre Bologne : XI pr\u00e9vu pour les quarts de finale de la Ligue Europa"},"content":{"rendered":"<div itemprop=\"articleBody\">\n<p>Apr\u00e8s avoir battu Bologne deux fois en moins de deux saisons, Aston Villa retrouvera l&#39;\u00e9quipe italienne au Stadio Dall&#39;Ara, alors que les deux duo familiers entameront jeudi leur quart de finale de la Ligue Europa.<\/p>\n<p>Le club de Birmingham a profit\u00e9 d&#39;une pause rare, avec les internationaux et la FA Cup prenant le relais depuis leur dernier match de comp\u00e9tition, et Unai Emery devrait pouvoir choisir parmi la plupart de son \u00e9quipe.<\/p>\n<p>Boubacar Kamara, absent de longue date, est toujours exclu, tandis que Ross Barkley est in\u00e9ligible apr\u00e8s avoir \u00e9t\u00e9 omis de la liste de l&#39;\u00e9quipe de l&#39;UEFA de Villa, et Jadon Sancho s&#39;est bless\u00e9 \u00e0 l&#39;\u00e9paule la semaine derni\u00e8re.<b> amical contre Elche<\/b>.<\/p>\n<p>Sinon, tout le monde devrait \u00eatre en forme et pr\u00eat, Emery est donc pr\u00eat \u00e0 s\u00e9lectionner sa composition pr\u00e9f\u00e9r\u00e9e pour le match aller en \u00c9milie-Romagne.<\/p>\n<p>Aux c\u00f4t\u00e9s d&#39;Amadou Onana ou de Douglas Luiz, le meneur de jeu belge Youri Tielemans pourrait faire sa premi\u00e8re titularisation depuis plusieurs semaines d&#39;absence.<\/p>\n<p>Apr\u00e8s avoir marqu\u00e9 lors des deux matchs pr\u00e9c\u00e9dents contre Bologne, le capitaine \u00e0 nouveau en forme John McGinn figurera presque certainement au milieu de terrain, Morgan Rogers \u00e9tant \u00e9galement susceptible de d\u00e9buter derri\u00e8re le leader solitaire Ollie Watkins.<\/p>\n<p>Apr\u00e8s son but en huiti\u00e8mes de finale contre Lille, ce dernier est toujours favori pour battre Tammy Abraham en s\u00e9lection, malgr\u00e9 un ralentissement au niveau des clubs et son absence dans la derni\u00e8re \u00e9quipe d&#39;Angleterre. <\/p>\n<p>Aston Villa onze de d\u00e9part possible : Martinez ; Cash, Konsa, Torres, Digne ; Onana, Tielemans; McGinn, Buendia, Rogers\u00a0; Watkins<\/p>\n<\/div>\n","protected":false},"excerpt":{"rendered":"<p>Apr\u00e8s avoir battu Bologne deux fois en moins de deux saisons, Aston Villa retrouvera l&#39;\u00e9quipe italienne au Stadio Dall&#39;Ara, alors que les deux duo familiers<\/p>\n","protected":false},"author":1,"featured_media":36308,"comment_status":"closed","ping_status":"","sticky":false,"template":"","format":"standard","meta":{"footnotes":""},"categories":[5],"tags":[4613,2291,20,4823,761,897,93,30,51,3924,3966,370],"yoast_head":"<!-- This site is optimized with the Yoast SEO plugin v21.0 - https:\/\/yoast.com\/wordpress\/plugins\/seo\/ -->\n<title>Composition d&#039;Aston Villa contre Bologne : XI pr\u00e9vu pour les quarts de finale de la Ligue Europa<\/title>\n<meta name=\"robots\" content=\"index, follow, max-snippet:-1, max-image-preview:large, max-video-preview:-1\" \/>\n<link rel=\"canonical\" href=\"https:\/\/footdavant.fr\/actualites\/composition-daston-villa-contre-bologne-xi-prevu-pour-les-quarts-de-finale-de-la-ligue-europa\/\" \/>\n<meta property=\"og:locale\" content=\"fr_FR\" \/>\n<meta property=\"og:type\" content=\"article\" \/>\n<meta property=\"og:title\" content=\"Composition d&#039;Aston Villa contre Bologne : XI pr\u00e9vu pour les quarts de finale de la Ligue Europa\" \/>\n<meta property=\"og:description\" content=\"Apr\u00e8s avoir battu Bologne deux fois en moins de deux saisons, Aston Villa retrouvera l&#039;\u00e9quipe italienne au Stadio Dall&#039;Ara, alors que les deux duo familiers\" \/>\n<meta property=\"og:url\" content=\"https:\/\/footdavant.fr\/actualites\/composition-daston-villa-contre-bologne-xi-prevu-pour-les-quarts-de-finale-de-la-ligue-europa\/\" \/>\n<meta property=\"og:site_name\" content=\"Foot d&#039;avant\" \/>\n<meta property=\"article:publisher\" content=\"https:\/\/www.facebook.com\/Footdavant\/\" \/>\n<meta property=\"article:published_time\" content=\"2026-04-10T04:48:37+00:00\" \/>\n<meta property=\"article:modified_time\" content=\"2026-04-10T04:48:39+00:00\" \/>\n<meta property=\"og:image\" content=\"https:\/\/footdavant.fr\/actualites\/wp-content\/uploads\/2026\/04\/Composition-d39Aston-Villa-contre-Bologne-XI-prevu-pour-les.net2Fuploads2F20252F122Ftieleman-693b3e2.webp\" \/>\n\t<meta property=\"og:image:width\" content=\"720\" \/>\n\t<meta property=\"og:image:height\" content=\"410\" \/>\n\t<meta property=\"og:image:type\" content=\"image\/webp\" \/>\n<meta name=\"author\" content=\"Cl\u00e9ment\" \/>\n<meta name=\"twitter:card\" content=\"summary_large_image\" \/>\n<meta name=\"twitter:creator\" content=\"@FootdavantFr\" \/>\n<meta name=\"twitter:site\" content=\"@FootdavantFr\" \/>\n<meta name=\"twitter:label1\" content=\"\u00c9crit par\" \/>\n\t<meta name=\"twitter:data1\" content=\"Cl\u00e9ment\" \/>\n\t<meta name=\"twitter:label2\" content=\"Dur\u00e9e de lecture estim\u00e9e\" \/>\n\t<meta name=\"twitter:data2\" content=\"1 minute\" \/>\n<script type=\"application\/ld+json\" class=\"yoast-schema-graph\">{\"@context\":\"https:\/\/schema.org\",\"@graph\":[{\"@type\":\"Article\",\"@id\":\"https:\/\/footdavant.fr\/actualites\/composition-daston-villa-contre-bologne-xi-prevu-pour-les-quarts-de-finale-de-la-ligue-europa\/#article\",\"isPartOf\":{\"@id\":\"https:\/\/footdavant.fr\/actualites\/composition-daston-villa-contre-bologne-xi-prevu-pour-les-quarts-de-finale-de-la-ligue-europa\/\"},\"author\":{\"name\":\"Cl\u00e9ment\",\"@id\":\"https:\/\/footdavant.fr\/actualites\/#\/schema\/person\/bc222566d95871b37e597b3ed3ba5e1d\"},\"headline\":\"Composition d&#39;Aston Villa contre Bologne : XI pr\u00e9vu pour les quarts de finale de la Ligue Europa\",\"datePublished\":\"2026-04-10T04:48:37+00:00\",\"dateModified\":\"2026-04-10T04:48:39+00:00\",\"mainEntityOfPage\":{\"@id\":\"https:\/\/footdavant.fr\/actualites\/composition-daston-villa-contre-bologne-xi-prevu-pour-les-quarts-de-finale-de-la-ligue-europa\/\"},\"wordCount\":301,\"publisher\":{\"@id\":\"https:\/\/footdavant.fr\/actualites\/#organization\"},\"keywords\":[\"Bologne\",\"composition\",\"contre\",\"d39Aston\",\"Europa\",\"finale\",\"les\",\"Ligue\",\"pour\",\"pr\u00e9vu\",\"quarts\",\"Villa\"],\"articleSection\":[\"Premier League\"],\"inLanguage\":\"fr-FR\"},{\"@type\":\"WebPage\",\"@id\":\"https:\/\/footdavant.fr\/actualites\/composition-daston-villa-contre-bologne-xi-prevu-pour-les-quarts-de-finale-de-la-ligue-europa\/\",\"url\":\"https:\/\/footdavant.fr\/actualites\/composition-daston-villa-contre-bologne-xi-prevu-pour-les-quarts-de-finale-de-la-ligue-europa\/\",\"name\":\"Composition d&#39;Aston Villa contre Bologne : XI pr\u00e9vu pour les quarts de finale de la Ligue Europa\",\"isPartOf\":{\"@id\":\"https:\/\/footdavant.fr\/actualites\/#website\"},\"datePublished\":\"2026-04-10T04:48:37+00:00\",\"dateModified\":\"2026-04-10T04:48:39+00:00\",\"breadcrumb\":{\"@id\":\"https:\/\/footdavant.fr\/actualites\/composition-daston-villa-contre-bologne-xi-prevu-pour-les-quarts-de-finale-de-la-ligue-europa\/#breadcrumb\"},\"inLanguage\":\"fr-FR\",\"potentialAction\":[{\"@type\":\"ReadAction\",\"target\":[\"https:\/\/footdavant.fr\/actualites\/composition-daston-villa-contre-bologne-xi-prevu-pour-les-quarts-de-finale-de-la-ligue-europa\/\"]}]},{\"@type\":\"BreadcrumbList\",\"@id\":\"https:\/\/footdavant.fr\/actualites\/composition-daston-villa-contre-bologne-xi-prevu-pour-les-quarts-de-finale-de-la-ligue-europa\/#breadcrumb\",\"itemListElement\":[{\"@type\":\"ListItem\",\"position\":1,\"name\":\"Accueil\",\"item\":\"https:\/\/footdavant.fr\/actualites\/\"},{\"@type\":\"ListItem\",\"position\":2,\"name\":\"Composition d&#39;Aston Villa contre Bologne : XI pr\u00e9vu pour les quarts de finale de la Ligue Europa\"}]},{\"@type\":\"WebSite\",\"@id\":\"https:\/\/footdavant.fr\/actualites\/#website\",\"url\":\"https:\/\/footdavant.fr\/actualites\/\",\"name\":\"Foot d'avant\",\"description\":\"\",\"publisher\":{\"@id\":\"https:\/\/footdavant.fr\/actualites\/#organization\"},\"potentialAction\":[{\"@type\":\"SearchAction\",\"target\":{\"@type\":\"EntryPoint\",\"urlTemplate\":\"https:\/\/footdavant.fr\/actualites\/?s={search_term_string}\"},\"query-input\":\"required name=search_term_string\"}],\"inLanguage\":\"fr-FR\"},{\"@type\":\"Organization\",\"@id\":\"https:\/\/footdavant.fr\/actualites\/#organization\",\"name\":\"Foot d'avant\",\"url\":\"https:\/\/footdavant.fr\/actualites\/\",\"logo\":{\"@type\":\"ImageObject\",\"inLanguage\":\"fr-FR\",\"@id\":\"https:\/\/footdavant.fr\/actualites\/#\/schema\/logo\/image\/\",\"url\":\"https:\/\/footdavant.fr\/actualites\/wp-content\/uploads\/2023\/09\/Copy-of-FootDavant-Logo.png\",\"contentUrl\":\"https:\/\/footdavant.fr\/actualites\/wp-content\/uploads\/2023\/09\/Copy-of-FootDavant-Logo.png\",\"width\":936,\"height\":549,\"caption\":\"Foot d'avant\"},\"image\":{\"@id\":\"https:\/\/footdavant.fr\/actualites\/#\/schema\/logo\/image\/\"},\"sameAs\":[\"https:\/\/www.facebook.com\/Footdavant\/\",\"https:\/\/twitter.com\/FootdavantFr\",\"https:\/\/www.instagram.com\/footdavant.fr\/\"]},{\"@type\":\"Person\",\"@id\":\"https:\/\/footdavant.fr\/actualites\/#\/schema\/person\/bc222566d95871b37e597b3ed3ba5e1d\",\"name\":\"Cl\u00e9ment\",\"image\":{\"@type\":\"ImageObject\",\"inLanguage\":\"fr-FR\",\"@id\":\"https:\/\/footdavant.fr\/actualites\/#\/schema\/person\/image\/\",\"url\":\"https:\/\/secure.gravatar.com\/avatar\/7728b29aac2719421e1a9159b2254c44?s=96&d=mm&r=g\",\"contentUrl\":\"https:\/\/secure.gravatar.com\/avatar\/7728b29aac2719421e1a9159b2254c44?s=96&d=mm&r=g\",\"caption\":\"Cl\u00e9ment\"},\"sameAs\":[\"https:\/\/footdavant.fr\/\"]}]}<\/script>\n<!-- \/ Yoast SEO plugin. -->","yoast_head_json":{"title":"Composition d&#39;Aston Villa contre Bologne : XI pr\u00e9vu pour les quarts de finale de la Ligue Europa","robots":{"index":"index","follow":"follow","max-snippet":"max-snippet:-1","max-image-preview":"max-image-preview:large","max-video-preview":"max-video-preview:-1"},"canonical":"https:\/\/footdavant.fr\/actualites\/composition-daston-villa-contre-bologne-xi-prevu-pour-les-quarts-de-finale-de-la-ligue-europa\/","og_locale":"fr_FR","og_type":"article","og_title":"Composition d&#39;Aston Villa contre Bologne : XI pr\u00e9vu pour les quarts de finale de la Ligue Europa","og_description":"Apr\u00e8s avoir battu Bologne deux fois en moins de deux saisons, Aston Villa retrouvera l&#39;\u00e9quipe italienne au Stadio Dall&#39;Ara, alors que les deux duo familiers","og_url":"https:\/\/footdavant.fr\/actualites\/composition-daston-villa-contre-bologne-xi-prevu-pour-les-quarts-de-finale-de-la-ligue-europa\/","og_site_name":"Foot d&#039;avant","article_publisher":"https:\/\/www.facebook.com\/Footdavant\/","article_published_time":"2026-04-10T04:48:37+00:00","article_modified_time":"2026-04-10T04:48:39+00:00","og_image":[{"width":720,"height":410,"url":"https:\/\/footdavant.fr\/actualites\/wp-content\/uploads\/2026\/04\/Composition-d39Aston-Villa-contre-Bologne-XI-prevu-pour-les.net2Fuploads2F20252F122Ftieleman-693b3e2.webp","type":"image\/webp"}],"author":"Cl\u00e9ment","twitter_card":"summary_large_image","twitter_creator":"@FootdavantFr","twitter_site":"@FootdavantFr","twitter_misc":{"\u00c9crit par":"Cl\u00e9ment","Dur\u00e9e de lecture estim\u00e9e":"1 minute"},"schema":{"@context":"https:\/\/schema.org","@graph":[{"@type":"Article","@id":"https:\/\/footdavant.fr\/actualites\/composition-daston-villa-contre-bologne-xi-prevu-pour-les-quarts-de-finale-de-la-ligue-europa\/#article","isPartOf":{"@id":"https:\/\/footdavant.fr\/actualites\/composition-daston-villa-contre-bologne-xi-prevu-pour-les-quarts-de-finale-de-la-ligue-europa\/"},"author":{"name":"Cl\u00e9ment","@id":"https:\/\/footdavant.fr\/actualites\/#\/schema\/person\/bc222566d95871b37e597b3ed3ba5e1d"},"headline":"Composition d&#39;Aston Villa contre Bologne : XI pr\u00e9vu pour les quarts de finale de la Ligue Europa","datePublished":"2026-04-10T04:48:37+00:00","dateModified":"2026-04-10T04:48:39+00:00","mainEntityOfPage":{"@id":"https:\/\/footdavant.fr\/actualites\/composition-daston-villa-contre-bologne-xi-prevu-pour-les-quarts-de-finale-de-la-ligue-europa\/"},"wordCount":301,"publisher":{"@id":"https:\/\/footdavant.fr\/actualites\/#organization"},"keywords":["Bologne","composition","contre","d39Aston","Europa","finale","les","Ligue","pour","pr\u00e9vu","quarts","Villa"],"articleSection":["Premier League"],"inLanguage":"fr-FR"},{"@type":"WebPage","@id":"https:\/\/footdavant.fr\/actualites\/composition-daston-villa-contre-bologne-xi-prevu-pour-les-quarts-de-finale-de-la-ligue-europa\/","url":"https:\/\/footdavant.fr\/actualites\/composition-daston-villa-contre-bologne-xi-prevu-pour-les-quarts-de-finale-de-la-ligue-europa\/","name":"Composition d&#39;Aston Villa contre Bologne : XI pr\u00e9vu pour les quarts de finale de la Ligue Europa","isPartOf":{"@id":"https:\/\/footdavant.fr\/actualites\/#website"},"datePublished":"2026-04-10T04:48:37+00:00","dateModified":"2026-04-10T04:48:39+00:00","breadcrumb":{"@id":"https:\/\/footdavant.fr\/actualites\/composition-daston-villa-contre-bologne-xi-prevu-pour-les-quarts-de-finale-de-la-ligue-europa\/#breadcrumb"},"inLanguage":"fr-FR","potentialAction":[{"@type":"ReadAction","target":["https:\/\/footdavant.fr\/actualites\/composition-daston-villa-contre-bologne-xi-prevu-pour-les-quarts-de-finale-de-la-ligue-europa\/"]}]},{"@type":"BreadcrumbList","@id":"https:\/\/footdavant.fr\/actualites\/composition-daston-villa-contre-bologne-xi-prevu-pour-les-quarts-de-finale-de-la-ligue-europa\/#breadcrumb","itemListElement":[{"@type":"ListItem","position":1,"name":"Accueil","item":"https:\/\/footdavant.fr\/actualites\/"},{"@type":"ListItem","position":2,"name":"Composition d&#39;Aston Villa contre Bologne : XI pr\u00e9vu pour les quarts de finale de la Ligue Europa"}]},{"@type":"WebSite","@id":"https:\/\/footdavant.fr\/actualites\/#website","url":"https:\/\/footdavant.fr\/actualites\/","name":"Foot d'avant","description":"","publisher":{"@id":"https:\/\/footdavant.fr\/actualites\/#organization"},"potentialAction":[{"@type":"SearchAction","target":{"@type":"EntryPoint","urlTemplate":"https:\/\/footdavant.fr\/actualites\/?s={search_term_string}"},"query-input":"required name=search_term_string"}],"inLanguage":"fr-FR"},{"@type":"Organization","@id":"https:\/\/footdavant.fr\/actualites\/#organization","name":"Foot d'avant","url":"https:\/\/footdavant.fr\/actualites\/","logo":{"@type":"ImageObject","inLanguage":"fr-FR","@id":"https:\/\/footdavant.fr\/actualites\/#\/schema\/logo\/image\/","url":"https:\/\/footdavant.fr\/actualites\/wp-content\/uploads\/2023\/09\/Copy-of-FootDavant-Logo.png","contentUrl":"https:\/\/footdavant.fr\/actualites\/wp-content\/uploads\/2023\/09\/Copy-of-FootDavant-Logo.png","width":936,"height":549,"caption":"Foot d'avant"},"image":{"@id":"https:\/\/footdavant.fr\/actualites\/#\/schema\/logo\/image\/"},"sameAs":["https:\/\/www.facebook.com\/Footdavant\/","https:\/\/twitter.com\/FootdavantFr","https:\/\/www.instagram.com\/footdavant.fr\/"]},{"@type":"Person","@id":"https:\/\/footdavant.fr\/actualites\/#\/schema\/person\/bc222566d95871b37e597b3ed3ba5e1d","name":"Cl\u00e9ment","image":{"@type":"ImageObject","inLanguage":"fr-FR","@id":"https:\/\/footdavant.fr\/actualites\/#\/schema\/person\/image\/","url":"https:\/\/secure.gravatar.com\/avatar\/7728b29aac2719421e1a9159b2254c44?s=96&d=mm&r=g","contentUrl":"https:\/\/secure.gravatar.com\/avatar\/7728b29aac2719421e1a9159b2254c44?s=96&d=mm&r=g","caption":"Cl\u00e9ment"},"sameAs":["https:\/\/footdavant.fr\/"]}]}},"_links":{"self":[{"href":"https:\/\/footdavant.fr\/actualites\/wp-json\/wp\/v2\/posts\/36307"}],"collection":[{"href":"https:\/\/footdavant.fr\/actualites\/wp-json\/wp\/v2\/posts"}],"about":[{"href":"https:\/\/footdavant.fr\/actualites\/wp-json\/wp\/v2\/types\/post"}],"author":[{"embeddable":true,"href":"https:\/\/footdavant.fr\/actualites\/wp-json\/wp\/v2\/users\/1"}],"replies":[{"embeddable":true,"href":"https:\/\/footdavant.fr\/actualites\/wp-json\/wp\/v2\/comments?post=36307"}],"version-history":[{"count":1,"href":"https:\/\/footdavant.fr\/actualites\/wp-json\/wp\/v2\/posts\/36307\/revisions"}],"predecessor-version":[{"id":36309,"href":"https:\/\/footdavant.fr\/actualites\/wp-json\/wp\/v2\/posts\/36307\/revisions\/36309"}],"wp:featuredmedia":[{"embeddable":true,"href":"https:\/\/footdavant.fr\/actualites\/wp-json\/wp\/v2\/media\/36308"}],"wp:attachment":[{"href":"https:\/\/footdavant.fr\/actualites\/wp-json\/wp\/v2\/media?parent=36307"}],"wp:term":[{"taxonomy":"category","embeddable":true,"href":"https:\/\/footdavant.fr\/actualites\/wp-json\/wp\/v2\/categories?post=36307"},{"taxonomy":"post_tag","embeddable":true,"href":"https:\/\/footdavant.fr\/actualites\/wp-json\/wp\/v2\/tags?post=36307"}],"curies":[{"name":"wp","href":"https:\/\/api.w.org\/{rel}","templated":true}]}}