{"id":36310,"date":"2026-04-10T08:48:17","date_gmt":"2026-04-10T06:48:17","guid":{"rendered":"https:\/\/footdavant.fr\/actualites\/la-position-de-man-united-sur-le-nouveau-defenseur-central-devoilee-apres-le-renouvellement-de-maguire\/"},"modified":"2026-04-10T08:48:20","modified_gmt":"2026-04-10T06:48:20","slug":"la-position-de-man-united-sur-le-nouveau-defenseur-central-devoilee-apres-le-renouvellement-de-maguire","status":"publish","type":"post","link":"https:\/\/footdavant.fr\/actualites\/la-position-de-man-united-sur-le-nouveau-defenseur-central-devoilee-apres-le-renouvellement-de-maguire\/","title":{"rendered":"La position de Man United sur le nouveau d\u00e9fenseur central d\u00e9voil\u00e9e apr\u00e8s le renouvellement de Maguire &#8211;"},"content":{"rendered":"<div id=\"penci-post-entry-inner\">\n<p>\t\t\t<i class=\"penci-post-countview-number-check\" style=\"display:none\">21<\/i><\/p>\n<p>Manchester United serait toujours \u00e0 la recherche d&#39;un nouveau d\u00e9fenseur central cet \u00e9t\u00e9, malgr\u00e9 la signature d&#39;Harry Maguire une prolongation de contrat cette semaine.<\/p>\n<h5>Big H reste<\/h5>\n<p>L&#39;incertitude tournait autour de l&#39;avenir de Maguire \u00e0 Old Trafford plus t\u00f4t dans la saison alors que le contrat de l&#39;international anglais devait expirer en mai. \u00c0 l&#39;\u00e9poque, sous le r\u00e8gne turbulent de Ruben Amorim, le d\u00e9fenseur de 33 ans \u00e9tait en grande partie rel\u00e9gu\u00e9 sur le banc, Matthijs de Ligt devenant l&#39;artiste vedette des Diables Rouges.<\/p>\n<p>Cependant, le football est une b\u00eate impr\u00e9visible dans le meilleur des cas et, quelques mois plus tard, Amorim a quitt\u00e9 le club \u2013 remplac\u00e9 par Michael Carrick apr\u00e8s avoir re\u00e7u ses ordres de marche d&#39;INEOS \u2013 et De Ligt a \u00e9t\u00e9 exclu en raison d&#39;une longue blessure au dos.<\/p>\n<p>Avec Carrick \u00e0 la barre et en l&#39;absence malheureuse de De Ligt, Maguire est revenu en tant que membre permanent de l&#39;\u00e9quipe, disputant tous les matches du superbe d\u00e9part de l&#39;entra\u00eeneur par int\u00e9rim de 44 ans. Aucune \u00e9quipe n&#39;a r\u00e9colt\u00e9 plus de points que United depuis la nomination de Carrick, son d\u00e9fenseur central exp\u00e9riment\u00e9 s&#39;av\u00e9rant un \u00e9l\u00e9ment cl\u00e9 en tant que pilier de force \u00e0 l&#39;arri\u00e8re.<\/p>\n<p>Ce regain de forme, tant pour le joueur que pour le club, a amen\u00e9 INEOS \u00e0 mettre fin aux sp\u00e9culations sur l&#39;avenir de Maguire en acceptant une prolongation d&#39;un an, qui comprend l&#39;option de douze mois suppl\u00e9mentaires. Il aurait accept\u00e9 une r\u00e9duction de salaire afin de faciliter les n\u00e9gociations \u2013 un t\u00e9moignage de son d\u00e9sir de rester un Diable Rouge le plus longtemps possible.<\/p>\n<p>United a \u00e9t\u00e9 associ\u00e9 \u00e0 des renforts en d\u00e9fense centrale, Nottingham Forest et le g\u00e9ant br\u00e9silien Murillo devenant comme principales cibles. Mais on pensait que la prolongation de Maguire mettrait un terme \u00e0 ces recherches, ou du moins les retarderait d&#39;un an ou deux.<\/p>\n<p>Cependant, r\u00e9v\u00e8le qu\u2019INEOS reste d\u00e9termin\u00e9 \u00e0 recruter un d\u00e9fenseur central cet \u00e9t\u00e9. \u00ab\u00a0Bien qu&#39;Harry Maguire se soit r\u00e9cemment engag\u00e9 sur un nouvel accord, United devrait toujours ajouter un autre d\u00e9fenseur central cet \u00e9t\u00e9\u00a0\u00bb, indique le rapport. Et il semble que le candidat id\u00e9al fasse activement pression pour d\u00e9m\u00e9nager en Angleterre cet \u00e9t\u00e9 apr\u00e8s que son club ait r\u00e9duit son prix demand\u00e9 afin d&#39;acc\u00e9l\u00e9rer le d\u00e9m\u00e9nagement.<\/p>\n<h5>Le Titan fran\u00e7ais<\/h5>\n<p>Castello Lukeba est une cible \u00e0 long terme \u00e0 Old Trafford, car United a \u00e9t\u00e9 signal\u00e9 \u00e0 plusieurs reprises comme un pr\u00e9tendant du monstre d\u00e9fensif du RB Leipzig \u2013 avec raison.<\/p>\n<p>L\u2019international fran\u00e7ais est un d\u00e9fenseur central gaucher dot\u00e9 de capacit\u00e9s exceptionnelles de progression du ballon, une combinaison rare que convoitent les grands clubs. Mais il est \u00e9galement excellent dans les duels et conserve la vitesse et la force n\u00e9cessaires pour parcourir de grands espaces en transition.<\/p>\n<p>\u00c0 seulement 6&#39;0, le joueur de 23 ans est relativement petit par rapport aux standards habituels de la Premier League, mais il poss\u00e8de un saut vif et est capable de combattre efficacement des attaquants plus grands que lui. Fait int\u00e9ressant, plut\u00f4t qu&#39;un successeur \u00e0 long terme de Maguire, le profil de Lukeba se pr\u00eate presque davantage \u00e0 la succession de Lisandro Martinez, le guerrier de United dot\u00e9 d&#39;une baguette du pied gauche.<\/p>\n<p>L&#39;Argentin de 28 ans a subi une s\u00e9rie de blessures d\u00e9vastatrices depuis son arriv\u00e9e \u00e0 Old Trafford en provenance de l&#39;Ajax en 2022. Lorsque cela est combin\u00e9 au myst\u00e9rieux probl\u00e8me de dos de De Ligt, United est confront\u00e9 \u00e0 ses deux d\u00e9fenseurs centraux \u00ab de premier ordre \u00bb posant tous deux des risques la saison prochaine \u2013 ce qui peut expliquer pourquoi le club reste concentr\u00e9 sur une nouvelle option, malgr\u00e9 le renouvellement du contrat de Maguire.<\/p>\n<p>  r\u00e9v\u00e8le que le RB Leipzig est pr\u00eat \u00e0 r\u00e9duire le prix demand\u00e9 pour Lukeba de sa clause de lib\u00e9ration de 70 millions de livres sterling \u00e0 55 millions de livres sterling, le camp fran\u00e7ais ayant d\u00e9j\u00e0 pris contact avec chaque membre de l&#39;\u00e9lite anglaise alors qu&#39;il fait pression pour un transfert en Premier League cet \u00e9t\u00e9. <\/p>\n<p>United fait partie des \u00e9quipes \u00e0 avoir \u00e9t\u00e9 \u00ab formellement inform\u00e9es \u00bb de cette option, tandis qu\u2019Arsenal, Chelsea, Liverpool et Tottenham Hotspur sont \u00e9galement inform\u00e9s, cr\u00e9ant ainsi une bataille potentielle entre les rivaux nationaux.<\/p>\n<h5>Pens\u00e9es finales<\/h5>\n<p>M\u00eame si Lukeba est sans aucun doute un d\u00e9fenseur central talentueux, poss\u00e9dant les caract\u00e9ristiques physiques n\u00e9cessaires pour concourir en Premier League et les qualit\u00e9s techniques n\u00e9cessaires pour \u00eatre d\u00e9cisif balle au pied, l&#39;id\u00e9e de d\u00e9penser beaucoup d&#39;argent, m\u00eame si son prix est r\u00e9duit, pour un jeune (ish) d\u00e9fenseur alors que Leny Yoro et Ayden Heaven sont d\u00e9j\u00e0 au club est insens\u00e9e.<\/p>\n<p>United s&#39;est donn\u00e9 une certaine marge de man\u0153uvre en renouvelant l&#39;accord de Maguire ; ce n\u2019est pas le moment d\u2019ajouter un autre monstre d\u00e9fensif aux rangs \u00e0 Old Trafford.<\/p>\n<p><\/p>\n<hr\/>\n<p>The Peoples Person est l&#39;un des principaux sites d&#39;information de Man United au monde depuis plus d&#39;une d\u00e9cennie. Suivez-nous sur Bluesky\u00a0: @peoplesperson.bsky.social<\/p>\n<p><!-- CONTENT END 2 --><\/p><\/div>\n","protected":false},"excerpt":{"rendered":"<p>21 Manchester United serait toujours \u00e0 la recherche d&#39;un nouveau d\u00e9fenseur central cet \u00e9t\u00e9, malgr\u00e9 la signature d&#39;Harry Maguire une prolongation de contrat cette semaine.<\/p>\n","protected":false},"author":1,"featured_media":36311,"comment_status":"closed","ping_status":"","sticky":false,"template":"","format":"standard","meta":{"footnotes":""},"categories":[3],"tags":[25,1118,928,11822,33,24,199,2283,7461,103,13],"yoast_head":"<!-- This site is optimized with the Yoast SEO plugin v21.0 - https:\/\/yoast.com\/wordpress\/plugins\/seo\/ -->\n<title>La position de Man United sur le nouveau d\u00e9fenseur central d\u00e9voil\u00e9e apr\u00e8s le renouvellement de Maguire -<\/title>\n<meta name=\"robots\" content=\"index, follow, max-snippet:-1, max-image-preview:large, max-video-preview:-1\" \/>\n<link rel=\"canonical\" href=\"https:\/\/footdavant.fr\/actualites\/la-position-de-man-united-sur-le-nouveau-defenseur-central-devoilee-apres-le-renouvellement-de-maguire\/\" \/>\n<meta property=\"og:locale\" content=\"fr_FR\" \/>\n<meta property=\"og:type\" content=\"article\" \/>\n<meta property=\"og:title\" content=\"La position de Man United sur le nouveau d\u00e9fenseur central d\u00e9voil\u00e9e apr\u00e8s le renouvellement de Maguire -\" \/>\n<meta property=\"og:description\" content=\"21 Manchester United serait toujours \u00e0 la recherche d&#039;un nouveau d\u00e9fenseur central cet \u00e9t\u00e9, malgr\u00e9 la signature d&#039;Harry Maguire une prolongation de contrat cette semaine.\" \/>\n<meta property=\"og:url\" content=\"https:\/\/footdavant.fr\/actualites\/la-position-de-man-united-sur-le-nouveau-defenseur-central-devoilee-apres-le-renouvellement-de-maguire\/\" \/>\n<meta property=\"og:site_name\" content=\"Foot d&#039;avant\" \/>\n<meta property=\"article:publisher\" content=\"https:\/\/www.facebook.com\/Footdavant\/\" \/>\n<meta property=\"article:published_time\" content=\"2026-04-10T06:48:17+00:00\" \/>\n<meta property=\"article:modified_time\" content=\"2026-04-10T06:48:20+00:00\" \/>\n<meta property=\"og:image\" content=\"https:\/\/footdavant.fr\/actualites\/wp-content\/uploads\/2026\/04\/La-position-de-Man-United-sur-le-nouveau-defenseur-central.jpg\" \/>\n\t<meta property=\"og:image:width\" content=\"1600\" \/>\n\t<meta property=\"og:image:height\" content=\"715\" \/>\n\t<meta property=\"og:image:type\" content=\"image\/jpeg\" \/>\n<meta name=\"author\" content=\"Cl\u00e9ment\" \/>\n<meta name=\"twitter:card\" content=\"summary_large_image\" \/>\n<meta name=\"twitter:creator\" content=\"@FootdavantFr\" \/>\n<meta name=\"twitter:site\" content=\"@FootdavantFr\" \/>\n<meta name=\"twitter:label1\" content=\"\u00c9crit par\" \/>\n\t<meta name=\"twitter:data1\" content=\"Cl\u00e9ment\" \/>\n\t<meta name=\"twitter:label2\" content=\"Dur\u00e9e de lecture estim\u00e9e\" \/>\n\t<meta name=\"twitter:data2\" content=\"4 minutes\" \/>\n<script type=\"application\/ld+json\" class=\"yoast-schema-graph\">{\"@context\":\"https:\/\/schema.org\",\"@graph\":[{\"@type\":\"Article\",\"@id\":\"https:\/\/footdavant.fr\/actualites\/la-position-de-man-united-sur-le-nouveau-defenseur-central-devoilee-apres-le-renouvellement-de-maguire\/#article\",\"isPartOf\":{\"@id\":\"https:\/\/footdavant.fr\/actualites\/la-position-de-man-united-sur-le-nouveau-defenseur-central-devoilee-apres-le-renouvellement-de-maguire\/\"},\"author\":{\"name\":\"Cl\u00e9ment\",\"@id\":\"https:\/\/footdavant.fr\/actualites\/#\/schema\/person\/bc222566d95871b37e597b3ed3ba5e1d\"},\"headline\":\"La position de Man United sur le nouveau d\u00e9fenseur central d\u00e9voil\u00e9e apr\u00e8s le renouvellement de Maguire &#8211;\",\"datePublished\":\"2026-04-10T06:48:17+00:00\",\"dateModified\":\"2026-04-10T06:48:20+00:00\",\"mainEntityOfPage\":{\"@id\":\"https:\/\/footdavant.fr\/actualites\/la-position-de-man-united-sur-le-nouveau-defenseur-central-devoilee-apres-le-renouvellement-de-maguire\/\"},\"wordCount\":916,\"publisher\":{\"@id\":\"https:\/\/footdavant.fr\/actualites\/#organization\"},\"keywords\":[\"apr\u00e8s\",\"central\",\"d\u00e9fenseur\",\"d\u00e9voil\u00e9e\",\"Maguire\",\"Man\",\"nouveau\",\"position\",\"renouvellement\",\"sur\",\"United\"],\"articleSection\":[\"Football\"],\"inLanguage\":\"fr-FR\"},{\"@type\":\"WebPage\",\"@id\":\"https:\/\/footdavant.fr\/actualites\/la-position-de-man-united-sur-le-nouveau-defenseur-central-devoilee-apres-le-renouvellement-de-maguire\/\",\"url\":\"https:\/\/footdavant.fr\/actualites\/la-position-de-man-united-sur-le-nouveau-defenseur-central-devoilee-apres-le-renouvellement-de-maguire\/\",\"name\":\"La position de Man United sur le nouveau d\u00e9fenseur central d\u00e9voil\u00e9e apr\u00e8s le renouvellement de Maguire -\",\"isPartOf\":{\"@id\":\"https:\/\/footdavant.fr\/actualites\/#website\"},\"datePublished\":\"2026-04-10T06:48:17+00:00\",\"dateModified\":\"2026-04-10T06:48:20+00:00\",\"breadcrumb\":{\"@id\":\"https:\/\/footdavant.fr\/actualites\/la-position-de-man-united-sur-le-nouveau-defenseur-central-devoilee-apres-le-renouvellement-de-maguire\/#breadcrumb\"},\"inLanguage\":\"fr-FR\",\"potentialAction\":[{\"@type\":\"ReadAction\",\"target\":[\"https:\/\/footdavant.fr\/actualites\/la-position-de-man-united-sur-le-nouveau-defenseur-central-devoilee-apres-le-renouvellement-de-maguire\/\"]}]},{\"@type\":\"BreadcrumbList\",\"@id\":\"https:\/\/footdavant.fr\/actualites\/la-position-de-man-united-sur-le-nouveau-defenseur-central-devoilee-apres-le-renouvellement-de-maguire\/#breadcrumb\",\"itemListElement\":[{\"@type\":\"ListItem\",\"position\":1,\"name\":\"Accueil\",\"item\":\"https:\/\/footdavant.fr\/actualites\/\"},{\"@type\":\"ListItem\",\"position\":2,\"name\":\"La position de Man United sur le nouveau d\u00e9fenseur central d\u00e9voil\u00e9e apr\u00e8s le renouvellement de Maguire &#8211;\"}]},{\"@type\":\"WebSite\",\"@id\":\"https:\/\/footdavant.fr\/actualites\/#website\",\"url\":\"https:\/\/footdavant.fr\/actualites\/\",\"name\":\"Foot d'avant\",\"description\":\"\",\"publisher\":{\"@id\":\"https:\/\/footdavant.fr\/actualites\/#organization\"},\"potentialAction\":[{\"@type\":\"SearchAction\",\"target\":{\"@type\":\"EntryPoint\",\"urlTemplate\":\"https:\/\/footdavant.fr\/actualites\/?s={search_term_string}\"},\"query-input\":\"required name=search_term_string\"}],\"inLanguage\":\"fr-FR\"},{\"@type\":\"Organization\",\"@id\":\"https:\/\/footdavant.fr\/actualites\/#organization\",\"name\":\"Foot d'avant\",\"url\":\"https:\/\/footdavant.fr\/actualites\/\",\"logo\":{\"@type\":\"ImageObject\",\"inLanguage\":\"fr-FR\",\"@id\":\"https:\/\/footdavant.fr\/actualites\/#\/schema\/logo\/image\/\",\"url\":\"https:\/\/footdavant.fr\/actualites\/wp-content\/uploads\/2023\/09\/Copy-of-FootDavant-Logo.png\",\"contentUrl\":\"https:\/\/footdavant.fr\/actualites\/wp-content\/uploads\/2023\/09\/Copy-of-FootDavant-Logo.png\",\"width\":936,\"height\":549,\"caption\":\"Foot d'avant\"},\"image\":{\"@id\":\"https:\/\/footdavant.fr\/actualites\/#\/schema\/logo\/image\/\"},\"sameAs\":[\"https:\/\/www.facebook.com\/Footdavant\/\",\"https:\/\/twitter.com\/FootdavantFr\",\"https:\/\/www.instagram.com\/footdavant.fr\/\"]},{\"@type\":\"Person\",\"@id\":\"https:\/\/footdavant.fr\/actualites\/#\/schema\/person\/bc222566d95871b37e597b3ed3ba5e1d\",\"name\":\"Cl\u00e9ment\",\"image\":{\"@type\":\"ImageObject\",\"inLanguage\":\"fr-FR\",\"@id\":\"https:\/\/footdavant.fr\/actualites\/#\/schema\/person\/image\/\",\"url\":\"https:\/\/secure.gravatar.com\/avatar\/7728b29aac2719421e1a9159b2254c44?s=96&d=mm&r=g\",\"contentUrl\":\"https:\/\/secure.gravatar.com\/avatar\/7728b29aac2719421e1a9159b2254c44?s=96&d=mm&r=g\",\"caption\":\"Cl\u00e9ment\"},\"sameAs\":[\"https:\/\/footdavant.fr\/\"]}]}<\/script>\n<!-- \/ Yoast SEO plugin. -->","yoast_head_json":{"title":"La position de Man United sur le nouveau d\u00e9fenseur central d\u00e9voil\u00e9e apr\u00e8s le renouvellement de Maguire -","robots":{"index":"index","follow":"follow","max-snippet":"max-snippet:-1","max-image-preview":"max-image-preview:large","max-video-preview":"max-video-preview:-1"},"canonical":"https:\/\/footdavant.fr\/actualites\/la-position-de-man-united-sur-le-nouveau-defenseur-central-devoilee-apres-le-renouvellement-de-maguire\/","og_locale":"fr_FR","og_type":"article","og_title":"La position de Man United sur le nouveau d\u00e9fenseur central d\u00e9voil\u00e9e apr\u00e8s le renouvellement de Maguire -","og_description":"21 Manchester United serait toujours \u00e0 la recherche d&#39;un nouveau d\u00e9fenseur central cet \u00e9t\u00e9, malgr\u00e9 la signature d&#39;Harry Maguire une prolongation de contrat cette semaine.","og_url":"https:\/\/footdavant.fr\/actualites\/la-position-de-man-united-sur-le-nouveau-defenseur-central-devoilee-apres-le-renouvellement-de-maguire\/","og_site_name":"Foot d&#039;avant","article_publisher":"https:\/\/www.facebook.com\/Footdavant\/","article_published_time":"2026-04-10T06:48:17+00:00","article_modified_time":"2026-04-10T06:48:20+00:00","og_image":[{"width":1600,"height":715,"url":"https:\/\/footdavant.fr\/actualites\/wp-content\/uploads\/2026\/04\/La-position-de-Man-United-sur-le-nouveau-defenseur-central.jpg","type":"image\/jpeg"}],"author":"Cl\u00e9ment","twitter_card":"summary_large_image","twitter_creator":"@FootdavantFr","twitter_site":"@FootdavantFr","twitter_misc":{"\u00c9crit par":"Cl\u00e9ment","Dur\u00e9e de lecture estim\u00e9e":"4 minutes"},"schema":{"@context":"https:\/\/schema.org","@graph":[{"@type":"Article","@id":"https:\/\/footdavant.fr\/actualites\/la-position-de-man-united-sur-le-nouveau-defenseur-central-devoilee-apres-le-renouvellement-de-maguire\/#article","isPartOf":{"@id":"https:\/\/footdavant.fr\/actualites\/la-position-de-man-united-sur-le-nouveau-defenseur-central-devoilee-apres-le-renouvellement-de-maguire\/"},"author":{"name":"Cl\u00e9ment","@id":"https:\/\/footdavant.fr\/actualites\/#\/schema\/person\/bc222566d95871b37e597b3ed3ba5e1d"},"headline":"La position de Man United sur le nouveau d\u00e9fenseur central d\u00e9voil\u00e9e apr\u00e8s le renouvellement de Maguire &#8211;","datePublished":"2026-04-10T06:48:17+00:00","dateModified":"2026-04-10T06:48:20+00:00","mainEntityOfPage":{"@id":"https:\/\/footdavant.fr\/actualites\/la-position-de-man-united-sur-le-nouveau-defenseur-central-devoilee-apres-le-renouvellement-de-maguire\/"},"wordCount":916,"publisher":{"@id":"https:\/\/footdavant.fr\/actualites\/#organization"},"keywords":["apr\u00e8s","central","d\u00e9fenseur","d\u00e9voil\u00e9e","Maguire","Man","nouveau","position","renouvellement","sur","United"],"articleSection":["Football"],"inLanguage":"fr-FR"},{"@type":"WebPage","@id":"https:\/\/footdavant.fr\/actualites\/la-position-de-man-united-sur-le-nouveau-defenseur-central-devoilee-apres-le-renouvellement-de-maguire\/","url":"https:\/\/footdavant.fr\/actualites\/la-position-de-man-united-sur-le-nouveau-defenseur-central-devoilee-apres-le-renouvellement-de-maguire\/","name":"La position de Man United sur le nouveau d\u00e9fenseur central d\u00e9voil\u00e9e apr\u00e8s le renouvellement de Maguire -","isPartOf":{"@id":"https:\/\/footdavant.fr\/actualites\/#website"},"datePublished":"2026-04-10T06:48:17+00:00","dateModified":"2026-04-10T06:48:20+00:00","breadcrumb":{"@id":"https:\/\/footdavant.fr\/actualites\/la-position-de-man-united-sur-le-nouveau-defenseur-central-devoilee-apres-le-renouvellement-de-maguire\/#breadcrumb"},"inLanguage":"fr-FR","potentialAction":[{"@type":"ReadAction","target":["https:\/\/footdavant.fr\/actualites\/la-position-de-man-united-sur-le-nouveau-defenseur-central-devoilee-apres-le-renouvellement-de-maguire\/"]}]},{"@type":"BreadcrumbList","@id":"https:\/\/footdavant.fr\/actualites\/la-position-de-man-united-sur-le-nouveau-defenseur-central-devoilee-apres-le-renouvellement-de-maguire\/#breadcrumb","itemListElement":[{"@type":"ListItem","position":1,"name":"Accueil","item":"https:\/\/footdavant.fr\/actualites\/"},{"@type":"ListItem","position":2,"name":"La position de Man United sur le nouveau d\u00e9fenseur central d\u00e9voil\u00e9e apr\u00e8s le renouvellement de Maguire &#8211;"}]},{"@type":"WebSite","@id":"https:\/\/footdavant.fr\/actualites\/#website","url":"https:\/\/footdavant.fr\/actualites\/","name":"Foot d'avant","description":"","publisher":{"@id":"https:\/\/footdavant.fr\/actualites\/#organization"},"potentialAction":[{"@type":"SearchAction","target":{"@type":"EntryPoint","urlTemplate":"https:\/\/footdavant.fr\/actualites\/?s={search_term_string}"},"query-input":"required name=search_term_string"}],"inLanguage":"fr-FR"},{"@type":"Organization","@id":"https:\/\/footdavant.fr\/actualites\/#organization","name":"Foot d'avant","url":"https:\/\/footdavant.fr\/actualites\/","logo":{"@type":"ImageObject","inLanguage":"fr-FR","@id":"https:\/\/footdavant.fr\/actualites\/#\/schema\/logo\/image\/","url":"https:\/\/footdavant.fr\/actualites\/wp-content\/uploads\/2023\/09\/Copy-of-FootDavant-Logo.png","contentUrl":"https:\/\/footdavant.fr\/actualites\/wp-content\/uploads\/2023\/09\/Copy-of-FootDavant-Logo.png","width":936,"height":549,"caption":"Foot d'avant"},"image":{"@id":"https:\/\/footdavant.fr\/actualites\/#\/schema\/logo\/image\/"},"sameAs":["https:\/\/www.facebook.com\/Footdavant\/","https:\/\/twitter.com\/FootdavantFr","https:\/\/www.instagram.com\/footdavant.fr\/"]},{"@type":"Person","@id":"https:\/\/footdavant.fr\/actualites\/#\/schema\/person\/bc222566d95871b37e597b3ed3ba5e1d","name":"Cl\u00e9ment","image":{"@type":"ImageObject","inLanguage":"fr-FR","@id":"https:\/\/footdavant.fr\/actualites\/#\/schema\/person\/image\/","url":"https:\/\/secure.gravatar.com\/avatar\/7728b29aac2719421e1a9159b2254c44?s=96&d=mm&r=g","contentUrl":"https:\/\/secure.gravatar.com\/avatar\/7728b29aac2719421e1a9159b2254c44?s=96&d=mm&r=g","caption":"Cl\u00e9ment"},"sameAs":["https:\/\/footdavant.fr\/"]}]}},"_links":{"self":[{"href":"https:\/\/footdavant.fr\/actualites\/wp-json\/wp\/v2\/posts\/36310"}],"collection":[{"href":"https:\/\/footdavant.fr\/actualites\/wp-json\/wp\/v2\/posts"}],"about":[{"href":"https:\/\/footdavant.fr\/actualites\/wp-json\/wp\/v2\/types\/post"}],"author":[{"embeddable":true,"href":"https:\/\/footdavant.fr\/actualites\/wp-json\/wp\/v2\/users\/1"}],"replies":[{"embeddable":true,"href":"https:\/\/footdavant.fr\/actualites\/wp-json\/wp\/v2\/comments?post=36310"}],"version-history":[{"count":1,"href":"https:\/\/footdavant.fr\/actualites\/wp-json\/wp\/v2\/posts\/36310\/revisions"}],"predecessor-version":[{"id":36312,"href":"https:\/\/footdavant.fr\/actualites\/wp-json\/wp\/v2\/posts\/36310\/revisions\/36312"}],"wp:featuredmedia":[{"embeddable":true,"href":"https:\/\/footdavant.fr\/actualites\/wp-json\/wp\/v2\/media\/36311"}],"wp:attachment":[{"href":"https:\/\/footdavant.fr\/actualites\/wp-json\/wp\/v2\/media?parent=36310"}],"wp:term":[{"taxonomy":"category","embeddable":true,"href":"https:\/\/footdavant.fr\/actualites\/wp-json\/wp\/v2\/categories?post=36310"},{"taxonomy":"post_tag","embeddable":true,"href":"https:\/\/footdavant.fr\/actualites\/wp-json\/wp\/v2\/tags?post=36310"}],"curies":[{"name":"wp","href":"https:\/\/api.w.org\/{rel}","templated":true}]}}