{"id":36322,"date":"2026-04-10T16:48:23","date_gmt":"2026-04-10T14:48:23","guid":{"rendered":"https:\/\/footdavant.fr\/actualites\/ornstein-nomme-la-course-en-tete-du-club-pour-le-transfert-dandy-robertson\/"},"modified":"2026-04-10T16:48:25","modified_gmt":"2026-04-10T14:48:25","slug":"ornstein-nomme-la-course-en-tete-du-club-pour-le-transfert-dandy-robertson","status":"publish","type":"post","link":"https:\/\/footdavant.fr\/actualites\/ornstein-nomme-la-course-en-tete-du-club-pour-le-transfert-dandy-robertson\/","title":{"rendered":"Ornstein nomme la course en t\u00eate du club pour le transfert d&#39;Andy Robertson"},"content":{"rendered":"<p><\/p>\n<div id=\"article-body\">\n<!-- Article Start --><\/p>\n<p>Le prochain club d&#39;Andy Robertson prend d\u00e9j\u00e0 forme apr\u00e8s la confirmation de sa sortie de Liverpool, Tottenham Hotspur \u00e9mergeant d\u00e9sormais comme le favori pour recruter le capitaine \u00e9cossais.<\/p>\n<hr\/>\n<p><b><i>T\u00c9L\u00c9CHARGEZ L&#39;APPLICATION OFFICIELLE EMPIRE OF KOP POUR TOUTES LES DERNI\u00c8RES MISES \u00c0 JOUR \u2013 DIRECTEMENT SUR VOTRE T\u00c9L\u00c9PHONE\u00a0! SUR <\/i><\/b><b><i>POMME<\/i><\/b><b><i> &#038; <\/i><\/b><b><i>GOOGLE JOUER<\/i><\/b><\/p>\n<hr\/>\n<p>Le joueur de 32 ans nous quittera \u00e0 la fin de la saison apr\u00e8s neuf ann\u00e9es remarquables, et l\u2019attention s\u2019est rapidement tourn\u00e9e vers l\u2019endroit o\u00f9 pourrait se retrouver l\u2019un de nos grands modernes.<\/p>\n<p>Selon David Ornstein \u00e9crivant pour The Athletic, les Spurs sont actuellement les mieux plac\u00e9s pour obtenir sa signature sur un transfert gratuit.<\/p>\n<h2>Tottenham m\u00e8ne la course pour Robertson apr\u00e8s la sortie de Liverpool<\/h2>\n<p>Le rapport souligne que Tottenham travaille sur un accord depuis un certain temps, les bases \u00e9tant d\u00e9j\u00e0 pos\u00e9es plus t\u00f4t cette ann\u00e9e.<\/p>\n<\/p>\n<p>L&#39;Athletic a ajout\u00e9 que des pourparlers avaient d\u00e9j\u00e0 eu lieu au cours de la fen\u00eatre de janvier, m\u00eame si Liverpool n&#39;\u00e9tait pas dispos\u00e9 \u00e0 autoriser un d\u00e9part \u00e0 la mi-saison \u00e0 ce stade.<\/p>\n<p>Le professionnalisme de Robertson garantissait que tout transfert n&#39;aurait lieu que dans de bonnes circonstances, mais maintenant que son contrat touche \u00e0 sa fin, la situation a naturellement chang\u00e9.<\/p>\n<p>Malgr\u00e9 cela, rien n\u2019est encore enti\u00e8rement convenu, l\u2019int\u00e9r\u00eat venant \u00e9galement d\u2019ailleurs en Europe alors que les clubs cherchent \u00e0 profiter de sa disponibilit\u00e9.<\/p>\n<h2>Pourquoi les Spurs veulent Robertson alors que Liverpool pr\u00e9pare ses adieux<\/h2>\n<p>L&#39;int\u00e9r\u00eat de Tottenham n&#39;est pas seulement de combler un vide, mais d&#39;apporter l&#39;exp\u00e9rience et le leadership qui font d\u00e9faut \u00e0 leur \u00e9quipe ces derni\u00e8res saisons.<\/p>\n<p>Le pedigree gagnant de l&#39;\u00c9cossais est un facteur majeur, ayant remport\u00e9 tous les honneurs majeurs avec nous depuis son arriv\u00e9e de Hull City en 2017.<\/p>\n<p>C&#39;est pourquoi Mo Salah a d\u00e9crit son co\u00e9quipier comme quelqu&#39;un qui souligne \u00e0 quel point le vestiaire accorde une grande importance \u00e0 l&#39;arri\u00e8re gauche avant son d\u00e9part.<\/p>\n<p>Robertson lui-m\u00eame a d\u00e9j\u00e0 parl\u00e9 avec \u00e9motion de son d\u00e9part d&#39;Anfield, insistant tout en r\u00e9affirmant son engagement \u00e0 tout donner jusqu&#39;\u00e0 son dernier match.<\/p>\n<p>Avec Milos Kerkez d\u00e9sormais devant lui dans la hi\u00e9rarchie, le football r\u00e9gulier semble \u00eatre un facteur cl\u00e9 dans son prochain mouvement, quelque chose que les Spurs sont bien plac\u00e9s pour offrir s&#39;ils restent en Premier League.<\/p>\n<p>Pour nous, l\u2019accent restera mis sur l\u2019adieu qu\u2019il m\u00e9rite \u00e0 Robertson, m\u00eame si les sp\u00e9culations autour de son prochain chapitre continuent de s\u2019acc\u00e9l\u00e9rer.<\/p>\n<p><!-- Article End -->\t\t\t\t<\/div>\n","protected":false},"excerpt":{"rendered":"<p>Le prochain club d&#39;Andy Robertson prend d\u00e9j\u00e0 forme apr\u00e8s la confirmation de sa sortie de Liverpool, Tottenham Hotspur \u00e9mergeant d\u00e9sormais comme le favori pour recruter<\/p>\n","protected":false},"author":1,"featured_media":36323,"comment_status":"closed","ping_status":"","sticky":false,"template":"","format":"standard","meta":{"footnotes":""},"categories":[3],"tags":[333,7085,1220,2091,51,3364,568,700],"yoast_head":"<!-- This site is optimized with the Yoast SEO plugin v21.0 - https:\/\/yoast.com\/wordpress\/plugins\/seo\/ -->\n<title>Ornstein nomme la course en t\u00eate du club pour le transfert d&#039;Andy Robertson<\/title>\n<meta name=\"robots\" content=\"index, follow, max-snippet:-1, max-image-preview:large, max-video-preview:-1\" \/>\n<link rel=\"canonical\" href=\"https:\/\/footdavant.fr\/actualites\/ornstein-nomme-la-course-en-tete-du-club-pour-le-transfert-dandy-robertson\/\" \/>\n<meta property=\"og:locale\" content=\"fr_FR\" \/>\n<meta property=\"og:type\" content=\"article\" \/>\n<meta property=\"og:title\" content=\"Ornstein nomme la course en t\u00eate du club pour le transfert d&#039;Andy Robertson\" \/>\n<meta property=\"og:description\" content=\"Le prochain club d&#039;Andy Robertson prend d\u00e9j\u00e0 forme apr\u00e8s la confirmation de sa sortie de Liverpool, Tottenham Hotspur \u00e9mergeant d\u00e9sormais comme le favori pour recruter\" \/>\n<meta property=\"og:url\" content=\"https:\/\/footdavant.fr\/actualites\/ornstein-nomme-la-course-en-tete-du-club-pour-le-transfert-dandy-robertson\/\" \/>\n<meta property=\"og:site_name\" content=\"Foot d&#039;avant\" \/>\n<meta property=\"article:publisher\" content=\"https:\/\/www.facebook.com\/Footdavant\/\" \/>\n<meta property=\"article:published_time\" content=\"2026-04-10T14:48:23+00:00\" \/>\n<meta property=\"article:modified_time\" content=\"2026-04-10T14:48:25+00:00\" \/>\n<meta property=\"og:image\" content=\"https:\/\/footdavant.fr\/actualites\/wp-content\/uploads\/2026\/04\/Ornstein-nomme-la-course-en-tete-du-club-pour-le.jpg\" \/>\n\t<meta property=\"og:image:width\" content=\"1200\" \/>\n\t<meta property=\"og:image:height\" content=\"675\" \/>\n\t<meta property=\"og:image:type\" content=\"image\/jpeg\" \/>\n<meta name=\"author\" content=\"Cl\u00e9ment\" \/>\n<meta name=\"twitter:card\" content=\"summary_large_image\" \/>\n<meta name=\"twitter:creator\" content=\"@FootdavantFr\" \/>\n<meta name=\"twitter:site\" content=\"@FootdavantFr\" \/>\n<meta name=\"twitter:label1\" content=\"\u00c9crit par\" \/>\n\t<meta name=\"twitter:data1\" content=\"Cl\u00e9ment\" \/>\n\t<meta name=\"twitter:label2\" content=\"Dur\u00e9e de lecture estim\u00e9e\" \/>\n\t<meta name=\"twitter:data2\" content=\"2 minutes\" \/>\n<script type=\"application\/ld+json\" class=\"yoast-schema-graph\">{\"@context\":\"https:\/\/schema.org\",\"@graph\":[{\"@type\":\"Article\",\"@id\":\"https:\/\/footdavant.fr\/actualites\/ornstein-nomme-la-course-en-tete-du-club-pour-le-transfert-dandy-robertson\/#article\",\"isPartOf\":{\"@id\":\"https:\/\/footdavant.fr\/actualites\/ornstein-nomme-la-course-en-tete-du-club-pour-le-transfert-dandy-robertson\/\"},\"author\":{\"name\":\"Cl\u00e9ment\",\"@id\":\"https:\/\/footdavant.fr\/actualites\/#\/schema\/person\/bc222566d95871b37e597b3ed3ba5e1d\"},\"headline\":\"Ornstein nomme la course en t\u00eate du club pour le transfert d&#39;Andy Robertson\",\"datePublished\":\"2026-04-10T14:48:23+00:00\",\"dateModified\":\"2026-04-10T14:48:25+00:00\",\"mainEntityOfPage\":{\"@id\":\"https:\/\/footdavant.fr\/actualites\/ornstein-nomme-la-course-en-tete-du-club-pour-le-transfert-dandy-robertson\/\"},\"wordCount\":469,\"publisher\":{\"@id\":\"https:\/\/footdavant.fr\/actualites\/#organization\"},\"keywords\":[\"club\",\"d39Andy\",\"nomme\",\"Ornstein\",\"pour\",\"Robertson\",\"t\u00eate\",\"transfert\"],\"articleSection\":[\"Football\"],\"inLanguage\":\"fr-FR\"},{\"@type\":\"WebPage\",\"@id\":\"https:\/\/footdavant.fr\/actualites\/ornstein-nomme-la-course-en-tete-du-club-pour-le-transfert-dandy-robertson\/\",\"url\":\"https:\/\/footdavant.fr\/actualites\/ornstein-nomme-la-course-en-tete-du-club-pour-le-transfert-dandy-robertson\/\",\"name\":\"Ornstein nomme la course en t\u00eate du club pour le transfert d&#39;Andy Robertson\",\"isPartOf\":{\"@id\":\"https:\/\/footdavant.fr\/actualites\/#website\"},\"datePublished\":\"2026-04-10T14:48:23+00:00\",\"dateModified\":\"2026-04-10T14:48:25+00:00\",\"breadcrumb\":{\"@id\":\"https:\/\/footdavant.fr\/actualites\/ornstein-nomme-la-course-en-tete-du-club-pour-le-transfert-dandy-robertson\/#breadcrumb\"},\"inLanguage\":\"fr-FR\",\"potentialAction\":[{\"@type\":\"ReadAction\",\"target\":[\"https:\/\/footdavant.fr\/actualites\/ornstein-nomme-la-course-en-tete-du-club-pour-le-transfert-dandy-robertson\/\"]}]},{\"@type\":\"BreadcrumbList\",\"@id\":\"https:\/\/footdavant.fr\/actualites\/ornstein-nomme-la-course-en-tete-du-club-pour-le-transfert-dandy-robertson\/#breadcrumb\",\"itemListElement\":[{\"@type\":\"ListItem\",\"position\":1,\"name\":\"Accueil\",\"item\":\"https:\/\/footdavant.fr\/actualites\/\"},{\"@type\":\"ListItem\",\"position\":2,\"name\":\"Ornstein nomme la course en t\u00eate du club pour le transfert d&#39;Andy Robertson\"}]},{\"@type\":\"WebSite\",\"@id\":\"https:\/\/footdavant.fr\/actualites\/#website\",\"url\":\"https:\/\/footdavant.fr\/actualites\/\",\"name\":\"Foot d'avant\",\"description\":\"\",\"publisher\":{\"@id\":\"https:\/\/footdavant.fr\/actualites\/#organization\"},\"potentialAction\":[{\"@type\":\"SearchAction\",\"target\":{\"@type\":\"EntryPoint\",\"urlTemplate\":\"https:\/\/footdavant.fr\/actualites\/?s={search_term_string}\"},\"query-input\":\"required name=search_term_string\"}],\"inLanguage\":\"fr-FR\"},{\"@type\":\"Organization\",\"@id\":\"https:\/\/footdavant.fr\/actualites\/#organization\",\"name\":\"Foot d'avant\",\"url\":\"https:\/\/footdavant.fr\/actualites\/\",\"logo\":{\"@type\":\"ImageObject\",\"inLanguage\":\"fr-FR\",\"@id\":\"https:\/\/footdavant.fr\/actualites\/#\/schema\/logo\/image\/\",\"url\":\"https:\/\/footdavant.fr\/actualites\/wp-content\/uploads\/2023\/09\/Copy-of-FootDavant-Logo.png\",\"contentUrl\":\"https:\/\/footdavant.fr\/actualites\/wp-content\/uploads\/2023\/09\/Copy-of-FootDavant-Logo.png\",\"width\":936,\"height\":549,\"caption\":\"Foot d'avant\"},\"image\":{\"@id\":\"https:\/\/footdavant.fr\/actualites\/#\/schema\/logo\/image\/\"},\"sameAs\":[\"https:\/\/www.facebook.com\/Footdavant\/\",\"https:\/\/twitter.com\/FootdavantFr\",\"https:\/\/www.instagram.com\/footdavant.fr\/\"]},{\"@type\":\"Person\",\"@id\":\"https:\/\/footdavant.fr\/actualites\/#\/schema\/person\/bc222566d95871b37e597b3ed3ba5e1d\",\"name\":\"Cl\u00e9ment\",\"image\":{\"@type\":\"ImageObject\",\"inLanguage\":\"fr-FR\",\"@id\":\"https:\/\/footdavant.fr\/actualites\/#\/schema\/person\/image\/\",\"url\":\"https:\/\/secure.gravatar.com\/avatar\/7728b29aac2719421e1a9159b2254c44?s=96&d=mm&r=g\",\"contentUrl\":\"https:\/\/secure.gravatar.com\/avatar\/7728b29aac2719421e1a9159b2254c44?s=96&d=mm&r=g\",\"caption\":\"Cl\u00e9ment\"},\"sameAs\":[\"https:\/\/footdavant.fr\/\"]}]}<\/script>\n<!-- \/ Yoast SEO plugin. -->","yoast_head_json":{"title":"Ornstein nomme la course en t\u00eate du club pour le transfert d&#39;Andy Robertson","robots":{"index":"index","follow":"follow","max-snippet":"max-snippet:-1","max-image-preview":"max-image-preview:large","max-video-preview":"max-video-preview:-1"},"canonical":"https:\/\/footdavant.fr\/actualites\/ornstein-nomme-la-course-en-tete-du-club-pour-le-transfert-dandy-robertson\/","og_locale":"fr_FR","og_type":"article","og_title":"Ornstein nomme la course en t\u00eate du club pour le transfert d&#39;Andy Robertson","og_description":"Le prochain club d&#39;Andy Robertson prend d\u00e9j\u00e0 forme apr\u00e8s la confirmation de sa sortie de Liverpool, Tottenham Hotspur \u00e9mergeant d\u00e9sormais comme le favori pour recruter","og_url":"https:\/\/footdavant.fr\/actualites\/ornstein-nomme-la-course-en-tete-du-club-pour-le-transfert-dandy-robertson\/","og_site_name":"Foot d&#039;avant","article_publisher":"https:\/\/www.facebook.com\/Footdavant\/","article_published_time":"2026-04-10T14:48:23+00:00","article_modified_time":"2026-04-10T14:48:25+00:00","og_image":[{"width":1200,"height":675,"url":"https:\/\/footdavant.fr\/actualites\/wp-content\/uploads\/2026\/04\/Ornstein-nomme-la-course-en-tete-du-club-pour-le.jpg","type":"image\/jpeg"}],"author":"Cl\u00e9ment","twitter_card":"summary_large_image","twitter_creator":"@FootdavantFr","twitter_site":"@FootdavantFr","twitter_misc":{"\u00c9crit par":"Cl\u00e9ment","Dur\u00e9e de lecture estim\u00e9e":"2 minutes"},"schema":{"@context":"https:\/\/schema.org","@graph":[{"@type":"Article","@id":"https:\/\/footdavant.fr\/actualites\/ornstein-nomme-la-course-en-tete-du-club-pour-le-transfert-dandy-robertson\/#article","isPartOf":{"@id":"https:\/\/footdavant.fr\/actualites\/ornstein-nomme-la-course-en-tete-du-club-pour-le-transfert-dandy-robertson\/"},"author":{"name":"Cl\u00e9ment","@id":"https:\/\/footdavant.fr\/actualites\/#\/schema\/person\/bc222566d95871b37e597b3ed3ba5e1d"},"headline":"Ornstein nomme la course en t\u00eate du club pour le transfert d&#39;Andy Robertson","datePublished":"2026-04-10T14:48:23+00:00","dateModified":"2026-04-10T14:48:25+00:00","mainEntityOfPage":{"@id":"https:\/\/footdavant.fr\/actualites\/ornstein-nomme-la-course-en-tete-du-club-pour-le-transfert-dandy-robertson\/"},"wordCount":469,"publisher":{"@id":"https:\/\/footdavant.fr\/actualites\/#organization"},"keywords":["club","d39Andy","nomme","Ornstein","pour","Robertson","t\u00eate","transfert"],"articleSection":["Football"],"inLanguage":"fr-FR"},{"@type":"WebPage","@id":"https:\/\/footdavant.fr\/actualites\/ornstein-nomme-la-course-en-tete-du-club-pour-le-transfert-dandy-robertson\/","url":"https:\/\/footdavant.fr\/actualites\/ornstein-nomme-la-course-en-tete-du-club-pour-le-transfert-dandy-robertson\/","name":"Ornstein nomme la course en t\u00eate du club pour le transfert d&#39;Andy Robertson","isPartOf":{"@id":"https:\/\/footdavant.fr\/actualites\/#website"},"datePublished":"2026-04-10T14:48:23+00:00","dateModified":"2026-04-10T14:48:25+00:00","breadcrumb":{"@id":"https:\/\/footdavant.fr\/actualites\/ornstein-nomme-la-course-en-tete-du-club-pour-le-transfert-dandy-robertson\/#breadcrumb"},"inLanguage":"fr-FR","potentialAction":[{"@type":"ReadAction","target":["https:\/\/footdavant.fr\/actualites\/ornstein-nomme-la-course-en-tete-du-club-pour-le-transfert-dandy-robertson\/"]}]},{"@type":"BreadcrumbList","@id":"https:\/\/footdavant.fr\/actualites\/ornstein-nomme-la-course-en-tete-du-club-pour-le-transfert-dandy-robertson\/#breadcrumb","itemListElement":[{"@type":"ListItem","position":1,"name":"Accueil","item":"https:\/\/footdavant.fr\/actualites\/"},{"@type":"ListItem","position":2,"name":"Ornstein nomme la course en t\u00eate du club pour le transfert d&#39;Andy Robertson"}]},{"@type":"WebSite","@id":"https:\/\/footdavant.fr\/actualites\/#website","url":"https:\/\/footdavant.fr\/actualites\/","name":"Foot d'avant","description":"","publisher":{"@id":"https:\/\/footdavant.fr\/actualites\/#organization"},"potentialAction":[{"@type":"SearchAction","target":{"@type":"EntryPoint","urlTemplate":"https:\/\/footdavant.fr\/actualites\/?s={search_term_string}"},"query-input":"required name=search_term_string"}],"inLanguage":"fr-FR"},{"@type":"Organization","@id":"https:\/\/footdavant.fr\/actualites\/#organization","name":"Foot d'avant","url":"https:\/\/footdavant.fr\/actualites\/","logo":{"@type":"ImageObject","inLanguage":"fr-FR","@id":"https:\/\/footdavant.fr\/actualites\/#\/schema\/logo\/image\/","url":"https:\/\/footdavant.fr\/actualites\/wp-content\/uploads\/2023\/09\/Copy-of-FootDavant-Logo.png","contentUrl":"https:\/\/footdavant.fr\/actualites\/wp-content\/uploads\/2023\/09\/Copy-of-FootDavant-Logo.png","width":936,"height":549,"caption":"Foot d'avant"},"image":{"@id":"https:\/\/footdavant.fr\/actualites\/#\/schema\/logo\/image\/"},"sameAs":["https:\/\/www.facebook.com\/Footdavant\/","https:\/\/twitter.com\/FootdavantFr","https:\/\/www.instagram.com\/footdavant.fr\/"]},{"@type":"Person","@id":"https:\/\/footdavant.fr\/actualites\/#\/schema\/person\/bc222566d95871b37e597b3ed3ba5e1d","name":"Cl\u00e9ment","image":{"@type":"ImageObject","inLanguage":"fr-FR","@id":"https:\/\/footdavant.fr\/actualites\/#\/schema\/person\/image\/","url":"https:\/\/secure.gravatar.com\/avatar\/7728b29aac2719421e1a9159b2254c44?s=96&d=mm&r=g","contentUrl":"https:\/\/secure.gravatar.com\/avatar\/7728b29aac2719421e1a9159b2254c44?s=96&d=mm&r=g","caption":"Cl\u00e9ment"},"sameAs":["https:\/\/footdavant.fr\/"]}]}},"_links":{"self":[{"href":"https:\/\/footdavant.fr\/actualites\/wp-json\/wp\/v2\/posts\/36322"}],"collection":[{"href":"https:\/\/footdavant.fr\/actualites\/wp-json\/wp\/v2\/posts"}],"about":[{"href":"https:\/\/footdavant.fr\/actualites\/wp-json\/wp\/v2\/types\/post"}],"author":[{"embeddable":true,"href":"https:\/\/footdavant.fr\/actualites\/wp-json\/wp\/v2\/users\/1"}],"replies":[{"embeddable":true,"href":"https:\/\/footdavant.fr\/actualites\/wp-json\/wp\/v2\/comments?post=36322"}],"version-history":[{"count":1,"href":"https:\/\/footdavant.fr\/actualites\/wp-json\/wp\/v2\/posts\/36322\/revisions"}],"predecessor-version":[{"id":36324,"href":"https:\/\/footdavant.fr\/actualites\/wp-json\/wp\/v2\/posts\/36322\/revisions\/36324"}],"wp:featuredmedia":[{"embeddable":true,"href":"https:\/\/footdavant.fr\/actualites\/wp-json\/wp\/v2\/media\/36323"}],"wp:attachment":[{"href":"https:\/\/footdavant.fr\/actualites\/wp-json\/wp\/v2\/media?parent=36322"}],"wp:term":[{"taxonomy":"category","embeddable":true,"href":"https:\/\/footdavant.fr\/actualites\/wp-json\/wp\/v2\/categories?post=36322"},{"taxonomy":"post_tag","embeddable":true,"href":"https:\/\/footdavant.fr\/actualites\/wp-json\/wp\/v2\/tags?post=36322"}],"curies":[{"name":"wp","href":"https:\/\/api.w.org\/{rel}","templated":true}]}}