{"id":36325,"date":"2026-04-10T18:48:11","date_gmt":"2026-04-10T16:48:11","guid":{"rendered":"https:\/\/footdavant.fr\/actualites\/nouvelles-du-transfert-de-barcelone-arsenal-a-tente-damener-un-meneur-de-jeu-en-premier-league\/"},"modified":"2026-04-10T18:48:12","modified_gmt":"2026-04-10T16:48:12","slug":"nouvelles-du-transfert-de-barcelone-arsenal-a-tente-damener-un-meneur-de-jeu-en-premier-league","status":"publish","type":"post","link":"https:\/\/footdavant.fr\/actualites\/nouvelles-du-transfert-de-barcelone-arsenal-a-tente-damener-un-meneur-de-jeu-en-premier-league\/","title":{"rendered":"Nouvelles du transfert de Barcelone: \u200b\u200bArsenal a \u00ab\u00a0tent\u00e9\u00a0\u00bb d&#39;amener un meneur de jeu en Premier League"},"content":{"rendered":"<div itemprop=\"articleBody\">\n<p>Arsenal aurait r\u00e9cemment tent\u00e9 de recruter le meneur de jeu de Barcelone, Dani Olmo.<\/p>\n<p>Les Gunners pr\u00e9parent actuellement le match aller de leur quart de finale de Ligue des champions contre le Sporting Lisbonne mardi soir.<\/p>\n<p>Apr\u00e8s avoir perdu contre Southampton lors des huiti\u00e8mes de finale de la FA Cup samedi soir, la pression est croissante pour tenir ses promesses en Premier League et en Europe.<\/p>\n<p>Mikel Arteta a connu une p\u00e9riode productive sur le march\u00e9 des transferts, ajoutant un certain nombre de joueurs l&#39;\u00e9t\u00e9 dernier qui ont laiss\u00e9 Arsenal neuf points d&#39;avance en t\u00eate du classement de la Premier League.<\/p>\n<p>Cependant, selon <em>Sport<\/em>il y a \u00e9galement eu un int\u00e9r\u00eat persistant pour l&#39;acquisition d&#39;Olmo de Barcelone.<\/p>\n<div>\n<div>\n<div>\n<p>\u00a9 Imago \/ Pressinphoto<\/p>\n<\/div>\n<\/div>\n<\/div>\n<h2>Quand Arsenal a-t-il manifest\u00e9 son int\u00e9r\u00eat pour Olmo ?<\/h2>\n<p>Le rapport va seulement jusqu&#39;\u00e0 dire que les Londoniens du nord ont tent\u00e9 \u00ab\u00a0r\u00e9cemment\u00a0\u00bb d&#39;acqu\u00e9rir l&#39;international espagnol.<\/p>\n<p>Arsenal aurait agi \u00e0 un moment o\u00f9 Olmo ne b\u00e9n\u00e9ficiait pas de d\u00e9parts r\u00e9guliers sous Hansi Flick.<\/p>\n<p>Au total, 23 d\u00e9parts et 16 apparitions de rempla\u00e7ants ont \u00e9t\u00e9 effectu\u00e9s dans toutes les comp\u00e9titions au cours de la p\u00e9riode 2025-2026.<\/p>\n<p>Olmo a fourni une passe d\u00e9cisive lors du dernier succ\u00e8s 2-1 contre l&#39;Atletico Madrid, portant son total \u00e0 sept buts et sept passes d\u00e9cisives en Liga cette saison.<\/p>\n<p>En plus du fait que Barcelone n&#39;a aucun int\u00e9r\u00eat pour une vente, le rapport sugg\u00e8re que le joueur de 27 ans a \u00e9galement rejet\u00e9 un transfert hors du Camp Nou.<\/p>\n<div>\n<div>\n<div><img decoding=\"async\" data-img-id=\"153375\" class=\"lazy\" loading=\"lazy\" src=\"https:\/\/footdavant.fr\/actualites\/wp-content\/uploads\/2026\/04\/1775839691_272_Nouvelles-du-transfert-de-Barcelone-\u200b\u200bArsenal-a-tente-d39amener-un.webp\"\/><\/p>\n<p>\u00a9 Imago \/ Ricardo Larreina Amador<\/p>\n<\/div>\n<\/div>\n<\/div>\n<h2>Quel club saoudien a d\u00e9m\u00e9nag\u00e9 pour Olmo ?<\/h2>\n<p>Le club saoudien de Pro League, Al-Qadsiah FC, dirig\u00e9 par Brendan Rodgers, aurait pr\u00e9sent\u00e9 une proposition lucrative pour Olmo.<\/p>\n<p>Il y aurait eu une volont\u00e9 de payer environ 60 millions d&#39;euros (52,3 millions de livres sterling) et de lui pr\u00e9senter un contrat d&#39;une valeur de 9,5 millions d&#39;euros (8,3 millions de livres sterling) net par an.<\/p>\n<p>N\u00e9anmoins, le basculement vers le Moyen-Orient n\u2019a jamais \u00e9t\u00e9 couronn\u00e9 de succ\u00e8s.<\/p>\n<\/div>\n","protected":false},"excerpt":{"rendered":"<p>Arsenal aurait r\u00e9cemment tent\u00e9 de recruter le meneur de jeu de Barcelone, Dani Olmo. Les Gunners pr\u00e9parent actuellement le match aller de leur quart de<\/p>\n","protected":false},"author":1,"featured_media":36326,"comment_status":"closed","ping_status":"","sticky":false,"template":"","format":"standard","meta":{"footnotes":""},"categories":[5],"tags":[67,130,11823,840,202,5278,461,201,3456,700],"yoast_head":"<!-- This site is optimized with the Yoast SEO plugin v21.0 - https:\/\/yoast.com\/wordpress\/plugins\/seo\/ -->\n<title>Nouvelles du transfert de Barcelone: \u200b\u200bArsenal a &quot;tent\u00e9&quot; d&#039;amener un meneur de jeu en Premier League<\/title>\n<meta name=\"robots\" content=\"index, follow, max-snippet:-1, max-image-preview:large, max-video-preview:-1\" \/>\n<link rel=\"canonical\" href=\"https:\/\/footdavant.fr\/actualites\/nouvelles-du-transfert-de-barcelone-arsenal-a-tente-damener-un-meneur-de-jeu-en-premier-league\/\" \/>\n<meta property=\"og:locale\" content=\"fr_FR\" \/>\n<meta property=\"og:type\" content=\"article\" \/>\n<meta property=\"og:title\" content=\"Nouvelles du transfert de Barcelone: \u200b\u200bArsenal a &quot;tent\u00e9&quot; d&#039;amener un meneur de jeu en Premier League\" \/>\n<meta property=\"og:description\" content=\"Arsenal aurait r\u00e9cemment tent\u00e9 de recruter le meneur de jeu de Barcelone, Dani Olmo. Les Gunners pr\u00e9parent actuellement le match aller de leur quart de\" \/>\n<meta property=\"og:url\" content=\"https:\/\/footdavant.fr\/actualites\/nouvelles-du-transfert-de-barcelone-arsenal-a-tente-damener-un-meneur-de-jeu-en-premier-league\/\" \/>\n<meta property=\"og:site_name\" content=\"Foot d&#039;avant\" \/>\n<meta property=\"article:publisher\" content=\"https:\/\/www.facebook.com\/Footdavant\/\" \/>\n<meta property=\"article:published_time\" content=\"2026-04-10T16:48:11+00:00\" \/>\n<meta property=\"article:modified_time\" content=\"2026-04-10T16:48:12+00:00\" \/>\n<meta property=\"og:image\" content=\"https:\/\/footdavant.fr\/actualites\/wp-content\/uploads\/2026\/04\/Nouvelles-du-transfert-de-Barcelone-\u200b\u200bArsenal-a-tente-d39amener-un.net2Fuploads2F20252F082Fimago1052759693.webp\" \/>\n\t<meta property=\"og:image:width\" content=\"720\" \/>\n\t<meta property=\"og:image:height\" content=\"410\" \/>\n\t<meta property=\"og:image:type\" content=\"image\/webp\" \/>\n<meta name=\"author\" content=\"Cl\u00e9ment\" \/>\n<meta name=\"twitter:card\" content=\"summary_large_image\" \/>\n<meta name=\"twitter:creator\" content=\"@FootdavantFr\" \/>\n<meta name=\"twitter:site\" content=\"@FootdavantFr\" \/>\n<meta name=\"twitter:label1\" content=\"\u00c9crit par\" \/>\n\t<meta name=\"twitter:data1\" content=\"Cl\u00e9ment\" \/>\n\t<meta name=\"twitter:label2\" content=\"Dur\u00e9e de lecture estim\u00e9e\" \/>\n\t<meta name=\"twitter:data2\" content=\"2 minutes\" \/>\n<script type=\"application\/ld+json\" class=\"yoast-schema-graph\">{\"@context\":\"https:\/\/schema.org\",\"@graph\":[{\"@type\":\"Article\",\"@id\":\"https:\/\/footdavant.fr\/actualites\/nouvelles-du-transfert-de-barcelone-arsenal-a-tente-damener-un-meneur-de-jeu-en-premier-league\/#article\",\"isPartOf\":{\"@id\":\"https:\/\/footdavant.fr\/actualites\/nouvelles-du-transfert-de-barcelone-arsenal-a-tente-damener-un-meneur-de-jeu-en-premier-league\/\"},\"author\":{\"name\":\"Cl\u00e9ment\",\"@id\":\"https:\/\/footdavant.fr\/actualites\/#\/schema\/person\/bc222566d95871b37e597b3ed3ba5e1d\"},\"headline\":\"Nouvelles du transfert de Barcelone: \u200b\u200bArsenal a \u00ab\u00a0tent\u00e9\u00a0\u00bb d&#39;amener un meneur de jeu en Premier League\",\"datePublished\":\"2026-04-10T16:48:11+00:00\",\"dateModified\":\"2026-04-10T16:48:12+00:00\",\"mainEntityOfPage\":{\"@id\":\"https:\/\/footdavant.fr\/actualites\/nouvelles-du-transfert-de-barcelone-arsenal-a-tente-damener-un-meneur-de-jeu-en-premier-league\/\"},\"wordCount\":372,\"publisher\":{\"@id\":\"https:\/\/footdavant.fr\/actualites\/#organization\"},\"keywords\":[\"Arsenal\",\"Barcelone\",\"d39amener\",\"jeu\",\"League\",\"meneur\",\"Nouvelles\",\"Premier\",\"tente\",\"transfert\"],\"articleSection\":[\"Premier League\"],\"inLanguage\":\"fr-FR\"},{\"@type\":\"WebPage\",\"@id\":\"https:\/\/footdavant.fr\/actualites\/nouvelles-du-transfert-de-barcelone-arsenal-a-tente-damener-un-meneur-de-jeu-en-premier-league\/\",\"url\":\"https:\/\/footdavant.fr\/actualites\/nouvelles-du-transfert-de-barcelone-arsenal-a-tente-damener-un-meneur-de-jeu-en-premier-league\/\",\"name\":\"Nouvelles du transfert de Barcelone: \u200b\u200bArsenal a \\\"tent\u00e9\\\" d&#39;amener un meneur de jeu en Premier League\",\"isPartOf\":{\"@id\":\"https:\/\/footdavant.fr\/actualites\/#website\"},\"datePublished\":\"2026-04-10T16:48:11+00:00\",\"dateModified\":\"2026-04-10T16:48:12+00:00\",\"breadcrumb\":{\"@id\":\"https:\/\/footdavant.fr\/actualites\/nouvelles-du-transfert-de-barcelone-arsenal-a-tente-damener-un-meneur-de-jeu-en-premier-league\/#breadcrumb\"},\"inLanguage\":\"fr-FR\",\"potentialAction\":[{\"@type\":\"ReadAction\",\"target\":[\"https:\/\/footdavant.fr\/actualites\/nouvelles-du-transfert-de-barcelone-arsenal-a-tente-damener-un-meneur-de-jeu-en-premier-league\/\"]}]},{\"@type\":\"BreadcrumbList\",\"@id\":\"https:\/\/footdavant.fr\/actualites\/nouvelles-du-transfert-de-barcelone-arsenal-a-tente-damener-un-meneur-de-jeu-en-premier-league\/#breadcrumb\",\"itemListElement\":[{\"@type\":\"ListItem\",\"position\":1,\"name\":\"Accueil\",\"item\":\"https:\/\/footdavant.fr\/actualites\/\"},{\"@type\":\"ListItem\",\"position\":2,\"name\":\"Nouvelles du transfert de Barcelone: \u200b\u200bArsenal a \u00ab\u00a0tent\u00e9\u00a0\u00bb d&#39;amener un meneur de jeu en Premier League\"}]},{\"@type\":\"WebSite\",\"@id\":\"https:\/\/footdavant.fr\/actualites\/#website\",\"url\":\"https:\/\/footdavant.fr\/actualites\/\",\"name\":\"Foot d'avant\",\"description\":\"\",\"publisher\":{\"@id\":\"https:\/\/footdavant.fr\/actualites\/#organization\"},\"potentialAction\":[{\"@type\":\"SearchAction\",\"target\":{\"@type\":\"EntryPoint\",\"urlTemplate\":\"https:\/\/footdavant.fr\/actualites\/?s={search_term_string}\"},\"query-input\":\"required name=search_term_string\"}],\"inLanguage\":\"fr-FR\"},{\"@type\":\"Organization\",\"@id\":\"https:\/\/footdavant.fr\/actualites\/#organization\",\"name\":\"Foot d'avant\",\"url\":\"https:\/\/footdavant.fr\/actualites\/\",\"logo\":{\"@type\":\"ImageObject\",\"inLanguage\":\"fr-FR\",\"@id\":\"https:\/\/footdavant.fr\/actualites\/#\/schema\/logo\/image\/\",\"url\":\"https:\/\/footdavant.fr\/actualites\/wp-content\/uploads\/2023\/09\/Copy-of-FootDavant-Logo.png\",\"contentUrl\":\"https:\/\/footdavant.fr\/actualites\/wp-content\/uploads\/2023\/09\/Copy-of-FootDavant-Logo.png\",\"width\":936,\"height\":549,\"caption\":\"Foot d'avant\"},\"image\":{\"@id\":\"https:\/\/footdavant.fr\/actualites\/#\/schema\/logo\/image\/\"},\"sameAs\":[\"https:\/\/www.facebook.com\/Footdavant\/\",\"https:\/\/twitter.com\/FootdavantFr\",\"https:\/\/www.instagram.com\/footdavant.fr\/\"]},{\"@type\":\"Person\",\"@id\":\"https:\/\/footdavant.fr\/actualites\/#\/schema\/person\/bc222566d95871b37e597b3ed3ba5e1d\",\"name\":\"Cl\u00e9ment\",\"image\":{\"@type\":\"ImageObject\",\"inLanguage\":\"fr-FR\",\"@id\":\"https:\/\/footdavant.fr\/actualites\/#\/schema\/person\/image\/\",\"url\":\"https:\/\/secure.gravatar.com\/avatar\/7728b29aac2719421e1a9159b2254c44?s=96&d=mm&r=g\",\"contentUrl\":\"https:\/\/secure.gravatar.com\/avatar\/7728b29aac2719421e1a9159b2254c44?s=96&d=mm&r=g\",\"caption\":\"Cl\u00e9ment\"},\"sameAs\":[\"https:\/\/footdavant.fr\/\"]}]}<\/script>\n<!-- \/ Yoast SEO plugin. -->","yoast_head_json":{"title":"Nouvelles du transfert de Barcelone: \u200b\u200bArsenal a \"tent\u00e9\" d&#39;amener un meneur de jeu en Premier League","robots":{"index":"index","follow":"follow","max-snippet":"max-snippet:-1","max-image-preview":"max-image-preview:large","max-video-preview":"max-video-preview:-1"},"canonical":"https:\/\/footdavant.fr\/actualites\/nouvelles-du-transfert-de-barcelone-arsenal-a-tente-damener-un-meneur-de-jeu-en-premier-league\/","og_locale":"fr_FR","og_type":"article","og_title":"Nouvelles du transfert de Barcelone: \u200b\u200bArsenal a \"tent\u00e9\" d&#39;amener un meneur de jeu en Premier League","og_description":"Arsenal aurait r\u00e9cemment tent\u00e9 de recruter le meneur de jeu de Barcelone, Dani Olmo. Les Gunners pr\u00e9parent actuellement le match aller de leur quart de","og_url":"https:\/\/footdavant.fr\/actualites\/nouvelles-du-transfert-de-barcelone-arsenal-a-tente-damener-un-meneur-de-jeu-en-premier-league\/","og_site_name":"Foot d&#039;avant","article_publisher":"https:\/\/www.facebook.com\/Footdavant\/","article_published_time":"2026-04-10T16:48:11+00:00","article_modified_time":"2026-04-10T16:48:12+00:00","og_image":[{"width":720,"height":410,"url":"https:\/\/footdavant.fr\/actualites\/wp-content\/uploads\/2026\/04\/Nouvelles-du-transfert-de-Barcelone-\u200b\u200bArsenal-a-tente-d39amener-un.net2Fuploads2F20252F082Fimago1052759693.webp","type":"image\/webp"}],"author":"Cl\u00e9ment","twitter_card":"summary_large_image","twitter_creator":"@FootdavantFr","twitter_site":"@FootdavantFr","twitter_misc":{"\u00c9crit par":"Cl\u00e9ment","Dur\u00e9e de lecture estim\u00e9e":"2 minutes"},"schema":{"@context":"https:\/\/schema.org","@graph":[{"@type":"Article","@id":"https:\/\/footdavant.fr\/actualites\/nouvelles-du-transfert-de-barcelone-arsenal-a-tente-damener-un-meneur-de-jeu-en-premier-league\/#article","isPartOf":{"@id":"https:\/\/footdavant.fr\/actualites\/nouvelles-du-transfert-de-barcelone-arsenal-a-tente-damener-un-meneur-de-jeu-en-premier-league\/"},"author":{"name":"Cl\u00e9ment","@id":"https:\/\/footdavant.fr\/actualites\/#\/schema\/person\/bc222566d95871b37e597b3ed3ba5e1d"},"headline":"Nouvelles du transfert de Barcelone: \u200b\u200bArsenal a \u00ab\u00a0tent\u00e9\u00a0\u00bb d&#39;amener un meneur de jeu en Premier League","datePublished":"2026-04-10T16:48:11+00:00","dateModified":"2026-04-10T16:48:12+00:00","mainEntityOfPage":{"@id":"https:\/\/footdavant.fr\/actualites\/nouvelles-du-transfert-de-barcelone-arsenal-a-tente-damener-un-meneur-de-jeu-en-premier-league\/"},"wordCount":372,"publisher":{"@id":"https:\/\/footdavant.fr\/actualites\/#organization"},"keywords":["Arsenal","Barcelone","d39amener","jeu","League","meneur","Nouvelles","Premier","tente","transfert"],"articleSection":["Premier League"],"inLanguage":"fr-FR"},{"@type":"WebPage","@id":"https:\/\/footdavant.fr\/actualites\/nouvelles-du-transfert-de-barcelone-arsenal-a-tente-damener-un-meneur-de-jeu-en-premier-league\/","url":"https:\/\/footdavant.fr\/actualites\/nouvelles-du-transfert-de-barcelone-arsenal-a-tente-damener-un-meneur-de-jeu-en-premier-league\/","name":"Nouvelles du transfert de Barcelone: \u200b\u200bArsenal a \"tent\u00e9\" d&#39;amener un meneur de jeu en Premier League","isPartOf":{"@id":"https:\/\/footdavant.fr\/actualites\/#website"},"datePublished":"2026-04-10T16:48:11+00:00","dateModified":"2026-04-10T16:48:12+00:00","breadcrumb":{"@id":"https:\/\/footdavant.fr\/actualites\/nouvelles-du-transfert-de-barcelone-arsenal-a-tente-damener-un-meneur-de-jeu-en-premier-league\/#breadcrumb"},"inLanguage":"fr-FR","potentialAction":[{"@type":"ReadAction","target":["https:\/\/footdavant.fr\/actualites\/nouvelles-du-transfert-de-barcelone-arsenal-a-tente-damener-un-meneur-de-jeu-en-premier-league\/"]}]},{"@type":"BreadcrumbList","@id":"https:\/\/footdavant.fr\/actualites\/nouvelles-du-transfert-de-barcelone-arsenal-a-tente-damener-un-meneur-de-jeu-en-premier-league\/#breadcrumb","itemListElement":[{"@type":"ListItem","position":1,"name":"Accueil","item":"https:\/\/footdavant.fr\/actualites\/"},{"@type":"ListItem","position":2,"name":"Nouvelles du transfert de Barcelone: \u200b\u200bArsenal a \u00ab\u00a0tent\u00e9\u00a0\u00bb d&#39;amener un meneur de jeu en Premier League"}]},{"@type":"WebSite","@id":"https:\/\/footdavant.fr\/actualites\/#website","url":"https:\/\/footdavant.fr\/actualites\/","name":"Foot d'avant","description":"","publisher":{"@id":"https:\/\/footdavant.fr\/actualites\/#organization"},"potentialAction":[{"@type":"SearchAction","target":{"@type":"EntryPoint","urlTemplate":"https:\/\/footdavant.fr\/actualites\/?s={search_term_string}"},"query-input":"required name=search_term_string"}],"inLanguage":"fr-FR"},{"@type":"Organization","@id":"https:\/\/footdavant.fr\/actualites\/#organization","name":"Foot d'avant","url":"https:\/\/footdavant.fr\/actualites\/","logo":{"@type":"ImageObject","inLanguage":"fr-FR","@id":"https:\/\/footdavant.fr\/actualites\/#\/schema\/logo\/image\/","url":"https:\/\/footdavant.fr\/actualites\/wp-content\/uploads\/2023\/09\/Copy-of-FootDavant-Logo.png","contentUrl":"https:\/\/footdavant.fr\/actualites\/wp-content\/uploads\/2023\/09\/Copy-of-FootDavant-Logo.png","width":936,"height":549,"caption":"Foot d'avant"},"image":{"@id":"https:\/\/footdavant.fr\/actualites\/#\/schema\/logo\/image\/"},"sameAs":["https:\/\/www.facebook.com\/Footdavant\/","https:\/\/twitter.com\/FootdavantFr","https:\/\/www.instagram.com\/footdavant.fr\/"]},{"@type":"Person","@id":"https:\/\/footdavant.fr\/actualites\/#\/schema\/person\/bc222566d95871b37e597b3ed3ba5e1d","name":"Cl\u00e9ment","image":{"@type":"ImageObject","inLanguage":"fr-FR","@id":"https:\/\/footdavant.fr\/actualites\/#\/schema\/person\/image\/","url":"https:\/\/secure.gravatar.com\/avatar\/7728b29aac2719421e1a9159b2254c44?s=96&d=mm&r=g","contentUrl":"https:\/\/secure.gravatar.com\/avatar\/7728b29aac2719421e1a9159b2254c44?s=96&d=mm&r=g","caption":"Cl\u00e9ment"},"sameAs":["https:\/\/footdavant.fr\/"]}]}},"_links":{"self":[{"href":"https:\/\/footdavant.fr\/actualites\/wp-json\/wp\/v2\/posts\/36325"}],"collection":[{"href":"https:\/\/footdavant.fr\/actualites\/wp-json\/wp\/v2\/posts"}],"about":[{"href":"https:\/\/footdavant.fr\/actualites\/wp-json\/wp\/v2\/types\/post"}],"author":[{"embeddable":true,"href":"https:\/\/footdavant.fr\/actualites\/wp-json\/wp\/v2\/users\/1"}],"replies":[{"embeddable":true,"href":"https:\/\/footdavant.fr\/actualites\/wp-json\/wp\/v2\/comments?post=36325"}],"version-history":[{"count":1,"href":"https:\/\/footdavant.fr\/actualites\/wp-json\/wp\/v2\/posts\/36325\/revisions"}],"predecessor-version":[{"id":36327,"href":"https:\/\/footdavant.fr\/actualites\/wp-json\/wp\/v2\/posts\/36325\/revisions\/36327"}],"wp:featuredmedia":[{"embeddable":true,"href":"https:\/\/footdavant.fr\/actualites\/wp-json\/wp\/v2\/media\/36326"}],"wp:attachment":[{"href":"https:\/\/footdavant.fr\/actualites\/wp-json\/wp\/v2\/media?parent=36325"}],"wp:term":[{"taxonomy":"category","embeddable":true,"href":"https:\/\/footdavant.fr\/actualites\/wp-json\/wp\/v2\/categories?post=36325"},{"taxonomy":"post_tag","embeddable":true,"href":"https:\/\/footdavant.fr\/actualites\/wp-json\/wp\/v2\/tags?post=36325"}],"curies":[{"name":"wp","href":"https:\/\/api.w.org\/{rel}","templated":true}]}}