{"id":36336,"date":"2026-04-11T02:48:18","date_gmt":"2026-04-11T00:48:18","guid":{"rendered":"https:\/\/footdavant.fr\/actualites\/nouvelles-du-transfert-de-chelsea-les-blues-en-position-tres-favorable-pour-la-cible-du-borussia-dortmund\/"},"modified":"2026-04-11T02:48:21","modified_gmt":"2026-04-11T00:48:21","slug":"nouvelles-du-transfert-de-chelsea-les-blues-en-position-tres-favorable-pour-la-cible-du-borussia-dortmund","status":"publish","type":"post","link":"https:\/\/footdavant.fr\/actualites\/nouvelles-du-transfert-de-chelsea-les-blues-en-position-tres-favorable-pour-la-cible-du-borussia-dortmund\/","title":{"rendered":"Nouvelles du transfert de Chelsea : les Blues en position \u00ab tr\u00e8s favorable \u00bb pour la cible du Borussia Dortmund"},"content":{"rendered":"<div itemprop=\"articleBody\">\n<p>Chelsea serait dans une position \u00ab\u00a0tr\u00e8s favorable\u00a0\u00bb pour battre le Borussia Dortmund gr\u00e2ce \u00e0 la signature de l&#39;ailier strasbourgeois Diego Moreira.<\/p>\n<p>Les Blues ont connu un rare week-end positif ces derniers temps alors qu&#39;ils se sont impos\u00e9s 7-0 contre Port Vale pour organiser une demi-finale de la FA Cup contre Leeds United plus tard ce mois-ci.<\/p>\n<p>Cependant, il est devenu clair que des travaux sont d\u00e9j\u00e0 en cours dans les coulisses en ce qui concerne d\u2019autres ajouts au cours du mercato estival.<\/p>\n<p>Un rapport r\u00e9cent indiquait que Valentin Barco pourrait quitter le club strasbourgeois appartenant \u00e0 BlueCo et passer \u00e0 Stamford Bridge cet \u00e9t\u00e9.<\/p>\n<p>Selon le journaliste de Sky Deutschland, Florian Plettenburg, Chelsea pourrait envisager d&#39;ajouter un autre Strasbourgeois \u00e0 ses rangs.<\/p>\n<div>\n<div>\n<div>\n<div>\n<p>\u00a9 Imago \/ PsnewZ<\/p>\n<\/div>\n<\/div>\n<\/div>\n<\/div>\n<h2>Chelsea veut-il faire pression pour les retrouvailles de Moreira ?<\/h2>\n<p>Le rapport affirme que le Borussia Dortmund est l&#39;un des favoris pour le joueur de 21 ans, qui s&#39;est \u00e9panoui en France depuis qu&#39;il a quitt\u00e9 Chelsea pour environ 1,7 million de livres sterling en 2024.<\/p>\n<p>N\u00e9anmoins, le club de Premier League disposerait d&#39;une clause de rachat pour l&#39;international belge \u00e0 deux s\u00e9lections.<\/p>\n<p>Bien qu&#39;il ait \u00e9t\u00e9 utilis\u00e9 \u00e0 divers postes, Moreira a contribu\u00e9 six buts et 14 passes d\u00e9cisives en 67 apparitions dans toutes les comp\u00e9titions.<\/p>\n<p>Strasbourg cherchera apparemment \u00e0 r\u00e9cup\u00e9rer des frais compris entre 30 millions d\u2019euros (26,2 millions de livres sterling) et 40 millions d\u2019euros (34,9 millions de livres sterling) si l\u2019int\u00e9r\u00eat attendu pour sa signature persiste.<\/p>\n<p>\u00c0 ce stade, on ne sait pas quelle taille de clause de rachat a \u00e9t\u00e9 ins\u00e9r\u00e9e dans l&#39;accord de Chelsea avec Strasbourg, ni si Moreira voudrait retourner dans l&#39;ouest de Londres.<\/p>\n<div>\n<div>\n<div>\n<div>\n<div><img decoding=\"async\" data-img-id=\"156840\" class=\"lazy\" loading=\"lazy\" src=\"https:\/\/footdavant.fr\/actualites\/wp-content\/uploads\/2026\/04\/1775868498_743_Nouvelles-du-transfert-de-Chelsea-les-Blues-en-position.webp\"\/><\/p>\n<p>\u00a9 Imago \/ APL<\/p>\n<\/div>\n<\/div>\n<\/div>\n<\/div>\n<\/div>\n<h2>BlueCo risquerait-il de nouvelles tensions avec les supporters strasbourgeois ?<\/h2>\n<p>En plus d&#39;un pr\u00e9tendu accord pour que Barco d\u00e9m\u00e9nage \u00e0 Chelsea \u00e0 l&#39;avenir, l&#39;attaquant Emanuel Emegha a d\u00e9j\u00e0 \u00e9t\u00e9 confirm\u00e9 comme joueur des Blues pour 2026-27.<\/p>\n<p>Les fans strasbourgeois deviendront de plus en plus furieux de leur position chez BlueCo si Moreira signe pour Chelsea.<\/p>\n<p>Et ce, malgr\u00e9 leur argument selon lequel ils ont b\u00e9n\u00e9fici\u00e9 de la signature de Moreira \u00e0 un prix r\u00e9duit et pourraient g\u00e9n\u00e9rer un b\u00e9n\u00e9fice \u00e9norme.<\/p>\n<p>M\u00eame si les tensions augmenteraient, peu de gens seraient surpris si BlueCo l\u2019ignorait et se concentrait plut\u00f4t sur son mod\u00e8le commercial bien document\u00e9.<\/p>\n<\/div>\n","protected":false},"excerpt":{"rendered":"<p>Chelsea serait dans une position \u00ab\u00a0tr\u00e8s favorable\u00a0\u00bb pour battre le Borussia Dortmund gr\u00e2ce \u00e0 la signature de l&#39;ailier strasbourgeois Diego Moreira. Les Blues ont connu<\/p>\n","protected":false},"author":1,"featured_media":36337,"comment_status":"closed","ping_status":"","sticky":false,"template":"","format":"standard","meta":{"footnotes":""},"categories":[5],"tags":[4717,96,171,508,107,5733,93,461,2283,51,700,852],"yoast_head":"<!-- This site is optimized with the Yoast SEO plugin v21.0 - https:\/\/yoast.com\/wordpress\/plugins\/seo\/ -->\n<title>Nouvelles du transfert de Chelsea : les Blues en position \u00ab tr\u00e8s favorable \u00bb pour la cible du Borussia Dortmund<\/title>\n<meta name=\"robots\" content=\"index, follow, max-snippet:-1, max-image-preview:large, max-video-preview:-1\" \/>\n<link rel=\"canonical\" href=\"https:\/\/footdavant.fr\/actualites\/nouvelles-du-transfert-de-chelsea-les-blues-en-position-tres-favorable-pour-la-cible-du-borussia-dortmund\/\" \/>\n<meta property=\"og:locale\" content=\"fr_FR\" \/>\n<meta property=\"og:type\" content=\"article\" \/>\n<meta property=\"og:title\" content=\"Nouvelles du transfert de Chelsea : les Blues en position \u00ab tr\u00e8s favorable \u00bb pour la cible du Borussia Dortmund\" \/>\n<meta property=\"og:description\" content=\"Chelsea serait dans une position \u00ab\u00a0tr\u00e8s favorable\u00a0\u00bb pour battre le Borussia Dortmund gr\u00e2ce \u00e0 la signature de l&#039;ailier strasbourgeois Diego Moreira. Les Blues ont connu\" \/>\n<meta property=\"og:url\" content=\"https:\/\/footdavant.fr\/actualites\/nouvelles-du-transfert-de-chelsea-les-blues-en-position-tres-favorable-pour-la-cible-du-borussia-dortmund\/\" \/>\n<meta property=\"og:site_name\" content=\"Foot d&#039;avant\" \/>\n<meta property=\"article:publisher\" content=\"https:\/\/www.facebook.com\/Footdavant\/\" \/>\n<meta property=\"article:published_time\" content=\"2026-04-11T00:48:18+00:00\" \/>\n<meta property=\"article:modified_time\" content=\"2026-04-11T00:48:21+00:00\" \/>\n<meta property=\"og:image\" content=\"https:\/\/footdavant.fr\/actualites\/wp-content\/uploads\/2026\/04\/Nouvelles-du-transfert-de-Chelsea-les-Blues-en-position.net2Fuploads2F20252F102Fimago1067272746.webp\" \/>\n\t<meta property=\"og:image:width\" content=\"720\" \/>\n\t<meta property=\"og:image:height\" content=\"410\" \/>\n\t<meta property=\"og:image:type\" content=\"image\/webp\" \/>\n<meta name=\"author\" content=\"Cl\u00e9ment\" \/>\n<meta name=\"twitter:card\" content=\"summary_large_image\" \/>\n<meta name=\"twitter:creator\" content=\"@FootdavantFr\" \/>\n<meta name=\"twitter:site\" content=\"@FootdavantFr\" \/>\n<meta name=\"twitter:label1\" content=\"\u00c9crit par\" \/>\n\t<meta name=\"twitter:data1\" content=\"Cl\u00e9ment\" \/>\n\t<meta name=\"twitter:label2\" content=\"Dur\u00e9e de lecture estim\u00e9e\" \/>\n\t<meta name=\"twitter:data2\" content=\"2 minutes\" \/>\n<script type=\"application\/ld+json\" class=\"yoast-schema-graph\">{\"@context\":\"https:\/\/schema.org\",\"@graph\":[{\"@type\":\"Article\",\"@id\":\"https:\/\/footdavant.fr\/actualites\/nouvelles-du-transfert-de-chelsea-les-blues-en-position-tres-favorable-pour-la-cible-du-borussia-dortmund\/#article\",\"isPartOf\":{\"@id\":\"https:\/\/footdavant.fr\/actualites\/nouvelles-du-transfert-de-chelsea-les-blues-en-position-tres-favorable-pour-la-cible-du-borussia-dortmund\/\"},\"author\":{\"name\":\"Cl\u00e9ment\",\"@id\":\"https:\/\/footdavant.fr\/actualites\/#\/schema\/person\/bc222566d95871b37e597b3ed3ba5e1d\"},\"headline\":\"Nouvelles du transfert de Chelsea : les Blues en position \u00ab tr\u00e8s favorable \u00bb pour la cible du Borussia Dortmund\",\"datePublished\":\"2026-04-11T00:48:18+00:00\",\"dateModified\":\"2026-04-11T00:48:21+00:00\",\"mainEntityOfPage\":{\"@id\":\"https:\/\/footdavant.fr\/actualites\/nouvelles-du-transfert-de-chelsea-les-blues-en-position-tres-favorable-pour-la-cible-du-borussia-dortmund\/\"},\"wordCount\":424,\"publisher\":{\"@id\":\"https:\/\/footdavant.fr\/actualites\/#organization\"},\"keywords\":[\"blues\",\"Borussia\",\"Chelsea\",\"cible\",\"Dortmund\",\"favorable\",\"les\",\"Nouvelles\",\"position\",\"pour\",\"transfert\",\"tr\u00e8s\"],\"articleSection\":[\"Premier League\"],\"inLanguage\":\"fr-FR\"},{\"@type\":\"WebPage\",\"@id\":\"https:\/\/footdavant.fr\/actualites\/nouvelles-du-transfert-de-chelsea-les-blues-en-position-tres-favorable-pour-la-cible-du-borussia-dortmund\/\",\"url\":\"https:\/\/footdavant.fr\/actualites\/nouvelles-du-transfert-de-chelsea-les-blues-en-position-tres-favorable-pour-la-cible-du-borussia-dortmund\/\",\"name\":\"Nouvelles du transfert de Chelsea : les Blues en position \u00ab tr\u00e8s favorable \u00bb pour la cible du Borussia Dortmund\",\"isPartOf\":{\"@id\":\"https:\/\/footdavant.fr\/actualites\/#website\"},\"datePublished\":\"2026-04-11T00:48:18+00:00\",\"dateModified\":\"2026-04-11T00:48:21+00:00\",\"breadcrumb\":{\"@id\":\"https:\/\/footdavant.fr\/actualites\/nouvelles-du-transfert-de-chelsea-les-blues-en-position-tres-favorable-pour-la-cible-du-borussia-dortmund\/#breadcrumb\"},\"inLanguage\":\"fr-FR\",\"potentialAction\":[{\"@type\":\"ReadAction\",\"target\":[\"https:\/\/footdavant.fr\/actualites\/nouvelles-du-transfert-de-chelsea-les-blues-en-position-tres-favorable-pour-la-cible-du-borussia-dortmund\/\"]}]},{\"@type\":\"BreadcrumbList\",\"@id\":\"https:\/\/footdavant.fr\/actualites\/nouvelles-du-transfert-de-chelsea-les-blues-en-position-tres-favorable-pour-la-cible-du-borussia-dortmund\/#breadcrumb\",\"itemListElement\":[{\"@type\":\"ListItem\",\"position\":1,\"name\":\"Accueil\",\"item\":\"https:\/\/footdavant.fr\/actualites\/\"},{\"@type\":\"ListItem\",\"position\":2,\"name\":\"Nouvelles du transfert de Chelsea : les Blues en position \u00ab tr\u00e8s favorable \u00bb pour la cible du Borussia Dortmund\"}]},{\"@type\":\"WebSite\",\"@id\":\"https:\/\/footdavant.fr\/actualites\/#website\",\"url\":\"https:\/\/footdavant.fr\/actualites\/\",\"name\":\"Foot d'avant\",\"description\":\"\",\"publisher\":{\"@id\":\"https:\/\/footdavant.fr\/actualites\/#organization\"},\"potentialAction\":[{\"@type\":\"SearchAction\",\"target\":{\"@type\":\"EntryPoint\",\"urlTemplate\":\"https:\/\/footdavant.fr\/actualites\/?s={search_term_string}\"},\"query-input\":\"required name=search_term_string\"}],\"inLanguage\":\"fr-FR\"},{\"@type\":\"Organization\",\"@id\":\"https:\/\/footdavant.fr\/actualites\/#organization\",\"name\":\"Foot d'avant\",\"url\":\"https:\/\/footdavant.fr\/actualites\/\",\"logo\":{\"@type\":\"ImageObject\",\"inLanguage\":\"fr-FR\",\"@id\":\"https:\/\/footdavant.fr\/actualites\/#\/schema\/logo\/image\/\",\"url\":\"https:\/\/footdavant.fr\/actualites\/wp-content\/uploads\/2023\/09\/Copy-of-FootDavant-Logo.png\",\"contentUrl\":\"https:\/\/footdavant.fr\/actualites\/wp-content\/uploads\/2023\/09\/Copy-of-FootDavant-Logo.png\",\"width\":936,\"height\":549,\"caption\":\"Foot d'avant\"},\"image\":{\"@id\":\"https:\/\/footdavant.fr\/actualites\/#\/schema\/logo\/image\/\"},\"sameAs\":[\"https:\/\/www.facebook.com\/Footdavant\/\",\"https:\/\/twitter.com\/FootdavantFr\",\"https:\/\/www.instagram.com\/footdavant.fr\/\"]},{\"@type\":\"Person\",\"@id\":\"https:\/\/footdavant.fr\/actualites\/#\/schema\/person\/bc222566d95871b37e597b3ed3ba5e1d\",\"name\":\"Cl\u00e9ment\",\"image\":{\"@type\":\"ImageObject\",\"inLanguage\":\"fr-FR\",\"@id\":\"https:\/\/footdavant.fr\/actualites\/#\/schema\/person\/image\/\",\"url\":\"https:\/\/secure.gravatar.com\/avatar\/7728b29aac2719421e1a9159b2254c44?s=96&d=mm&r=g\",\"contentUrl\":\"https:\/\/secure.gravatar.com\/avatar\/7728b29aac2719421e1a9159b2254c44?s=96&d=mm&r=g\",\"caption\":\"Cl\u00e9ment\"},\"sameAs\":[\"https:\/\/footdavant.fr\/\"]}]}<\/script>\n<!-- \/ Yoast SEO plugin. -->","yoast_head_json":{"title":"Nouvelles du transfert de Chelsea : les Blues en position \u00ab tr\u00e8s favorable \u00bb pour la cible du Borussia Dortmund","robots":{"index":"index","follow":"follow","max-snippet":"max-snippet:-1","max-image-preview":"max-image-preview:large","max-video-preview":"max-video-preview:-1"},"canonical":"https:\/\/footdavant.fr\/actualites\/nouvelles-du-transfert-de-chelsea-les-blues-en-position-tres-favorable-pour-la-cible-du-borussia-dortmund\/","og_locale":"fr_FR","og_type":"article","og_title":"Nouvelles du transfert de Chelsea : les Blues en position \u00ab tr\u00e8s favorable \u00bb pour la cible du Borussia Dortmund","og_description":"Chelsea serait dans une position \u00ab\u00a0tr\u00e8s favorable\u00a0\u00bb pour battre le Borussia Dortmund gr\u00e2ce \u00e0 la signature de l&#39;ailier strasbourgeois Diego Moreira. Les Blues ont connu","og_url":"https:\/\/footdavant.fr\/actualites\/nouvelles-du-transfert-de-chelsea-les-blues-en-position-tres-favorable-pour-la-cible-du-borussia-dortmund\/","og_site_name":"Foot d&#039;avant","article_publisher":"https:\/\/www.facebook.com\/Footdavant\/","article_published_time":"2026-04-11T00:48:18+00:00","article_modified_time":"2026-04-11T00:48:21+00:00","og_image":[{"width":720,"height":410,"url":"https:\/\/footdavant.fr\/actualites\/wp-content\/uploads\/2026\/04\/Nouvelles-du-transfert-de-Chelsea-les-Blues-en-position.net2Fuploads2F20252F102Fimago1067272746.webp","type":"image\/webp"}],"author":"Cl\u00e9ment","twitter_card":"summary_large_image","twitter_creator":"@FootdavantFr","twitter_site":"@FootdavantFr","twitter_misc":{"\u00c9crit par":"Cl\u00e9ment","Dur\u00e9e de lecture estim\u00e9e":"2 minutes"},"schema":{"@context":"https:\/\/schema.org","@graph":[{"@type":"Article","@id":"https:\/\/footdavant.fr\/actualites\/nouvelles-du-transfert-de-chelsea-les-blues-en-position-tres-favorable-pour-la-cible-du-borussia-dortmund\/#article","isPartOf":{"@id":"https:\/\/footdavant.fr\/actualites\/nouvelles-du-transfert-de-chelsea-les-blues-en-position-tres-favorable-pour-la-cible-du-borussia-dortmund\/"},"author":{"name":"Cl\u00e9ment","@id":"https:\/\/footdavant.fr\/actualites\/#\/schema\/person\/bc222566d95871b37e597b3ed3ba5e1d"},"headline":"Nouvelles du transfert de Chelsea : les Blues en position \u00ab tr\u00e8s favorable \u00bb pour la cible du Borussia Dortmund","datePublished":"2026-04-11T00:48:18+00:00","dateModified":"2026-04-11T00:48:21+00:00","mainEntityOfPage":{"@id":"https:\/\/footdavant.fr\/actualites\/nouvelles-du-transfert-de-chelsea-les-blues-en-position-tres-favorable-pour-la-cible-du-borussia-dortmund\/"},"wordCount":424,"publisher":{"@id":"https:\/\/footdavant.fr\/actualites\/#organization"},"keywords":["blues","Borussia","Chelsea","cible","Dortmund","favorable","les","Nouvelles","position","pour","transfert","tr\u00e8s"],"articleSection":["Premier League"],"inLanguage":"fr-FR"},{"@type":"WebPage","@id":"https:\/\/footdavant.fr\/actualites\/nouvelles-du-transfert-de-chelsea-les-blues-en-position-tres-favorable-pour-la-cible-du-borussia-dortmund\/","url":"https:\/\/footdavant.fr\/actualites\/nouvelles-du-transfert-de-chelsea-les-blues-en-position-tres-favorable-pour-la-cible-du-borussia-dortmund\/","name":"Nouvelles du transfert de Chelsea : les Blues en position \u00ab tr\u00e8s favorable \u00bb pour la cible du Borussia Dortmund","isPartOf":{"@id":"https:\/\/footdavant.fr\/actualites\/#website"},"datePublished":"2026-04-11T00:48:18+00:00","dateModified":"2026-04-11T00:48:21+00:00","breadcrumb":{"@id":"https:\/\/footdavant.fr\/actualites\/nouvelles-du-transfert-de-chelsea-les-blues-en-position-tres-favorable-pour-la-cible-du-borussia-dortmund\/#breadcrumb"},"inLanguage":"fr-FR","potentialAction":[{"@type":"ReadAction","target":["https:\/\/footdavant.fr\/actualites\/nouvelles-du-transfert-de-chelsea-les-blues-en-position-tres-favorable-pour-la-cible-du-borussia-dortmund\/"]}]},{"@type":"BreadcrumbList","@id":"https:\/\/footdavant.fr\/actualites\/nouvelles-du-transfert-de-chelsea-les-blues-en-position-tres-favorable-pour-la-cible-du-borussia-dortmund\/#breadcrumb","itemListElement":[{"@type":"ListItem","position":1,"name":"Accueil","item":"https:\/\/footdavant.fr\/actualites\/"},{"@type":"ListItem","position":2,"name":"Nouvelles du transfert de Chelsea : les Blues en position \u00ab tr\u00e8s favorable \u00bb pour la cible du Borussia Dortmund"}]},{"@type":"WebSite","@id":"https:\/\/footdavant.fr\/actualites\/#website","url":"https:\/\/footdavant.fr\/actualites\/","name":"Foot d'avant","description":"","publisher":{"@id":"https:\/\/footdavant.fr\/actualites\/#organization"},"potentialAction":[{"@type":"SearchAction","target":{"@type":"EntryPoint","urlTemplate":"https:\/\/footdavant.fr\/actualites\/?s={search_term_string}"},"query-input":"required name=search_term_string"}],"inLanguage":"fr-FR"},{"@type":"Organization","@id":"https:\/\/footdavant.fr\/actualites\/#organization","name":"Foot d'avant","url":"https:\/\/footdavant.fr\/actualites\/","logo":{"@type":"ImageObject","inLanguage":"fr-FR","@id":"https:\/\/footdavant.fr\/actualites\/#\/schema\/logo\/image\/","url":"https:\/\/footdavant.fr\/actualites\/wp-content\/uploads\/2023\/09\/Copy-of-FootDavant-Logo.png","contentUrl":"https:\/\/footdavant.fr\/actualites\/wp-content\/uploads\/2023\/09\/Copy-of-FootDavant-Logo.png","width":936,"height":549,"caption":"Foot d'avant"},"image":{"@id":"https:\/\/footdavant.fr\/actualites\/#\/schema\/logo\/image\/"},"sameAs":["https:\/\/www.facebook.com\/Footdavant\/","https:\/\/twitter.com\/FootdavantFr","https:\/\/www.instagram.com\/footdavant.fr\/"]},{"@type":"Person","@id":"https:\/\/footdavant.fr\/actualites\/#\/schema\/person\/bc222566d95871b37e597b3ed3ba5e1d","name":"Cl\u00e9ment","image":{"@type":"ImageObject","inLanguage":"fr-FR","@id":"https:\/\/footdavant.fr\/actualites\/#\/schema\/person\/image\/","url":"https:\/\/secure.gravatar.com\/avatar\/7728b29aac2719421e1a9159b2254c44?s=96&d=mm&r=g","contentUrl":"https:\/\/secure.gravatar.com\/avatar\/7728b29aac2719421e1a9159b2254c44?s=96&d=mm&r=g","caption":"Cl\u00e9ment"},"sameAs":["https:\/\/footdavant.fr\/"]}]}},"_links":{"self":[{"href":"https:\/\/footdavant.fr\/actualites\/wp-json\/wp\/v2\/posts\/36336"}],"collection":[{"href":"https:\/\/footdavant.fr\/actualites\/wp-json\/wp\/v2\/posts"}],"about":[{"href":"https:\/\/footdavant.fr\/actualites\/wp-json\/wp\/v2\/types\/post"}],"author":[{"embeddable":true,"href":"https:\/\/footdavant.fr\/actualites\/wp-json\/wp\/v2\/users\/1"}],"replies":[{"embeddable":true,"href":"https:\/\/footdavant.fr\/actualites\/wp-json\/wp\/v2\/comments?post=36336"}],"version-history":[{"count":1,"href":"https:\/\/footdavant.fr\/actualites\/wp-json\/wp\/v2\/posts\/36336\/revisions"}],"predecessor-version":[{"id":36338,"href":"https:\/\/footdavant.fr\/actualites\/wp-json\/wp\/v2\/posts\/36336\/revisions\/36338"}],"wp:featuredmedia":[{"embeddable":true,"href":"https:\/\/footdavant.fr\/actualites\/wp-json\/wp\/v2\/media\/36337"}],"wp:attachment":[{"href":"https:\/\/footdavant.fr\/actualites\/wp-json\/wp\/v2\/media?parent=36336"}],"wp:term":[{"taxonomy":"category","embeddable":true,"href":"https:\/\/footdavant.fr\/actualites\/wp-json\/wp\/v2\/categories?post=36336"},{"taxonomy":"post_tag","embeddable":true,"href":"https:\/\/footdavant.fr\/actualites\/wp-json\/wp\/v2\/tags?post=36336"}],"curies":[{"name":"wp","href":"https:\/\/api.w.org\/{rel}","templated":true}]}}