{"id":36342,"date":"2026-04-11T06:48:18","date_gmt":"2026-04-11T04:48:18","guid":{"rendered":"https:\/\/footdavant.fr\/actualites\/actualite-arsenal-reception-tendue-a-quoi-ressemblera-le-retour-de-gyokeres-au-sporting-apres-un-depart-controverse\/"},"modified":"2026-04-11T06:48:20","modified_gmt":"2026-04-11T04:48:20","slug":"actualite-arsenal-reception-tendue-a-quoi-ressemblera-le-retour-de-gyokeres-au-sporting-apres-un-depart-controverse","status":"publish","type":"post","link":"https:\/\/footdavant.fr\/actualites\/actualite-arsenal-reception-tendue-a-quoi-ressemblera-le-retour-de-gyokeres-au-sporting-apres-un-depart-controverse\/","title":{"rendered":"Actualit\u00e9 Arsenal : R\u00e9ception tendue ? \u00c0 quoi ressemblera le retour de Gyokeres au Sporting apr\u00e8s un d\u00e9part controvers\u00e9 ?"},"content":{"rendered":"<div itemprop=\"articleBody\">\n<p>Les supporters sportifs ont une vision ambigu\u00eb de Viktor Gyokeres avant le quart de finale aller de la Ligue des champions mardi contre Arsenal, des retrouvailles qui s&#39;annoncent tout sauf simples.<\/p>\n<h2>Un d\u00e9part entour\u00e9 de pol\u00e9miques<\/h2>\n<div>\n<div>\n<p>\u00a9 Imago \/ Maciej Rogowski \/ Ball Raw Images<\/p>\n<\/div>\n<\/div>\n<p>Parmi les souvenirs positifs figurent les buts, c\u00e9l\u00e9br\u00e9s avec le geste du masque qui est devenu l&#39;une des marques de fabrique de l&#39;attaquant. Les souvenirs les moins bons concernent des photos de Gyokeres assis sur une plage avant de manquer l&#39;entra\u00eenement de pr\u00e9-saison pour tenter de le forcer \u00e0 d\u00e9m\u00e9nager au nord de Londres, comportement qui a incit\u00e9 le club \u00e0 lui infliger une amende \u00e9quivalant \u00e0 un mois de salaire.<\/p>\n<p>Au cours de ses deux saisons au Portugal, Gyokeres a marqu\u00e9 97 buts et enregistr\u00e9 28 passes d\u00e9cisives en 102 matches toutes comp\u00e9titions confondues, aidant le Sporting \u00e0 remporter des titres de champion cons\u00e9cutifs pour la premi\u00e8re fois en 70 ans. Lors de sa derni\u00e8re campagne, il \u00e9tait le meilleur buteur europ\u00e9en avec 54 buts.<\/p>\n<p>Le processus de transfert a \u00e9t\u00e9 entour\u00e9 de controverses \u00e0 chaque instant, d&#39;exigences salariales \u00e9lev\u00e9es, de confrontations avec le club, de promesses non tenues et de ce qui \u00e9quivalait \u00e0 une gr\u00e8ve non officielle. Cependant, rien de tout cela n&#39;a \u00e9t\u00e9 \u00e0 la hauteur des \u00e9changes publics entre le pr\u00e9sident du club, Frederico Varandas, et le camp du joueur. Le contrat de Gyokeres contenait une clause lib\u00e9ratoire de 86 millions de livres sterling, mais aucun club n&#39;avait manifest\u00e9 son int\u00e9r\u00eat \u00e0 la respecter, avec un tarif n\u00e9goci\u00e9 pr\u00e9f\u00e9r\u00e9 \u00e9tant donn\u00e9 l&#39;\u00e2ge de l&#39;attaquant, 27 ans \u00e0 l&#39;\u00e9poque, et le fait qu&#39;il n&#39;avait pas encore fait ses preuves dans une ligue majeure.<\/p>\n<p>Des informations ont ensuite fait surface selon lesquelles son repr\u00e9sentant, Hasan Cetinkaya, avait verbalement accept\u00e9 que Gyokeres puisse partir pour 60 millions de livres sterling. Interrog\u00e9 \u00e0 ce sujet, Varandas a \u00e9t\u00e9 sans \u00e9quivoque, d\u00e9clarant que le club \u00ab\u00a0n&#39;accepterait pas le chantage et les insultes\u00a0\u00bb et n&#39;avait jamais accept\u00e9 un tel arrangement.<\/p>\n<p>Manchester United semblait \u00eatre la destination la plus probable apr\u00e8s la nomination de l&#39;ancien patron du Sporting Ruben Amorim \u00e0 Old Trafford, mais la 15e place finale du club a consid\u00e9rablement refroidi l&#39;int\u00e9r\u00eat. Arsenal et le Sporting sont finalement parvenus \u00e0 un accord d\u2019environ 54 millions de livres sterling plus les bonus.<\/p>\n<h2>Des retrouvailles tendues \u2013 avec quelque chose \u00e0 prouver<\/h2>\n<div>\n<div><img decoding=\"async\" data-img-id=\"159061\" class=\"lazy\" loading=\"lazy\" src=\"https:\/\/footdavant.fr\/actualites\/wp-content\/uploads\/2026\/04\/1775882898_458_Actualite-Arsenal-Reception-tendue-A-quoi-ressemblera-le.webp\"\/><\/p>\n<p>\u00a9 Imago \/ Sportimage<\/p>\n<\/div>\n<\/div>\n<p>L&#39;accueil de mardi s&#39;annonce mitig\u00e9, m\u00e9lange de quolibets et d&#39;applaudissements. Mais il y a une raison plus urgente pour laquelle Gyokeres doit se concentrer : la n\u00e9cessit\u00e9 de prouver qu\u2019il fait la diff\u00e9rence \u00e0 Arsenal.<\/p>\n<p>En 47 apparitions lors de sa premi\u00e8re saison, le Su\u00e9dois a \u00e9t\u00e9 incoh\u00e9rent. Ses premiers mois ont \u00e9t\u00e9 difficiles, l&#39;attaquant ayant visiblement du mal \u00e0 s&#39;adapter au rythme et aux exigences de la Premier League et gaspillant des occasions malgr\u00e9 un bon service. La concurrence accrue sur la ligne avant a \u00e9galement soulev\u00e9 des questions sur la rapidit\u00e9 de son int\u00e9gration dans le syst\u00e8me d&#39;Arteta.<\/p>\n<p>Malgr\u00e9 les critiques, Arteta a publiquement d\u00e9fendu son attaquant. Sur l&#39;ensemble de la saison de Gyokeres, l&#39;Espagnol a \u00e9t\u00e9 mesur\u00e9 dans son \u00e9valuation : \u00ab\u00a0Je pense qu&#39;il est l\u00e0 o\u00f9 il est. Quelle r\u00e9ussite la saison va \u00eatre pour nous et quand nous analysons sa saison, elle va \u00eatre d\u00e9finie dans les sept ou huit derni\u00e8res semaines, c&#39;est clair.\u00a0\u00bb A propos des retrouvailles avec le Sporting, Arteta a confirm\u00e9 que Gyokeres est \u00ab\u00a0tr\u00e8s excit\u00e9\u00a0\u00bb et a soulign\u00e9 la v\u00e9ritable affection que le joueur porte \u00e0 son ancien club.<\/p>\n<p>Le quart de finale contre son ancienne \u00e9quipe pourrait \u00eatre le catalyseur d&#39;une bonne fin de campagne, d&#39;autant plus que Gyokeres a d\u00e9j\u00e0 prouv\u00e9 ses r\u00e9f\u00e9rences dans les grands matchs apr\u00e8s sa contribution d\u00e9cisive \u00e0 la qualification de la Su\u00e8de pour la Coupe du Monde.<\/p>\n<\/div>\n","protected":false},"excerpt":{"rendered":"<p>Les supporters sportifs ont une vision ambigu\u00eb de Viktor Gyokeres avant le quart de finale aller de la Ligue des champions mardi contre Arsenal, des<\/p>\n","protected":false},"author":1,"featured_media":35459,"comment_status":"closed","ping_status":"","sticky":false,"template":"","format":"standard","meta":{"footnotes":""},"categories":[5],"tags":[5603,25,67,4863,560,2304,1563,10994,11825,393,2301,10934],"yoast_head":"<!-- This site is optimized with the Yoast SEO plugin v21.0 - https:\/\/yoast.com\/wordpress\/plugins\/seo\/ -->\n<title>Actualit\u00e9 Arsenal : R\u00e9ception tendue ? \u00c0 quoi ressemblera le retour de Gyokeres au Sporting apr\u00e8s un d\u00e9part controvers\u00e9 ?<\/title>\n<meta name=\"robots\" content=\"index, follow, max-snippet:-1, max-image-preview:large, max-video-preview:-1\" \/>\n<link rel=\"canonical\" href=\"https:\/\/footdavant.fr\/actualites\/actualite-arsenal-reception-tendue-a-quoi-ressemblera-le-retour-de-gyokeres-au-sporting-apres-un-depart-controverse\/\" \/>\n<meta property=\"og:locale\" content=\"fr_FR\" \/>\n<meta property=\"og:type\" content=\"article\" \/>\n<meta property=\"og:title\" content=\"Actualit\u00e9 Arsenal : R\u00e9ception tendue ? \u00c0 quoi ressemblera le retour de Gyokeres au Sporting apr\u00e8s un d\u00e9part controvers\u00e9 ?\" \/>\n<meta property=\"og:description\" content=\"Les supporters sportifs ont une vision ambigu\u00eb de Viktor Gyokeres avant le quart de finale aller de la Ligue des champions mardi contre Arsenal, des\" \/>\n<meta property=\"og:url\" content=\"https:\/\/footdavant.fr\/actualites\/actualite-arsenal-reception-tendue-a-quoi-ressemblera-le-retour-de-gyokeres-au-sporting-apres-un-depart-controverse\/\" \/>\n<meta property=\"og:site_name\" content=\"Foot d&#039;avant\" \/>\n<meta property=\"article:publisher\" content=\"https:\/\/www.facebook.com\/Footdavant\/\" \/>\n<meta property=\"article:published_time\" content=\"2026-04-11T04:48:18+00:00\" \/>\n<meta property=\"article:modified_time\" content=\"2026-04-11T04:48:20+00:00\" \/>\n<meta property=\"og:image\" content=\"https:\/\/footdavant.fr\/actualites\/wp-content\/uploads\/2026\/03\/Bayer-Leverkusen-contre-Arsenal-comment-regarder-date-heure-diffusion.net2Fuploads2F20262F012Fimago1071249081.webp\" \/>\n\t<meta property=\"og:image:width\" content=\"720\" \/>\n\t<meta property=\"og:image:height\" content=\"410\" \/>\n\t<meta property=\"og:image:type\" content=\"image\/webp\" \/>\n<meta name=\"author\" content=\"Cl\u00e9ment\" \/>\n<meta name=\"twitter:card\" content=\"summary_large_image\" \/>\n<meta name=\"twitter:creator\" content=\"@FootdavantFr\" \/>\n<meta name=\"twitter:site\" content=\"@FootdavantFr\" \/>\n<meta name=\"twitter:label1\" content=\"\u00c9crit par\" \/>\n\t<meta name=\"twitter:data1\" content=\"Cl\u00e9ment\" \/>\n\t<meta name=\"twitter:label2\" content=\"Dur\u00e9e de lecture estim\u00e9e\" \/>\n\t<meta name=\"twitter:data2\" content=\"3 minutes\" \/>\n<script type=\"application\/ld+json\" class=\"yoast-schema-graph\">{\"@context\":\"https:\/\/schema.org\",\"@graph\":[{\"@type\":\"Article\",\"@id\":\"https:\/\/footdavant.fr\/actualites\/actualite-arsenal-reception-tendue-a-quoi-ressemblera-le-retour-de-gyokeres-au-sporting-apres-un-depart-controverse\/#article\",\"isPartOf\":{\"@id\":\"https:\/\/footdavant.fr\/actualites\/actualite-arsenal-reception-tendue-a-quoi-ressemblera-le-retour-de-gyokeres-au-sporting-apres-un-depart-controverse\/\"},\"author\":{\"name\":\"Cl\u00e9ment\",\"@id\":\"https:\/\/footdavant.fr\/actualites\/#\/schema\/person\/bc222566d95871b37e597b3ed3ba5e1d\"},\"headline\":\"Actualit\u00e9 Arsenal : R\u00e9ception tendue ? \u00c0 quoi ressemblera le retour de Gyokeres au Sporting apr\u00e8s un d\u00e9part controvers\u00e9 ?\",\"datePublished\":\"2026-04-11T04:48:18+00:00\",\"dateModified\":\"2026-04-11T04:48:20+00:00\",\"mainEntityOfPage\":{\"@id\":\"https:\/\/footdavant.fr\/actualites\/actualite-arsenal-reception-tendue-a-quoi-ressemblera-le-retour-de-gyokeres-au-sporting-apres-un-depart-controverse\/\"},\"wordCount\":696,\"publisher\":{\"@id\":\"https:\/\/footdavant.fr\/actualites\/#organization\"},\"keywords\":[\"Actualit\u00e9\",\"apr\u00e8s\",\"Arsenal\",\"controvers\u00e9\",\"d\u00e9part\",\"Gyokeres\",\"quoi\",\"r\u00e9ception\",\"ressemblera\",\"retour\",\"Sporting\",\"tendue\"],\"articleSection\":[\"Premier League\"],\"inLanguage\":\"fr-FR\"},{\"@type\":\"WebPage\",\"@id\":\"https:\/\/footdavant.fr\/actualites\/actualite-arsenal-reception-tendue-a-quoi-ressemblera-le-retour-de-gyokeres-au-sporting-apres-un-depart-controverse\/\",\"url\":\"https:\/\/footdavant.fr\/actualites\/actualite-arsenal-reception-tendue-a-quoi-ressemblera-le-retour-de-gyokeres-au-sporting-apres-un-depart-controverse\/\",\"name\":\"Actualit\u00e9 Arsenal : R\u00e9ception tendue ? \u00c0 quoi ressemblera le retour de Gyokeres au Sporting apr\u00e8s un d\u00e9part controvers\u00e9 ?\",\"isPartOf\":{\"@id\":\"https:\/\/footdavant.fr\/actualites\/#website\"},\"datePublished\":\"2026-04-11T04:48:18+00:00\",\"dateModified\":\"2026-04-11T04:48:20+00:00\",\"breadcrumb\":{\"@id\":\"https:\/\/footdavant.fr\/actualites\/actualite-arsenal-reception-tendue-a-quoi-ressemblera-le-retour-de-gyokeres-au-sporting-apres-un-depart-controverse\/#breadcrumb\"},\"inLanguage\":\"fr-FR\",\"potentialAction\":[{\"@type\":\"ReadAction\",\"target\":[\"https:\/\/footdavant.fr\/actualites\/actualite-arsenal-reception-tendue-a-quoi-ressemblera-le-retour-de-gyokeres-au-sporting-apres-un-depart-controverse\/\"]}]},{\"@type\":\"BreadcrumbList\",\"@id\":\"https:\/\/footdavant.fr\/actualites\/actualite-arsenal-reception-tendue-a-quoi-ressemblera-le-retour-de-gyokeres-au-sporting-apres-un-depart-controverse\/#breadcrumb\",\"itemListElement\":[{\"@type\":\"ListItem\",\"position\":1,\"name\":\"Accueil\",\"item\":\"https:\/\/footdavant.fr\/actualites\/\"},{\"@type\":\"ListItem\",\"position\":2,\"name\":\"Actualit\u00e9 Arsenal : R\u00e9ception tendue ? \u00c0 quoi ressemblera le retour de Gyokeres au Sporting apr\u00e8s un d\u00e9part controvers\u00e9 ?\"}]},{\"@type\":\"WebSite\",\"@id\":\"https:\/\/footdavant.fr\/actualites\/#website\",\"url\":\"https:\/\/footdavant.fr\/actualites\/\",\"name\":\"Foot d'avant\",\"description\":\"\",\"publisher\":{\"@id\":\"https:\/\/footdavant.fr\/actualites\/#organization\"},\"potentialAction\":[{\"@type\":\"SearchAction\",\"target\":{\"@type\":\"EntryPoint\",\"urlTemplate\":\"https:\/\/footdavant.fr\/actualites\/?s={search_term_string}\"},\"query-input\":\"required name=search_term_string\"}],\"inLanguage\":\"fr-FR\"},{\"@type\":\"Organization\",\"@id\":\"https:\/\/footdavant.fr\/actualites\/#organization\",\"name\":\"Foot d'avant\",\"url\":\"https:\/\/footdavant.fr\/actualites\/\",\"logo\":{\"@type\":\"ImageObject\",\"inLanguage\":\"fr-FR\",\"@id\":\"https:\/\/footdavant.fr\/actualites\/#\/schema\/logo\/image\/\",\"url\":\"https:\/\/footdavant.fr\/actualites\/wp-content\/uploads\/2023\/09\/Copy-of-FootDavant-Logo.png\",\"contentUrl\":\"https:\/\/footdavant.fr\/actualites\/wp-content\/uploads\/2023\/09\/Copy-of-FootDavant-Logo.png\",\"width\":936,\"height\":549,\"caption\":\"Foot d'avant\"},\"image\":{\"@id\":\"https:\/\/footdavant.fr\/actualites\/#\/schema\/logo\/image\/\"},\"sameAs\":[\"https:\/\/www.facebook.com\/Footdavant\/\",\"https:\/\/twitter.com\/FootdavantFr\",\"https:\/\/www.instagram.com\/footdavant.fr\/\"]},{\"@type\":\"Person\",\"@id\":\"https:\/\/footdavant.fr\/actualites\/#\/schema\/person\/bc222566d95871b37e597b3ed3ba5e1d\",\"name\":\"Cl\u00e9ment\",\"image\":{\"@type\":\"ImageObject\",\"inLanguage\":\"fr-FR\",\"@id\":\"https:\/\/footdavant.fr\/actualites\/#\/schema\/person\/image\/\",\"url\":\"https:\/\/secure.gravatar.com\/avatar\/7728b29aac2719421e1a9159b2254c44?s=96&d=mm&r=g\",\"contentUrl\":\"https:\/\/secure.gravatar.com\/avatar\/7728b29aac2719421e1a9159b2254c44?s=96&d=mm&r=g\",\"caption\":\"Cl\u00e9ment\"},\"sameAs\":[\"https:\/\/footdavant.fr\/\"]}]}<\/script>\n<!-- \/ Yoast SEO plugin. -->","yoast_head_json":{"title":"Actualit\u00e9 Arsenal : R\u00e9ception tendue ? \u00c0 quoi ressemblera le retour de Gyokeres au Sporting apr\u00e8s un d\u00e9part controvers\u00e9 ?","robots":{"index":"index","follow":"follow","max-snippet":"max-snippet:-1","max-image-preview":"max-image-preview:large","max-video-preview":"max-video-preview:-1"},"canonical":"https:\/\/footdavant.fr\/actualites\/actualite-arsenal-reception-tendue-a-quoi-ressemblera-le-retour-de-gyokeres-au-sporting-apres-un-depart-controverse\/","og_locale":"fr_FR","og_type":"article","og_title":"Actualit\u00e9 Arsenal : R\u00e9ception tendue ? \u00c0 quoi ressemblera le retour de Gyokeres au Sporting apr\u00e8s un d\u00e9part controvers\u00e9 ?","og_description":"Les supporters sportifs ont une vision ambigu\u00eb de Viktor Gyokeres avant le quart de finale aller de la Ligue des champions mardi contre Arsenal, des","og_url":"https:\/\/footdavant.fr\/actualites\/actualite-arsenal-reception-tendue-a-quoi-ressemblera-le-retour-de-gyokeres-au-sporting-apres-un-depart-controverse\/","og_site_name":"Foot d&#039;avant","article_publisher":"https:\/\/www.facebook.com\/Footdavant\/","article_published_time":"2026-04-11T04:48:18+00:00","article_modified_time":"2026-04-11T04:48:20+00:00","og_image":[{"width":720,"height":410,"url":"https:\/\/footdavant.fr\/actualites\/wp-content\/uploads\/2026\/03\/Bayer-Leverkusen-contre-Arsenal-comment-regarder-date-heure-diffusion.net2Fuploads2F20262F012Fimago1071249081.webp","type":"image\/webp"}],"author":"Cl\u00e9ment","twitter_card":"summary_large_image","twitter_creator":"@FootdavantFr","twitter_site":"@FootdavantFr","twitter_misc":{"\u00c9crit par":"Cl\u00e9ment","Dur\u00e9e de lecture estim\u00e9e":"3 minutes"},"schema":{"@context":"https:\/\/schema.org","@graph":[{"@type":"Article","@id":"https:\/\/footdavant.fr\/actualites\/actualite-arsenal-reception-tendue-a-quoi-ressemblera-le-retour-de-gyokeres-au-sporting-apres-un-depart-controverse\/#article","isPartOf":{"@id":"https:\/\/footdavant.fr\/actualites\/actualite-arsenal-reception-tendue-a-quoi-ressemblera-le-retour-de-gyokeres-au-sporting-apres-un-depart-controverse\/"},"author":{"name":"Cl\u00e9ment","@id":"https:\/\/footdavant.fr\/actualites\/#\/schema\/person\/bc222566d95871b37e597b3ed3ba5e1d"},"headline":"Actualit\u00e9 Arsenal : R\u00e9ception tendue ? \u00c0 quoi ressemblera le retour de Gyokeres au Sporting apr\u00e8s un d\u00e9part controvers\u00e9 ?","datePublished":"2026-04-11T04:48:18+00:00","dateModified":"2026-04-11T04:48:20+00:00","mainEntityOfPage":{"@id":"https:\/\/footdavant.fr\/actualites\/actualite-arsenal-reception-tendue-a-quoi-ressemblera-le-retour-de-gyokeres-au-sporting-apres-un-depart-controverse\/"},"wordCount":696,"publisher":{"@id":"https:\/\/footdavant.fr\/actualites\/#organization"},"keywords":["Actualit\u00e9","apr\u00e8s","Arsenal","controvers\u00e9","d\u00e9part","Gyokeres","quoi","r\u00e9ception","ressemblera","retour","Sporting","tendue"],"articleSection":["Premier League"],"inLanguage":"fr-FR"},{"@type":"WebPage","@id":"https:\/\/footdavant.fr\/actualites\/actualite-arsenal-reception-tendue-a-quoi-ressemblera-le-retour-de-gyokeres-au-sporting-apres-un-depart-controverse\/","url":"https:\/\/footdavant.fr\/actualites\/actualite-arsenal-reception-tendue-a-quoi-ressemblera-le-retour-de-gyokeres-au-sporting-apres-un-depart-controverse\/","name":"Actualit\u00e9 Arsenal : R\u00e9ception tendue ? \u00c0 quoi ressemblera le retour de Gyokeres au Sporting apr\u00e8s un d\u00e9part controvers\u00e9 ?","isPartOf":{"@id":"https:\/\/footdavant.fr\/actualites\/#website"},"datePublished":"2026-04-11T04:48:18+00:00","dateModified":"2026-04-11T04:48:20+00:00","breadcrumb":{"@id":"https:\/\/footdavant.fr\/actualites\/actualite-arsenal-reception-tendue-a-quoi-ressemblera-le-retour-de-gyokeres-au-sporting-apres-un-depart-controverse\/#breadcrumb"},"inLanguage":"fr-FR","potentialAction":[{"@type":"ReadAction","target":["https:\/\/footdavant.fr\/actualites\/actualite-arsenal-reception-tendue-a-quoi-ressemblera-le-retour-de-gyokeres-au-sporting-apres-un-depart-controverse\/"]}]},{"@type":"BreadcrumbList","@id":"https:\/\/footdavant.fr\/actualites\/actualite-arsenal-reception-tendue-a-quoi-ressemblera-le-retour-de-gyokeres-au-sporting-apres-un-depart-controverse\/#breadcrumb","itemListElement":[{"@type":"ListItem","position":1,"name":"Accueil","item":"https:\/\/footdavant.fr\/actualites\/"},{"@type":"ListItem","position":2,"name":"Actualit\u00e9 Arsenal : R\u00e9ception tendue ? \u00c0 quoi ressemblera le retour de Gyokeres au Sporting apr\u00e8s un d\u00e9part controvers\u00e9 ?"}]},{"@type":"WebSite","@id":"https:\/\/footdavant.fr\/actualites\/#website","url":"https:\/\/footdavant.fr\/actualites\/","name":"Foot d'avant","description":"","publisher":{"@id":"https:\/\/footdavant.fr\/actualites\/#organization"},"potentialAction":[{"@type":"SearchAction","target":{"@type":"EntryPoint","urlTemplate":"https:\/\/footdavant.fr\/actualites\/?s={search_term_string}"},"query-input":"required name=search_term_string"}],"inLanguage":"fr-FR"},{"@type":"Organization","@id":"https:\/\/footdavant.fr\/actualites\/#organization","name":"Foot d'avant","url":"https:\/\/footdavant.fr\/actualites\/","logo":{"@type":"ImageObject","inLanguage":"fr-FR","@id":"https:\/\/footdavant.fr\/actualites\/#\/schema\/logo\/image\/","url":"https:\/\/footdavant.fr\/actualites\/wp-content\/uploads\/2023\/09\/Copy-of-FootDavant-Logo.png","contentUrl":"https:\/\/footdavant.fr\/actualites\/wp-content\/uploads\/2023\/09\/Copy-of-FootDavant-Logo.png","width":936,"height":549,"caption":"Foot d'avant"},"image":{"@id":"https:\/\/footdavant.fr\/actualites\/#\/schema\/logo\/image\/"},"sameAs":["https:\/\/www.facebook.com\/Footdavant\/","https:\/\/twitter.com\/FootdavantFr","https:\/\/www.instagram.com\/footdavant.fr\/"]},{"@type":"Person","@id":"https:\/\/footdavant.fr\/actualites\/#\/schema\/person\/bc222566d95871b37e597b3ed3ba5e1d","name":"Cl\u00e9ment","image":{"@type":"ImageObject","inLanguage":"fr-FR","@id":"https:\/\/footdavant.fr\/actualites\/#\/schema\/person\/image\/","url":"https:\/\/secure.gravatar.com\/avatar\/7728b29aac2719421e1a9159b2254c44?s=96&d=mm&r=g","contentUrl":"https:\/\/secure.gravatar.com\/avatar\/7728b29aac2719421e1a9159b2254c44?s=96&d=mm&r=g","caption":"Cl\u00e9ment"},"sameAs":["https:\/\/footdavant.fr\/"]}]}},"_links":{"self":[{"href":"https:\/\/footdavant.fr\/actualites\/wp-json\/wp\/v2\/posts\/36342"}],"collection":[{"href":"https:\/\/footdavant.fr\/actualites\/wp-json\/wp\/v2\/posts"}],"about":[{"href":"https:\/\/footdavant.fr\/actualites\/wp-json\/wp\/v2\/types\/post"}],"author":[{"embeddable":true,"href":"https:\/\/footdavant.fr\/actualites\/wp-json\/wp\/v2\/users\/1"}],"replies":[{"embeddable":true,"href":"https:\/\/footdavant.fr\/actualites\/wp-json\/wp\/v2\/comments?post=36342"}],"version-history":[{"count":1,"href":"https:\/\/footdavant.fr\/actualites\/wp-json\/wp\/v2\/posts\/36342\/revisions"}],"predecessor-version":[{"id":36343,"href":"https:\/\/footdavant.fr\/actualites\/wp-json\/wp\/v2\/posts\/36342\/revisions\/36343"}],"wp:featuredmedia":[{"embeddable":true,"href":"https:\/\/footdavant.fr\/actualites\/wp-json\/wp\/v2\/media\/35459"}],"wp:attachment":[{"href":"https:\/\/footdavant.fr\/actualites\/wp-json\/wp\/v2\/media?parent=36342"}],"wp:term":[{"taxonomy":"category","embeddable":true,"href":"https:\/\/footdavant.fr\/actualites\/wp-json\/wp\/v2\/categories?post=36342"},{"taxonomy":"post_tag","embeddable":true,"href":"https:\/\/footdavant.fr\/actualites\/wp-json\/wp\/v2\/tags?post=36342"}],"curies":[{"name":"wp","href":"https:\/\/api.w.org\/{rel}","templated":true}]}}