{"id":36347,"date":"2026-04-11T10:48:04","date_gmt":"2026-04-11T08:48:04","guid":{"rendered":"https:\/\/footdavant.fr\/actualites\/les-poids-lourds-de-la-premier-league-poursuivent-le-milieu-de-terrain-francais-du-real-madrid-alors-que-la-position-de-los-blancos-est-revelee\/"},"modified":"2026-04-11T10:48:06","modified_gmt":"2026-04-11T08:48:06","slug":"les-poids-lourds-de-la-premier-league-poursuivent-le-milieu-de-terrain-francais-du-real-madrid-alors-que-la-position-de-los-blancos-est-revelee","status":"publish","type":"post","link":"https:\/\/footdavant.fr\/actualites\/les-poids-lourds-de-la-premier-league-poursuivent-le-milieu-de-terrain-francais-du-real-madrid-alors-que-la-position-de-los-blancos-est-revelee\/","title":{"rendered":"Les poids lourds de la Premier League \u00ab poursuivent \u00bb le milieu de terrain fran\u00e7ais du Real Madrid alors que la \u00ab position \u00bb de Los Blancos est r\u00e9v\u00e9l\u00e9e"},"content":{"rendered":"<div itemprop=\"articleBody\">\n<p>Liverpool aurait intensifi\u00e9 son int\u00e9r\u00eat de longue date pour le milieu de terrain du Real Madrid Eduardo Camavinga avant une fen\u00eatre de transfert estivale cruciale.<\/p>\n<p>L&#39;international fran\u00e7ais est une cible pour l&#39;\u00e9quipe de recrutement d&#39;Anfield depuis sa perc\u00e9e \u00e0 Rennes, avec sa polyvalence et sa qualit\u00e9 technique consid\u00e9r\u00e9es comme id\u00e9ales pour la Premier League.<\/p>\n<p>Arne Slot souhaite rafra\u00eechir sa salle des machines apr\u00e8s une d\u00e9fense de titre difficile qui a vu les Reds tomber dans une bataille comp\u00e9titive pour la qualification en Ligue des Champions.<\/p>\n<p>Rapports dans <em>L&#39;Equipe<\/em> sugg\u00e8rent que la hi\u00e9rarchie du Santiago Bernabeu pourrait enfin \u00eatre ouverte \u00e0 un d\u00e9part si une proposition appropri\u00e9e est re\u00e7ue.<\/p>\n<p>Ce changement de position potentiel a plac\u00e9 plusieurs clubs anglais d\u2019\u00e9lite en \u00e9tat d\u2019alerte alors qu\u2019ils cherchent \u00e0 renforcer leurs effectifs pour la campagne 2026-27.<\/p>\n<h2>La position du Real Madrid sur la vente de Camavinga clarifi\u00e9e<\/h2>\n<div>\n<div>\n<div>\n<div>\n<div>\n<p>\u00a9 Imago \/ IMAGO \/ Pressinphoto<\/p>\n<\/div>\n<\/div>\n<\/div>\n<\/div>\n<\/div>\n<p>Selon le sp\u00e9cialiste des transferts <em>Fabrizio Romano<\/em> via <em>Un ballon de football<\/em>M\u00eame si Camavinga n&#39;est pas contraint de quitter la capitale espagnole, une sortie estivale est une possibilit\u00e9 r\u00e9aliste.<\/p>\n<p>S&#39;exprimant sur sa cha\u00eene YouTube, Romano a expliqu\u00e9 que Los Blancos ne consid\u00e9raient pas le joueur de 23 ans comme exc\u00e9dentaire par rapport aux besoins, mais qu&#39;ils \u00e9valueraient une offre importante si elle r\u00e9pondait \u00e0 leur \u00e9valuation.<\/p>\n<p>Plusieurs organisations de Premier League auraient pris contact pour explorer les conditions d&#39;un \u00e9ventuel accord pour l&#39;ancien prodige rennais.<\/p>\n<p>Des frais de l&#39;ordre de 50 millions d&#39;euros (43,6 millions de livres sterling) ont \u00e9t\u00e9 pr\u00e9sent\u00e9s comme point de d\u00e9part, bien que ce chiffre pourrait augmenter si une guerre d&#39;ench\u00e8res \u00e9clatait entre les parties les plus riches d&#39;Europe.<\/p>\n<p>Le milieu de terrain reste pour l&#39;instant un \u00e9l\u00e9ment important du projet madril\u00e8ne, ce qui signifie que tout pr\u00e9tendant doit pr\u00e9senter un package sportif et financier convaincant pour le s\u00e9duire.<\/p>\n<h2>Le football de la Ligue des champions sera-t-il crucial pour la poursuite annonc\u00e9e par Liverpool ?<\/h2>\n<div>\n<div>\n<div>\n<div>\n<div><img decoding=\"async\" data-img-id=\"146748\" class=\"lazy\" loading=\"lazy\" src=\"https:\/\/footdavant.fr\/actualites\/wp-content\/uploads\/2026\/04\/Les-poids-lourds-de-la-Premier-League-poursuivent.jpg\"\/><\/p>\n<p>\u00a9 Imago<\/p>\n<\/div>\n<\/div>\n<\/div>\n<\/div>\n<\/div>\n<p>Le succ\u00e8s de la poursuite de Liverpool d\u00e9pend probablement de sa capacit\u00e9 \u00e0 se classer parmi les cinq premiers et \u00e0 revenir dans la premi\u00e8re comp\u00e9tition de clubs d&#39;Europe.<\/p>\n<p>Camavinga donne la priorit\u00e9 au jeu au plus haut niveau, faisant du statut de Ligue des champions un facteur non n\u00e9gociable pour tout club esp\u00e9rant obtenir sa signature.<\/p>\n<p>Le Fran\u00e7ais a eu du mal \u00e0 obtenir des d\u00e9parts r\u00e9guliers cette saison et a notamment \u00e9t\u00e9 critiqu\u00e9 pour sa performance lors de la d\u00e9faite 2-1 \u00e0 Majorque.<\/p>\n<p>Slot sera conscient que l\u2019ajout d\u2019un joueur de ce pedigree fournirait la flexibilit\u00e9 tactique et l\u2019\u00e9nergie n\u00e9cessaires pour se battre pour la couronne nationale la saison prochaine.<\/p>\n<p>Cependant, il reste \u00e0 voir si le N\u00e9erlandais sera aux commandes, les Reds n&#39;\u00e9tant pas assur\u00e9s de terminer dans le top cinq apr\u00e8s une lamentable d\u00e9fense du titre cette saison.<\/p>\n<\/div>\n","protected":false},"excerpt":{"rendered":"<p>Liverpool aurait intensifi\u00e9 son int\u00e9r\u00eat de longue date pour le milieu de terrain du Real Madrid Eduardo Camavinga avant une fen\u00eatre de transfert estivale cruciale.<\/p>\n","protected":false},"author":1,"featured_media":35665,"comment_status":"closed","ping_status":"","sticky":false,"template":"","format":"standard","meta":{"footnotes":""},"categories":[5],"tags":[318,4499,217,2918,202,93,2707,6857,303,441,2309,2283,3116,201,302,4750,442],"yoast_head":"<!-- This site is optimized with the Yoast SEO plugin v21.0 - https:\/\/yoast.com\/wordpress\/plugins\/seo\/ -->\n<title>Les poids lourds de la Premier League \u00ab poursuivent \u00bb le milieu de terrain fran\u00e7ais du Real Madrid alors que la \u00ab position \u00bb de Los Blancos est r\u00e9v\u00e9l\u00e9e<\/title>\n<meta name=\"robots\" content=\"index, follow, max-snippet:-1, max-image-preview:large, max-video-preview:-1\" \/>\n<link rel=\"canonical\" href=\"https:\/\/footdavant.fr\/actualites\/les-poids-lourds-de-la-premier-league-poursuivent-le-milieu-de-terrain-francais-du-real-madrid-alors-que-la-position-de-los-blancos-est-revelee\/\" \/>\n<meta property=\"og:locale\" content=\"fr_FR\" \/>\n<meta property=\"og:type\" content=\"article\" \/>\n<meta property=\"og:title\" content=\"Les poids lourds de la Premier League \u00ab poursuivent \u00bb le milieu de terrain fran\u00e7ais du Real Madrid alors que la \u00ab position \u00bb de Los Blancos est r\u00e9v\u00e9l\u00e9e\" \/>\n<meta property=\"og:description\" content=\"Liverpool aurait intensifi\u00e9 son int\u00e9r\u00eat de longue date pour le milieu de terrain du Real Madrid Eduardo Camavinga avant une fen\u00eatre de transfert estivale cruciale.\" \/>\n<meta property=\"og:url\" content=\"https:\/\/footdavant.fr\/actualites\/les-poids-lourds-de-la-premier-league-poursuivent-le-milieu-de-terrain-francais-du-real-madrid-alors-que-la-position-de-los-blancos-est-revelee\/\" \/>\n<meta property=\"og:site_name\" content=\"Foot d&#039;avant\" \/>\n<meta property=\"article:publisher\" content=\"https:\/\/www.facebook.com\/Footdavant\/\" \/>\n<meta property=\"article:published_time\" content=\"2026-04-11T08:48:04+00:00\" \/>\n<meta property=\"article:modified_time\" content=\"2026-04-11T08:48:06+00:00\" \/>\n<meta property=\"og:image\" content=\"https:\/\/footdavant.fr\/actualites\/wp-content\/uploads\/2026\/03\/Nouvelles-du-transfert-de-Liverpool-les-Reds-menent.jpg\" \/>\n\t<meta property=\"og:image:width\" content=\"720\" \/>\n\t<meta property=\"og:image:height\" content=\"410\" \/>\n\t<meta property=\"og:image:type\" content=\"image\/jpeg\" \/>\n<meta name=\"author\" content=\"Cl\u00e9ment\" \/>\n<meta name=\"twitter:card\" content=\"summary_large_image\" \/>\n<meta name=\"twitter:creator\" content=\"@FootdavantFr\" \/>\n<meta name=\"twitter:site\" content=\"@FootdavantFr\" \/>\n<meta name=\"twitter:label1\" content=\"\u00c9crit par\" \/>\n\t<meta name=\"twitter:data1\" content=\"Cl\u00e9ment\" \/>\n\t<meta name=\"twitter:label2\" content=\"Dur\u00e9e de lecture estim\u00e9e\" \/>\n\t<meta name=\"twitter:data2\" content=\"3 minutes\" \/>\n<script type=\"application\/ld+json\" class=\"yoast-schema-graph\">{\"@context\":\"https:\/\/schema.org\",\"@graph\":[{\"@type\":\"Article\",\"@id\":\"https:\/\/footdavant.fr\/actualites\/les-poids-lourds-de-la-premier-league-poursuivent-le-milieu-de-terrain-francais-du-real-madrid-alors-que-la-position-de-los-blancos-est-revelee\/#article\",\"isPartOf\":{\"@id\":\"https:\/\/footdavant.fr\/actualites\/les-poids-lourds-de-la-premier-league-poursuivent-le-milieu-de-terrain-francais-du-real-madrid-alors-que-la-position-de-los-blancos-est-revelee\/\"},\"author\":{\"name\":\"Cl\u00e9ment\",\"@id\":\"https:\/\/footdavant.fr\/actualites\/#\/schema\/person\/bc222566d95871b37e597b3ed3ba5e1d\"},\"headline\":\"Les poids lourds de la Premier League \u00ab poursuivent \u00bb le milieu de terrain fran\u00e7ais du Real Madrid alors que la \u00ab position \u00bb de Los Blancos est r\u00e9v\u00e9l\u00e9e\",\"datePublished\":\"2026-04-11T08:48:04+00:00\",\"dateModified\":\"2026-04-11T08:48:06+00:00\",\"mainEntityOfPage\":{\"@id\":\"https:\/\/footdavant.fr\/actualites\/les-poids-lourds-de-la-premier-league-poursuivent-le-milieu-de-terrain-francais-du-real-madrid-alors-que-la-position-de-los-blancos-est-revelee\/\"},\"wordCount\":547,\"publisher\":{\"@id\":\"https:\/\/footdavant.fr\/actualites\/#organization\"},\"keywords\":[\"alors\",\"Blancos\",\"est\",\"fran\u00e7ais\",\"League\",\"les\",\"Los\",\"lourds\",\"Madrid\",\"milieu\",\"poids\",\"position\",\"poursuivent\",\"Premier\",\"Real\",\"r\u00e9v\u00e9l\u00e9e\",\"terrain\"],\"articleSection\":[\"Premier League\"],\"inLanguage\":\"fr-FR\"},{\"@type\":\"WebPage\",\"@id\":\"https:\/\/footdavant.fr\/actualites\/les-poids-lourds-de-la-premier-league-poursuivent-le-milieu-de-terrain-francais-du-real-madrid-alors-que-la-position-de-los-blancos-est-revelee\/\",\"url\":\"https:\/\/footdavant.fr\/actualites\/les-poids-lourds-de-la-premier-league-poursuivent-le-milieu-de-terrain-francais-du-real-madrid-alors-que-la-position-de-los-blancos-est-revelee\/\",\"name\":\"Les poids lourds de la Premier League \u00ab poursuivent \u00bb le milieu de terrain fran\u00e7ais du Real Madrid alors que la \u00ab position \u00bb de Los Blancos est r\u00e9v\u00e9l\u00e9e\",\"isPartOf\":{\"@id\":\"https:\/\/footdavant.fr\/actualites\/#website\"},\"datePublished\":\"2026-04-11T08:48:04+00:00\",\"dateModified\":\"2026-04-11T08:48:06+00:00\",\"breadcrumb\":{\"@id\":\"https:\/\/footdavant.fr\/actualites\/les-poids-lourds-de-la-premier-league-poursuivent-le-milieu-de-terrain-francais-du-real-madrid-alors-que-la-position-de-los-blancos-est-revelee\/#breadcrumb\"},\"inLanguage\":\"fr-FR\",\"potentialAction\":[{\"@type\":\"ReadAction\",\"target\":[\"https:\/\/footdavant.fr\/actualites\/les-poids-lourds-de-la-premier-league-poursuivent-le-milieu-de-terrain-francais-du-real-madrid-alors-que-la-position-de-los-blancos-est-revelee\/\"]}]},{\"@type\":\"BreadcrumbList\",\"@id\":\"https:\/\/footdavant.fr\/actualites\/les-poids-lourds-de-la-premier-league-poursuivent-le-milieu-de-terrain-francais-du-real-madrid-alors-que-la-position-de-los-blancos-est-revelee\/#breadcrumb\",\"itemListElement\":[{\"@type\":\"ListItem\",\"position\":1,\"name\":\"Accueil\",\"item\":\"https:\/\/footdavant.fr\/actualites\/\"},{\"@type\":\"ListItem\",\"position\":2,\"name\":\"Les poids lourds de la Premier League \u00ab poursuivent \u00bb le milieu de terrain fran\u00e7ais du Real Madrid alors que la \u00ab position \u00bb de Los Blancos est r\u00e9v\u00e9l\u00e9e\"}]},{\"@type\":\"WebSite\",\"@id\":\"https:\/\/footdavant.fr\/actualites\/#website\",\"url\":\"https:\/\/footdavant.fr\/actualites\/\",\"name\":\"Foot d'avant\",\"description\":\"\",\"publisher\":{\"@id\":\"https:\/\/footdavant.fr\/actualites\/#organization\"},\"potentialAction\":[{\"@type\":\"SearchAction\",\"target\":{\"@type\":\"EntryPoint\",\"urlTemplate\":\"https:\/\/footdavant.fr\/actualites\/?s={search_term_string}\"},\"query-input\":\"required name=search_term_string\"}],\"inLanguage\":\"fr-FR\"},{\"@type\":\"Organization\",\"@id\":\"https:\/\/footdavant.fr\/actualites\/#organization\",\"name\":\"Foot d'avant\",\"url\":\"https:\/\/footdavant.fr\/actualites\/\",\"logo\":{\"@type\":\"ImageObject\",\"inLanguage\":\"fr-FR\",\"@id\":\"https:\/\/footdavant.fr\/actualites\/#\/schema\/logo\/image\/\",\"url\":\"https:\/\/footdavant.fr\/actualites\/wp-content\/uploads\/2023\/09\/Copy-of-FootDavant-Logo.png\",\"contentUrl\":\"https:\/\/footdavant.fr\/actualites\/wp-content\/uploads\/2023\/09\/Copy-of-FootDavant-Logo.png\",\"width\":936,\"height\":549,\"caption\":\"Foot d'avant\"},\"image\":{\"@id\":\"https:\/\/footdavant.fr\/actualites\/#\/schema\/logo\/image\/\"},\"sameAs\":[\"https:\/\/www.facebook.com\/Footdavant\/\",\"https:\/\/twitter.com\/FootdavantFr\",\"https:\/\/www.instagram.com\/footdavant.fr\/\"]},{\"@type\":\"Person\",\"@id\":\"https:\/\/footdavant.fr\/actualites\/#\/schema\/person\/bc222566d95871b37e597b3ed3ba5e1d\",\"name\":\"Cl\u00e9ment\",\"image\":{\"@type\":\"ImageObject\",\"inLanguage\":\"fr-FR\",\"@id\":\"https:\/\/footdavant.fr\/actualites\/#\/schema\/person\/image\/\",\"url\":\"https:\/\/secure.gravatar.com\/avatar\/7728b29aac2719421e1a9159b2254c44?s=96&d=mm&r=g\",\"contentUrl\":\"https:\/\/secure.gravatar.com\/avatar\/7728b29aac2719421e1a9159b2254c44?s=96&d=mm&r=g\",\"caption\":\"Cl\u00e9ment\"},\"sameAs\":[\"https:\/\/footdavant.fr\/\"]}]}<\/script>\n<!-- \/ Yoast SEO plugin. -->","yoast_head_json":{"title":"Les poids lourds de la Premier League \u00ab poursuivent \u00bb le milieu de terrain fran\u00e7ais du Real Madrid alors que la \u00ab position \u00bb de Los Blancos est r\u00e9v\u00e9l\u00e9e","robots":{"index":"index","follow":"follow","max-snippet":"max-snippet:-1","max-image-preview":"max-image-preview:large","max-video-preview":"max-video-preview:-1"},"canonical":"https:\/\/footdavant.fr\/actualites\/les-poids-lourds-de-la-premier-league-poursuivent-le-milieu-de-terrain-francais-du-real-madrid-alors-que-la-position-de-los-blancos-est-revelee\/","og_locale":"fr_FR","og_type":"article","og_title":"Les poids lourds de la Premier League \u00ab poursuivent \u00bb le milieu de terrain fran\u00e7ais du Real Madrid alors que la \u00ab position \u00bb de Los Blancos est r\u00e9v\u00e9l\u00e9e","og_description":"Liverpool aurait intensifi\u00e9 son int\u00e9r\u00eat de longue date pour le milieu de terrain du Real Madrid Eduardo Camavinga avant une fen\u00eatre de transfert estivale cruciale.","og_url":"https:\/\/footdavant.fr\/actualites\/les-poids-lourds-de-la-premier-league-poursuivent-le-milieu-de-terrain-francais-du-real-madrid-alors-que-la-position-de-los-blancos-est-revelee\/","og_site_name":"Foot d&#039;avant","article_publisher":"https:\/\/www.facebook.com\/Footdavant\/","article_published_time":"2026-04-11T08:48:04+00:00","article_modified_time":"2026-04-11T08:48:06+00:00","og_image":[{"width":720,"height":410,"url":"https:\/\/footdavant.fr\/actualites\/wp-content\/uploads\/2026\/03\/Nouvelles-du-transfert-de-Liverpool-les-Reds-menent.jpg","type":"image\/jpeg"}],"author":"Cl\u00e9ment","twitter_card":"summary_large_image","twitter_creator":"@FootdavantFr","twitter_site":"@FootdavantFr","twitter_misc":{"\u00c9crit par":"Cl\u00e9ment","Dur\u00e9e de lecture estim\u00e9e":"3 minutes"},"schema":{"@context":"https:\/\/schema.org","@graph":[{"@type":"Article","@id":"https:\/\/footdavant.fr\/actualites\/les-poids-lourds-de-la-premier-league-poursuivent-le-milieu-de-terrain-francais-du-real-madrid-alors-que-la-position-de-los-blancos-est-revelee\/#article","isPartOf":{"@id":"https:\/\/footdavant.fr\/actualites\/les-poids-lourds-de-la-premier-league-poursuivent-le-milieu-de-terrain-francais-du-real-madrid-alors-que-la-position-de-los-blancos-est-revelee\/"},"author":{"name":"Cl\u00e9ment","@id":"https:\/\/footdavant.fr\/actualites\/#\/schema\/person\/bc222566d95871b37e597b3ed3ba5e1d"},"headline":"Les poids lourds de la Premier League \u00ab poursuivent \u00bb le milieu de terrain fran\u00e7ais du Real Madrid alors que la \u00ab position \u00bb de Los Blancos est r\u00e9v\u00e9l\u00e9e","datePublished":"2026-04-11T08:48:04+00:00","dateModified":"2026-04-11T08:48:06+00:00","mainEntityOfPage":{"@id":"https:\/\/footdavant.fr\/actualites\/les-poids-lourds-de-la-premier-league-poursuivent-le-milieu-de-terrain-francais-du-real-madrid-alors-que-la-position-de-los-blancos-est-revelee\/"},"wordCount":547,"publisher":{"@id":"https:\/\/footdavant.fr\/actualites\/#organization"},"keywords":["alors","Blancos","est","fran\u00e7ais","League","les","Los","lourds","Madrid","milieu","poids","position","poursuivent","Premier","Real","r\u00e9v\u00e9l\u00e9e","terrain"],"articleSection":["Premier League"],"inLanguage":"fr-FR"},{"@type":"WebPage","@id":"https:\/\/footdavant.fr\/actualites\/les-poids-lourds-de-la-premier-league-poursuivent-le-milieu-de-terrain-francais-du-real-madrid-alors-que-la-position-de-los-blancos-est-revelee\/","url":"https:\/\/footdavant.fr\/actualites\/les-poids-lourds-de-la-premier-league-poursuivent-le-milieu-de-terrain-francais-du-real-madrid-alors-que-la-position-de-los-blancos-est-revelee\/","name":"Les poids lourds de la Premier League \u00ab poursuivent \u00bb le milieu de terrain fran\u00e7ais du Real Madrid alors que la \u00ab position \u00bb de Los Blancos est r\u00e9v\u00e9l\u00e9e","isPartOf":{"@id":"https:\/\/footdavant.fr\/actualites\/#website"},"datePublished":"2026-04-11T08:48:04+00:00","dateModified":"2026-04-11T08:48:06+00:00","breadcrumb":{"@id":"https:\/\/footdavant.fr\/actualites\/les-poids-lourds-de-la-premier-league-poursuivent-le-milieu-de-terrain-francais-du-real-madrid-alors-que-la-position-de-los-blancos-est-revelee\/#breadcrumb"},"inLanguage":"fr-FR","potentialAction":[{"@type":"ReadAction","target":["https:\/\/footdavant.fr\/actualites\/les-poids-lourds-de-la-premier-league-poursuivent-le-milieu-de-terrain-francais-du-real-madrid-alors-que-la-position-de-los-blancos-est-revelee\/"]}]},{"@type":"BreadcrumbList","@id":"https:\/\/footdavant.fr\/actualites\/les-poids-lourds-de-la-premier-league-poursuivent-le-milieu-de-terrain-francais-du-real-madrid-alors-que-la-position-de-los-blancos-est-revelee\/#breadcrumb","itemListElement":[{"@type":"ListItem","position":1,"name":"Accueil","item":"https:\/\/footdavant.fr\/actualites\/"},{"@type":"ListItem","position":2,"name":"Les poids lourds de la Premier League \u00ab poursuivent \u00bb le milieu de terrain fran\u00e7ais du Real Madrid alors que la \u00ab position \u00bb de Los Blancos est r\u00e9v\u00e9l\u00e9e"}]},{"@type":"WebSite","@id":"https:\/\/footdavant.fr\/actualites\/#website","url":"https:\/\/footdavant.fr\/actualites\/","name":"Foot d'avant","description":"","publisher":{"@id":"https:\/\/footdavant.fr\/actualites\/#organization"},"potentialAction":[{"@type":"SearchAction","target":{"@type":"EntryPoint","urlTemplate":"https:\/\/footdavant.fr\/actualites\/?s={search_term_string}"},"query-input":"required name=search_term_string"}],"inLanguage":"fr-FR"},{"@type":"Organization","@id":"https:\/\/footdavant.fr\/actualites\/#organization","name":"Foot d'avant","url":"https:\/\/footdavant.fr\/actualites\/","logo":{"@type":"ImageObject","inLanguage":"fr-FR","@id":"https:\/\/footdavant.fr\/actualites\/#\/schema\/logo\/image\/","url":"https:\/\/footdavant.fr\/actualites\/wp-content\/uploads\/2023\/09\/Copy-of-FootDavant-Logo.png","contentUrl":"https:\/\/footdavant.fr\/actualites\/wp-content\/uploads\/2023\/09\/Copy-of-FootDavant-Logo.png","width":936,"height":549,"caption":"Foot d'avant"},"image":{"@id":"https:\/\/footdavant.fr\/actualites\/#\/schema\/logo\/image\/"},"sameAs":["https:\/\/www.facebook.com\/Footdavant\/","https:\/\/twitter.com\/FootdavantFr","https:\/\/www.instagram.com\/footdavant.fr\/"]},{"@type":"Person","@id":"https:\/\/footdavant.fr\/actualites\/#\/schema\/person\/bc222566d95871b37e597b3ed3ba5e1d","name":"Cl\u00e9ment","image":{"@type":"ImageObject","inLanguage":"fr-FR","@id":"https:\/\/footdavant.fr\/actualites\/#\/schema\/person\/image\/","url":"https:\/\/secure.gravatar.com\/avatar\/7728b29aac2719421e1a9159b2254c44?s=96&d=mm&r=g","contentUrl":"https:\/\/secure.gravatar.com\/avatar\/7728b29aac2719421e1a9159b2254c44?s=96&d=mm&r=g","caption":"Cl\u00e9ment"},"sameAs":["https:\/\/footdavant.fr\/"]}]}},"_links":{"self":[{"href":"https:\/\/footdavant.fr\/actualites\/wp-json\/wp\/v2\/posts\/36347"}],"collection":[{"href":"https:\/\/footdavant.fr\/actualites\/wp-json\/wp\/v2\/posts"}],"about":[{"href":"https:\/\/footdavant.fr\/actualites\/wp-json\/wp\/v2\/types\/post"}],"author":[{"embeddable":true,"href":"https:\/\/footdavant.fr\/actualites\/wp-json\/wp\/v2\/users\/1"}],"replies":[{"embeddable":true,"href":"https:\/\/footdavant.fr\/actualites\/wp-json\/wp\/v2\/comments?post=36347"}],"version-history":[{"count":1,"href":"https:\/\/footdavant.fr\/actualites\/wp-json\/wp\/v2\/posts\/36347\/revisions"}],"predecessor-version":[{"id":36348,"href":"https:\/\/footdavant.fr\/actualites\/wp-json\/wp\/v2\/posts\/36347\/revisions\/36348"}],"wp:featuredmedia":[{"embeddable":true,"href":"https:\/\/footdavant.fr\/actualites\/wp-json\/wp\/v2\/media\/35665"}],"wp:attachment":[{"href":"https:\/\/footdavant.fr\/actualites\/wp-json\/wp\/v2\/media?parent=36347"}],"wp:term":[{"taxonomy":"category","embeddable":true,"href":"https:\/\/footdavant.fr\/actualites\/wp-json\/wp\/v2\/categories?post=36347"},{"taxonomy":"post_tag","embeddable":true,"href":"https:\/\/footdavant.fr\/actualites\/wp-json\/wp\/v2\/tags?post=36347"}],"curies":[{"name":"wp","href":"https:\/\/api.w.org\/{rel}","templated":true}]}}