{"id":36354,"date":"2026-04-11T16:47:59","date_gmt":"2026-04-11T14:47:59","guid":{"rendered":"https:\/\/footdavant.fr\/actualites\/rapport-du-match-de-lacademie-leeds-united-u18-0-2-manchester-united-u18\/"},"modified":"2026-04-11T16:48:01","modified_gmt":"2026-04-11T14:48:01","slug":"rapport-du-match-de-lacademie-leeds-united-u18-0-2-manchester-united-u18","status":"publish","type":"post","link":"https:\/\/footdavant.fr\/actualites\/rapport-du-match-de-lacademie-leeds-united-u18-0-2-manchester-united-u18\/","title":{"rendered":"Rapport du match de l&#39;Acad\u00e9mie: Leeds United U18 0-2 Manchester United U18 &#8211;"},"content":{"rendered":"<div id=\"penci-post-entry-inner\">\n<p>\t\t\t<i class=\"penci-post-countview-number-check\" style=\"display:none\">3<\/i><\/p>\n<p><!--Article Start--><br \/>Les moins de 18 ans de Manchester United se sont rendus samedi matin pour affronter les moins de 18 ans de Leeds United au terrain d&#39;entra\u00eenement de Thorp Arch. <\/p>\n<p>L&#39;\u00e9quipe locale comprenait l&#39;ancien joueur de l&#39;acad\u00e9mie United Edward Ibrovic-Fletcher, qui menait la ligne pour Leeds ce jour-l\u00e0.<\/p>\n<h5>Premi\u00e8re mi-temps<\/h5>\n<p>Les deux \u00e9quipes ont \u00e9chang\u00e9 des coups d\u00e8s le d\u00e9but, Noah Ajayi piquant les mains du gardien de Leeds George Kenyon avant que Cameron Byrne-Hughes ne repousse la tentative de coup franc de Carrick Njinko. <\/p>\n<p>Louie Bradbury a \u00e9t\u00e9 le plus proche d&#39;ouvrir le score en premi\u00e8re mi-temps lorsque sa tentative du pied lat\u00e9ral a \u00e9t\u00e9 d\u00e9gag\u00e9e de la ligne apr\u00e8s avoir \u00e9t\u00e9 frapp\u00e9 par Ajayi.<\/p>\n<p>Bradbury \u00e9tait \u00e0 l&#39;aff\u00fbt une minute plus tard lorsque le long ballon de Dante Plunkett par-dessus a \u00e9t\u00e9 compl\u00e8tement mal jug\u00e9 par Kenyon, qui a couru directement en dessous, mais le ballon a \u00e9t\u00e9 d\u00e9gag\u00e9 par le d\u00e9fenseur en r\u00e9cup\u00e9ration avant que Bradbury ne puisse bondir. <\/p>\n<p>Vers la fin de la mi-temps, Jacob Watson a ouvert la ligne arri\u00e8re de Leeds avec une passe filet\u00e9e pour faire entrer JJ Gabriel dans la surface, mais le num\u00e9ro dix de United a lev\u00e9 son effort au-dessus de la barre.<\/p>\n<h5>Deuxi\u00e8me mi-temps<\/h5>\n<p>Apr\u00e8s une longue mi-temps, United s&#39;est retrouv\u00e9 sur le terrain en attendant le retour de Leeds, mais les jeux d&#39;esprit n&#39;ont pas fonctionn\u00e9 pour l&#39;\u00e9quipe locale.<\/p>\n<p>United a pris l&#39;avantage quatre minutes apr\u00e8s la reprise gr\u00e2ce \u00e0 Jay McEvoy. Yuel Helafu a jou\u00e9 le ballon \u00e0 l&#39;int\u00e9rieur de McEvoy, qui a ouvert son corps sur son pied gauche le plus faible et a envoy\u00e9 un tir plongeant dans le coin inf\u00e9rieur gauche \u00e0 plus de 20 m\u00e8tres.<\/p>\n<p>Ajayi a \u00e9t\u00e9 une menace constante tout au long du match et a d\u00e9coch\u00e9 un tir de fus\u00e9e qui a \u00e9t\u00e9 d\u00e9vi\u00e9 du poteau \u2013 du moins c&#39;est ce que l&#39;arbitre a pens\u00e9, alors qu&#39;un corner \u00e9tait donn\u00e9. Cependant, la rediffusion semblait montrer le ballon volant \u00e0 travers un trou dans le filet dans le coin sup\u00e9rieur gauche.<\/p>\n<p>Cinq minutes plus tard, Ajayi jouait le r\u00f4le de passeur, centrant profond\u00e9ment pour que Junior Brown se dirige vers le poteau. <\/p>\n<p>Cependant, Leeds \u00e9tait toujours dans le match et a menac\u00e9 \u00e0 plusieurs reprises, Ibrovic-Fletcher pensant qu&#39;il \u00e9tait sur le point de marquer un tap-in facile avant qu&#39;Helafu ne d\u00e9gage au deuxi\u00e8me poteau.<\/p>\n<p>Malgr\u00e9 la pression de Leeds, United a scell\u00e9 la victoire avec un but tardif de JJ Gabriel, qui a converti le rebond de son propre penalty rat\u00e9. <\/p>\n<p>L&#39;\u00e9quipe de Darren Fletcher est en t\u00eate de la Premier League Nord des moins de 18 ans avec trois points d&#39;avance, mais a disput\u00e9 deux matches de plus que son rival Manchester City.<\/p>\n<p>L&#39;attention se d\u00e9tourne d\u00e9sormais de la ligue alors que les jeunes Red Devils jouent vendredi \u00e0 Old Trafford contre Crystal Palace en demi-finale de la FA Youth Cup.<\/p>\n<h5>Faits de correspondance<\/h5>\n<p>Unis : Byrne-Hughes, Helafu, Mills, Watson, Plunkett (Overy 55), McEvoy ; Brown (Emsden-James 85), Shah (Thwaites 60), Gabriel, Ajayi, Bradbury (D. Nkoto 60)<\/p>\n<p>Sous-marins inutilis\u00e9s\u00a0: Heath<\/p>\n<p>Buts : McEvoy 49, Gabriel 85<\/p>\n<\/p>\n<hr\/>\n<p>The Peoples Person est l&#39;un des principaux sites d&#39;information de Man United au monde depuis plus d&#39;une d\u00e9cennie. Suivez-nous sur Bluesky\u00a0: @peoplesperson.bsky.social<\/p>\n<p><!-- CONTENT END 2 --><\/p><\/div>\n","protected":false},"excerpt":{"rendered":"<p>3 Les moins de 18 ans de Manchester United se sont rendus samedi matin pour affronter les moins de 18 ans de Leeds United au<\/p>\n","protected":false},"author":1,"featured_media":36355,"comment_status":"closed","ping_status":"","sticky":false,"template":"","format":"standard","meta":{"footnotes":""},"categories":[3],"tags":[4386,121,11,257,918,8093,13],"yoast_head":"<!-- This site is optimized with the Yoast SEO plugin v21.0 - https:\/\/yoast.com\/wordpress\/plugins\/seo\/ -->\n<title>Rapport du match de l&#039;Acad\u00e9mie: Leeds United U18 0-2 Manchester United U18 -<\/title>\n<meta name=\"robots\" content=\"index, follow, max-snippet:-1, max-image-preview:large, max-video-preview:-1\" \/>\n<link rel=\"canonical\" href=\"https:\/\/footdavant.fr\/actualites\/rapport-du-match-de-lacademie-leeds-united-u18-0-2-manchester-united-u18\/\" \/>\n<meta property=\"og:locale\" content=\"fr_FR\" \/>\n<meta property=\"og:type\" content=\"article\" \/>\n<meta property=\"og:title\" content=\"Rapport du match de l&#039;Acad\u00e9mie: Leeds United U18 0-2 Manchester United U18 -\" \/>\n<meta property=\"og:description\" content=\"3 Les moins de 18 ans de Manchester United se sont rendus samedi matin pour affronter les moins de 18 ans de Leeds United au\" \/>\n<meta property=\"og:url\" content=\"https:\/\/footdavant.fr\/actualites\/rapport-du-match-de-lacademie-leeds-united-u18-0-2-manchester-united-u18\/\" \/>\n<meta property=\"og:site_name\" content=\"Foot d&#039;avant\" \/>\n<meta property=\"article:publisher\" content=\"https:\/\/www.facebook.com\/Footdavant\/\" \/>\n<meta property=\"article:published_time\" content=\"2026-04-11T14:47:59+00:00\" \/>\n<meta property=\"article:modified_time\" content=\"2026-04-11T14:48:01+00:00\" \/>\n<meta property=\"og:image\" content=\"https:\/\/footdavant.fr\/actualites\/wp-content\/uploads\/2026\/04\/Rapport-du-match-de-l39Academie-Leeds-United-U18-0-2-Manchester.jpg\" \/>\n\t<meta property=\"og:image:width\" content=\"1600\" \/>\n\t<meta property=\"og:image:height\" content=\"724\" \/>\n\t<meta property=\"og:image:type\" content=\"image\/jpeg\" \/>\n<meta name=\"author\" content=\"Cl\u00e9ment\" \/>\n<meta name=\"twitter:card\" content=\"summary_large_image\" \/>\n<meta name=\"twitter:creator\" content=\"@FootdavantFr\" \/>\n<meta name=\"twitter:site\" content=\"@FootdavantFr\" \/>\n<meta name=\"twitter:label1\" content=\"\u00c9crit par\" \/>\n\t<meta name=\"twitter:data1\" content=\"Cl\u00e9ment\" \/>\n\t<meta name=\"twitter:label2\" content=\"Dur\u00e9e de lecture estim\u00e9e\" \/>\n\t<meta name=\"twitter:data2\" content=\"3 minutes\" \/>\n<script type=\"application\/ld+json\" class=\"yoast-schema-graph\">{\"@context\":\"https:\/\/schema.org\",\"@graph\":[{\"@type\":\"Article\",\"@id\":\"https:\/\/footdavant.fr\/actualites\/rapport-du-match-de-lacademie-leeds-united-u18-0-2-manchester-united-u18\/#article\",\"isPartOf\":{\"@id\":\"https:\/\/footdavant.fr\/actualites\/rapport-du-match-de-lacademie-leeds-united-u18-0-2-manchester-united-u18\/\"},\"author\":{\"name\":\"Cl\u00e9ment\",\"@id\":\"https:\/\/footdavant.fr\/actualites\/#\/schema\/person\/bc222566d95871b37e597b3ed3ba5e1d\"},\"headline\":\"Rapport du match de l&#39;Acad\u00e9mie: Leeds United U18 0-2 Manchester United U18 &#8211;\",\"datePublished\":\"2026-04-11T14:47:59+00:00\",\"dateModified\":\"2026-04-11T14:48:01+00:00\",\"mainEntityOfPage\":{\"@id\":\"https:\/\/footdavant.fr\/actualites\/rapport-du-match-de-lacademie-leeds-united-u18-0-2-manchester-united-u18\/\"},\"wordCount\":595,\"publisher\":{\"@id\":\"https:\/\/footdavant.fr\/actualites\/#organization\"},\"keywords\":[\"l39acad\u00e9mie\",\"Leeds\",\"Manchester\",\"match\",\"rapport\",\"U18\",\"United\"],\"articleSection\":[\"Football\"],\"inLanguage\":\"fr-FR\"},{\"@type\":\"WebPage\",\"@id\":\"https:\/\/footdavant.fr\/actualites\/rapport-du-match-de-lacademie-leeds-united-u18-0-2-manchester-united-u18\/\",\"url\":\"https:\/\/footdavant.fr\/actualites\/rapport-du-match-de-lacademie-leeds-united-u18-0-2-manchester-united-u18\/\",\"name\":\"Rapport du match de l&#39;Acad\u00e9mie: Leeds United U18 0-2 Manchester United U18 -\",\"isPartOf\":{\"@id\":\"https:\/\/footdavant.fr\/actualites\/#website\"},\"datePublished\":\"2026-04-11T14:47:59+00:00\",\"dateModified\":\"2026-04-11T14:48:01+00:00\",\"breadcrumb\":{\"@id\":\"https:\/\/footdavant.fr\/actualites\/rapport-du-match-de-lacademie-leeds-united-u18-0-2-manchester-united-u18\/#breadcrumb\"},\"inLanguage\":\"fr-FR\",\"potentialAction\":[{\"@type\":\"ReadAction\",\"target\":[\"https:\/\/footdavant.fr\/actualites\/rapport-du-match-de-lacademie-leeds-united-u18-0-2-manchester-united-u18\/\"]}]},{\"@type\":\"BreadcrumbList\",\"@id\":\"https:\/\/footdavant.fr\/actualites\/rapport-du-match-de-lacademie-leeds-united-u18-0-2-manchester-united-u18\/#breadcrumb\",\"itemListElement\":[{\"@type\":\"ListItem\",\"position\":1,\"name\":\"Accueil\",\"item\":\"https:\/\/footdavant.fr\/actualites\/\"},{\"@type\":\"ListItem\",\"position\":2,\"name\":\"Rapport du match de l&#39;Acad\u00e9mie: Leeds United U18 0-2 Manchester United U18 &#8211;\"}]},{\"@type\":\"WebSite\",\"@id\":\"https:\/\/footdavant.fr\/actualites\/#website\",\"url\":\"https:\/\/footdavant.fr\/actualites\/\",\"name\":\"Foot d'avant\",\"description\":\"\",\"publisher\":{\"@id\":\"https:\/\/footdavant.fr\/actualites\/#organization\"},\"potentialAction\":[{\"@type\":\"SearchAction\",\"target\":{\"@type\":\"EntryPoint\",\"urlTemplate\":\"https:\/\/footdavant.fr\/actualites\/?s={search_term_string}\"},\"query-input\":\"required name=search_term_string\"}],\"inLanguage\":\"fr-FR\"},{\"@type\":\"Organization\",\"@id\":\"https:\/\/footdavant.fr\/actualites\/#organization\",\"name\":\"Foot d'avant\",\"url\":\"https:\/\/footdavant.fr\/actualites\/\",\"logo\":{\"@type\":\"ImageObject\",\"inLanguage\":\"fr-FR\",\"@id\":\"https:\/\/footdavant.fr\/actualites\/#\/schema\/logo\/image\/\",\"url\":\"https:\/\/footdavant.fr\/actualites\/wp-content\/uploads\/2023\/09\/Copy-of-FootDavant-Logo.png\",\"contentUrl\":\"https:\/\/footdavant.fr\/actualites\/wp-content\/uploads\/2023\/09\/Copy-of-FootDavant-Logo.png\",\"width\":936,\"height\":549,\"caption\":\"Foot d'avant\"},\"image\":{\"@id\":\"https:\/\/footdavant.fr\/actualites\/#\/schema\/logo\/image\/\"},\"sameAs\":[\"https:\/\/www.facebook.com\/Footdavant\/\",\"https:\/\/twitter.com\/FootdavantFr\",\"https:\/\/www.instagram.com\/footdavant.fr\/\"]},{\"@type\":\"Person\",\"@id\":\"https:\/\/footdavant.fr\/actualites\/#\/schema\/person\/bc222566d95871b37e597b3ed3ba5e1d\",\"name\":\"Cl\u00e9ment\",\"image\":{\"@type\":\"ImageObject\",\"inLanguage\":\"fr-FR\",\"@id\":\"https:\/\/footdavant.fr\/actualites\/#\/schema\/person\/image\/\",\"url\":\"https:\/\/secure.gravatar.com\/avatar\/7728b29aac2719421e1a9159b2254c44?s=96&d=mm&r=g\",\"contentUrl\":\"https:\/\/secure.gravatar.com\/avatar\/7728b29aac2719421e1a9159b2254c44?s=96&d=mm&r=g\",\"caption\":\"Cl\u00e9ment\"},\"sameAs\":[\"https:\/\/footdavant.fr\/\"]}]}<\/script>\n<!-- \/ Yoast SEO plugin. -->","yoast_head_json":{"title":"Rapport du match de l&#39;Acad\u00e9mie: Leeds United U18 0-2 Manchester United U18 -","robots":{"index":"index","follow":"follow","max-snippet":"max-snippet:-1","max-image-preview":"max-image-preview:large","max-video-preview":"max-video-preview:-1"},"canonical":"https:\/\/footdavant.fr\/actualites\/rapport-du-match-de-lacademie-leeds-united-u18-0-2-manchester-united-u18\/","og_locale":"fr_FR","og_type":"article","og_title":"Rapport du match de l&#39;Acad\u00e9mie: Leeds United U18 0-2 Manchester United U18 -","og_description":"3 Les moins de 18 ans de Manchester United se sont rendus samedi matin pour affronter les moins de 18 ans de Leeds United au","og_url":"https:\/\/footdavant.fr\/actualites\/rapport-du-match-de-lacademie-leeds-united-u18-0-2-manchester-united-u18\/","og_site_name":"Foot d&#039;avant","article_publisher":"https:\/\/www.facebook.com\/Footdavant\/","article_published_time":"2026-04-11T14:47:59+00:00","article_modified_time":"2026-04-11T14:48:01+00:00","og_image":[{"width":1600,"height":724,"url":"https:\/\/footdavant.fr\/actualites\/wp-content\/uploads\/2026\/04\/Rapport-du-match-de-l39Academie-Leeds-United-U18-0-2-Manchester.jpg","type":"image\/jpeg"}],"author":"Cl\u00e9ment","twitter_card":"summary_large_image","twitter_creator":"@FootdavantFr","twitter_site":"@FootdavantFr","twitter_misc":{"\u00c9crit par":"Cl\u00e9ment","Dur\u00e9e de lecture estim\u00e9e":"3 minutes"},"schema":{"@context":"https:\/\/schema.org","@graph":[{"@type":"Article","@id":"https:\/\/footdavant.fr\/actualites\/rapport-du-match-de-lacademie-leeds-united-u18-0-2-manchester-united-u18\/#article","isPartOf":{"@id":"https:\/\/footdavant.fr\/actualites\/rapport-du-match-de-lacademie-leeds-united-u18-0-2-manchester-united-u18\/"},"author":{"name":"Cl\u00e9ment","@id":"https:\/\/footdavant.fr\/actualites\/#\/schema\/person\/bc222566d95871b37e597b3ed3ba5e1d"},"headline":"Rapport du match de l&#39;Acad\u00e9mie: Leeds United U18 0-2 Manchester United U18 &#8211;","datePublished":"2026-04-11T14:47:59+00:00","dateModified":"2026-04-11T14:48:01+00:00","mainEntityOfPage":{"@id":"https:\/\/footdavant.fr\/actualites\/rapport-du-match-de-lacademie-leeds-united-u18-0-2-manchester-united-u18\/"},"wordCount":595,"publisher":{"@id":"https:\/\/footdavant.fr\/actualites\/#organization"},"keywords":["l39acad\u00e9mie","Leeds","Manchester","match","rapport","U18","United"],"articleSection":["Football"],"inLanguage":"fr-FR"},{"@type":"WebPage","@id":"https:\/\/footdavant.fr\/actualites\/rapport-du-match-de-lacademie-leeds-united-u18-0-2-manchester-united-u18\/","url":"https:\/\/footdavant.fr\/actualites\/rapport-du-match-de-lacademie-leeds-united-u18-0-2-manchester-united-u18\/","name":"Rapport du match de l&#39;Acad\u00e9mie: Leeds United U18 0-2 Manchester United U18 -","isPartOf":{"@id":"https:\/\/footdavant.fr\/actualites\/#website"},"datePublished":"2026-04-11T14:47:59+00:00","dateModified":"2026-04-11T14:48:01+00:00","breadcrumb":{"@id":"https:\/\/footdavant.fr\/actualites\/rapport-du-match-de-lacademie-leeds-united-u18-0-2-manchester-united-u18\/#breadcrumb"},"inLanguage":"fr-FR","potentialAction":[{"@type":"ReadAction","target":["https:\/\/footdavant.fr\/actualites\/rapport-du-match-de-lacademie-leeds-united-u18-0-2-manchester-united-u18\/"]}]},{"@type":"BreadcrumbList","@id":"https:\/\/footdavant.fr\/actualites\/rapport-du-match-de-lacademie-leeds-united-u18-0-2-manchester-united-u18\/#breadcrumb","itemListElement":[{"@type":"ListItem","position":1,"name":"Accueil","item":"https:\/\/footdavant.fr\/actualites\/"},{"@type":"ListItem","position":2,"name":"Rapport du match de l&#39;Acad\u00e9mie: Leeds United U18 0-2 Manchester United U18 &#8211;"}]},{"@type":"WebSite","@id":"https:\/\/footdavant.fr\/actualites\/#website","url":"https:\/\/footdavant.fr\/actualites\/","name":"Foot d'avant","description":"","publisher":{"@id":"https:\/\/footdavant.fr\/actualites\/#organization"},"potentialAction":[{"@type":"SearchAction","target":{"@type":"EntryPoint","urlTemplate":"https:\/\/footdavant.fr\/actualites\/?s={search_term_string}"},"query-input":"required name=search_term_string"}],"inLanguage":"fr-FR"},{"@type":"Organization","@id":"https:\/\/footdavant.fr\/actualites\/#organization","name":"Foot d'avant","url":"https:\/\/footdavant.fr\/actualites\/","logo":{"@type":"ImageObject","inLanguage":"fr-FR","@id":"https:\/\/footdavant.fr\/actualites\/#\/schema\/logo\/image\/","url":"https:\/\/footdavant.fr\/actualites\/wp-content\/uploads\/2023\/09\/Copy-of-FootDavant-Logo.png","contentUrl":"https:\/\/footdavant.fr\/actualites\/wp-content\/uploads\/2023\/09\/Copy-of-FootDavant-Logo.png","width":936,"height":549,"caption":"Foot d'avant"},"image":{"@id":"https:\/\/footdavant.fr\/actualites\/#\/schema\/logo\/image\/"},"sameAs":["https:\/\/www.facebook.com\/Footdavant\/","https:\/\/twitter.com\/FootdavantFr","https:\/\/www.instagram.com\/footdavant.fr\/"]},{"@type":"Person","@id":"https:\/\/footdavant.fr\/actualites\/#\/schema\/person\/bc222566d95871b37e597b3ed3ba5e1d","name":"Cl\u00e9ment","image":{"@type":"ImageObject","inLanguage":"fr-FR","@id":"https:\/\/footdavant.fr\/actualites\/#\/schema\/person\/image\/","url":"https:\/\/secure.gravatar.com\/avatar\/7728b29aac2719421e1a9159b2254c44?s=96&d=mm&r=g","contentUrl":"https:\/\/secure.gravatar.com\/avatar\/7728b29aac2719421e1a9159b2254c44?s=96&d=mm&r=g","caption":"Cl\u00e9ment"},"sameAs":["https:\/\/footdavant.fr\/"]}]}},"_links":{"self":[{"href":"https:\/\/footdavant.fr\/actualites\/wp-json\/wp\/v2\/posts\/36354"}],"collection":[{"href":"https:\/\/footdavant.fr\/actualites\/wp-json\/wp\/v2\/posts"}],"about":[{"href":"https:\/\/footdavant.fr\/actualites\/wp-json\/wp\/v2\/types\/post"}],"author":[{"embeddable":true,"href":"https:\/\/footdavant.fr\/actualites\/wp-json\/wp\/v2\/users\/1"}],"replies":[{"embeddable":true,"href":"https:\/\/footdavant.fr\/actualites\/wp-json\/wp\/v2\/comments?post=36354"}],"version-history":[{"count":1,"href":"https:\/\/footdavant.fr\/actualites\/wp-json\/wp\/v2\/posts\/36354\/revisions"}],"predecessor-version":[{"id":36356,"href":"https:\/\/footdavant.fr\/actualites\/wp-json\/wp\/v2\/posts\/36354\/revisions\/36356"}],"wp:featuredmedia":[{"embeddable":true,"href":"https:\/\/footdavant.fr\/actualites\/wp-json\/wp\/v2\/media\/36355"}],"wp:attachment":[{"href":"https:\/\/footdavant.fr\/actualites\/wp-json\/wp\/v2\/media?parent=36354"}],"wp:term":[{"taxonomy":"category","embeddable":true,"href":"https:\/\/footdavant.fr\/actualites\/wp-json\/wp\/v2\/categories?post=36354"},{"taxonomy":"post_tag","embeddable":true,"href":"https:\/\/footdavant.fr\/actualites\/wp-json\/wp\/v2\/tags?post=36354"}],"curies":[{"name":"wp","href":"https:\/\/api.w.org\/{rel}","templated":true}]}}