{"id":36357,"date":"2026-04-11T18:48:09","date_gmt":"2026-04-11T16:48:09","guid":{"rendered":"https:\/\/footdavant.fr\/actualites\/bataille-de-transfert-liverpool-et-man-utd-traquent-le-francais-avant-la-fenetre-estivale\/"},"modified":"2026-04-11T18:48:10","modified_gmt":"2026-04-11T16:48:10","slug":"bataille-de-transfert-liverpool-et-man-utd-traquent-le-francais-avant-la-fenetre-estivale","status":"publish","type":"post","link":"https:\/\/footdavant.fr\/actualites\/bataille-de-transfert-liverpool-et-man-utd-traquent-le-francais-avant-la-fenetre-estivale\/","title":{"rendered":"Bataille de transfert: Liverpool et Man Utd \u00ab traquent \u00bb le Fran\u00e7ais avant la fen\u00eatre estivale"},"content":{"rendered":"<div itemprop=\"articleBody\">\n<p data-path-to-node=\"1\">Liverpool et Manchester United se pr\u00e9pareraient \u00e0 une bataille de transfert tr\u00e8s m\u00e9diatis\u00e9e contre la starlette mon\u00e9gasque Maghnes Akliouche avant la fen\u00eatre estivale.<\/p>\n<p data-path-to-node=\"1\">Le joueur de 22 ans s&#39;est impos\u00e9 comme l&#39;un des joueurs les plus remarquables de la Ligue 1 cette saison, marquant sept buts et huit passes d\u00e9cisives en 37 apparitions toutes comp\u00e9titions confondues.<\/p>\n<p data-path-to-node=\"1\">Les deux g\u00e9ants du Nord-Ouest auraient envoy\u00e9 des \u00e9claireurs pour observer l&#39;attaquant en action lors de la victoire 2-1 de Monaco sur Marseille dimanche apr\u00e8s-midi alors qu&#39;ils intensifiaient leurs plans de recrutement.<\/p>\n<p data-path-to-node=\"1\">La mission de reconnaissance rumeur arrive \u00e0 un moment crucial pour les deux clubs qui cherchent \u00e0 remodeler leurs lignes de front respectives apr\u00e8s des campagnes nationales mitig\u00e9es.<\/p>\n<h2 data-path-to-node=\"2\">Akliouche \u00ab\u00a0identifi\u00e9\u00a0\u00bb comme successeur potentiel de Mohamed Salah<\/h2>\n<div>\n<div>\n<div>\n<div>\n<div>\n<p>\u00a9 Iconsport \/ Tnani Badreddine\/DeFodi Images<\/p>\n<\/div>\n<\/div>\n<\/div>\n<\/div>\n<\/div>\n<p data-path-to-node=\"3\">Selon <i data-index-in-node=\"13\" data-path-to-node=\"3\">Discussion en \u00e9quipe<\/i>Liverpool a identifi\u00e9 Akliouche comme une cible principale alors qu&#39;ils m\u00e8nent une diligence raisonnable approfondie sur un successeur du d\u00e9part de Mohamed Salah.<\/p>\n<p data-path-to-node=\"3\">La source affirme que les Reds ont d\u00e9j\u00e0 vu des demandes de renseignements sur le duo du Paris Saint-Germain Khvicha Kvaratskhelia et Bradley Barcola rejet\u00e9es, les conduisant \u00e0 \u00e9largir leur recherche de renforts offensifs \u00e9tendus.<\/p>\n<p data-path-to-node=\"3\">La capacit\u00e9 d&#39;Akliouche \u00e0 op\u00e9rer \u00e0 la fois comme ailier droit et comme milieu de terrain offensif fait de lui une alternative tr\u00e8s attrayante pour la hi\u00e9rarchie d&#39;Anfield.<\/p>\n<p data-path-to-node=\"3\">Compte tenu de l\u2019int\u00e9r\u00eat croissant pour le jeune, Monaco se pr\u00e9parerait \u00e0 un int\u00e9r\u00eat significatif et s\u2019attend \u00e0 ce que le jeune quitte la Principaut\u00e9 cet \u00e9t\u00e9.<\/p>\n<h2 data-path-to-node=\"4\">Pourquoi Manchester United a \u00ab rejoint la course \u00bb pour Akliouche<\/h2>\n<div>\n<div>\n<div>\n<div>\n<div><img decoding=\"async\" data-img-id=\"153560\" class=\"lazy\" loading=\"lazy\" src=\"https:\/\/footdavant.fr\/actualites\/wp-content\/uploads\/2026\/04\/1775926089_451_Bataille-de-transfert-Liverpool-et-Man-Utd-traquent.webp\"\/><\/p>\n<p>\u00a9 Imago\/Zuma Press Wire<\/p>\n<\/div>\n<\/div>\n<\/div>\n<\/div>\n<\/div>\n<p data-path-to-node=\"5\">Man United s&#39;est \u00e9galement joint \u00e0 la poursuite alors qu&#39;il continue d&#39;affiner ses options avanc\u00e9es sous la direction du manager par int\u00e9rim Michael Carrick ou d&#39;un nouvel entra\u00eeneur-chef.<\/p>\n<p data-path-to-node=\"5\">Les Diables Rouges surveilleraient plusieurs cibles communes avec leurs rivaux, notamment Iliman Ndiaye d&#39;Everton et Yan Diomande du RB Leipzig, alors qu&#39;ils cherchent \u00e0 ajouter plus d&#39;impr\u00e9visibilit\u00e9 \u00e0 leur attaque.<\/p>\n<p data-path-to-node=\"5\">Akliouche est particuli\u00e8rement motiv\u00e9 pour impressionner lors des derni\u00e8res phases de la saison alors qu&#39;il vise \u00e0 s&#39;assurer une place dans l&#39;\u00e9quipe de France pour la Coupe du monde 2026.<\/p>\n<p data-path-to-node=\"5\">Ayant d\u00e9j\u00e0 remport\u00e9 sept s\u00e9lections avec les Bleus, le talent n\u00e9 en 2002 est consid\u00e9r\u00e9 comme l&#39;un des espoirs les plus intrigants actuellement disponibles sur le march\u00e9.<\/p>\n<p data-path-to-node=\"5\">De plus, avec un peu plus de deux ans restant \u00e0 son contrat actuel, un accord pourrait \u00eatre conclu si une offre appropri\u00e9e est d\u00e9pos\u00e9e pendant l&#39;intersaison.<\/p>\n<\/div>\n","protected":false},"excerpt":{"rendered":"<p>Liverpool et Manchester United se pr\u00e9pareraient \u00e0 une bataille de transfert tr\u00e8s m\u00e9diatis\u00e9e contre la starlette mon\u00e9gasque Maghnes Akliouche avant la fen\u00eatre estivale. Le joueur<\/p>\n","protected":false},"author":1,"featured_media":36358,"comment_status":"closed","ping_status":"","sticky":false,"template":"","format":"standard","meta":{"footnotes":""},"categories":[5],"tags":[491,2002,2908,2446,2918,53,24,700,11826,296],"yoast_head":"<!-- This site is optimized with the Yoast SEO plugin v21.0 - https:\/\/yoast.com\/wordpress\/plugins\/seo\/ -->\n<title>Bataille de transfert: Liverpool et Man Utd \u00ab traquent \u00bb le Fran\u00e7ais avant la fen\u00eatre estivale<\/title>\n<meta name=\"robots\" content=\"index, follow, max-snippet:-1, max-image-preview:large, max-video-preview:-1\" \/>\n<link rel=\"canonical\" href=\"https:\/\/footdavant.fr\/actualites\/bataille-de-transfert-liverpool-et-man-utd-traquent-le-francais-avant-la-fenetre-estivale\/\" \/>\n<meta property=\"og:locale\" content=\"fr_FR\" \/>\n<meta property=\"og:type\" content=\"article\" \/>\n<meta property=\"og:title\" content=\"Bataille de transfert: Liverpool et Man Utd \u00ab traquent \u00bb le Fran\u00e7ais avant la fen\u00eatre estivale\" \/>\n<meta property=\"og:description\" content=\"Liverpool et Manchester United se pr\u00e9pareraient \u00e0 une bataille de transfert tr\u00e8s m\u00e9diatis\u00e9e contre la starlette mon\u00e9gasque Maghnes Akliouche avant la fen\u00eatre estivale. Le joueur\" \/>\n<meta property=\"og:url\" content=\"https:\/\/footdavant.fr\/actualites\/bataille-de-transfert-liverpool-et-man-utd-traquent-le-francais-avant-la-fenetre-estivale\/\" \/>\n<meta property=\"og:site_name\" content=\"Foot d&#039;avant\" \/>\n<meta property=\"article:publisher\" content=\"https:\/\/www.facebook.com\/Footdavant\/\" \/>\n<meta property=\"article:published_time\" content=\"2026-04-11T16:48:09+00:00\" \/>\n<meta property=\"article:modified_time\" content=\"2026-04-11T16:48:10+00:00\" \/>\n<meta property=\"og:image\" content=\"https:\/\/footdavant.fr\/actualites\/wp-content\/uploads\/2026\/04\/Bataille-de-transfert-Liverpool-et-Man-Utd-traquent.net2Fuploads2F20252F112Fbaptiste-fernand.webp\" \/>\n\t<meta property=\"og:image:width\" content=\"720\" \/>\n\t<meta property=\"og:image:height\" content=\"410\" \/>\n\t<meta property=\"og:image:type\" content=\"image\/webp\" \/>\n<meta name=\"author\" content=\"Cl\u00e9ment\" \/>\n<meta name=\"twitter:card\" content=\"summary_large_image\" \/>\n<meta name=\"twitter:creator\" content=\"@FootdavantFr\" \/>\n<meta name=\"twitter:site\" content=\"@FootdavantFr\" \/>\n<meta name=\"twitter:label1\" content=\"\u00c9crit par\" \/>\n\t<meta name=\"twitter:data1\" content=\"Cl\u00e9ment\" \/>\n\t<meta name=\"twitter:label2\" content=\"Dur\u00e9e de lecture estim\u00e9e\" \/>\n\t<meta name=\"twitter:data2\" content=\"2 minutes\" \/>\n<script type=\"application\/ld+json\" class=\"yoast-schema-graph\">{\"@context\":\"https:\/\/schema.org\",\"@graph\":[{\"@type\":\"Article\",\"@id\":\"https:\/\/footdavant.fr\/actualites\/bataille-de-transfert-liverpool-et-man-utd-traquent-le-francais-avant-la-fenetre-estivale\/#article\",\"isPartOf\":{\"@id\":\"https:\/\/footdavant.fr\/actualites\/bataille-de-transfert-liverpool-et-man-utd-traquent-le-francais-avant-la-fenetre-estivale\/\"},\"author\":{\"name\":\"Cl\u00e9ment\",\"@id\":\"https:\/\/footdavant.fr\/actualites\/#\/schema\/person\/bc222566d95871b37e597b3ed3ba5e1d\"},\"headline\":\"Bataille de transfert: Liverpool et Man Utd \u00ab traquent \u00bb le Fran\u00e7ais avant la fen\u00eatre estivale\",\"datePublished\":\"2026-04-11T16:48:09+00:00\",\"dateModified\":\"2026-04-11T16:48:10+00:00\",\"mainEntityOfPage\":{\"@id\":\"https:\/\/footdavant.fr\/actualites\/bataille-de-transfert-liverpool-et-man-utd-traquent-le-francais-avant-la-fenetre-estivale\/\"},\"wordCount\":455,\"publisher\":{\"@id\":\"https:\/\/footdavant.fr\/actualites\/#organization\"},\"keywords\":[\"avant\",\"bataille\",\"estivale\",\"fen\u00eatre\",\"fran\u00e7ais\",\"Liverpool\",\"Man\",\"transfert\",\"traquent\",\"Utd\"],\"articleSection\":[\"Premier League\"],\"inLanguage\":\"fr-FR\"},{\"@type\":\"WebPage\",\"@id\":\"https:\/\/footdavant.fr\/actualites\/bataille-de-transfert-liverpool-et-man-utd-traquent-le-francais-avant-la-fenetre-estivale\/\",\"url\":\"https:\/\/footdavant.fr\/actualites\/bataille-de-transfert-liverpool-et-man-utd-traquent-le-francais-avant-la-fenetre-estivale\/\",\"name\":\"Bataille de transfert: Liverpool et Man Utd \u00ab traquent \u00bb le Fran\u00e7ais avant la fen\u00eatre estivale\",\"isPartOf\":{\"@id\":\"https:\/\/footdavant.fr\/actualites\/#website\"},\"datePublished\":\"2026-04-11T16:48:09+00:00\",\"dateModified\":\"2026-04-11T16:48:10+00:00\",\"breadcrumb\":{\"@id\":\"https:\/\/footdavant.fr\/actualites\/bataille-de-transfert-liverpool-et-man-utd-traquent-le-francais-avant-la-fenetre-estivale\/#breadcrumb\"},\"inLanguage\":\"fr-FR\",\"potentialAction\":[{\"@type\":\"ReadAction\",\"target\":[\"https:\/\/footdavant.fr\/actualites\/bataille-de-transfert-liverpool-et-man-utd-traquent-le-francais-avant-la-fenetre-estivale\/\"]}]},{\"@type\":\"BreadcrumbList\",\"@id\":\"https:\/\/footdavant.fr\/actualites\/bataille-de-transfert-liverpool-et-man-utd-traquent-le-francais-avant-la-fenetre-estivale\/#breadcrumb\",\"itemListElement\":[{\"@type\":\"ListItem\",\"position\":1,\"name\":\"Accueil\",\"item\":\"https:\/\/footdavant.fr\/actualites\/\"},{\"@type\":\"ListItem\",\"position\":2,\"name\":\"Bataille de transfert: Liverpool et Man Utd \u00ab traquent \u00bb le Fran\u00e7ais avant la fen\u00eatre estivale\"}]},{\"@type\":\"WebSite\",\"@id\":\"https:\/\/footdavant.fr\/actualites\/#website\",\"url\":\"https:\/\/footdavant.fr\/actualites\/\",\"name\":\"Foot d'avant\",\"description\":\"\",\"publisher\":{\"@id\":\"https:\/\/footdavant.fr\/actualites\/#organization\"},\"potentialAction\":[{\"@type\":\"SearchAction\",\"target\":{\"@type\":\"EntryPoint\",\"urlTemplate\":\"https:\/\/footdavant.fr\/actualites\/?s={search_term_string}\"},\"query-input\":\"required name=search_term_string\"}],\"inLanguage\":\"fr-FR\"},{\"@type\":\"Organization\",\"@id\":\"https:\/\/footdavant.fr\/actualites\/#organization\",\"name\":\"Foot d'avant\",\"url\":\"https:\/\/footdavant.fr\/actualites\/\",\"logo\":{\"@type\":\"ImageObject\",\"inLanguage\":\"fr-FR\",\"@id\":\"https:\/\/footdavant.fr\/actualites\/#\/schema\/logo\/image\/\",\"url\":\"https:\/\/footdavant.fr\/actualites\/wp-content\/uploads\/2023\/09\/Copy-of-FootDavant-Logo.png\",\"contentUrl\":\"https:\/\/footdavant.fr\/actualites\/wp-content\/uploads\/2023\/09\/Copy-of-FootDavant-Logo.png\",\"width\":936,\"height\":549,\"caption\":\"Foot d'avant\"},\"image\":{\"@id\":\"https:\/\/footdavant.fr\/actualites\/#\/schema\/logo\/image\/\"},\"sameAs\":[\"https:\/\/www.facebook.com\/Footdavant\/\",\"https:\/\/twitter.com\/FootdavantFr\",\"https:\/\/www.instagram.com\/footdavant.fr\/\"]},{\"@type\":\"Person\",\"@id\":\"https:\/\/footdavant.fr\/actualites\/#\/schema\/person\/bc222566d95871b37e597b3ed3ba5e1d\",\"name\":\"Cl\u00e9ment\",\"image\":{\"@type\":\"ImageObject\",\"inLanguage\":\"fr-FR\",\"@id\":\"https:\/\/footdavant.fr\/actualites\/#\/schema\/person\/image\/\",\"url\":\"https:\/\/secure.gravatar.com\/avatar\/7728b29aac2719421e1a9159b2254c44?s=96&d=mm&r=g\",\"contentUrl\":\"https:\/\/secure.gravatar.com\/avatar\/7728b29aac2719421e1a9159b2254c44?s=96&d=mm&r=g\",\"caption\":\"Cl\u00e9ment\"},\"sameAs\":[\"https:\/\/footdavant.fr\/\"]}]}<\/script>\n<!-- \/ Yoast SEO plugin. -->","yoast_head_json":{"title":"Bataille de transfert: Liverpool et Man Utd \u00ab traquent \u00bb le Fran\u00e7ais avant la fen\u00eatre estivale","robots":{"index":"index","follow":"follow","max-snippet":"max-snippet:-1","max-image-preview":"max-image-preview:large","max-video-preview":"max-video-preview:-1"},"canonical":"https:\/\/footdavant.fr\/actualites\/bataille-de-transfert-liverpool-et-man-utd-traquent-le-francais-avant-la-fenetre-estivale\/","og_locale":"fr_FR","og_type":"article","og_title":"Bataille de transfert: Liverpool et Man Utd \u00ab traquent \u00bb le Fran\u00e7ais avant la fen\u00eatre estivale","og_description":"Liverpool et Manchester United se pr\u00e9pareraient \u00e0 une bataille de transfert tr\u00e8s m\u00e9diatis\u00e9e contre la starlette mon\u00e9gasque Maghnes Akliouche avant la fen\u00eatre estivale. Le joueur","og_url":"https:\/\/footdavant.fr\/actualites\/bataille-de-transfert-liverpool-et-man-utd-traquent-le-francais-avant-la-fenetre-estivale\/","og_site_name":"Foot d&#039;avant","article_publisher":"https:\/\/www.facebook.com\/Footdavant\/","article_published_time":"2026-04-11T16:48:09+00:00","article_modified_time":"2026-04-11T16:48:10+00:00","og_image":[{"width":720,"height":410,"url":"https:\/\/footdavant.fr\/actualites\/wp-content\/uploads\/2026\/04\/Bataille-de-transfert-Liverpool-et-Man-Utd-traquent.net2Fuploads2F20252F112Fbaptiste-fernand.webp","type":"image\/webp"}],"author":"Cl\u00e9ment","twitter_card":"summary_large_image","twitter_creator":"@FootdavantFr","twitter_site":"@FootdavantFr","twitter_misc":{"\u00c9crit par":"Cl\u00e9ment","Dur\u00e9e de lecture estim\u00e9e":"2 minutes"},"schema":{"@context":"https:\/\/schema.org","@graph":[{"@type":"Article","@id":"https:\/\/footdavant.fr\/actualites\/bataille-de-transfert-liverpool-et-man-utd-traquent-le-francais-avant-la-fenetre-estivale\/#article","isPartOf":{"@id":"https:\/\/footdavant.fr\/actualites\/bataille-de-transfert-liverpool-et-man-utd-traquent-le-francais-avant-la-fenetre-estivale\/"},"author":{"name":"Cl\u00e9ment","@id":"https:\/\/footdavant.fr\/actualites\/#\/schema\/person\/bc222566d95871b37e597b3ed3ba5e1d"},"headline":"Bataille de transfert: Liverpool et Man Utd \u00ab traquent \u00bb le Fran\u00e7ais avant la fen\u00eatre estivale","datePublished":"2026-04-11T16:48:09+00:00","dateModified":"2026-04-11T16:48:10+00:00","mainEntityOfPage":{"@id":"https:\/\/footdavant.fr\/actualites\/bataille-de-transfert-liverpool-et-man-utd-traquent-le-francais-avant-la-fenetre-estivale\/"},"wordCount":455,"publisher":{"@id":"https:\/\/footdavant.fr\/actualites\/#organization"},"keywords":["avant","bataille","estivale","fen\u00eatre","fran\u00e7ais","Liverpool","Man","transfert","traquent","Utd"],"articleSection":["Premier League"],"inLanguage":"fr-FR"},{"@type":"WebPage","@id":"https:\/\/footdavant.fr\/actualites\/bataille-de-transfert-liverpool-et-man-utd-traquent-le-francais-avant-la-fenetre-estivale\/","url":"https:\/\/footdavant.fr\/actualites\/bataille-de-transfert-liverpool-et-man-utd-traquent-le-francais-avant-la-fenetre-estivale\/","name":"Bataille de transfert: Liverpool et Man Utd \u00ab traquent \u00bb le Fran\u00e7ais avant la fen\u00eatre estivale","isPartOf":{"@id":"https:\/\/footdavant.fr\/actualites\/#website"},"datePublished":"2026-04-11T16:48:09+00:00","dateModified":"2026-04-11T16:48:10+00:00","breadcrumb":{"@id":"https:\/\/footdavant.fr\/actualites\/bataille-de-transfert-liverpool-et-man-utd-traquent-le-francais-avant-la-fenetre-estivale\/#breadcrumb"},"inLanguage":"fr-FR","potentialAction":[{"@type":"ReadAction","target":["https:\/\/footdavant.fr\/actualites\/bataille-de-transfert-liverpool-et-man-utd-traquent-le-francais-avant-la-fenetre-estivale\/"]}]},{"@type":"BreadcrumbList","@id":"https:\/\/footdavant.fr\/actualites\/bataille-de-transfert-liverpool-et-man-utd-traquent-le-francais-avant-la-fenetre-estivale\/#breadcrumb","itemListElement":[{"@type":"ListItem","position":1,"name":"Accueil","item":"https:\/\/footdavant.fr\/actualites\/"},{"@type":"ListItem","position":2,"name":"Bataille de transfert: Liverpool et Man Utd \u00ab traquent \u00bb le Fran\u00e7ais avant la fen\u00eatre estivale"}]},{"@type":"WebSite","@id":"https:\/\/footdavant.fr\/actualites\/#website","url":"https:\/\/footdavant.fr\/actualites\/","name":"Foot d'avant","description":"","publisher":{"@id":"https:\/\/footdavant.fr\/actualites\/#organization"},"potentialAction":[{"@type":"SearchAction","target":{"@type":"EntryPoint","urlTemplate":"https:\/\/footdavant.fr\/actualites\/?s={search_term_string}"},"query-input":"required name=search_term_string"}],"inLanguage":"fr-FR"},{"@type":"Organization","@id":"https:\/\/footdavant.fr\/actualites\/#organization","name":"Foot d'avant","url":"https:\/\/footdavant.fr\/actualites\/","logo":{"@type":"ImageObject","inLanguage":"fr-FR","@id":"https:\/\/footdavant.fr\/actualites\/#\/schema\/logo\/image\/","url":"https:\/\/footdavant.fr\/actualites\/wp-content\/uploads\/2023\/09\/Copy-of-FootDavant-Logo.png","contentUrl":"https:\/\/footdavant.fr\/actualites\/wp-content\/uploads\/2023\/09\/Copy-of-FootDavant-Logo.png","width":936,"height":549,"caption":"Foot d'avant"},"image":{"@id":"https:\/\/footdavant.fr\/actualites\/#\/schema\/logo\/image\/"},"sameAs":["https:\/\/www.facebook.com\/Footdavant\/","https:\/\/twitter.com\/FootdavantFr","https:\/\/www.instagram.com\/footdavant.fr\/"]},{"@type":"Person","@id":"https:\/\/footdavant.fr\/actualites\/#\/schema\/person\/bc222566d95871b37e597b3ed3ba5e1d","name":"Cl\u00e9ment","image":{"@type":"ImageObject","inLanguage":"fr-FR","@id":"https:\/\/footdavant.fr\/actualites\/#\/schema\/person\/image\/","url":"https:\/\/secure.gravatar.com\/avatar\/7728b29aac2719421e1a9159b2254c44?s=96&d=mm&r=g","contentUrl":"https:\/\/secure.gravatar.com\/avatar\/7728b29aac2719421e1a9159b2254c44?s=96&d=mm&r=g","caption":"Cl\u00e9ment"},"sameAs":["https:\/\/footdavant.fr\/"]}]}},"_links":{"self":[{"href":"https:\/\/footdavant.fr\/actualites\/wp-json\/wp\/v2\/posts\/36357"}],"collection":[{"href":"https:\/\/footdavant.fr\/actualites\/wp-json\/wp\/v2\/posts"}],"about":[{"href":"https:\/\/footdavant.fr\/actualites\/wp-json\/wp\/v2\/types\/post"}],"author":[{"embeddable":true,"href":"https:\/\/footdavant.fr\/actualites\/wp-json\/wp\/v2\/users\/1"}],"replies":[{"embeddable":true,"href":"https:\/\/footdavant.fr\/actualites\/wp-json\/wp\/v2\/comments?post=36357"}],"version-history":[{"count":1,"href":"https:\/\/footdavant.fr\/actualites\/wp-json\/wp\/v2\/posts\/36357\/revisions"}],"predecessor-version":[{"id":36359,"href":"https:\/\/footdavant.fr\/actualites\/wp-json\/wp\/v2\/posts\/36357\/revisions\/36359"}],"wp:featuredmedia":[{"embeddable":true,"href":"https:\/\/footdavant.fr\/actualites\/wp-json\/wp\/v2\/media\/36358"}],"wp:attachment":[{"href":"https:\/\/footdavant.fr\/actualites\/wp-json\/wp\/v2\/media?parent=36357"}],"wp:term":[{"taxonomy":"category","embeddable":true,"href":"https:\/\/footdavant.fr\/actualites\/wp-json\/wp\/v2\/categories?post=36357"},{"taxonomy":"post_tag","embeddable":true,"href":"https:\/\/footdavant.fr\/actualites\/wp-json\/wp\/v2\/tags?post=36357"}],"curies":[{"name":"wp","href":"https:\/\/api.w.org\/{rel}","templated":true}]}}