{"id":36360,"date":"2026-04-11T20:48:04","date_gmt":"2026-04-11T18:48:04","guid":{"rendered":"https:\/\/footdavant.fr\/actualites\/loccasion-se-presente-lors-de-la-visite-de-bournemouth\/"},"modified":"2026-04-11T20:48:05","modified_gmt":"2026-04-11T18:48:05","slug":"loccasion-se-presente-lors-de-la-visite-de-bournemouth","status":"publish","type":"post","link":"https:\/\/footdavant.fr\/actualites\/loccasion-se-presente-lors-de-la-visite-de-bournemouth\/","title":{"rendered":"L&#39;occasion se pr\u00e9sente lors de la visite de Bournemouth"},"content":{"rendered":"<div>\n<p>Bonjour \u00e0 tous.<\/p>\n<p>\u00c9tant donn\u00e9 la rapidit\u00e9 du coup d&#39;envoi, voici un blog d&#39;aper\u00e7u tr\u00e8s rapide de notre match contre Bournemouth cet apr\u00e8s-midi. Mikel Arteta jouait ses cartes tr\u00e8s pr\u00e8s de sa poitrine en termes de disponibilit\u00e9 des joueurs. Il y avait des doutes sur Martin Odegaard, Jurrien Timber, Riccardo Calafiori et Bukayo Saka, dont aucun n&#39;a \u00e9t\u00e9 vu \u00e0 l&#39;entra\u00eenement ouvert l&#39;autre jour, mais lors de sa conf\u00e9rence de presse, le manager a d\u00e9clar\u00e9 : \u00ab\u00a0Il y a eu des changements depuis hier.\u00a0\u00bb<\/p>\n<p>L&#39;une d&#39;elles est l&#39;apparition de Piero Hincapie sur certaines photos d&#39;entra\u00eenement, nous supposons donc qu&#39;il est disponible, ainsi que le fait qu&#39;Eberechi Eze est \u00e0 nouveau disponible apr\u00e8s son absence pour blessure. Si le capitaine n&#39;y parvient pas, et j&#39;ai un doute l\u00e0-dessus \u00e9tant donn\u00e9 qu&#39;il est parti avec un probl\u00e8me au genou mardi, on pourrait imaginer qu&#39;Eze sera l&#39;homme qui comblera cette lacune au milieu de terrain. Cela pr\u00e9sente une dynamique diff\u00e9rente car ces deux-l\u00e0 jouent ce r\u00f4le de mani\u00e8res assez distinctes, et \u00e9tant donn\u00e9 la forte presse de Bournemouth, on pourrait imaginer que ce serait Declan Rice et Martin Zubimendi qui s&#39;enfonceraient plus profond\u00e9ment pour nous aider \u00e0 contourner cela.<\/p>\n<p>Plus loin, je pense que Gabriel Martinelli a probablement jou\u00e9 son r\u00f4le de titulaire apr\u00e8s sa contribution contre le Sporting en milieu de semaine. Leandro Trossard semble encore loin de son meilleur niveau, et m\u00eame si les contributions du Br\u00e9silien en Europe ont largement d\u00e9pass\u00e9 ce qu&#39;il a produit en Premier League, je pense qu&#39;il obtiendra le feu vert. A droite, on attend la forme physique de Bukayo Saka qui, s&#39;il est disponible, j&#39;en suis s\u00fbr, d\u00e9butera.<\/p>\n<p>Sinon, je ne pense pas que Noni Madueke en ait fait assez contre le Sporting pour qu&#39;Arteta n&#39;envisage pas la possibilit\u00e9 de faire titulariser Max Dowman. Je soup\u00e7onne cependant qu&#39;il consid\u00e9rerait le joueur de 16 ans comme une meilleure option g\u00e9n\u00e9rique s&#39;il devait changer quelque chose plus tard dans le match. Quant \u00e0 l&#39;attaquant, c&#39;est un peu le coup de foudre entre Viktor Gyokeres et Kai Havertz. Ce dernier a marqu\u00e9 un gros but l&#39;autre soir, m\u00eame s&#39;il occupait th\u00e9oriquement une position de milieu de terrain, et je me demande si cela pourrait \u00eatre quelque chose sur lequel le manager pourrait s&#39;appuyer. Autant dire qu\u2019il a des options aujourd\u2019hui, il lui suffit de trouver la bonne combinaison.<\/p>\n<p>Au-del\u00e0 de la s\u00e9lection de l\u2019\u00e9quipe, cela ressemble \u00e0 une journ\u00e9e cruciale dans ce qui reste de cette course au titre. Si nous gagnons, nous aurons 12 points d&#39;avance en t\u00eate, m\u00eame si Man City aurait deux matchs en main, \u00e0 commencer par son d\u00e9placement \u00e0 Chelsea demain. Je ne pense toujours pas qu&#39;on puisse sous-estimer \u00e0 quel point cet \u00e9cart aurait un impact psychologique, et cela mettrait vraiment une certaine pression sur eux avant le coup d&#39;envoi de demain.<\/p>\n<p>C&#39;est un grand moment, surtout pour une \u00e9quipe qui a termin\u00e9 deuxi\u00e8me trois ann\u00e9es de suite et qui cherche d\u00e9sesp\u00e9r\u00e9ment \u00e0 prouver qu&#39;elle est assez bonne pour gagner. Gagnez celui-ci et vous d\u00e9montrerez vos r\u00e9f\u00e9rences de titre \u00e0 tout le monde. Je ne veux pas envisager l\u2019alternative, mais je dirai simplement que je m\u2019attends \u00e0 ce que cela soit difficile. Bournemouth est une bonne \u00e9quipe qui ne se retourne pour personne, nous allons donc devoir le m\u00e9riter.<\/p>\n<p>Cette opportunit\u00e9 est \u00e9videmment quelque chose dont ils ont parl\u00e9 en interne, Arteta d\u00e9clarant :<\/p>\n<blockquote>\n<p>Plus nous nous rapprochons, plus la pertinence et l&#39;importance du match augmentent \u00e9videmment, et demain est un grand jour pour nous. Les joueurs le savent, nos supporters le savent. C&#39;est un coup d&#39;envoi matinal, alors levez-vous t\u00f4t, prenez un petit-d\u00e9jeuner t\u00f4t, apportez votre d\u00e9jeuner, apportez votre d\u00eener, et allons-y tous ensemble car ce doit \u00eatre un grand jour.<\/p>\n<\/blockquote>\n<p>Je n&#39;ai aucun doute que le stade vibrera, et j&#39;esp\u00e8re que c&#39;est l&#39;un de ceux o\u00f9 nous pourrons produire une performance \u00e0 la hauteur de l&#39;occasion. Quoi qu\u2019il en soit, je prendrai une victoire et trois points comme ils viennent, puis nous pourrons remettre le relais \u00e0 City pour voir ce qu\u2019ils peuvent faire contre Chelsea. Bien s\u00fbr, les opportunit\u00e9s s&#39;accompagnent de pression, mais esp\u00e9rons qu&#39;aujourd&#39;hui, il s&#39;agira de tirer le meilleur parti de la premi\u00e8re et de laisser la seconde de c\u00f4t\u00e9 pour que quelqu&#39;un d&#39;autre puisse s&#39;en occuper.<\/p>\n<p>Comme toujours, vous pouvez nous rejoindre pour une couverture du blog en direct et toutes les informations d&#39;apr\u00e8s-match sur Arseblog News. Selon l&#39;endroit o\u00f9 vous vous trouvez dans le monde, vous pourrez peut-\u00eatre m\u00eame consulter le podcast d&#39;aper\u00e7u sur Patreon avant le coup d&#39;envoi.<\/p>\n<p>ALLEZ LES ROUGES\u00a0!<\/p>\n<\/div>\n","protected":false},"excerpt":{"rendered":"<p>Bonjour \u00e0 tous. \u00c9tant donn\u00e9 la rapidit\u00e9 du coup d&#39;envoi, voici un blog d&#39;aper\u00e7u tr\u00e8s rapide de notre match contre Bournemouth cet apr\u00e8s-midi. Mikel Arteta<\/p>\n","protected":false},"author":1,"featured_media":36361,"comment_status":"closed","ping_status":"","sticky":false,"template":"","format":"standard","meta":{"footnotes":""},"categories":[3],"tags":[54,6471,64,3899,2152],"yoast_head":"<!-- This site is optimized with the Yoast SEO plugin v21.0 - https:\/\/yoast.com\/wordpress\/plugins\/seo\/ -->\n<title>L&#039;occasion se pr\u00e9sente lors de la visite de Bournemouth<\/title>\n<meta name=\"robots\" content=\"index, follow, max-snippet:-1, max-image-preview:large, max-video-preview:-1\" \/>\n<link rel=\"canonical\" href=\"https:\/\/footdavant.fr\/actualites\/loccasion-se-presente-lors-de-la-visite-de-bournemouth\/\" \/>\n<meta property=\"og:locale\" content=\"fr_FR\" \/>\n<meta property=\"og:type\" content=\"article\" \/>\n<meta property=\"og:title\" content=\"L&#039;occasion se pr\u00e9sente lors de la visite de Bournemouth\" \/>\n<meta property=\"og:description\" content=\"Bonjour \u00e0 tous. \u00c9tant donn\u00e9 la rapidit\u00e9 du coup d&#039;envoi, voici un blog d&#039;aper\u00e7u tr\u00e8s rapide de notre match contre Bournemouth cet apr\u00e8s-midi. Mikel Arteta\" \/>\n<meta property=\"og:url\" content=\"https:\/\/footdavant.fr\/actualites\/loccasion-se-presente-lors-de-la-visite-de-bournemouth\/\" \/>\n<meta property=\"og:site_name\" content=\"Foot d&#039;avant\" \/>\n<meta property=\"article:publisher\" content=\"https:\/\/www.facebook.com\/Footdavant\/\" \/>\n<meta property=\"article:published_time\" content=\"2026-04-11T18:48:04+00:00\" \/>\n<meta property=\"article:modified_time\" content=\"2026-04-11T18:48:05+00:00\" \/>\n<meta property=\"og:image\" content=\"https:\/\/footdavant.fr\/actualites\/wp-content\/uploads\/2026\/04\/L39occasion-se-presente-lors-de-la-visite-de-Bournemouth.jpg\" \/>\n\t<meta property=\"og:image:width\" content=\"1500\" \/>\n\t<meta property=\"og:image:height\" content=\"750\" \/>\n\t<meta property=\"og:image:type\" content=\"image\/jpeg\" \/>\n<meta name=\"author\" content=\"Cl\u00e9ment\" \/>\n<meta name=\"twitter:card\" content=\"summary_large_image\" \/>\n<meta name=\"twitter:creator\" content=\"@FootdavantFr\" \/>\n<meta name=\"twitter:site\" content=\"@FootdavantFr\" \/>\n<meta name=\"twitter:label1\" content=\"\u00c9crit par\" \/>\n\t<meta name=\"twitter:data1\" content=\"Cl\u00e9ment\" \/>\n\t<meta name=\"twitter:label2\" content=\"Dur\u00e9e de lecture estim\u00e9e\" \/>\n\t<meta name=\"twitter:data2\" content=\"4 minutes\" \/>\n<script type=\"application\/ld+json\" class=\"yoast-schema-graph\">{\"@context\":\"https:\/\/schema.org\",\"@graph\":[{\"@type\":\"Article\",\"@id\":\"https:\/\/footdavant.fr\/actualites\/loccasion-se-presente-lors-de-la-visite-de-bournemouth\/#article\",\"isPartOf\":{\"@id\":\"https:\/\/footdavant.fr\/actualites\/loccasion-se-presente-lors-de-la-visite-de-bournemouth\/\"},\"author\":{\"name\":\"Cl\u00e9ment\",\"@id\":\"https:\/\/footdavant.fr\/actualites\/#\/schema\/person\/bc222566d95871b37e597b3ed3ba5e1d\"},\"headline\":\"L&#39;occasion se pr\u00e9sente lors de la visite de Bournemouth\",\"datePublished\":\"2026-04-11T18:48:04+00:00\",\"dateModified\":\"2026-04-11T18:48:05+00:00\",\"mainEntityOfPage\":{\"@id\":\"https:\/\/footdavant.fr\/actualites\/loccasion-se-presente-lors-de-la-visite-de-bournemouth\/\"},\"wordCount\":871,\"publisher\":{\"@id\":\"https:\/\/footdavant.fr\/actualites\/#organization\"},\"keywords\":[\"Bournemouth\",\"l39occasion\",\"lors\",\"pr\u00e9sente\",\"visite\"],\"articleSection\":[\"Football\"],\"inLanguage\":\"fr-FR\"},{\"@type\":\"WebPage\",\"@id\":\"https:\/\/footdavant.fr\/actualites\/loccasion-se-presente-lors-de-la-visite-de-bournemouth\/\",\"url\":\"https:\/\/footdavant.fr\/actualites\/loccasion-se-presente-lors-de-la-visite-de-bournemouth\/\",\"name\":\"L&#39;occasion se pr\u00e9sente lors de la visite de Bournemouth\",\"isPartOf\":{\"@id\":\"https:\/\/footdavant.fr\/actualites\/#website\"},\"datePublished\":\"2026-04-11T18:48:04+00:00\",\"dateModified\":\"2026-04-11T18:48:05+00:00\",\"breadcrumb\":{\"@id\":\"https:\/\/footdavant.fr\/actualites\/loccasion-se-presente-lors-de-la-visite-de-bournemouth\/#breadcrumb\"},\"inLanguage\":\"fr-FR\",\"potentialAction\":[{\"@type\":\"ReadAction\",\"target\":[\"https:\/\/footdavant.fr\/actualites\/loccasion-se-presente-lors-de-la-visite-de-bournemouth\/\"]}]},{\"@type\":\"BreadcrumbList\",\"@id\":\"https:\/\/footdavant.fr\/actualites\/loccasion-se-presente-lors-de-la-visite-de-bournemouth\/#breadcrumb\",\"itemListElement\":[{\"@type\":\"ListItem\",\"position\":1,\"name\":\"Accueil\",\"item\":\"https:\/\/footdavant.fr\/actualites\/\"},{\"@type\":\"ListItem\",\"position\":2,\"name\":\"L&#39;occasion se pr\u00e9sente lors de la visite de Bournemouth\"}]},{\"@type\":\"WebSite\",\"@id\":\"https:\/\/footdavant.fr\/actualites\/#website\",\"url\":\"https:\/\/footdavant.fr\/actualites\/\",\"name\":\"Foot d'avant\",\"description\":\"\",\"publisher\":{\"@id\":\"https:\/\/footdavant.fr\/actualites\/#organization\"},\"potentialAction\":[{\"@type\":\"SearchAction\",\"target\":{\"@type\":\"EntryPoint\",\"urlTemplate\":\"https:\/\/footdavant.fr\/actualites\/?s={search_term_string}\"},\"query-input\":\"required name=search_term_string\"}],\"inLanguage\":\"fr-FR\"},{\"@type\":\"Organization\",\"@id\":\"https:\/\/footdavant.fr\/actualites\/#organization\",\"name\":\"Foot d'avant\",\"url\":\"https:\/\/footdavant.fr\/actualites\/\",\"logo\":{\"@type\":\"ImageObject\",\"inLanguage\":\"fr-FR\",\"@id\":\"https:\/\/footdavant.fr\/actualites\/#\/schema\/logo\/image\/\",\"url\":\"https:\/\/footdavant.fr\/actualites\/wp-content\/uploads\/2023\/09\/Copy-of-FootDavant-Logo.png\",\"contentUrl\":\"https:\/\/footdavant.fr\/actualites\/wp-content\/uploads\/2023\/09\/Copy-of-FootDavant-Logo.png\",\"width\":936,\"height\":549,\"caption\":\"Foot d'avant\"},\"image\":{\"@id\":\"https:\/\/footdavant.fr\/actualites\/#\/schema\/logo\/image\/\"},\"sameAs\":[\"https:\/\/www.facebook.com\/Footdavant\/\",\"https:\/\/twitter.com\/FootdavantFr\",\"https:\/\/www.instagram.com\/footdavant.fr\/\"]},{\"@type\":\"Person\",\"@id\":\"https:\/\/footdavant.fr\/actualites\/#\/schema\/person\/bc222566d95871b37e597b3ed3ba5e1d\",\"name\":\"Cl\u00e9ment\",\"image\":{\"@type\":\"ImageObject\",\"inLanguage\":\"fr-FR\",\"@id\":\"https:\/\/footdavant.fr\/actualites\/#\/schema\/person\/image\/\",\"url\":\"https:\/\/secure.gravatar.com\/avatar\/7728b29aac2719421e1a9159b2254c44?s=96&d=mm&r=g\",\"contentUrl\":\"https:\/\/secure.gravatar.com\/avatar\/7728b29aac2719421e1a9159b2254c44?s=96&d=mm&r=g\",\"caption\":\"Cl\u00e9ment\"},\"sameAs\":[\"https:\/\/footdavant.fr\/\"]}]}<\/script>\n<!-- \/ Yoast SEO plugin. -->","yoast_head_json":{"title":"L&#39;occasion se pr\u00e9sente lors de la visite de Bournemouth","robots":{"index":"index","follow":"follow","max-snippet":"max-snippet:-1","max-image-preview":"max-image-preview:large","max-video-preview":"max-video-preview:-1"},"canonical":"https:\/\/footdavant.fr\/actualites\/loccasion-se-presente-lors-de-la-visite-de-bournemouth\/","og_locale":"fr_FR","og_type":"article","og_title":"L&#39;occasion se pr\u00e9sente lors de la visite de Bournemouth","og_description":"Bonjour \u00e0 tous. \u00c9tant donn\u00e9 la rapidit\u00e9 du coup d&#39;envoi, voici un blog d&#39;aper\u00e7u tr\u00e8s rapide de notre match contre Bournemouth cet apr\u00e8s-midi. Mikel Arteta","og_url":"https:\/\/footdavant.fr\/actualites\/loccasion-se-presente-lors-de-la-visite-de-bournemouth\/","og_site_name":"Foot d&#039;avant","article_publisher":"https:\/\/www.facebook.com\/Footdavant\/","article_published_time":"2026-04-11T18:48:04+00:00","article_modified_time":"2026-04-11T18:48:05+00:00","og_image":[{"width":1500,"height":750,"url":"https:\/\/footdavant.fr\/actualites\/wp-content\/uploads\/2026\/04\/L39occasion-se-presente-lors-de-la-visite-de-Bournemouth.jpg","type":"image\/jpeg"}],"author":"Cl\u00e9ment","twitter_card":"summary_large_image","twitter_creator":"@FootdavantFr","twitter_site":"@FootdavantFr","twitter_misc":{"\u00c9crit par":"Cl\u00e9ment","Dur\u00e9e de lecture estim\u00e9e":"4 minutes"},"schema":{"@context":"https:\/\/schema.org","@graph":[{"@type":"Article","@id":"https:\/\/footdavant.fr\/actualites\/loccasion-se-presente-lors-de-la-visite-de-bournemouth\/#article","isPartOf":{"@id":"https:\/\/footdavant.fr\/actualites\/loccasion-se-presente-lors-de-la-visite-de-bournemouth\/"},"author":{"name":"Cl\u00e9ment","@id":"https:\/\/footdavant.fr\/actualites\/#\/schema\/person\/bc222566d95871b37e597b3ed3ba5e1d"},"headline":"L&#39;occasion se pr\u00e9sente lors de la visite de Bournemouth","datePublished":"2026-04-11T18:48:04+00:00","dateModified":"2026-04-11T18:48:05+00:00","mainEntityOfPage":{"@id":"https:\/\/footdavant.fr\/actualites\/loccasion-se-presente-lors-de-la-visite-de-bournemouth\/"},"wordCount":871,"publisher":{"@id":"https:\/\/footdavant.fr\/actualites\/#organization"},"keywords":["Bournemouth","l39occasion","lors","pr\u00e9sente","visite"],"articleSection":["Football"],"inLanguage":"fr-FR"},{"@type":"WebPage","@id":"https:\/\/footdavant.fr\/actualites\/loccasion-se-presente-lors-de-la-visite-de-bournemouth\/","url":"https:\/\/footdavant.fr\/actualites\/loccasion-se-presente-lors-de-la-visite-de-bournemouth\/","name":"L&#39;occasion se pr\u00e9sente lors de la visite de Bournemouth","isPartOf":{"@id":"https:\/\/footdavant.fr\/actualites\/#website"},"datePublished":"2026-04-11T18:48:04+00:00","dateModified":"2026-04-11T18:48:05+00:00","breadcrumb":{"@id":"https:\/\/footdavant.fr\/actualites\/loccasion-se-presente-lors-de-la-visite-de-bournemouth\/#breadcrumb"},"inLanguage":"fr-FR","potentialAction":[{"@type":"ReadAction","target":["https:\/\/footdavant.fr\/actualites\/loccasion-se-presente-lors-de-la-visite-de-bournemouth\/"]}]},{"@type":"BreadcrumbList","@id":"https:\/\/footdavant.fr\/actualites\/loccasion-se-presente-lors-de-la-visite-de-bournemouth\/#breadcrumb","itemListElement":[{"@type":"ListItem","position":1,"name":"Accueil","item":"https:\/\/footdavant.fr\/actualites\/"},{"@type":"ListItem","position":2,"name":"L&#39;occasion se pr\u00e9sente lors de la visite de Bournemouth"}]},{"@type":"WebSite","@id":"https:\/\/footdavant.fr\/actualites\/#website","url":"https:\/\/footdavant.fr\/actualites\/","name":"Foot d'avant","description":"","publisher":{"@id":"https:\/\/footdavant.fr\/actualites\/#organization"},"potentialAction":[{"@type":"SearchAction","target":{"@type":"EntryPoint","urlTemplate":"https:\/\/footdavant.fr\/actualites\/?s={search_term_string}"},"query-input":"required name=search_term_string"}],"inLanguage":"fr-FR"},{"@type":"Organization","@id":"https:\/\/footdavant.fr\/actualites\/#organization","name":"Foot d'avant","url":"https:\/\/footdavant.fr\/actualites\/","logo":{"@type":"ImageObject","inLanguage":"fr-FR","@id":"https:\/\/footdavant.fr\/actualites\/#\/schema\/logo\/image\/","url":"https:\/\/footdavant.fr\/actualites\/wp-content\/uploads\/2023\/09\/Copy-of-FootDavant-Logo.png","contentUrl":"https:\/\/footdavant.fr\/actualites\/wp-content\/uploads\/2023\/09\/Copy-of-FootDavant-Logo.png","width":936,"height":549,"caption":"Foot d'avant"},"image":{"@id":"https:\/\/footdavant.fr\/actualites\/#\/schema\/logo\/image\/"},"sameAs":["https:\/\/www.facebook.com\/Footdavant\/","https:\/\/twitter.com\/FootdavantFr","https:\/\/www.instagram.com\/footdavant.fr\/"]},{"@type":"Person","@id":"https:\/\/footdavant.fr\/actualites\/#\/schema\/person\/bc222566d95871b37e597b3ed3ba5e1d","name":"Cl\u00e9ment","image":{"@type":"ImageObject","inLanguage":"fr-FR","@id":"https:\/\/footdavant.fr\/actualites\/#\/schema\/person\/image\/","url":"https:\/\/secure.gravatar.com\/avatar\/7728b29aac2719421e1a9159b2254c44?s=96&d=mm&r=g","contentUrl":"https:\/\/secure.gravatar.com\/avatar\/7728b29aac2719421e1a9159b2254c44?s=96&d=mm&r=g","caption":"Cl\u00e9ment"},"sameAs":["https:\/\/footdavant.fr\/"]}]}},"_links":{"self":[{"href":"https:\/\/footdavant.fr\/actualites\/wp-json\/wp\/v2\/posts\/36360"}],"collection":[{"href":"https:\/\/footdavant.fr\/actualites\/wp-json\/wp\/v2\/posts"}],"about":[{"href":"https:\/\/footdavant.fr\/actualites\/wp-json\/wp\/v2\/types\/post"}],"author":[{"embeddable":true,"href":"https:\/\/footdavant.fr\/actualites\/wp-json\/wp\/v2\/users\/1"}],"replies":[{"embeddable":true,"href":"https:\/\/footdavant.fr\/actualites\/wp-json\/wp\/v2\/comments?post=36360"}],"version-history":[{"count":1,"href":"https:\/\/footdavant.fr\/actualites\/wp-json\/wp\/v2\/posts\/36360\/revisions"}],"predecessor-version":[{"id":36362,"href":"https:\/\/footdavant.fr\/actualites\/wp-json\/wp\/v2\/posts\/36360\/revisions\/36362"}],"wp:featuredmedia":[{"embeddable":true,"href":"https:\/\/footdavant.fr\/actualites\/wp-json\/wp\/v2\/media\/36361"}],"wp:attachment":[{"href":"https:\/\/footdavant.fr\/actualites\/wp-json\/wp\/v2\/media?parent=36360"}],"wp:term":[{"taxonomy":"category","embeddable":true,"href":"https:\/\/footdavant.fr\/actualites\/wp-json\/wp\/v2\/categories?post=36360"},{"taxonomy":"post_tag","embeddable":true,"href":"https:\/\/footdavant.fr\/actualites\/wp-json\/wp\/v2\/tags?post=36360"}],"curies":[{"name":"wp","href":"https:\/\/api.w.org\/{rel}","templated":true}]}}