{"id":36363,"date":"2026-04-11T22:48:03","date_gmt":"2026-04-11T20:48:03","guid":{"rendered":"https:\/\/footdavant.fr\/actualites\/les-pronostics-et-apercus-de-la-ligue-des-champions-de-mardi-y-compris-le-real-madrid-contre-le-bayern-munich\/"},"modified":"2026-04-11T22:48:04","modified_gmt":"2026-04-11T20:48:04","slug":"les-pronostics-et-apercus-de-la-ligue-des-champions-de-mardi-y-compris-le-real-madrid-contre-le-bayern-munich","status":"publish","type":"post","link":"https:\/\/footdavant.fr\/actualites\/les-pronostics-et-apercus-de-la-ligue-des-champions-de-mardi-y-compris-le-real-madrid-contre-le-bayern-munich\/","title":{"rendered":"Les pronostics et aper\u00e7us de la Ligue des champions de mardi, y compris le Real Madrid contre le Bayern Munich"},"content":{"rendered":"<div itemprop=\"articleBody\">\n<p>Les pronostics d&#39;aujourd&#39;hui pour la Ligue des Champions incluent le match \u00e0 domicile du Real Madrid contre le Bayern Munich et le voyage d&#39;Arsenal au Portugal pour affronter le Sporting Lisbonne.<\/p>\n<div>\n<div>\n<p>\u00a9 Iconsport \/ Abaca<\/p>\n<\/div>\n<\/div>\n<p>Le Real Madrid accueille mardi le Bayern Munich au stade Santiago Bernabeu pour le match aller des quarts de finale de la Ligue des champions. <\/p>\n<p>Les deux \u00e9quipes se sont affront\u00e9es plus que n&#39;importe quelle autre paire dans l&#39;histoire de la comp\u00e9tition, l&#39;affrontement de mardi marquant leur 29e rencontre.<\/p>\n<h2>Nous disons : Real Madrid 2-1 Bayern Munich<\/h2>\n<p>Le Real Madrid est toujours \u00e0 son meilleur niveau en Ligue des Champions, et m\u00eame si le Bayern Munich est sans doute l&#39;\u00e9quipe la plus forte compte tenu de ses performances cette saison, Los Blancos auront envie de gagner \u00e0 domicile. <\/p>\n<p>Les h\u00f4tes peuvent \u00e9galement se targuer d&#39;un fantastique bilan r\u00e9cent contre l&#39;\u00e9quipe allemande, ce qui nous laisse esp\u00e9rer une victoire du Real Madrid.<\/p>\n<p>> Cliquez ici pour lire notre aper\u00e7u complet du Real Madrid contre le Bayern Munich, y compris les nouvelles de l&#39;\u00e9quipe et les compositions pr\u00e9vues<\/p>\n<div>\n<div><img decoding=\"async\" data-img-id=\"159061\" class=\"lazy\" loading=\"lazy\" src=\"https:\/\/footdavant.fr\/actualites\/wp-content\/uploads\/2026\/04\/1775882898_458_Actualite-Arsenal-Reception-tendue-A-quoi-ressemblera-le.webp\"\/><\/p>\n<p>\u00a9 Imago \/ Sportimage<\/p>\n<\/div>\n<\/div>\n<p>Le derby non officiel de Viktor Gyokeres de mardi voit Arsenal tenter d&#39;\u00e9viter une troisi\u00e8me d\u00e9faite cons\u00e9cutive alors qu&#39;il se rend au Sporting Lisbonne pour le match aller des quarts de finale de la Ligue des champions.<\/p>\n<p>Les Gunners se lancent dans la comp\u00e9tition apr\u00e8s des revers cons\u00e9cutifs, tombant d&#39;abord face \u00e0 Manchester City en finale de la Coupe EFL avant de subir une d\u00e9cevante d\u00e9faite 2-1 \u00e0 Southampton en quart de finale de la FA Cup samedi, tandis que les h\u00f4tes portugais arrivent apr\u00e8s trois victoires cons\u00e9cutives.<\/p>\n<h2>Nous disons : Sporting Lisbonne 2-2 Arsenal<\/h2>\n<p>Les deux \u00e9quipes entrent avec une dynamique contrast\u00e9e mais poss\u00e8dent des records solides sur lesquels inspirer confiance, avec Arsenal invaincu lors du match aller de ses huit derniers quarts de finale de Coupe d&#39;Europe\/Ligue des Champions (3 victoires, 5 nuls), tandis que le Sporting est invaincu lors de 20 matches \u00e0 domicile (19 victoires, 1 nul).<\/p>\n<p>Cette rencontre semble donc bien \u00e9quilibr\u00e9e, les deux \u00e9quipes \u00e9tant susceptibles de s&#39;annuler dans une comp\u00e9tition qui pourrait comporter des buts des deux c\u00f4t\u00e9s, surtout si les Gunners ne parviennent pas \u00e0 aligner leur meilleure paire d\u00e9fensive.<\/p>\n<p>> Cliquez ici pour lire notre aper\u00e7u complet du match Sporting Lisbonne contre Arsenal, y compris les nouvelles de l&#39;\u00e9quipe et les compositions pr\u00e9vues<\/p>\n<\/div>\n","protected":false},"excerpt":{"rendered":"<p>Les pronostics d&#39;aujourd&#39;hui pour la Ligue des Champions incluent le match \u00e0 domicile du Real Madrid contre le Bayern Munich et le voyage d&#39;Arsenal au<\/p>\n","protected":false},"author":1,"featured_media":36364,"comment_status":"closed","ping_status":"","sticky":false,"template":"","format":"standard","meta":{"footnotes":""},"categories":[5],"tags":[7204,340,31,507,20,12,93,30,303,2001,341,382,302],"yoast_head":"<!-- This site is optimized with the Yoast SEO plugin v21.0 - https:\/\/yoast.com\/wordpress\/plugins\/seo\/ -->\n<title>Les pronostics et aper\u00e7us de la Ligue des champions de mardi, y compris le Real Madrid contre le Bayern Munich<\/title>\n<meta name=\"robots\" content=\"index, follow, max-snippet:-1, max-image-preview:large, max-video-preview:-1\" \/>\n<link rel=\"canonical\" href=\"https:\/\/footdavant.fr\/actualites\/les-pronostics-et-apercus-de-la-ligue-des-champions-de-mardi-y-compris-le-real-madrid-contre-le-bayern-munich\/\" \/>\n<meta property=\"og:locale\" content=\"fr_FR\" \/>\n<meta property=\"og:type\" content=\"article\" \/>\n<meta property=\"og:title\" content=\"Les pronostics et aper\u00e7us de la Ligue des champions de mardi, y compris le Real Madrid contre le Bayern Munich\" \/>\n<meta property=\"og:description\" content=\"Les pronostics d&#039;aujourd&#039;hui pour la Ligue des Champions incluent le match \u00e0 domicile du Real Madrid contre le Bayern Munich et le voyage d&#039;Arsenal au\" \/>\n<meta property=\"og:url\" content=\"https:\/\/footdavant.fr\/actualites\/les-pronostics-et-apercus-de-la-ligue-des-champions-de-mardi-y-compris-le-real-madrid-contre-le-bayern-munich\/\" \/>\n<meta property=\"og:site_name\" content=\"Foot d&#039;avant\" \/>\n<meta property=\"article:publisher\" content=\"https:\/\/www.facebook.com\/Footdavant\/\" \/>\n<meta property=\"article:published_time\" content=\"2026-04-11T20:48:03+00:00\" \/>\n<meta property=\"article:modified_time\" content=\"2026-04-11T20:48:04+00:00\" \/>\n<meta property=\"og:image\" content=\"https:\/\/footdavant.fr\/actualites\/wp-content\/uploads\/2026\/04\/Les-pronostics-et-apercus-de-la-Ligue-des-champions-de.net2Fuploads2F20262F032Fns-photo-badge-e.webp\" \/>\n\t<meta property=\"og:image:width\" content=\"720\" \/>\n\t<meta property=\"og:image:height\" content=\"410\" \/>\n\t<meta property=\"og:image:type\" content=\"image\/webp\" \/>\n<meta name=\"author\" content=\"Cl\u00e9ment\" \/>\n<meta name=\"twitter:card\" content=\"summary_large_image\" \/>\n<meta name=\"twitter:creator\" content=\"@FootdavantFr\" \/>\n<meta name=\"twitter:site\" content=\"@FootdavantFr\" \/>\n<meta name=\"twitter:label1\" content=\"\u00c9crit par\" \/>\n\t<meta name=\"twitter:data1\" content=\"Cl\u00e9ment\" \/>\n\t<meta name=\"twitter:label2\" content=\"Dur\u00e9e de lecture estim\u00e9e\" \/>\n\t<meta name=\"twitter:data2\" content=\"2 minutes\" \/>\n<script type=\"application\/ld+json\" class=\"yoast-schema-graph\">{\"@context\":\"https:\/\/schema.org\",\"@graph\":[{\"@type\":\"Article\",\"@id\":\"https:\/\/footdavant.fr\/actualites\/les-pronostics-et-apercus-de-la-ligue-des-champions-de-mardi-y-compris-le-real-madrid-contre-le-bayern-munich\/#article\",\"isPartOf\":{\"@id\":\"https:\/\/footdavant.fr\/actualites\/les-pronostics-et-apercus-de-la-ligue-des-champions-de-mardi-y-compris-le-real-madrid-contre-le-bayern-munich\/\"},\"author\":{\"name\":\"Cl\u00e9ment\",\"@id\":\"https:\/\/footdavant.fr\/actualites\/#\/schema\/person\/bc222566d95871b37e597b3ed3ba5e1d\"},\"headline\":\"Les pronostics et aper\u00e7us de la Ligue des champions de mardi, y compris le Real Madrid contre le Bayern Munich\",\"datePublished\":\"2026-04-11T20:48:03+00:00\",\"dateModified\":\"2026-04-11T20:48:04+00:00\",\"mainEntityOfPage\":{\"@id\":\"https:\/\/footdavant.fr\/actualites\/les-pronostics-et-apercus-de-la-ligue-des-champions-de-mardi-y-compris-le-real-madrid-contre-le-bayern-munich\/\"},\"wordCount\":443,\"publisher\":{\"@id\":\"https:\/\/footdavant.fr\/actualites\/#organization\"},\"keywords\":[\"aper\u00e7us\",\"Bayern\",\"champions\",\"compris\",\"contre\",\"des\",\"les\",\"Ligue\",\"Madrid\",\"mardi\",\"Munich\",\"pronostics\",\"Real\"],\"articleSection\":[\"Premier League\"],\"inLanguage\":\"fr-FR\"},{\"@type\":\"WebPage\",\"@id\":\"https:\/\/footdavant.fr\/actualites\/les-pronostics-et-apercus-de-la-ligue-des-champions-de-mardi-y-compris-le-real-madrid-contre-le-bayern-munich\/\",\"url\":\"https:\/\/footdavant.fr\/actualites\/les-pronostics-et-apercus-de-la-ligue-des-champions-de-mardi-y-compris-le-real-madrid-contre-le-bayern-munich\/\",\"name\":\"Les pronostics et aper\u00e7us de la Ligue des champions de mardi, y compris le Real Madrid contre le Bayern Munich\",\"isPartOf\":{\"@id\":\"https:\/\/footdavant.fr\/actualites\/#website\"},\"datePublished\":\"2026-04-11T20:48:03+00:00\",\"dateModified\":\"2026-04-11T20:48:04+00:00\",\"breadcrumb\":{\"@id\":\"https:\/\/footdavant.fr\/actualites\/les-pronostics-et-apercus-de-la-ligue-des-champions-de-mardi-y-compris-le-real-madrid-contre-le-bayern-munich\/#breadcrumb\"},\"inLanguage\":\"fr-FR\",\"potentialAction\":[{\"@type\":\"ReadAction\",\"target\":[\"https:\/\/footdavant.fr\/actualites\/les-pronostics-et-apercus-de-la-ligue-des-champions-de-mardi-y-compris-le-real-madrid-contre-le-bayern-munich\/\"]}]},{\"@type\":\"BreadcrumbList\",\"@id\":\"https:\/\/footdavant.fr\/actualites\/les-pronostics-et-apercus-de-la-ligue-des-champions-de-mardi-y-compris-le-real-madrid-contre-le-bayern-munich\/#breadcrumb\",\"itemListElement\":[{\"@type\":\"ListItem\",\"position\":1,\"name\":\"Accueil\",\"item\":\"https:\/\/footdavant.fr\/actualites\/\"},{\"@type\":\"ListItem\",\"position\":2,\"name\":\"Les pronostics et aper\u00e7us de la Ligue des champions de mardi, y compris le Real Madrid contre le Bayern Munich\"}]},{\"@type\":\"WebSite\",\"@id\":\"https:\/\/footdavant.fr\/actualites\/#website\",\"url\":\"https:\/\/footdavant.fr\/actualites\/\",\"name\":\"Foot d'avant\",\"description\":\"\",\"publisher\":{\"@id\":\"https:\/\/footdavant.fr\/actualites\/#organization\"},\"potentialAction\":[{\"@type\":\"SearchAction\",\"target\":{\"@type\":\"EntryPoint\",\"urlTemplate\":\"https:\/\/footdavant.fr\/actualites\/?s={search_term_string}\"},\"query-input\":\"required name=search_term_string\"}],\"inLanguage\":\"fr-FR\"},{\"@type\":\"Organization\",\"@id\":\"https:\/\/footdavant.fr\/actualites\/#organization\",\"name\":\"Foot d'avant\",\"url\":\"https:\/\/footdavant.fr\/actualites\/\",\"logo\":{\"@type\":\"ImageObject\",\"inLanguage\":\"fr-FR\",\"@id\":\"https:\/\/footdavant.fr\/actualites\/#\/schema\/logo\/image\/\",\"url\":\"https:\/\/footdavant.fr\/actualites\/wp-content\/uploads\/2023\/09\/Copy-of-FootDavant-Logo.png\",\"contentUrl\":\"https:\/\/footdavant.fr\/actualites\/wp-content\/uploads\/2023\/09\/Copy-of-FootDavant-Logo.png\",\"width\":936,\"height\":549,\"caption\":\"Foot d'avant\"},\"image\":{\"@id\":\"https:\/\/footdavant.fr\/actualites\/#\/schema\/logo\/image\/\"},\"sameAs\":[\"https:\/\/www.facebook.com\/Footdavant\/\",\"https:\/\/twitter.com\/FootdavantFr\",\"https:\/\/www.instagram.com\/footdavant.fr\/\"]},{\"@type\":\"Person\",\"@id\":\"https:\/\/footdavant.fr\/actualites\/#\/schema\/person\/bc222566d95871b37e597b3ed3ba5e1d\",\"name\":\"Cl\u00e9ment\",\"image\":{\"@type\":\"ImageObject\",\"inLanguage\":\"fr-FR\",\"@id\":\"https:\/\/footdavant.fr\/actualites\/#\/schema\/person\/image\/\",\"url\":\"https:\/\/secure.gravatar.com\/avatar\/7728b29aac2719421e1a9159b2254c44?s=96&d=mm&r=g\",\"contentUrl\":\"https:\/\/secure.gravatar.com\/avatar\/7728b29aac2719421e1a9159b2254c44?s=96&d=mm&r=g\",\"caption\":\"Cl\u00e9ment\"},\"sameAs\":[\"https:\/\/footdavant.fr\/\"]}]}<\/script>\n<!-- \/ Yoast SEO plugin. -->","yoast_head_json":{"title":"Les pronostics et aper\u00e7us de la Ligue des champions de mardi, y compris le Real Madrid contre le Bayern Munich","robots":{"index":"index","follow":"follow","max-snippet":"max-snippet:-1","max-image-preview":"max-image-preview:large","max-video-preview":"max-video-preview:-1"},"canonical":"https:\/\/footdavant.fr\/actualites\/les-pronostics-et-apercus-de-la-ligue-des-champions-de-mardi-y-compris-le-real-madrid-contre-le-bayern-munich\/","og_locale":"fr_FR","og_type":"article","og_title":"Les pronostics et aper\u00e7us de la Ligue des champions de mardi, y compris le Real Madrid contre le Bayern Munich","og_description":"Les pronostics d&#39;aujourd&#39;hui pour la Ligue des Champions incluent le match \u00e0 domicile du Real Madrid contre le Bayern Munich et le voyage d&#39;Arsenal au","og_url":"https:\/\/footdavant.fr\/actualites\/les-pronostics-et-apercus-de-la-ligue-des-champions-de-mardi-y-compris-le-real-madrid-contre-le-bayern-munich\/","og_site_name":"Foot d&#039;avant","article_publisher":"https:\/\/www.facebook.com\/Footdavant\/","article_published_time":"2026-04-11T20:48:03+00:00","article_modified_time":"2026-04-11T20:48:04+00:00","og_image":[{"width":720,"height":410,"url":"https:\/\/footdavant.fr\/actualites\/wp-content\/uploads\/2026\/04\/Les-pronostics-et-apercus-de-la-Ligue-des-champions-de.net2Fuploads2F20262F032Fns-photo-badge-e.webp","type":"image\/webp"}],"author":"Cl\u00e9ment","twitter_card":"summary_large_image","twitter_creator":"@FootdavantFr","twitter_site":"@FootdavantFr","twitter_misc":{"\u00c9crit par":"Cl\u00e9ment","Dur\u00e9e de lecture estim\u00e9e":"2 minutes"},"schema":{"@context":"https:\/\/schema.org","@graph":[{"@type":"Article","@id":"https:\/\/footdavant.fr\/actualites\/les-pronostics-et-apercus-de-la-ligue-des-champions-de-mardi-y-compris-le-real-madrid-contre-le-bayern-munich\/#article","isPartOf":{"@id":"https:\/\/footdavant.fr\/actualites\/les-pronostics-et-apercus-de-la-ligue-des-champions-de-mardi-y-compris-le-real-madrid-contre-le-bayern-munich\/"},"author":{"name":"Cl\u00e9ment","@id":"https:\/\/footdavant.fr\/actualites\/#\/schema\/person\/bc222566d95871b37e597b3ed3ba5e1d"},"headline":"Les pronostics et aper\u00e7us de la Ligue des champions de mardi, y compris le Real Madrid contre le Bayern Munich","datePublished":"2026-04-11T20:48:03+00:00","dateModified":"2026-04-11T20:48:04+00:00","mainEntityOfPage":{"@id":"https:\/\/footdavant.fr\/actualites\/les-pronostics-et-apercus-de-la-ligue-des-champions-de-mardi-y-compris-le-real-madrid-contre-le-bayern-munich\/"},"wordCount":443,"publisher":{"@id":"https:\/\/footdavant.fr\/actualites\/#organization"},"keywords":["aper\u00e7us","Bayern","champions","compris","contre","des","les","Ligue","Madrid","mardi","Munich","pronostics","Real"],"articleSection":["Premier League"],"inLanguage":"fr-FR"},{"@type":"WebPage","@id":"https:\/\/footdavant.fr\/actualites\/les-pronostics-et-apercus-de-la-ligue-des-champions-de-mardi-y-compris-le-real-madrid-contre-le-bayern-munich\/","url":"https:\/\/footdavant.fr\/actualites\/les-pronostics-et-apercus-de-la-ligue-des-champions-de-mardi-y-compris-le-real-madrid-contre-le-bayern-munich\/","name":"Les pronostics et aper\u00e7us de la Ligue des champions de mardi, y compris le Real Madrid contre le Bayern Munich","isPartOf":{"@id":"https:\/\/footdavant.fr\/actualites\/#website"},"datePublished":"2026-04-11T20:48:03+00:00","dateModified":"2026-04-11T20:48:04+00:00","breadcrumb":{"@id":"https:\/\/footdavant.fr\/actualites\/les-pronostics-et-apercus-de-la-ligue-des-champions-de-mardi-y-compris-le-real-madrid-contre-le-bayern-munich\/#breadcrumb"},"inLanguage":"fr-FR","potentialAction":[{"@type":"ReadAction","target":["https:\/\/footdavant.fr\/actualites\/les-pronostics-et-apercus-de-la-ligue-des-champions-de-mardi-y-compris-le-real-madrid-contre-le-bayern-munich\/"]}]},{"@type":"BreadcrumbList","@id":"https:\/\/footdavant.fr\/actualites\/les-pronostics-et-apercus-de-la-ligue-des-champions-de-mardi-y-compris-le-real-madrid-contre-le-bayern-munich\/#breadcrumb","itemListElement":[{"@type":"ListItem","position":1,"name":"Accueil","item":"https:\/\/footdavant.fr\/actualites\/"},{"@type":"ListItem","position":2,"name":"Les pronostics et aper\u00e7us de la Ligue des champions de mardi, y compris le Real Madrid contre le Bayern Munich"}]},{"@type":"WebSite","@id":"https:\/\/footdavant.fr\/actualites\/#website","url":"https:\/\/footdavant.fr\/actualites\/","name":"Foot d'avant","description":"","publisher":{"@id":"https:\/\/footdavant.fr\/actualites\/#organization"},"potentialAction":[{"@type":"SearchAction","target":{"@type":"EntryPoint","urlTemplate":"https:\/\/footdavant.fr\/actualites\/?s={search_term_string}"},"query-input":"required name=search_term_string"}],"inLanguage":"fr-FR"},{"@type":"Organization","@id":"https:\/\/footdavant.fr\/actualites\/#organization","name":"Foot d'avant","url":"https:\/\/footdavant.fr\/actualites\/","logo":{"@type":"ImageObject","inLanguage":"fr-FR","@id":"https:\/\/footdavant.fr\/actualites\/#\/schema\/logo\/image\/","url":"https:\/\/footdavant.fr\/actualites\/wp-content\/uploads\/2023\/09\/Copy-of-FootDavant-Logo.png","contentUrl":"https:\/\/footdavant.fr\/actualites\/wp-content\/uploads\/2023\/09\/Copy-of-FootDavant-Logo.png","width":936,"height":549,"caption":"Foot d'avant"},"image":{"@id":"https:\/\/footdavant.fr\/actualites\/#\/schema\/logo\/image\/"},"sameAs":["https:\/\/www.facebook.com\/Footdavant\/","https:\/\/twitter.com\/FootdavantFr","https:\/\/www.instagram.com\/footdavant.fr\/"]},{"@type":"Person","@id":"https:\/\/footdavant.fr\/actualites\/#\/schema\/person\/bc222566d95871b37e597b3ed3ba5e1d","name":"Cl\u00e9ment","image":{"@type":"ImageObject","inLanguage":"fr-FR","@id":"https:\/\/footdavant.fr\/actualites\/#\/schema\/person\/image\/","url":"https:\/\/secure.gravatar.com\/avatar\/7728b29aac2719421e1a9159b2254c44?s=96&d=mm&r=g","contentUrl":"https:\/\/secure.gravatar.com\/avatar\/7728b29aac2719421e1a9159b2254c44?s=96&d=mm&r=g","caption":"Cl\u00e9ment"},"sameAs":["https:\/\/footdavant.fr\/"]}]}},"_links":{"self":[{"href":"https:\/\/footdavant.fr\/actualites\/wp-json\/wp\/v2\/posts\/36363"}],"collection":[{"href":"https:\/\/footdavant.fr\/actualites\/wp-json\/wp\/v2\/posts"}],"about":[{"href":"https:\/\/footdavant.fr\/actualites\/wp-json\/wp\/v2\/types\/post"}],"author":[{"embeddable":true,"href":"https:\/\/footdavant.fr\/actualites\/wp-json\/wp\/v2\/users\/1"}],"replies":[{"embeddable":true,"href":"https:\/\/footdavant.fr\/actualites\/wp-json\/wp\/v2\/comments?post=36363"}],"version-history":[{"count":1,"href":"https:\/\/footdavant.fr\/actualites\/wp-json\/wp\/v2\/posts\/36363\/revisions"}],"predecessor-version":[{"id":36365,"href":"https:\/\/footdavant.fr\/actualites\/wp-json\/wp\/v2\/posts\/36363\/revisions\/36365"}],"wp:featuredmedia":[{"embeddable":true,"href":"https:\/\/footdavant.fr\/actualites\/wp-json\/wp\/v2\/media\/36364"}],"wp:attachment":[{"href":"https:\/\/footdavant.fr\/actualites\/wp-json\/wp\/v2\/media?parent=36363"}],"wp:term":[{"taxonomy":"category","embeddable":true,"href":"https:\/\/footdavant.fr\/actualites\/wp-json\/wp\/v2\/categories?post=36363"},{"taxonomy":"post_tag","embeddable":true,"href":"https:\/\/footdavant.fr\/actualites\/wp-json\/wp\/v2\/tags?post=36363"}],"curies":[{"name":"wp","href":"https:\/\/api.w.org\/{rel}","templated":true}]}}